{"id":45431,"date":"2024-04-18T16:36:45","date_gmt":"2024-04-18T14:36:45","guid":{"rendered":"https:\/\/poblenouurbandistrict.com\/?p=45431"},"modified":"2024-04-24T12:19:49","modified_gmt":"2024-04-24T10:19:49","slug":"poblenou-urban-district-collabora-en-la-iniciativa-alltogether-de-razzmatazz","status":"publish","type":"post","link":"https:\/\/poblenouurbandistrict.com\/ca\/poblenou-urban-district-collabora-en-la-iniciativa-alltogether-de-razzmatazz\/","title":{"rendered":"Poblenou Urban District col\u00b7labora en la iniciativa \u201cAllTogether\u201d de Razzmatazz"},"content":{"rendered":"<p>Des de Razzmatazz porten 23 anys creant i inspirant a trav\u00e9s de la m\u00fasica, i entenent-la com alguna cosa que va m\u00e9s enll\u00e0 de l&#8217;entreteniment. La m\u00fasica \u00e9s cultura, i t\u00e9 un paper vital en la identitat, l&#8217;expressi\u00f3 i la connexi\u00f3 social.<\/p>\n<p>\u201cAllTogether\u201d neix per a encendre, promoure i donar suport a la programaci\u00f3 cultural de Barcelona, funcionant com a llan\u00e7adora per al talent local, i com a altaveu per a la diversitat musical, social, d&#8217;identitat i g\u00e8nere. El prop\u00f2sit d&#8217;aquesta iniciativa \u00e9s crear una xarxa d&#8217;agitadors culturals que donin visibilitat i suport al talent emergent, a m\u00e9s de sustentar la cultura local.\u00a0La cultura \u00e9s cosa de tots, i aix\u00ed neix \u201cAllTogether\u201d.<\/p>\n<p>Aquesta primera edici\u00f3 neix per a difondre el missatge de diversitat de g\u00e8nere i inclusi\u00f3 en la nostra societat a trav\u00e9s de la visi\u00f3 de 15 artistes emergents que hem seleccionat des de Poblenou Urban District juntament amb Razzmatazz, Cultura Inquieta, Odd Kiosk i The Hoxton.<\/p>\n<p>Aquests s\u00f3n els artistes que participen en aquesta primera edici\u00f3 de All Together Art:<\/p>\n<ul>\n<li>Alba Prado<\/li>\n<li>B\u00e0rbara Alca<\/li>\n<li>Conxita Herrero<\/li>\n<li>El dios de los tres<\/li>\n<li>Flavia Rainone<\/li>\n<li>GVIIIE<\/li>\n<li>Juanma Useche<\/li>\n<li>Kerrature<\/li>\n<li>Loreto Manzanera<\/li>\n<li>Mar\u00eda Corte<\/li>\n<li>Miguel Manich<\/li>\n<li>Raisa \u00c1lava<\/li>\n<li>Sergio Dosal<\/li>\n<li>Vasty<\/li>\n<li>Vektorama<\/li>\n<\/ul>\n<p>Sent \u201cAllTogether\u201d una experi\u00e8ncia entre Razzmatazz i altres agents culturals, una part fonamental de totes aquestes accions ser\u00e0, com no, la m\u00fasica i la interpretaci\u00f3 de la seva diversitat.\u00a0Aix\u00ed doncs, cada l\u00e0mina t\u00e9 associada la seva pr\u00f2pia playlist, seleccionada i curada pel propi artista. Una selecci\u00f3 musical que acompanya el relat de l&#8217;obra,\u00a0transmetent l&#8217;estat an\u00edmic en el moment de la seva creaci\u00f3, funcionant com un nou element per a definir-la.<\/p>\n<p>Totes les l\u00e0mines tenen un preu de 15\u20ac i els beneficis obtinguts de la venda seran destinats \u00edntegrament a L&#8217;Observatori contra l&#8217;LGTBI-f\u00f2bia. Ja estan a la venda a la seu de Poblenou Urban District (galeria d&#8217;art La Plataforma), The Hoxton, Odd Kiosk i Razzmatazz. Pots consultar tota la <a href=\"https:\/\/www.salarazzmatazz.com\/all-together\">informaci\u00f3 del projecte aqu\u00ed<\/a>.<\/p>","protected":false},"excerpt":{"rendered":"<p>Des de Razzmatazz porten 23 anys creant i inspirant a trav\u00e9s de la m\u00fasica, i entenent-la com alguna cosa que&#8230; <a href=\"https:\/\/poblenouurbandistrict.com\/ca\/poblenou-urban-district-collabora-en-la-iniciativa-alltogether-de-razzmatazz\/\">M\u00e9s  \u2192<\/a><\/p>\n","protected":false},"author":5,"featured_media":45436,"comment_status":"closed","ping_status":"closed","sticky":false,"template":"","format":"standard","meta":{"_acf_changed":false,"footnotes":""},"categories":[3342],"tags":[],"class_list":["post-45431","post","type-post","status-publish","format-standard","has-post-thumbnail","hentry","category-art"],"acf":[],"yoast_head":"<!-- This site is optimized with the Yoast SEO plugin v27.5 - https:\/\/yoast.com\/product\/yoast-seo-wordpress\/ -->\n<title>Poblenou Urban District col\u00b7labora en la iniciativa \u201cAllTogether\u201d de Razzmatazz &#8211; Poblenou Urban District<\/title>\n<meta name=\"robots\" content=\"index, follow, max-snippet:-1, max-image-preview:large, max-video-preview:-1\" \/>\n<link rel=\"canonical\" href=\"https:\/\/poblenouurbandistrict.com\/ca\/poblenou-urban-district-collabora-en-la-iniciativa-alltogether-de-razzmatazz\/\" \/>\n<meta property=\"og:locale\" content=\"ca_ES\" \/>\n<meta property=\"og:type\" content=\"article\" \/>\n<meta property=\"og:title\" content=\"Poblenou Urban District col\u00b7labora en la iniciativa \u201cAllTogether\u201d de Razzmatazz &#8211; Poblenou Urban District\" \/>\n<meta property=\"og:description\" content=\"Des de Razzmatazz porten 23 anys creant i inspirant a trav\u00e9s de la m\u00fasica, i entenent-la com alguna cosa que... M\u00e9s \u2192\" \/>\n<meta property=\"og:url\" content=\"https:\/\/poblenouurbandistrict.com\/ca\/poblenou-urban-district-collabora-en-la-iniciativa-alltogether-de-razzmatazz\/\" \/>\n<meta property=\"og:site_name\" content=\"Poblenou Urban District\" \/>\n<meta property=\"article:published_time\" content=\"2024-04-18T14:36:45+00:00\" \/>\n<meta property=\"article:modified_time\" content=\"2024-04-24T10:19:49+00:00\" \/>\n<meta property=\"og:image\" content=\"https:\/\/poblenouurbandistrict.com\/wp-content\/uploads\/2024\/04\/00-post-ig-poblenou3-scaled.jpg\" \/>\n\t<meta property=\"og:image:width\" content=\"2560\" \/>\n\t<meta property=\"og:image:height\" content=\"1615\" \/>\n\t<meta property=\"og:image:type\" content=\"image\/jpeg\" \/>\n<meta name=\"author\" content=\"pnud\" \/>\n<meta name=\"twitter:card\" content=\"summary_large_image\" \/>\n<meta name=\"twitter:label1\" content=\"Escrit per\" \/>\n\t<meta name=\"twitter:data1\" content=\"pnud\" \/>\n\t<meta name=\"twitter:label2\" content=\"Temps estimat de lectura\" \/>\n\t<meta name=\"twitter:data2\" content=\"2 minuts\" \/>\n<script type=\"application\/ld+json\" class=\"yoast-schema-graph\">{\"@context\":\"https:\\\/\\\/schema.org\",\"@graph\":[{\"@type\":\"Article\",\"@id\":\"https:\\\/\\\/poblenouurbandistrict.com\\\/poblenou-urban-district-collabora-en-la-iniciativa-alltogether-de-razzmatazz\\\/#article\",\"isPartOf\":{\"@id\":\"https:\\\/\\\/poblenouurbandistrict.com\\\/poblenou-urban-district-collabora-en-la-iniciativa-alltogether-de-razzmatazz\\\/\"},\"author\":{\"name\":\"pnud\",\"@id\":\"https:\\\/\\\/poblenouurbandistrict.com\\\/#\\\/schema\\\/person\\\/980a2cf34b399d5218205730acd54a7e\"},\"headline\":\"Poblenou Urban District col\u00b7labora en la iniciativa \u201cAllTogether\u201d de Razzmatazz\",\"datePublished\":\"2024-04-18T14:36:45+00:00\",\"dateModified\":\"2024-04-24T10:19:49+00:00\",\"mainEntityOfPage\":{\"@id\":\"https:\\\/\\\/poblenouurbandistrict.com\\\/poblenou-urban-district-collabora-en-la-iniciativa-alltogether-de-razzmatazz\\\/\"},\"wordCount\":730,\"image\":{\"@id\":\"https:\\\/\\\/poblenouurbandistrict.com\\\/poblenou-urban-district-collabora-en-la-iniciativa-alltogether-de-razzmatazz\\\/#primaryimage\"},\"thumbnailUrl\":\"https:\\\/\\\/media.poblenouurbandistrict.com\\\/2024\\\/04\\\/25072739\\\/00-post-ig-poblenou3-scaled.jpg\",\"articleSection\":[\"Art\"],\"inLanguage\":\"ca\"},{\"@type\":\"WebPage\",\"@id\":\"https:\\\/\\\/poblenouurbandistrict.com\\\/ca\\\/poblenou-urban-district-collabora-en-la-iniciativa-alltogether-de-razzmatazz\\\/\",\"url\":\"https:\\\/\\\/poblenouurbandistrict.com\\\/ca\\\/poblenou-urban-district-collabora-en-la-iniciativa-alltogether-de-razzmatazz\\\/\",\"name\":\"Poblenou Urban District col\u00b7labora en la iniciativa \u201cAllTogether\u201d de Razzmatazz &#8211; Poblenou Urban District\",\"isPartOf\":{\"@id\":\"https:\\\/\\\/poblenouurbandistrict.com\\\/ca\\\/#website\"},\"primaryImageOfPage\":{\"@id\":\"https:\\\/\\\/poblenouurbandistrict.com\\\/ca\\\/poblenou-urban-district-collabora-en-la-iniciativa-alltogether-de-razzmatazz\\\/#primaryimage\"},\"image\":{\"@id\":\"https:\\\/\\\/poblenouurbandistrict.com\\\/poblenou-urban-district-collabora-en-la-iniciativa-alltogether-de-razzmatazz\\\/#primaryimage\"},\"thumbnailUrl\":\"https:\\\/\\\/media.poblenouurbandistrict.com\\\/2024\\\/04\\\/25072739\\\/00-post-ig-poblenou3-scaled.jpg\",\"datePublished\":\"2024-04-18T14:36:45+00:00\",\"dateModified\":\"2024-04-24T10:19:49+00:00\",\"author\":{\"@id\":\"https:\\\/\\\/poblenouurbandistrict.com\\\/#\\\/schema\\\/person\\\/980a2cf34b399d5218205730acd54a7e\"},\"breadcrumb\":{\"@id\":\"https:\\\/\\\/poblenouurbandistrict.com\\\/ca\\\/poblenou-urban-district-collabora-en-la-iniciativa-alltogether-de-razzmatazz\\\/#breadcrumb\"},\"inLanguage\":\"ca\",\"potentialAction\":[{\"@type\":\"ReadAction\",\"target\":[[\"https:\\\/\\\/poblenouurbandistrict.com\\\/ca\\\/poblenou-urban-district-collabora-en-la-iniciativa-alltogether-de-razzmatazz\\\/\"]]}]},{\"@type\":\"ImageObject\",\"inLanguage\":\"ca\",\"@id\":\"https:\\\/\\\/poblenouurbandistrict.com\\\/ca\\\/poblenou-urban-district-collabora-en-la-iniciativa-alltogether-de-razzmatazz\\\/#primaryimage\",\"url\":\"https:\\\/\\\/media.poblenouurbandistrict.com\\\/2024\\\/04\\\/25072739\\\/00-post-ig-poblenou3-scaled.jpg\",\"contentUrl\":\"https:\\\/\\\/media.poblenouurbandistrict.com\\\/2024\\\/04\\\/25072739\\\/00-post-ig-poblenou3-scaled.jpg\",\"width\":2560,\"height\":1615},{\"@type\":\"BreadcrumbList\",\"@id\":\"https:\\\/\\\/poblenouurbandistrict.com\\\/ca\\\/poblenou-urban-district-collabora-en-la-iniciativa-alltogether-de-razzmatazz\\\/#breadcrumb\",\"itemListElement\":[{\"@type\":\"ListItem\",\"position\":1,\"name\":\"Home\",\"item\":\"https:\\\/\\\/poblenouurbandistrict.com\\\/ca\\\/\"},{\"@type\":\"ListItem\",\"position\":2,\"name\":\"Poblenou Urban District col\u00b7labora en la iniciativa \u201cAllTogether\u201d de Razzmatazz\"}]},{\"@type\":\"WebSite\",\"@id\":\"https:\\\/\\\/poblenouurbandistrict.com\\\/ca\\\/#website\",\"url\":\"https:\\\/\\\/poblenouurbandistrict.com\\\/ca\\\/\",\"name\":\"Poblenou Urban District\",\"description\":\"Comunitat Creativa\",\"potentialAction\":[{\"@type\":\"SearchAction\",\"target\":{\"@type\":\"EntryPoint\",\"urlTemplate\":\"https:\\\/\\\/poblenouurbandistrict.com\\\/ca\\\/?s={search_term_string}\"},\"query-input\":{\"@type\":\"PropertyValueSpecification\",\"valueRequired\":true,\"valueName\":\"search_term_string\"}}],\"inLanguage\":\"ca\"},{\"@type\":\"Person\",\"@id\":\"https:\\\/\\\/poblenouurbandistrict.com\\\/#\\\/schema\\\/person\\\/980a2cf34b399d5218205730acd54a7e\",\"name\":\"pnud\",\"image\":{\"@type\":\"ImageObject\",\"inLanguage\":\"ca\",\"@id\":\"https:\\\/\\\/secure.gravatar.com\\\/avatar\\\/67146597b405ee077a24e519f75c3e2031736596d6ce35af3a34c122c93d0d7b?s=96&d=retro&r=g\",\"url\":\"https:\\\/\\\/secure.gravatar.com\\\/avatar\\\/67146597b405ee077a24e519f75c3e2031736596d6ce35af3a34c122c93d0d7b?s=96&d=retro&r=g\",\"contentUrl\":\"https:\\\/\\\/secure.gravatar.com\\\/avatar\\\/67146597b405ee077a24e519f75c3e2031736596d6ce35af3a34c122c93d0d7b?s=96&d=retro&r=g\",\"caption\":\"pnud\"}}]}<\/script>\n<!-- \/ Yoast SEO plugin. -->","yoast_head_json":{"title":"Poblenou Urban District col\u00b7labora en la iniciativa \u201cAllTogether\u201d de Razzmatazz &#8211; Poblenou Urban District","robots":{"index":"index","follow":"follow","max-snippet":"max-snippet:-1","max-image-preview":"max-image-preview:large","max-video-preview":"max-video-preview:-1"},"canonical":"https:\/\/poblenouurbandistrict.com\/ca\/poblenou-urban-district-collabora-en-la-iniciativa-alltogether-de-razzmatazz\/","og_locale":"ca_ES","og_type":"article","og_title":"Poblenou Urban District col\u00b7labora en la iniciativa \u201cAllTogether\u201d de Razzmatazz &#8211; Poblenou Urban District","og_description":"Des de Razzmatazz porten 23 anys creant i inspirant a trav\u00e9s de la m\u00fasica, i entenent-la com alguna cosa que... M\u00e9s \u2192","og_url":"https:\/\/poblenouurbandistrict.com\/ca\/poblenou-urban-district-collabora-en-la-iniciativa-alltogether-de-razzmatazz\/","og_site_name":"Poblenou Urban District","article_published_time":"2024-04-18T14:36:45+00:00","article_modified_time":"2024-04-24T10:19:49+00:00","og_image":[{"width":2560,"height":1615,"url":"https:\/\/poblenouurbandistrict.com\/wp-content\/uploads\/2024\/04\/00-post-ig-poblenou3-scaled.jpg","type":"image\/jpeg"}],"author":"pnud","twitter_card":"summary_large_image","twitter_misc":{"Escrit per":"pnud","Temps estimat de lectura":"2 minuts"},"schema":{"@context":"https:\/\/schema.org","@graph":[{"@type":"Article","@id":"https:\/\/poblenouurbandistrict.com\/poblenou-urban-district-collabora-en-la-iniciativa-alltogether-de-razzmatazz\/#article","isPartOf":{"@id":"https:\/\/poblenouurbandistrict.com\/poblenou-urban-district-collabora-en-la-iniciativa-alltogether-de-razzmatazz\/"},"author":{"name":"pnud","@id":"https:\/\/poblenouurbandistrict.com\/#\/schema\/person\/980a2cf34b399d5218205730acd54a7e"},"headline":"Poblenou Urban District col\u00b7labora en la iniciativa \u201cAllTogether\u201d de Razzmatazz","datePublished":"2024-04-18T14:36:45+00:00","dateModified":"2024-04-24T10:19:49+00:00","mainEntityOfPage":{"@id":"https:\/\/poblenouurbandistrict.com\/poblenou-urban-district-collabora-en-la-iniciativa-alltogether-de-razzmatazz\/"},"wordCount":730,"image":{"@id":"https:\/\/poblenouurbandistrict.com\/poblenou-urban-district-collabora-en-la-iniciativa-alltogether-de-razzmatazz\/#primaryimage"},"thumbnailUrl":"https:\/\/media.poblenouurbandistrict.com\/2024\/04\/25072739\/00-post-ig-poblenou3-scaled.jpg","articleSection":["Art"],"inLanguage":"ca"},{"@type":"WebPage","@id":"https:\/\/poblenouurbandistrict.com\/ca\/poblenou-urban-district-collabora-en-la-iniciativa-alltogether-de-razzmatazz\/","url":"https:\/\/poblenouurbandistrict.com\/ca\/poblenou-urban-district-collabora-en-la-iniciativa-alltogether-de-razzmatazz\/","name":"Poblenou Urban District col\u00b7labora en la iniciativa \u201cAllTogether\u201d de Razzmatazz &#8211; Poblenou Urban District","isPartOf":{"@id":"https:\/\/poblenouurbandistrict.com\/ca\/#website"},"primaryImageOfPage":{"@id":"https:\/\/poblenouurbandistrict.com\/ca\/poblenou-urban-district-collabora-en-la-iniciativa-alltogether-de-razzmatazz\/#primaryimage"},"image":{"@id":"https:\/\/poblenouurbandistrict.com\/poblenou-urban-district-collabora-en-la-iniciativa-alltogether-de-razzmatazz\/#primaryimage"},"thumbnailUrl":"https:\/\/media.poblenouurbandistrict.com\/2024\/04\/25072739\/00-post-ig-poblenou3-scaled.jpg","datePublished":"2024-04-18T14:36:45+00:00","dateModified":"2024-04-24T10:19:49+00:00","author":{"@id":"https:\/\/poblenouurbandistrict.com\/#\/schema\/person\/980a2cf34b399d5218205730acd54a7e"},"breadcrumb":{"@id":"https:\/\/poblenouurbandistrict.com\/ca\/poblenou-urban-district-collabora-en-la-iniciativa-alltogether-de-razzmatazz\/#breadcrumb"},"inLanguage":"ca","potentialAction":[{"@type":"ReadAction","target":[["https:\/\/poblenouurbandistrict.com\/ca\/poblenou-urban-district-collabora-en-la-iniciativa-alltogether-de-razzmatazz\/"]]}]},{"@type":"ImageObject","inLanguage":"ca","@id":"https:\/\/poblenouurbandistrict.com\/ca\/poblenou-urban-district-collabora-en-la-iniciativa-alltogether-de-razzmatazz\/#primaryimage","url":"https:\/\/media.poblenouurbandistrict.com\/2024\/04\/25072739\/00-post-ig-poblenou3-scaled.jpg","contentUrl":"https:\/\/media.poblenouurbandistrict.com\/2024\/04\/25072739\/00-post-ig-poblenou3-scaled.jpg","width":2560,"height":1615},{"@type":"BreadcrumbList","@id":"https:\/\/poblenouurbandistrict.com\/ca\/poblenou-urban-district-collabora-en-la-iniciativa-alltogether-de-razzmatazz\/#breadcrumb","itemListElement":[{"@type":"ListItem","position":1,"name":"Home","item":"https:\/\/poblenouurbandistrict.com\/ca\/"},{"@type":"ListItem","position":2,"name":"Poblenou Urban District col\u00b7labora en la iniciativa \u201cAllTogether\u201d de Razzmatazz"}]},{"@type":"WebSite","@id":"https:\/\/poblenouurbandistrict.com\/ca\/#website","url":"https:\/\/poblenouurbandistrict.com\/ca\/","name":"Poblenou Urban District","description":"Comunitat Creativa","potentialAction":[{"@type":"SearchAction","target":{"@type":"EntryPoint","urlTemplate":"https:\/\/poblenouurbandistrict.com\/ca\/?s={search_term_string}"},"query-input":{"@type":"PropertyValueSpecification","valueRequired":true,"valueName":"search_term_string"}}],"inLanguage":"ca"},{"@type":"Person","@id":"https:\/\/poblenouurbandistrict.com\/#\/schema\/person\/980a2cf34b399d5218205730acd54a7e","name":"pnud","image":{"@type":"ImageObject","inLanguage":"ca","@id":"https:\/\/secure.gravatar.com\/avatar\/67146597b405ee077a24e519f75c3e2031736596d6ce35af3a34c122c93d0d7b?s=96&d=retro&r=g","url":"https:\/\/secure.gravatar.com\/avatar\/67146597b405ee077a24e519f75c3e2031736596d6ce35af3a34c122c93d0d7b?s=96&d=retro&r=g","contentUrl":"https:\/\/secure.gravatar.com\/avatar\/67146597b405ee077a24e519f75c3e2031736596d6ce35af3a34c122c93d0d7b?s=96&d=retro&r=g","caption":"pnud"}}]}},"_links":{"self":[{"href":"https:\/\/poblenouurbandistrict.com\/ca\/wp-json\/wp\/v2\/posts\/45431","targetHints":{"allow":["GET"]}}],"collection":[{"href":"https:\/\/poblenouurbandistrict.com\/ca\/wp-json\/wp\/v2\/posts"}],"about":[{"href":"https:\/\/poblenouurbandistrict.com\/ca\/wp-json\/wp\/v2\/types\/post"}],"author":[{"embeddable":true,"href":"https:\/\/poblenouurbandistrict.com\/ca\/wp-json\/wp\/v2\/users\/5"}],"replies":[{"embeddable":true,"href":"https:\/\/poblenouurbandistrict.com\/ca\/wp-json\/wp\/v2\/comments?post=45431"}],"version-history":[{"count":9,"href":"https:\/\/poblenouurbandistrict.com\/ca\/wp-json\/wp\/v2\/posts\/45431\/revisions"}],"predecessor-version":[{"id":45517,"href":"https:\/\/poblenouurbandistrict.com\/ca\/wp-json\/wp\/v2\/posts\/45431\/revisions\/45517"}],"wp:featuredmedia":[{"embeddable":true,"href":"https:\/\/poblenouurbandistrict.com\/ca\/wp-json\/wp\/v2\/media\/45436"}],"wp:attachment":[{"href":"https:\/\/poblenouurbandistrict.com\/ca\/wp-json\/wp\/v2\/media?parent=45431"}],"wp:term":[{"taxonomy":"category","embeddable":true,"href":"https:\/\/poblenouurbandistrict.com\/ca\/wp-json\/wp\/v2\/categories?post=45431"},{"taxonomy":"post_tag","embeddable":true,"href":"https:\/\/poblenouurbandistrict.com\/ca\/wp-json\/wp\/v2\/tags?post=45431"}],"curies":[{"name":"wp","href":"https:\/\/api.w.org\/{rel}","templated":true}]}}