{"id":45561,"date":"2024-04-25T18:31:59","date_gmt":"2024-04-25T16:31:59","guid":{"rendered":"https:\/\/poblenouurbandistrict.com\/?p=45561"},"modified":"2024-05-02T15:32:03","modified_gmt":"2024-05-02T13:32:03","slug":"els-tallers-xerrades-i-activitats-de-lleure-del-poblenou-open-day","status":"publish","type":"post","link":"https:\/\/poblenouurbandistrict.com\/ca\/els-tallers-xerrades-i-activitats-de-lleure-del-poblenou-open-day\/","title":{"rendered":"Els tallers, xerrades i activitats de lleure del Poblenou Open Day"},"content":{"rendered":"<p><span style=\"color: #000000;\">Ja queda poc per al Poblenou Open Day. El pr\u00f2xim 4 de maig, de 12 h a 22 h, alguns dels espais associats a Poblenou Urban District han organitzat tallers d\u2019art i de disseny i activitats de lleure perqu\u00e8 puguis experimentar i col\u00b7leccionar records \u00fanics.<\/span><\/p>\n<h3><span style=\"color: #000000;\"><a style=\"color: #000000;\" href=\"https:\/\/www.baued.es\/?utm_feeditemid=&amp;utm_device=c&amp;utm_term=bau&amp;utm_source=google&amp;utm_medium=ppc&amp;utm_campaign=2022+-+BAU+-+GRADOS+MARCA+-+ESP+-+B%C3%9ASQUEDA+-+Runroom&amp;hsa_cam=13269220065&amp;hsa_grp=124120427458&amp;hsa_mt=e&amp;hsa_src=g&amp;hsa_ad=524327782550&amp;hsa_acc=7274263232&amp;hsa_net=adwords&amp;hsa_kw=bau&amp;hsa_tgt=kwd-111388442&amp;hsa_ver=3&amp;gclid=CjwKCAjwuqiiBhBtEiwATgvixKDZ7hC6wQ37DS4kTEipXWZsjYrq1f9hoQFemItR3T8TylHaU9XKSRoClHIQAvD_BwE\">BAU, Centre Universitari d\u2019<\/a><a style=\"color: #000000;\" href=\"https:\/\/www.baued.es\/?utm_feeditemid=&amp;utm_device=c&amp;utm_term=bau&amp;utm_source=google&amp;utm_medium=ppc&amp;utm_campaign=2022+-+BAU+-+GRADOS+MARCA+-+ESP+-+B%C3%9ASQUEDA+-+Runroom&amp;hsa_cam=13269220065&amp;hsa_grp=124120427458&amp;hsa_mt=e&amp;hsa_src=g&amp;hsa_ad=524327782550&amp;hsa_acc=7274263232&amp;hsa_net=adwords&amp;hsa_kw=bau&amp;hsa_tgt=kwd-111388442&amp;hsa_ver=3&amp;gclid=CjwKCAjwuqiiBhBtEiwATgvixKDZ7hC6wQ37DS4kTEipXWZsjYrq1f9hoQFemItR3T8TylHaU9XKSRoClHIQAvD_BwE\">Arts i Disseny<\/a><\/span><\/h3>\n<p>Gaudeix de les portes obertes del centre i coneix les seves instalaci\u00f2ns. Podr\u00e0s veure l\u2019exposici\u00f3 de projectes del Grau en Disseny Gr\u00e0fic, tamb\u00e9 hi haura servei de cafeteria i visita a la nau principal de Pujades 118.<\/p>\n<p>Exposici\u00f3 de projectes i actuacions musicals a Ciutat de Granada 34.<\/p>\n<h4 style=\"text-align: center;\"><span style=\"color: #000000;\"><strong>Pujades, 118 i Ciutat de Granada, 34-36<\/strong><\/span><\/h4>\n<h4 style=\"text-align: center;\"><span style=\"color: #000000;\"><strong>14h &#8211; 20h<\/strong><\/span><\/h4>\n<hr \/>\n<h3><span style=\"color: #000000;\"><a style=\"color: #000000;\" href=\"https:\/\/fxanimation.es\/\">FX Barcelona Film School<\/a><\/span><\/h3>\n<p>Vermut i\u00a0BBQ\u00a0a la\u00a0terrassa\u00a0de cinema de Poblenou.\u00a0Acompanyat\u00a0en\u00a0tot\u00a0moment\u00a0de m\u00fasica en\u00a0directe, DJ i els\u00a0diferents\u00a0activitats\u00a0que \u00e9s\u00a0proposen\u00a0del\u00a0m\u00f3n\u00a0del\u00a0Filmmaking\u00a0i els\u00a0Arts\u00a0Digitals.\u00a0FX\u00a0Barcelona Film\u00a0School\u00a0obre les seves\u00a0portes a\u00a0tothom\u00a0que gaudir\u00a0d&#8217;un\u00a0dissabte\u00a0diferent a le\u0219 seves instal\u00b7lacions. <span style=\"font-weight: 400;\">\u00c9s important <a href=\"https:\/\/www.eventbrite.es\/e\/entradas-open-day-poblenou-2024-actividades-fx-barcelona-film-school-890832402697\">reservar pla\u00e7a<\/a>, l&#8217;aforament \u00e9s limitat.<\/span><\/p>\n<p><strong>MAT\u00cd<\/strong><\/p>\n<p><strong>11hs<\/strong><br \/>\nTALLER DE CONCEPT ART: Dibuixa el teu personatge a partir d&#8217;una paraula clau. 2 grups: per a nens de 6 a 12 anys i per a joves de 12 a 17 anys<br \/>\nCost: 3\u20ac<\/p>\n<p>TALLER D&#8217;INTERPRETACI\u00d3 DAVANT LA CAMBRA: Fa els teus primers passos en el m\u00f3n de l&#8217;actuaci\u00f3 per a cinema<br \/>\n2 grups: per a nens de 6 a 12 anys i per a joves de 12 a 17 anys<br \/>\nCost: 3\u20ac<\/p>\n<p>TALLER D&#8217;ANIMACI\u00d3 2D: t&#8217;agraden els dibuixos animats? \u00e9s la teva oportunitat per a saber com es creen<br \/>\n2 grups: per a nens de 6 a 12 anys i per a joves de 12 a 17 anys<br \/>\nCost: 3\u20ac<\/p>\n<p>XERRADA DE\u00a0VFX: la m\u00e0gia dels efectes visuals al cinema<br \/>\nCost: 3\u20ac<\/p>\n<p>PASSIS DE CURTMETRATGES: t&#8217;apassiona el cinema? et convidem a assistir a una passada de curts de ficci\u00f3 realitzats pels alumnes de FX<br \/>\nCost: 3\u20ac<\/p>\n<p><strong>12hs a 13hs<\/strong> M\u00daSICA EN VIU &amp; VERMUT<\/p>\n<p><strong>13hs a 22hs<\/strong> Barbacoa &amp; terrassa: unes vistes de pel\u00b7l\u00edcula<\/p>\n<p><strong>TARDA-NIT<\/strong><\/p>\n<p><strong>18hs<\/strong> C\u00f3cktails en col\u00b7laboraci\u00f3 en exclusiva amb una de les grans cases de cocteleria de Barcelona<\/p>\n<p><strong>18hs a 19:30hs<\/strong> concert en viu: veuen a ballar en la nostra fant\u00e0stica terrassa.<\/p>\n<p><strong>20hs<\/strong> DJ<\/p>\n<p><strong>TOT EL DIA<\/strong><br \/>\nZona de videojocs: gamer! aquest espai \u00e9s per a t\u00ed. Vine i gaudeix provant els videojocs realitzats pels alumnes de FX Barcelona Film School<br \/>\nFutbol\u00ed: un cl\u00e0ssic per a gaudir durant tot el dia<br \/>\nEstand dol\u00e7<br \/>\nMercat de segona m\u00e0: dona-li una segona vida a la roba<br \/>\nAltres estands: marxandatge, joieria artesanal i prints d&#8217;alumnes de l&#8217;\u00e0rea de concept art.<\/p>\n<p style=\"text-align: center;\"><span style=\"color: #000000;\"><strong>Pujades, 112<\/strong><\/span><\/p>\n<h4 style=\"text-align: center;\"><span style=\"color: #000000;\"><strong>12h &#8211; 22h<\/strong><\/span><\/h4>\n<hr \/>\n<h3><span style=\"color: #000000;\"><a style=\"color: #000000;\" href=\"https:\/\/lemuriacontinente.com\/\">LeMURia Continente Cultural<\/a>\u00a0<\/span><\/h3>\n<p>Arriba amb l\u2019agenda plena per a aquest Open Day. Des de les 10h i fins a les 22h podr\u00e0s gaudir d\u2019una agenda plena de tallers, xerrades, exposicions, DJ\u2019s i m\u00fasica en directe. No t\u2019ho perdis!<\/p>\n<ul>\n<li><span style=\"font-weight: 400;\">\u206010:00: Gym \/ Yoga class<\/span><\/li>\n<li><span style=\"font-weight: 400;\">11:00: Exposici\u00f3n by Ivan Italiano (@Soperga20)<\/span><\/li>\n<li><span style=\"font-weight: 400;\">12:00: \u201cC\u00f3mo ser artista\u201d (Xerrada y exposici\u00f3 de pintura) by Saraelena Cabrera (@saraelenartist) + Mi Vermut + \u00a0 Showroom artesanal<\/span><\/li>\n<li><span style=\"font-weight: 400;\">13:00: Live <\/span><a href=\"https:\/\/www.instagram.com\/elterradodegiulia\/\"><span style=\"font-weight: 400;\">El Terrado de Giulia<\/span><\/a><span style=\"font-weight: 400;\">\u00a0<\/span><\/li>\n<li><span style=\"font-weight: 400;\">14:00: Lunch Ideal\u00a0<\/span><\/li>\n<li><span style=\"font-weight: 400;\">15.00: Performance by Sofi Alberti<\/span><\/li>\n<li><span style=\"font-weight: 400;\">16:00: Taller de Tinte Natural<\/span><\/li>\n<li><span style=\"font-weight: 400;\">16:00: Tattoos personalitzats<\/span><\/li>\n<li><span style=\"font-weight: 400;\">17:00: Freestyle Rap + Skaters<\/span><\/li>\n<li><span style=\"font-weight: 400;\">18:00: Tarot m\u00e0gic by Florcha<\/span><\/li>\n<li><span style=\"font-weight: 400;\">18:00: Be Water experience en viu<\/span><\/li>\n<li><span style=\"font-weight: 400;\">18:00 <\/span><span style=\"font-weight: 400;\">Ecstatic Dance <\/span><a href=\"https:\/\/www.instagram.com\/juliburcles\/\"><span style=\"font-weight: 400;\">@Juliburcles<\/span><\/a><\/li>\n<li><span style=\"font-weight: 400;\">19:00: Banda de Reggae Nano<\/span><\/li>\n<li><span style=\"font-weight: 400;\">20:00: Desfilada Dress &amp; Wine \/ DJ Set by KOA<\/span><\/li>\n<li><span style=\"font-weight: 400;\">\u206021:00: DJ Set B2B Pik &amp; Agus<\/span><\/li>\n<\/ul>\n<p style=\"text-align: center;\"><strong><span style=\"color: #000000;\"><span style=\"caret-color: #000000;\">Mari\u00e0<\/span>\u00a0Aguil\u00f3, 113 baixos<\/span><\/strong><\/p>\n<h4 style=\"text-align: center;\"><span style=\"color: #000000;\"><strong>10h &#8211; 22h<\/strong><\/span><\/h4>\n<hr \/>\n<h3><span style=\"color: #000000;\"><a style=\"color: #000000;\" href=\"https:\/\/www.lidembarcelona.com\/\">L\u2019Idem Barcelona<\/a><\/span><\/h3>\n<footer><span style=\"color: #000000;\">Durant tot el dia podr\u00e0s gaudir de projeccions de curtmetratges realitzats per alumnes de diferents disciplines del curs superior d\u2019Animaci\u00f3 2D, 3D i 3D Generalista. Aix\u00ed mateix, tamb\u00e9 tindr\u00e0s l\u2019oportunitat de veure l\u2019escola en la seva jornada de portes obertes on hi trobar\u00e0s exposicions, tallers d\u2019intel\u00b7ligencia artificial i videojocs en RV.<\/span><\/footer>\n<footer>\n<p style=\"text-align: center;\"><span style=\"color: #000000;\"><strong>Ciutat de Granada, 53-57<\/strong><\/span><\/p>\n<h4 style=\"text-align: center;\"><span style=\"color: #000000;\"><strong>10h &#8211; 18h<\/strong><\/span><\/h4>\n<hr \/>\n<\/footer>\n<h3><span style=\"color: #000000;\"><a style=\"color: #000000;\" href=\"https:\/\/palomarketfest.com\/\">Palo Market Fest<\/a><\/span><\/h3>\n<p><span style=\"color: #000000;\">Un festival a l\u2019aire lliure que barreja oci, cultura i comer\u00e7 als jardins de Palo Alto. L\u2019esdeveniment ofereix m\u00fasica en directe, street food i estands de disseny, moda, bellesa i salut. El preu de l\u2019entrada \u00e9s de 5,5 \u20ac. A m\u00e9s, en aquesta edici\u00f3 tamb\u00e9 trobar\u00e0s tallers de Pia Callis amb tem\u00e0tica primaveral. Podr\u00e0s crear les teves pr\u00f2pies flors de paper enmig d\u2019un jard\u00ed, per explorar la teva creativitat i aprendre alguna cosa nova.<\/span><\/p>\n<div class=\"gmail_default\"><span style=\"color: #000000;\"><b>DISSENY<\/b><\/span><\/div>\n<div class=\"gmail_default\"><span style=\"color: #0000ff;\"><span style=\"color: #000000;\">Una cuidada selecci\u00f3 de productes de moda, objecte, bellesa i salut que destaquen per la seva creativitat i producci\u00f3 responsable. Un comprom\u00eds que es tradueix en produccions locals, materials org\u00e0nics, objectes reciclats, responsabilitat social o productes saludables. Una oportunitat per a descobrir i gaudir el disseny emergent a Barcelona.<\/span><br \/>\n<\/span><\/div>\n<div class=\"gmail_default\"><span style=\"color: #0000ff;\">\u00a0<\/span><\/div>\n<div class=\"gmail_default\"><span style=\"color: #000000;\"><b>MANIFESTE MARKET<\/b><\/span><\/div>\n<div class=\"gmail_default\"><span style=\"color: #000000;\">La nostra cuidada selecci\u00f3 \u00e9s composa de peces de roba de primera qualitat, objectes acuradament seleccionats i accesoris amb un valor de disseny i mediambientalment sostenibles.<br \/>\n<\/span><\/div>\n<div><\/div>\n<div class=\"gmail_default\"><span style=\"color: #000000;\"><b>ANDREA PI\u00d1EIRO<\/b><\/span><\/div>\n<div class=\"gmail_default\"><span style=\"color: #000000;\">El seu comprom\u00eds amb el canvi que la ind\u00fastria necessita es materialitza en uns dissenys per a tots els tipus de cos i que es produeixen amb el menor impacte mediambiental possible.<br \/>\n<\/span><\/div>\n<div><\/div>\n<div class=\"gmail_default\"><span style=\"color: #000000;\"><b>ESKULANBCN<\/b><\/span><\/div>\n<div class=\"gmail_default\"><span style=\"color: #000000;\">La idea dels productes \u00e9s poder enfortir la venda de productes amb una base cr\u00edtica apostant per un model sostenible i ecosocialmente respectu\u00f3s i perdurable. La senzillesa i volta als or\u00edgens \u00e9s la idea que persegueix la cer\u00e0mica de Eskulanbcn.<\/span><\/div>\n<div><\/div>\n<div class=\"gmail_default\"><b>M\u00daSICA: STREET MUSIC EXPERIENCE<\/b><\/div>\n<div class=\"gmail_default\">Un format de carrer i innovador que embolica de m\u00fasica tot Pal Market Fest. Bases r\u00edtmiques, cantants, guitarres, pianos i vents sonen com una gran banda que ocupa el carrer sencer. Aquests ritmes, que van revolucionar la m\u00fasica ballable a mitjan anys 60, continuen marcant l&#8217;estil de grans \u00e8xits del millor pop contemporani. Projecte liderat per Tito Bonacera, Tonia Richii i Lessus que compta en cada ocasi\u00f3 amb diferents m\u00fasics convidats.<\/div>\n<div><\/div>\n<div class=\"gmail_default\">\n<div class=\"gmail_default\"><b>VERMUTS MUSICALS PRESENTA: XAVI FORNAGUERA<\/b><\/div>\n<div class=\"gmail_default\">Concerts en petit format durant els matins de Palo Market Fest. Una aposta decidida per aquests creadors locals que formen part de les noves generacions de m\u00fasics de Barcelona. Un petit escenari on es barregen els estils i g\u00e8neres m\u00e9s actuals de la ciutat. Aquest cap de setmana, Xavi Fornaguera, acabat de sortir del Taller de M\u00fasics, presenta el seu projecte juntament amb la seva banda.<\/div>\n<\/div>\n<div class=\"gmail_default\"><\/div>\n<div class=\"gmail_default\"><span style=\"color: #000000;\"><b>GASTRONOMIA<\/b><\/span><\/div>\n<div class=\"gmail_default\"><span style=\"color: #000000;\">Palo Market Fest proposa un recorregut per les cuines del m\u00f3n que van saber crear plats per a consumir amb les mans a llocs improvisats al carrer. Receptes que es van fer molt populars als seus pa\u00efsos d&#8217;origen i avui les gaudim tots. Com les gyozas asi\u00e0tiques cuinades al vapor, les pizzes italianes al forn de llenya, el choripan argent\u00ed amb el seu chimichurri, les arepas vene\u00e7olanes o els tacos mexicans.<\/span><\/div>\n<div><\/div>\n<div class=\"gmail_default\"><span style=\"color: #000000;\"><b>ART:\u00a0<\/b><\/span><span style=\"color: #000000;\"><b>CALIOPIAA\u00a0WORKSHOP<\/b><\/span><\/div>\n<div class=\"gmail_default\"><span style=\"color: #000000;\">Aquest cap de setmana farem un viatge en el temps i ens fixarem en la cer\u00e0mica decorada, present en moltissimes cultures al llarg de la hist\u00f2ria.<\/span><br \/>\n<span style=\"color: #000000;\">Investigarem les diferents formes dels gerros i amb quins elements d\u2019il\u00b7lustraci\u00f3 els podem decorar dins dels limits de la geometria de la pe\u00e7a.<\/span><br \/>\n<span style=\"color: #000000;\">Crearem junts un gerro 2d amb material reciclat per emportar-nos a casa i ficar-hi flors o plantes!<\/span><\/div>\n<p style=\"text-align: center;\"><span style=\"color: #000000;\"><strong>Pellaires, 30-38<\/strong><\/span><\/p>\n<h4 style=\"text-align: center;\"><span style=\"color: #000000;\"><strong>12h <\/strong><\/span><span style=\"color: #000000;\"><strong>&#8211; 22h<\/strong><\/span><\/h4>\n<hr \/>\n<h3><span style=\"color: #000000;\"><a style=\"color: #000000;\" href=\"https:\/\/vallsfortuny.com\/\">Rosapalo Bcn<\/a><\/span><\/h3>\n<p>En la trobada personal \u201cY yo, \u00bfqu\u00e9 pinto aqu\u00ed?\u201c, de 12h a 14h, un grup de dones emprenedores compartir\u00e0 en una xerrada experiencial com tornar a connectar amb la teva ess\u00e8ncia a trav\u00e9s de la creativitat quotidiana i la pres\u00e8ncia en la naturalesa de la vida di\u00e0ria, envoltada d\u2019art.<\/p>\n<p>Amb la participaci\u00f3 de: Miriam Alonso (terapeuta transpersonal i coach)<\/p>\n<p>Mia Beneset (directora de moda i escriptora)<\/p>\n<p>Sidonie Geisweiller (CEO i fundadora de Barrefit\u00ae\ufe0f Studio)<\/p>\n<p>In\u00e9s Valls Fortuny (artista pl\u00e0stica i fundadora de Rosapalo BCN).<\/p>\n<p>A les 14h tindr\u00e0 lloc un aperitiu. A m\u00e9s, hi haur\u00e0 portes obertes per a con\u00e8ixer l\u2019estudi i l\u2019obra de l\u2019artista resident Valls Fortuny.<\/p>\n<p style=\"text-align: center;\"><span style=\"color: #000000;\"><strong>Pellaires, 3<\/strong><\/span><\/p>\n<h4 style=\"text-align: center;\"><span style=\"color: #000000;\"><strong>12h &#8211; 15<\/strong><\/span><span style=\"color: #000000;\"><strong>h<\/strong><\/span><\/h4>\n<hr \/>\n<h3><span style=\"color: #000000;\"><a style=\"color: #000000;\" href=\"https:\/\/www.espacio88.com\/\">Espacio 88 \u2013 Enrica Mosciaro y Castel Estudio<\/a><\/span><\/h3>\n<p>Guadalupe C\u00e0ceres presenta \u201cHow to fix a broken heart\u201d en Espacio 88,\u00a0una selecci\u00f3 d\u2019obres de 2021, 2022 i 2023, fragmentades i voltes a unir. \u2013 Soles no cobren sentit per\u00f2 totes unides, s\u00ed \u2013 El di\u00e0leg entre les peces i com s\u2019uneixen representen a les persones i com ens completem i integrem les unes amb les altres. Durant l\u2019Open Day, l\u2019artista estar\u00e0 unint i creant la gran obra en viu.\u00a0L\u2019exposici\u00f3 culminar\u00e0 en una experi\u00e8ncia expositiva que intensifica el missatge de l\u2019artista, on els usuaris podran unir fragments d\u2019obres i crear una pr\u00f2pia.<\/p>\n<h4 style=\"text-align: center;\"><strong>Pamplona 88<\/strong><\/h4>\n<h4 style=\"text-align: center;\"><strong>12h &#8211; 18h\u00a0<\/strong><\/h4>\n<hr \/>\n<h3><span style=\"color: #000000;\"><a style=\"color: #000000;\" href=\"https:\/\/www.mediodesign.com\/\">Medio Design Studio<\/a><\/span><\/h3>\n<p><span style=\"color: #ff0000;\"><strong>ACTIVITAT CANCEL\u00b7LADA.<\/strong><\/span><\/p>","protected":false},"excerpt":{"rendered":"<p>Ja queda poc per al Poblenou Open Day. El pr\u00f2xim 4 de maig, de 12 h a 22 h, alguns&#8230; <a href=\"https:\/\/poblenouurbandistrict.com\/ca\/els-tallers-xerrades-i-activitats-de-lleure-del-poblenou-open-day\/\">M\u00e9s  \u2192<\/a><\/p>\n","protected":false},"author":5,"featured_media":39490,"comment_status":"closed","ping_status":"closed","sticky":false,"template":"","format":"standard","meta":{"_acf_changed":false,"footnotes":""},"categories":[3567],"tags":[],"class_list":["post-45561","post","type-post","status-publish","format-standard","has-post-thumbnail","hentry","category-poblenou-open-day-2"],"acf":[],"yoast_head":"<!-- This site is optimized with the Yoast SEO plugin v27.5 - https:\/\/yoast.com\/product\/yoast-seo-wordpress\/ -->\n<title>Els tallers, xerrades i activitats de lleure del Poblenou Open Day &#8211; Poblenou Urban District<\/title>\n<meta name=\"robots\" content=\"index, follow, max-snippet:-1, max-image-preview:large, max-video-preview:-1\" \/>\n<link rel=\"canonical\" href=\"https:\/\/poblenouurbandistrict.com\/ca\/els-tallers-xerrades-i-activitats-de-lleure-del-poblenou-open-day\/\" \/>\n<meta property=\"og:locale\" content=\"ca_ES\" \/>\n<meta property=\"og:type\" content=\"article\" \/>\n<meta property=\"og:title\" content=\"Els tallers, xerrades i activitats de lleure del Poblenou Open Day &#8211; Poblenou Urban District\" \/>\n<meta property=\"og:description\" content=\"Ja queda poc per al Poblenou Open Day. El pr\u00f2xim 4 de maig, de 12 h a 22 h, alguns... M\u00e9s \u2192\" \/>\n<meta property=\"og:url\" content=\"https:\/\/poblenouurbandistrict.com\/ca\/els-tallers-xerrades-i-activitats-de-lleure-del-poblenou-open-day\/\" \/>\n<meta property=\"og:site_name\" content=\"Poblenou Urban District\" \/>\n<meta property=\"article:published_time\" content=\"2024-04-25T16:31:59+00:00\" \/>\n<meta property=\"article:modified_time\" content=\"2024-05-02T13:32:03+00:00\" \/>\n<meta property=\"og:image\" content=\"https:\/\/poblenouurbandistrict.com\/wp-content\/uploads\/2023\/06\/ambient-mayo23-3-e1685623495686-640x432.jpg\" \/>\n\t<meta property=\"og:image:width\" content=\"640\" \/>\n\t<meta property=\"og:image:height\" content=\"432\" \/>\n\t<meta property=\"og:image:type\" content=\"image\/jpeg\" \/>\n<meta name=\"author\" content=\"pnud\" \/>\n<meta name=\"twitter:card\" content=\"summary_large_image\" \/>\n<meta name=\"twitter:label1\" content=\"Escrit per\" \/>\n\t<meta name=\"twitter:data1\" content=\"pnud\" \/>\n\t<meta name=\"twitter:label2\" content=\"Temps estimat de lectura\" \/>\n\t<meta name=\"twitter:data2\" content=\"1 minut\" \/>\n<script type=\"application\/ld+json\" class=\"yoast-schema-graph\">{\"@context\":\"https:\\\/\\\/schema.org\",\"@graph\":[{\"@type\":\"Article\",\"@id\":\"https:\\\/\\\/poblenouurbandistrict.com\\\/els-tallers-xerrades-i-activitats-de-lleure-del-poblenou-open-day\\\/#article\",\"isPartOf\":{\"@id\":\"https:\\\/\\\/poblenouurbandistrict.com\\\/els-tallers-xerrades-i-activitats-de-lleure-del-poblenou-open-day\\\/\"},\"author\":{\"name\":\"pnud\",\"@id\":\"https:\\\/\\\/poblenouurbandistrict.com\\\/#\\\/schema\\\/person\\\/980a2cf34b399d5218205730acd54a7e\"},\"headline\":\"Els tallers, xerrades i activitats de lleure del Poblenou Open Day\",\"datePublished\":\"2024-04-25T16:31:59+00:00\",\"dateModified\":\"2024-05-02T13:32:03+00:00\",\"mainEntityOfPage\":{\"@id\":\"https:\\\/\\\/poblenouurbandistrict.com\\\/els-tallers-xerrades-i-activitats-de-lleure-del-poblenou-open-day\\\/\"},\"wordCount\":3652,\"image\":{\"@id\":\"https:\\\/\\\/poblenouurbandistrict.com\\\/els-tallers-xerrades-i-activitats-de-lleure-del-poblenou-open-day\\\/#primaryimage\"},\"thumbnailUrl\":\"https:\\\/\\\/media.poblenouurbandistrict.com\\\/2023\\\/06\\\/25062951\\\/ambient-mayo23-3-e1685623495686.jpg\",\"articleSection\":[\"Poblenou Open Day\"],\"inLanguage\":\"ca\"},{\"@type\":\"WebPage\",\"@id\":\"https:\\\/\\\/poblenouurbandistrict.com\\\/ca\\\/els-tallers-xerrades-i-activitats-de-lleure-del-poblenou-open-day\\\/\",\"url\":\"https:\\\/\\\/poblenouurbandistrict.com\\\/ca\\\/els-tallers-xerrades-i-activitats-de-lleure-del-poblenou-open-day\\\/\",\"name\":\"Els tallers, xerrades i activitats de lleure del Poblenou Open Day &#8211; Poblenou Urban District\",\"isPartOf\":{\"@id\":\"https:\\\/\\\/poblenouurbandistrict.com\\\/ca\\\/#website\"},\"primaryImageOfPage\":{\"@id\":\"https:\\\/\\\/poblenouurbandistrict.com\\\/ca\\\/els-tallers-xerrades-i-activitats-de-lleure-del-poblenou-open-day\\\/#primaryimage\"},\"image\":{\"@id\":\"https:\\\/\\\/poblenouurbandistrict.com\\\/els-tallers-xerrades-i-activitats-de-lleure-del-poblenou-open-day\\\/#primaryimage\"},\"thumbnailUrl\":\"https:\\\/\\\/media.poblenouurbandistrict.com\\\/2023\\\/06\\\/25062951\\\/ambient-mayo23-3-e1685623495686.jpg\",\"datePublished\":\"2024-04-25T16:31:59+00:00\",\"dateModified\":\"2024-05-02T13:32:03+00:00\",\"author\":{\"@id\":\"https:\\\/\\\/poblenouurbandistrict.com\\\/#\\\/schema\\\/person\\\/980a2cf34b399d5218205730acd54a7e\"},\"breadcrumb\":{\"@id\":\"https:\\\/\\\/poblenouurbandistrict.com\\\/ca\\\/els-tallers-xerrades-i-activitats-de-lleure-del-poblenou-open-day\\\/#breadcrumb\"},\"inLanguage\":\"ca\",\"potentialAction\":[{\"@type\":\"ReadAction\",\"target\":[[\"https:\\\/\\\/poblenouurbandistrict.com\\\/ca\\\/els-tallers-xerrades-i-activitats-de-lleure-del-poblenou-open-day\\\/\"]]}]},{\"@type\":\"ImageObject\",\"inLanguage\":\"ca\",\"@id\":\"https:\\\/\\\/poblenouurbandistrict.com\\\/ca\\\/els-tallers-xerrades-i-activitats-de-lleure-del-poblenou-open-day\\\/#primaryimage\",\"url\":\"https:\\\/\\\/media.poblenouurbandistrict.com\\\/2023\\\/06\\\/25062951\\\/ambient-mayo23-3-e1685623495686.jpg\",\"contentUrl\":\"https:\\\/\\\/media.poblenouurbandistrict.com\\\/2023\\\/06\\\/25062951\\\/ambient-mayo23-3-e1685623495686.jpg\",\"width\":1200,\"height\":810},{\"@type\":\"BreadcrumbList\",\"@id\":\"https:\\\/\\\/poblenouurbandistrict.com\\\/ca\\\/els-tallers-xerrades-i-activitats-de-lleure-del-poblenou-open-day\\\/#breadcrumb\",\"itemListElement\":[{\"@type\":\"ListItem\",\"position\":1,\"name\":\"Home\",\"item\":\"https:\\\/\\\/poblenouurbandistrict.com\\\/ca\\\/\"},{\"@type\":\"ListItem\",\"position\":2,\"name\":\"Els tallers, xerrades i activitats de lleure del Poblenou Open Day\"}]},{\"@type\":\"WebSite\",\"@id\":\"https:\\\/\\\/poblenouurbandistrict.com\\\/ca\\\/#website\",\"url\":\"https:\\\/\\\/poblenouurbandistrict.com\\\/ca\\\/\",\"name\":\"Poblenou Urban District\",\"description\":\"Comunitat Creativa\",\"potentialAction\":[{\"@type\":\"SearchAction\",\"target\":{\"@type\":\"EntryPoint\",\"urlTemplate\":\"https:\\\/\\\/poblenouurbandistrict.com\\\/ca\\\/?s={search_term_string}\"},\"query-input\":{\"@type\":\"PropertyValueSpecification\",\"valueRequired\":true,\"valueName\":\"search_term_string\"}}],\"inLanguage\":\"ca\"},{\"@type\":\"Person\",\"@id\":\"https:\\\/\\\/poblenouurbandistrict.com\\\/#\\\/schema\\\/person\\\/980a2cf34b399d5218205730acd54a7e\",\"name\":\"pnud\",\"image\":{\"@type\":\"ImageObject\",\"inLanguage\":\"ca\",\"@id\":\"https:\\\/\\\/secure.gravatar.com\\\/avatar\\\/67146597b405ee077a24e519f75c3e2031736596d6ce35af3a34c122c93d0d7b?s=96&d=retro&r=g\",\"url\":\"https:\\\/\\\/secure.gravatar.com\\\/avatar\\\/67146597b405ee077a24e519f75c3e2031736596d6ce35af3a34c122c93d0d7b?s=96&d=retro&r=g\",\"contentUrl\":\"https:\\\/\\\/secure.gravatar.com\\\/avatar\\\/67146597b405ee077a24e519f75c3e2031736596d6ce35af3a34c122c93d0d7b?s=96&d=retro&r=g\",\"caption\":\"pnud\"}}]}<\/script>\n<!-- \/ Yoast SEO plugin. -->","yoast_head_json":{"title":"Els tallers, xerrades i activitats de lleure del Poblenou Open Day &#8211; Poblenou Urban District","robots":{"index":"index","follow":"follow","max-snippet":"max-snippet:-1","max-image-preview":"max-image-preview:large","max-video-preview":"max-video-preview:-1"},"canonical":"https:\/\/poblenouurbandistrict.com\/ca\/els-tallers-xerrades-i-activitats-de-lleure-del-poblenou-open-day\/","og_locale":"ca_ES","og_type":"article","og_title":"Els tallers, xerrades i activitats de lleure del Poblenou Open Day &#8211; Poblenou Urban District","og_description":"Ja queda poc per al Poblenou Open Day. El pr\u00f2xim 4 de maig, de 12 h a 22 h, alguns... M\u00e9s \u2192","og_url":"https:\/\/poblenouurbandistrict.com\/ca\/els-tallers-xerrades-i-activitats-de-lleure-del-poblenou-open-day\/","og_site_name":"Poblenou Urban District","article_published_time":"2024-04-25T16:31:59+00:00","article_modified_time":"2024-05-02T13:32:03+00:00","og_image":[{"width":640,"height":432,"url":"https:\/\/poblenouurbandistrict.com\/wp-content\/uploads\/2023\/06\/ambient-mayo23-3-e1685623495686-640x432.jpg","type":"image\/jpeg"}],"author":"pnud","twitter_card":"summary_large_image","twitter_misc":{"Escrit per":"pnud","Temps estimat de lectura":"1 minut"},"schema":{"@context":"https:\/\/schema.org","@graph":[{"@type":"Article","@id":"https:\/\/poblenouurbandistrict.com\/els-tallers-xerrades-i-activitats-de-lleure-del-poblenou-open-day\/#article","isPartOf":{"@id":"https:\/\/poblenouurbandistrict.com\/els-tallers-xerrades-i-activitats-de-lleure-del-poblenou-open-day\/"},"author":{"name":"pnud","@id":"https:\/\/poblenouurbandistrict.com\/#\/schema\/person\/980a2cf34b399d5218205730acd54a7e"},"headline":"Els tallers, xerrades i activitats de lleure del Poblenou Open Day","datePublished":"2024-04-25T16:31:59+00:00","dateModified":"2024-05-02T13:32:03+00:00","mainEntityOfPage":{"@id":"https:\/\/poblenouurbandistrict.com\/els-tallers-xerrades-i-activitats-de-lleure-del-poblenou-open-day\/"},"wordCount":3652,"image":{"@id":"https:\/\/poblenouurbandistrict.com\/els-tallers-xerrades-i-activitats-de-lleure-del-poblenou-open-day\/#primaryimage"},"thumbnailUrl":"https:\/\/media.poblenouurbandistrict.com\/2023\/06\/25062951\/ambient-mayo23-3-e1685623495686.jpg","articleSection":["Poblenou Open Day"],"inLanguage":"ca"},{"@type":"WebPage","@id":"https:\/\/poblenouurbandistrict.com\/ca\/els-tallers-xerrades-i-activitats-de-lleure-del-poblenou-open-day\/","url":"https:\/\/poblenouurbandistrict.com\/ca\/els-tallers-xerrades-i-activitats-de-lleure-del-poblenou-open-day\/","name":"Els tallers, xerrades i activitats de lleure del Poblenou Open Day &#8211; Poblenou Urban District","isPartOf":{"@id":"https:\/\/poblenouurbandistrict.com\/ca\/#website"},"primaryImageOfPage":{"@id":"https:\/\/poblenouurbandistrict.com\/ca\/els-tallers-xerrades-i-activitats-de-lleure-del-poblenou-open-day\/#primaryimage"},"image":{"@id":"https:\/\/poblenouurbandistrict.com\/els-tallers-xerrades-i-activitats-de-lleure-del-poblenou-open-day\/#primaryimage"},"thumbnailUrl":"https:\/\/media.poblenouurbandistrict.com\/2023\/06\/25062951\/ambient-mayo23-3-e1685623495686.jpg","datePublished":"2024-04-25T16:31:59+00:00","dateModified":"2024-05-02T13:32:03+00:00","author":{"@id":"https:\/\/poblenouurbandistrict.com\/#\/schema\/person\/980a2cf34b399d5218205730acd54a7e"},"breadcrumb":{"@id":"https:\/\/poblenouurbandistrict.com\/ca\/els-tallers-xerrades-i-activitats-de-lleure-del-poblenou-open-day\/#breadcrumb"},"inLanguage":"ca","potentialAction":[{"@type":"ReadAction","target":[["https:\/\/poblenouurbandistrict.com\/ca\/els-tallers-xerrades-i-activitats-de-lleure-del-poblenou-open-day\/"]]}]},{"@type":"ImageObject","inLanguage":"ca","@id":"https:\/\/poblenouurbandistrict.com\/ca\/els-tallers-xerrades-i-activitats-de-lleure-del-poblenou-open-day\/#primaryimage","url":"https:\/\/media.poblenouurbandistrict.com\/2023\/06\/25062951\/ambient-mayo23-3-e1685623495686.jpg","contentUrl":"https:\/\/media.poblenouurbandistrict.com\/2023\/06\/25062951\/ambient-mayo23-3-e1685623495686.jpg","width":1200,"height":810},{"@type":"BreadcrumbList","@id":"https:\/\/poblenouurbandistrict.com\/ca\/els-tallers-xerrades-i-activitats-de-lleure-del-poblenou-open-day\/#breadcrumb","itemListElement":[{"@type":"ListItem","position":1,"name":"Home","item":"https:\/\/poblenouurbandistrict.com\/ca\/"},{"@type":"ListItem","position":2,"name":"Els tallers, xerrades i activitats de lleure del Poblenou Open Day"}]},{"@type":"WebSite","@id":"https:\/\/poblenouurbandistrict.com\/ca\/#website","url":"https:\/\/poblenouurbandistrict.com\/ca\/","name":"Poblenou Urban District","description":"Comunitat Creativa","potentialAction":[{"@type":"SearchAction","target":{"@type":"EntryPoint","urlTemplate":"https:\/\/poblenouurbandistrict.com\/ca\/?s={search_term_string}"},"query-input":{"@type":"PropertyValueSpecification","valueRequired":true,"valueName":"search_term_string"}}],"inLanguage":"ca"},{"@type":"Person","@id":"https:\/\/poblenouurbandistrict.com\/#\/schema\/person\/980a2cf34b399d5218205730acd54a7e","name":"pnud","image":{"@type":"ImageObject","inLanguage":"ca","@id":"https:\/\/secure.gravatar.com\/avatar\/67146597b405ee077a24e519f75c3e2031736596d6ce35af3a34c122c93d0d7b?s=96&d=retro&r=g","url":"https:\/\/secure.gravatar.com\/avatar\/67146597b405ee077a24e519f75c3e2031736596d6ce35af3a34c122c93d0d7b?s=96&d=retro&r=g","contentUrl":"https:\/\/secure.gravatar.com\/avatar\/67146597b405ee077a24e519f75c3e2031736596d6ce35af3a34c122c93d0d7b?s=96&d=retro&r=g","caption":"pnud"}}]}},"_links":{"self":[{"href":"https:\/\/poblenouurbandistrict.com\/ca\/wp-json\/wp\/v2\/posts\/45561","targetHints":{"allow":["GET"]}}],"collection":[{"href":"https:\/\/poblenouurbandistrict.com\/ca\/wp-json\/wp\/v2\/posts"}],"about":[{"href":"https:\/\/poblenouurbandistrict.com\/ca\/wp-json\/wp\/v2\/types\/post"}],"author":[{"embeddable":true,"href":"https:\/\/poblenouurbandistrict.com\/ca\/wp-json\/wp\/v2\/users\/5"}],"replies":[{"embeddable":true,"href":"https:\/\/poblenouurbandistrict.com\/ca\/wp-json\/wp\/v2\/comments?post=45561"}],"version-history":[{"count":35,"href":"https:\/\/poblenouurbandistrict.com\/ca\/wp-json\/wp\/v2\/posts\/45561\/revisions"}],"predecessor-version":[{"id":45768,"href":"https:\/\/poblenouurbandistrict.com\/ca\/wp-json\/wp\/v2\/posts\/45561\/revisions\/45768"}],"wp:featuredmedia":[{"embeddable":true,"href":"https:\/\/poblenouurbandistrict.com\/ca\/wp-json\/wp\/v2\/media\/39490"}],"wp:attachment":[{"href":"https:\/\/poblenouurbandistrict.com\/ca\/wp-json\/wp\/v2\/media?parent=45561"}],"wp:term":[{"taxonomy":"category","embeddable":true,"href":"https:\/\/poblenouurbandistrict.com\/ca\/wp-json\/wp\/v2\/categories?post=45561"},{"taxonomy":"post_tag","embeddable":true,"href":"https:\/\/poblenouurbandistrict.com\/ca\/wp-json\/wp\/v2\/tags?post=45561"}],"curies":[{"name":"wp","href":"https:\/\/api.w.org\/{rel}","templated":true}]}}