{"id":45997,"date":"2024-05-23T12:22:20","date_gmt":"2024-05-23T10:22:20","guid":{"rendered":"https:\/\/poblenouurbandistrict.com\/?p=45997"},"modified":"2024-05-23T13:14:27","modified_gmt":"2024-05-23T11:14:27","slug":"la-nau-ens-proposa-gaudir-dels-diumenges-omplint-los-de-funk-soul-jazz-i-salsa","status":"publish","type":"post","link":"https:\/\/poblenouurbandistrict.com\/ca\/la-nau-ens-proposa-gaudir-dels-diumenges-omplint-los-de-funk-soul-jazz-i-salsa\/","title":{"rendered":"La Nau ens proposa gaudir dels diumenges omplint-los de Funk, Soul, Jazz i Salsa"},"content":{"rendered":"<p><a href=\"https:\/\/lanaubarcelona.es\/\"><strong>La Nau<\/strong><\/a> ens proposa dos concerts els diumenges <strong>26\/05<\/strong> i <strong>2\/06<\/strong> per allargar els meravellosos diumenges de primavera.<\/p>\n<p>El <strong>26\/05<\/strong> pots gaudir del 3er aniversari del col\u00b7lectiu <strong><a href=\"https:\/\/www.instagram.com\/soullab_bcn\/\">Soul Lab<\/a><\/strong>, que va n\u00e9ixer a principis del 2021 posant en marxa una jam singular i revolucion\u00e0ria, dedicada en exclusiva a la cultura Hip hop. L&#8217;originalitat dels seus esdeveniments es caracteritza per convidar a l&#8217;escenari tant a m\u00fasics i cantants com a ballarins, dins dels diferents estils de m\u00fasica i dansa urbana. Bona m\u00fasica, bon rotllo, ball i energia a per acabar la setmana.<\/p>\n<p>Per a celebrar el seu 3r aniversari hi haur\u00e0:<\/p>\n<p>\u00b7 <strong>Crew Session<\/strong> (m\u00fasica en directe amb els artistes de <strong><a href=\"https:\/\/www.instagram.com\/soullab_bcn\/\">Soul Lab<\/a><\/strong>)<br \/>\n\u00b7 <strong>Jam<\/strong><br \/>\n\u00b7 <strong>Dance Cyphers<\/strong> amb l&#8217;<em>Special Guest<\/em>: <a href=\"https:\/\/www.instagram.com\/vibes.and.stuff.collective\/\"><strong>Vibes &amp; Stuff<\/strong><\/a><\/p>\n<p>Pots comprar les teves entrades a trav\u00e9s d&#8217;aquest <strong><a href=\"https:\/\/lanaubarcelona.es\/agenda\/3er-aniversario-soul-lab-26-05-2024\">enlla\u00e7<\/a>.<\/strong><\/p>\n<hr \/>\n<p>El <strong>02\/06 <a href=\"https:\/\/www.instagram.com\/guzzobcn\/\">Guzzo<\/a><\/strong> i <a href=\"https:\/\/lanaubarcelona.es\/agenda\/desafinado-vol-x-latin-edition-02-06-2024\"><strong>La Nau<\/strong><\/a> s&#8217;associen per a crear un cicle musical de car\u00e0cter \u00fanic a la ciutat: <strong><a href=\"https:\/\/www.instagram.com\/desafinadobcn\/\">DESAFINADO<\/a><\/strong><\/p>\n<p>Un projecte que busca generar una trobada art\u00edstica original i singular entre m\u00fasics de gran talent, d&#8217;horitzons i traject\u00f2ries plurals, creant un espai obert al di\u00e0leg i a l&#8217;exploraci\u00f3 de nous territoris.<\/p>\n<p>La proposta no \u00e9s la d&#8217;un \u00abconcert\u00bb en el sentit estricte de la paraula, sin\u00f3 la d&#8217;una \u00abtrobada esc\u00e8nica\u00bb entre artistes curiosos i \u00e0vids d&#8217;involucrar-se en un proc\u00e9s creatiu com\u00fa, on el p\u00fablic sigui testimoni del naixement d&#8217;una obra original, nova, viva.<\/p>\n<p><strong>PAPA ORBE Y LOS CIENT\u00cdFICOS DEL SABOR<\/strong> feat <strong>Alcibiades Durruthy<\/strong><br \/>\nPapa Orbe va iniciar la seva carrera en la llegend\u00e0ria formaci\u00f3 de Son Cub\u00e0 de F\u00e9lix Chappott\u00edn i poc despr\u00e9s es va mudar a Col\u00f2mbia on va integrar la banda de Tot\u00f3 La Momposina i va treballar per al segell Fuentes.<br \/>\nA la fi dels 90\u2019s va realitzar v\u00e0ries gires per Europa i va decidir radicar-se a Barcelona on va gravar, va arreglar i va tocar per a nombroses bandes i LP\u2019s com Yoff Tongor de Radio Malanga i Playing for Change.<br \/>\nEn el seu \u00faltim treball, titulat \u00abSabor y Medio\u00bb (2022), el m\u00fasic cub\u00e0 torna a les seves arrels amb una vibrant combinaci\u00f3 de cubop, ritmes llatins, i una forta influ\u00e8ncia de salsa i jazz dels 70s. En aquesta ocasi\u00f3 especial, Papa Orbe comptar\u00e0 amb la col\u00b7laboraci\u00f3 de Pau Tarquim &amp; Alcibiades Durruthy, una trobada que promet ser inoblidable.<\/p>\n<p><strong>FRED\u00a0GUZZO<\/strong><br \/>\nDes que es va convertir en\u00a0Dj\u00a0en 1986,\u00a0Fred\u00a0Guzzo\u00a0ha definit el seu propi estil dins de la\u00a0Black\u00a0American\u00a0Music, un viatge en el qual passa del jazz al\u00a0boogaloo, del\u00a0drum&amp;bass\u00a0al\u00a0funk, salta del\u00a0house\u00a0al reggae, passant per ritmes tropicals o africans. Creador del segell\u00a02siders, cofundador del m\u00edtic Caf\u00e8\u00a0Royale\u00a0de Barcelona, on va estar punxant i programant m\u00fasica en directe durant m\u00e9s de 14 anys. Actualment dirigeix el seu propi local:\u00a0GUZZO, un restaurant-club que barreja gastronomia, cultura urbana i molta m\u00fasica amb l&#8217;exquisit gust que el distingeix.<\/p>\n<p>L&#8217;entrada \u00e9s gratu\u00efta per\u00f2 l&#8217;aforament \u00e9s limitat, descarrega la teva <strong><a href=\"https:\/\/mutick.com\/e\/desafinado-latin-edition-en-barcelona-la-nau-2\">invitaci\u00f3 aqu\u00ed<\/a><\/strong>. Es recomana arribar aviat per a assegurar l&#8217;acc\u00e9s.<\/p>\n<p>&nbsp;<\/p>","protected":false},"excerpt":{"rendered":"<p>La Nau ens proposa dos concerts els diumenges 26\/05 i 2\/06 per allargar els meravellosos diumenges de primavera. El 26\/05&#8230; <a href=\"https:\/\/poblenouurbandistrict.com\/ca\/la-nau-ens-proposa-gaudir-dels-diumenges-omplint-los-de-funk-soul-jazz-i-salsa\/\">M\u00e9s  \u2192<\/a><\/p>\n","protected":false},"author":5,"featured_media":46003,"comment_status":"closed","ping_status":"closed","sticky":false,"template":"","format":"standard","meta":{"_acf_changed":false,"footnotes":""},"categories":[3348],"tags":[],"class_list":["post-45997","post","type-post","status-publish","format-standard","has-post-thumbnail","hentry","category-musica"],"acf":[],"yoast_head":"<!-- This site is optimized with the Yoast SEO plugin v27.5 - https:\/\/yoast.com\/product\/yoast-seo-wordpress\/ -->\n<title>La Nau ens proposa gaudir dels diumenges omplint-los de Funk, Soul, Jazz i Salsa &#8211; Poblenou Urban District<\/title>\n<meta name=\"robots\" content=\"index, follow, max-snippet:-1, max-image-preview:large, max-video-preview:-1\" \/>\n<link rel=\"canonical\" href=\"https:\/\/poblenouurbandistrict.com\/ca\/la-nau-ens-proposa-gaudir-dels-diumenges-omplint-los-de-funk-soul-jazz-i-salsa\/\" \/>\n<meta property=\"og:locale\" content=\"ca_ES\" \/>\n<meta property=\"og:type\" content=\"article\" \/>\n<meta property=\"og:title\" content=\"La Nau ens proposa gaudir dels diumenges omplint-los de Funk, Soul, Jazz i Salsa &#8211; Poblenou Urban District\" \/>\n<meta property=\"og:description\" content=\"La Nau ens proposa dos concerts els diumenges 26\/05 i 2\/06 per allargar els meravellosos diumenges de primavera. El 26\/05... M\u00e9s \u2192\" \/>\n<meta property=\"og:url\" content=\"https:\/\/poblenouurbandistrict.com\/ca\/la-nau-ens-proposa-gaudir-dels-diumenges-omplint-los-de-funk-soul-jazz-i-salsa\/\" \/>\n<meta property=\"og:site_name\" content=\"Poblenou Urban District\" \/>\n<meta property=\"article:published_time\" content=\"2024-05-23T10:22:20+00:00\" \/>\n<meta property=\"article:modified_time\" content=\"2024-05-23T11:14:27+00:00\" \/>\n<meta property=\"og:image\" content=\"https:\/\/poblenouurbandistrict.com\/wp-content\/uploads\/2024\/05\/la-nau1-1.jpg\" \/>\n\t<meta property=\"og:image:width\" content=\"850\" \/>\n\t<meta property=\"og:image:height\" content=\"601\" \/>\n\t<meta property=\"og:image:type\" content=\"image\/jpeg\" \/>\n<meta name=\"author\" content=\"pnud\" \/>\n<meta name=\"twitter:card\" content=\"summary_large_image\" \/>\n<meta name=\"twitter:label1\" content=\"Escrit per\" \/>\n\t<meta name=\"twitter:data1\" content=\"pnud\" \/>\n\t<meta name=\"twitter:label2\" content=\"Temps estimat de lectura\" \/>\n\t<meta name=\"twitter:data2\" content=\"1 minut\" \/>\n<script type=\"application\/ld+json\" class=\"yoast-schema-graph\">{\"@context\":\"https:\\\/\\\/schema.org\",\"@graph\":[{\"@type\":\"Article\",\"@id\":\"https:\\\/\\\/poblenouurbandistrict.com\\\/la-nau-ens-proposa-gaudir-dels-diumenges-omplint-los-de-funk-soul-jazz-i-salsa\\\/#article\",\"isPartOf\":{\"@id\":\"https:\\\/\\\/poblenouurbandistrict.com\\\/la-nau-ens-proposa-gaudir-dels-diumenges-omplint-los-de-funk-soul-jazz-i-salsa\\\/\"},\"author\":{\"name\":\"pnud\",\"@id\":\"https:\\\/\\\/poblenouurbandistrict.com\\\/#\\\/schema\\\/person\\\/980a2cf34b399d5218205730acd54a7e\"},\"headline\":\"La Nau ens proposa gaudir dels diumenges omplint-los de Funk, Soul, Jazz i Salsa\",\"datePublished\":\"2024-05-23T10:22:20+00:00\",\"dateModified\":\"2024-05-23T11:14:27+00:00\",\"mainEntityOfPage\":{\"@id\":\"https:\\\/\\\/poblenouurbandistrict.com\\\/la-nau-ens-proposa-gaudir-dels-diumenges-omplint-los-de-funk-soul-jazz-i-salsa\\\/\"},\"wordCount\":1072,\"image\":{\"@id\":\"https:\\\/\\\/poblenouurbandistrict.com\\\/la-nau-ens-proposa-gaudir-dels-diumenges-omplint-los-de-funk-soul-jazz-i-salsa\\\/#primaryimage\"},\"thumbnailUrl\":\"https:\\\/\\\/media.poblenouurbandistrict.com\\\/2024\\\/05\\\/25073650\\\/la-nau1-1.jpg\",\"articleSection\":[\"M\u00fasica\"],\"inLanguage\":\"ca\"},{\"@type\":\"WebPage\",\"@id\":\"https:\\\/\\\/poblenouurbandistrict.com\\\/ca\\\/la-nau-ens-proposa-gaudir-dels-diumenges-omplint-los-de-funk-soul-jazz-i-salsa\\\/\",\"url\":\"https:\\\/\\\/poblenouurbandistrict.com\\\/ca\\\/la-nau-ens-proposa-gaudir-dels-diumenges-omplint-los-de-funk-soul-jazz-i-salsa\\\/\",\"name\":\"La Nau ens proposa gaudir dels diumenges omplint-los de Funk, Soul, Jazz i Salsa &#8211; Poblenou Urban District\",\"isPartOf\":{\"@id\":\"https:\\\/\\\/poblenouurbandistrict.com\\\/ca\\\/#website\"},\"primaryImageOfPage\":{\"@id\":\"https:\\\/\\\/poblenouurbandistrict.com\\\/ca\\\/la-nau-ens-proposa-gaudir-dels-diumenges-omplint-los-de-funk-soul-jazz-i-salsa\\\/#primaryimage\"},\"image\":{\"@id\":\"https:\\\/\\\/poblenouurbandistrict.com\\\/la-nau-ens-proposa-gaudir-dels-diumenges-omplint-los-de-funk-soul-jazz-i-salsa\\\/#primaryimage\"},\"thumbnailUrl\":\"https:\\\/\\\/media.poblenouurbandistrict.com\\\/2024\\\/05\\\/25073650\\\/la-nau1-1.jpg\",\"datePublished\":\"2024-05-23T10:22:20+00:00\",\"dateModified\":\"2024-05-23T11:14:27+00:00\",\"author\":{\"@id\":\"https:\\\/\\\/poblenouurbandistrict.com\\\/#\\\/schema\\\/person\\\/980a2cf34b399d5218205730acd54a7e\"},\"breadcrumb\":{\"@id\":\"https:\\\/\\\/poblenouurbandistrict.com\\\/ca\\\/la-nau-ens-proposa-gaudir-dels-diumenges-omplint-los-de-funk-soul-jazz-i-salsa\\\/#breadcrumb\"},\"inLanguage\":\"ca\",\"potentialAction\":[{\"@type\":\"ReadAction\",\"target\":[[\"https:\\\/\\\/poblenouurbandistrict.com\\\/ca\\\/la-nau-ens-proposa-gaudir-dels-diumenges-omplint-los-de-funk-soul-jazz-i-salsa\\\/\"]]}]},{\"@type\":\"ImageObject\",\"inLanguage\":\"ca\",\"@id\":\"https:\\\/\\\/poblenouurbandistrict.com\\\/ca\\\/la-nau-ens-proposa-gaudir-dels-diumenges-omplint-los-de-funk-soul-jazz-i-salsa\\\/#primaryimage\",\"url\":\"https:\\\/\\\/media.poblenouurbandistrict.com\\\/2024\\\/05\\\/25073650\\\/la-nau1-1.jpg\",\"contentUrl\":\"https:\\\/\\\/media.poblenouurbandistrict.com\\\/2024\\\/05\\\/25073650\\\/la-nau1-1.jpg\",\"width\":850,\"height\":601},{\"@type\":\"BreadcrumbList\",\"@id\":\"https:\\\/\\\/poblenouurbandistrict.com\\\/ca\\\/la-nau-ens-proposa-gaudir-dels-diumenges-omplint-los-de-funk-soul-jazz-i-salsa\\\/#breadcrumb\",\"itemListElement\":[{\"@type\":\"ListItem\",\"position\":1,\"name\":\"Home\",\"item\":\"https:\\\/\\\/poblenouurbandistrict.com\\\/ca\\\/\"},{\"@type\":\"ListItem\",\"position\":2,\"name\":\"La Nau ens proposa gaudir dels diumenges omplint-los de Funk, Soul, Jazz i Salsa\"}]},{\"@type\":\"WebSite\",\"@id\":\"https:\\\/\\\/poblenouurbandistrict.com\\\/ca\\\/#website\",\"url\":\"https:\\\/\\\/poblenouurbandistrict.com\\\/ca\\\/\",\"name\":\"Poblenou Urban District\",\"description\":\"Comunitat Creativa\",\"potentialAction\":[{\"@type\":\"SearchAction\",\"target\":{\"@type\":\"EntryPoint\",\"urlTemplate\":\"https:\\\/\\\/poblenouurbandistrict.com\\\/ca\\\/?s={search_term_string}\"},\"query-input\":{\"@type\":\"PropertyValueSpecification\",\"valueRequired\":true,\"valueName\":\"search_term_string\"}}],\"inLanguage\":\"ca\"},{\"@type\":\"Person\",\"@id\":\"https:\\\/\\\/poblenouurbandistrict.com\\\/#\\\/schema\\\/person\\\/980a2cf34b399d5218205730acd54a7e\",\"name\":\"pnud\",\"image\":{\"@type\":\"ImageObject\",\"inLanguage\":\"ca\",\"@id\":\"https:\\\/\\\/secure.gravatar.com\\\/avatar\\\/67146597b405ee077a24e519f75c3e2031736596d6ce35af3a34c122c93d0d7b?s=96&d=retro&r=g\",\"url\":\"https:\\\/\\\/secure.gravatar.com\\\/avatar\\\/67146597b405ee077a24e519f75c3e2031736596d6ce35af3a34c122c93d0d7b?s=96&d=retro&r=g\",\"contentUrl\":\"https:\\\/\\\/secure.gravatar.com\\\/avatar\\\/67146597b405ee077a24e519f75c3e2031736596d6ce35af3a34c122c93d0d7b?s=96&d=retro&r=g\",\"caption\":\"pnud\"}}]}<\/script>\n<!-- \/ Yoast SEO plugin. -->","yoast_head_json":{"title":"La Nau ens proposa gaudir dels diumenges omplint-los de Funk, Soul, Jazz i Salsa &#8211; Poblenou Urban District","robots":{"index":"index","follow":"follow","max-snippet":"max-snippet:-1","max-image-preview":"max-image-preview:large","max-video-preview":"max-video-preview:-1"},"canonical":"https:\/\/poblenouurbandistrict.com\/ca\/la-nau-ens-proposa-gaudir-dels-diumenges-omplint-los-de-funk-soul-jazz-i-salsa\/","og_locale":"ca_ES","og_type":"article","og_title":"La Nau ens proposa gaudir dels diumenges omplint-los de Funk, Soul, Jazz i Salsa &#8211; Poblenou Urban District","og_description":"La Nau ens proposa dos concerts els diumenges 26\/05 i 2\/06 per allargar els meravellosos diumenges de primavera. El 26\/05... M\u00e9s \u2192","og_url":"https:\/\/poblenouurbandistrict.com\/ca\/la-nau-ens-proposa-gaudir-dels-diumenges-omplint-los-de-funk-soul-jazz-i-salsa\/","og_site_name":"Poblenou Urban District","article_published_time":"2024-05-23T10:22:20+00:00","article_modified_time":"2024-05-23T11:14:27+00:00","og_image":[{"width":850,"height":601,"url":"https:\/\/poblenouurbandistrict.com\/wp-content\/uploads\/2024\/05\/la-nau1-1.jpg","type":"image\/jpeg"}],"author":"pnud","twitter_card":"summary_large_image","twitter_misc":{"Escrit per":"pnud","Temps estimat de lectura":"1 minut"},"schema":{"@context":"https:\/\/schema.org","@graph":[{"@type":"Article","@id":"https:\/\/poblenouurbandistrict.com\/la-nau-ens-proposa-gaudir-dels-diumenges-omplint-los-de-funk-soul-jazz-i-salsa\/#article","isPartOf":{"@id":"https:\/\/poblenouurbandistrict.com\/la-nau-ens-proposa-gaudir-dels-diumenges-omplint-los-de-funk-soul-jazz-i-salsa\/"},"author":{"name":"pnud","@id":"https:\/\/poblenouurbandistrict.com\/#\/schema\/person\/980a2cf34b399d5218205730acd54a7e"},"headline":"La Nau ens proposa gaudir dels diumenges omplint-los de Funk, Soul, Jazz i Salsa","datePublished":"2024-05-23T10:22:20+00:00","dateModified":"2024-05-23T11:14:27+00:00","mainEntityOfPage":{"@id":"https:\/\/poblenouurbandistrict.com\/la-nau-ens-proposa-gaudir-dels-diumenges-omplint-los-de-funk-soul-jazz-i-salsa\/"},"wordCount":1072,"image":{"@id":"https:\/\/poblenouurbandistrict.com\/la-nau-ens-proposa-gaudir-dels-diumenges-omplint-los-de-funk-soul-jazz-i-salsa\/#primaryimage"},"thumbnailUrl":"https:\/\/media.poblenouurbandistrict.com\/2024\/05\/25073650\/la-nau1-1.jpg","articleSection":["M\u00fasica"],"inLanguage":"ca"},{"@type":"WebPage","@id":"https:\/\/poblenouurbandistrict.com\/ca\/la-nau-ens-proposa-gaudir-dels-diumenges-omplint-los-de-funk-soul-jazz-i-salsa\/","url":"https:\/\/poblenouurbandistrict.com\/ca\/la-nau-ens-proposa-gaudir-dels-diumenges-omplint-los-de-funk-soul-jazz-i-salsa\/","name":"La Nau ens proposa gaudir dels diumenges omplint-los de Funk, Soul, Jazz i Salsa &#8211; Poblenou Urban District","isPartOf":{"@id":"https:\/\/poblenouurbandistrict.com\/ca\/#website"},"primaryImageOfPage":{"@id":"https:\/\/poblenouurbandistrict.com\/ca\/la-nau-ens-proposa-gaudir-dels-diumenges-omplint-los-de-funk-soul-jazz-i-salsa\/#primaryimage"},"image":{"@id":"https:\/\/poblenouurbandistrict.com\/la-nau-ens-proposa-gaudir-dels-diumenges-omplint-los-de-funk-soul-jazz-i-salsa\/#primaryimage"},"thumbnailUrl":"https:\/\/media.poblenouurbandistrict.com\/2024\/05\/25073650\/la-nau1-1.jpg","datePublished":"2024-05-23T10:22:20+00:00","dateModified":"2024-05-23T11:14:27+00:00","author":{"@id":"https:\/\/poblenouurbandistrict.com\/#\/schema\/person\/980a2cf34b399d5218205730acd54a7e"},"breadcrumb":{"@id":"https:\/\/poblenouurbandistrict.com\/ca\/la-nau-ens-proposa-gaudir-dels-diumenges-omplint-los-de-funk-soul-jazz-i-salsa\/#breadcrumb"},"inLanguage":"ca","potentialAction":[{"@type":"ReadAction","target":[["https:\/\/poblenouurbandistrict.com\/ca\/la-nau-ens-proposa-gaudir-dels-diumenges-omplint-los-de-funk-soul-jazz-i-salsa\/"]]}]},{"@type":"ImageObject","inLanguage":"ca","@id":"https:\/\/poblenouurbandistrict.com\/ca\/la-nau-ens-proposa-gaudir-dels-diumenges-omplint-los-de-funk-soul-jazz-i-salsa\/#primaryimage","url":"https:\/\/media.poblenouurbandistrict.com\/2024\/05\/25073650\/la-nau1-1.jpg","contentUrl":"https:\/\/media.poblenouurbandistrict.com\/2024\/05\/25073650\/la-nau1-1.jpg","width":850,"height":601},{"@type":"BreadcrumbList","@id":"https:\/\/poblenouurbandistrict.com\/ca\/la-nau-ens-proposa-gaudir-dels-diumenges-omplint-los-de-funk-soul-jazz-i-salsa\/#breadcrumb","itemListElement":[{"@type":"ListItem","position":1,"name":"Home","item":"https:\/\/poblenouurbandistrict.com\/ca\/"},{"@type":"ListItem","position":2,"name":"La Nau ens proposa gaudir dels diumenges omplint-los de Funk, Soul, Jazz i Salsa"}]},{"@type":"WebSite","@id":"https:\/\/poblenouurbandistrict.com\/ca\/#website","url":"https:\/\/poblenouurbandistrict.com\/ca\/","name":"Poblenou Urban District","description":"Comunitat Creativa","potentialAction":[{"@type":"SearchAction","target":{"@type":"EntryPoint","urlTemplate":"https:\/\/poblenouurbandistrict.com\/ca\/?s={search_term_string}"},"query-input":{"@type":"PropertyValueSpecification","valueRequired":true,"valueName":"search_term_string"}}],"inLanguage":"ca"},{"@type":"Person","@id":"https:\/\/poblenouurbandistrict.com\/#\/schema\/person\/980a2cf34b399d5218205730acd54a7e","name":"pnud","image":{"@type":"ImageObject","inLanguage":"ca","@id":"https:\/\/secure.gravatar.com\/avatar\/67146597b405ee077a24e519f75c3e2031736596d6ce35af3a34c122c93d0d7b?s=96&d=retro&r=g","url":"https:\/\/secure.gravatar.com\/avatar\/67146597b405ee077a24e519f75c3e2031736596d6ce35af3a34c122c93d0d7b?s=96&d=retro&r=g","contentUrl":"https:\/\/secure.gravatar.com\/avatar\/67146597b405ee077a24e519f75c3e2031736596d6ce35af3a34c122c93d0d7b?s=96&d=retro&r=g","caption":"pnud"}}]}},"_links":{"self":[{"href":"https:\/\/poblenouurbandistrict.com\/ca\/wp-json\/wp\/v2\/posts\/45997","targetHints":{"allow":["GET"]}}],"collection":[{"href":"https:\/\/poblenouurbandistrict.com\/ca\/wp-json\/wp\/v2\/posts"}],"about":[{"href":"https:\/\/poblenouurbandistrict.com\/ca\/wp-json\/wp\/v2\/types\/post"}],"author":[{"embeddable":true,"href":"https:\/\/poblenouurbandistrict.com\/ca\/wp-json\/wp\/v2\/users\/5"}],"replies":[{"embeddable":true,"href":"https:\/\/poblenouurbandistrict.com\/ca\/wp-json\/wp\/v2\/comments?post=45997"}],"version-history":[{"count":5,"href":"https:\/\/poblenouurbandistrict.com\/ca\/wp-json\/wp\/v2\/posts\/45997\/revisions"}],"predecessor-version":[{"id":46023,"href":"https:\/\/poblenouurbandistrict.com\/ca\/wp-json\/wp\/v2\/posts\/45997\/revisions\/46023"}],"wp:featuredmedia":[{"embeddable":true,"href":"https:\/\/poblenouurbandistrict.com\/ca\/wp-json\/wp\/v2\/media\/46003"}],"wp:attachment":[{"href":"https:\/\/poblenouurbandistrict.com\/ca\/wp-json\/wp\/v2\/media?parent=45997"}],"wp:term":[{"taxonomy":"category","embeddable":true,"href":"https:\/\/poblenouurbandistrict.com\/ca\/wp-json\/wp\/v2\/categories?post=45997"},{"taxonomy":"post_tag","embeddable":true,"href":"https:\/\/poblenouurbandistrict.com\/ca\/wp-json\/wp\/v2\/tags?post=45997"}],"curies":[{"name":"wp","href":"https:\/\/api.w.org\/{rel}","templated":true}]}}