{"id":46004,"date":"2024-05-23T12:57:12","date_gmt":"2024-05-23T10:57:12","guid":{"rendered":"https:\/\/poblenouurbandistrict.com\/?p=46004"},"modified":"2024-05-23T13:01:02","modified_gmt":"2024-05-23T11:01:02","slug":"ultimo-dies-de-papers-dombra-de-pep-duran-esteva-a-can-framis","status":"publish","type":"post","link":"https:\/\/poblenouurbandistrict.com\/ca\/ultimo-dies-de-papers-dombra-de-pep-duran-esteva-a-can-framis\/","title":{"rendered":"\u00daltims dies de &#8220;Papers d&#8217;ombra&#8221; de Pep Duran Esteva a Can Framis"},"content":{"rendered":"<p><span style=\"font-weight: 400;\">Fins al 26 de maig pots visitar \u201cPapers d\u2019ombra\u201d de Pep Duran Esteva a Can Framis. Aquest projecte expositiu recull la totalitat de les obres fetes amb antics decorats de paper, creades al llarg dels anys i en els quals es revela l\u2019\u00fas tant de l\u2019anvers com del revers dels papers, i \u00e9s, a la vegada, un recorregut m\u00e9s o menys cronol\u00f2gic pel seu imaginari: peces o apunts relacionals creant analogies i enlla\u00e7ant camins.\u00a0<\/span><\/p>\n<p><span style=\"font-weight: 400;\">A m\u00e9s, el proper 23 de maig, s\u2019inaugura <\/span><strong><a href=\"https:\/\/www.fundaciovilacasas.com\/ca\/exposicio\/provisori\">Provisori<\/a><\/strong><span style=\"font-weight: 400;\"> de Pep Duran a la Galeria \u00c0rea de Tallers de la Universitat Pompeu Fabra, una instal\u00b7laci\u00f3 realitzada en el marc de col\u00b7laboraci\u00f3 de la Fundaci\u00f3 Vila Casas amb la universitat.<\/span><\/p>\n<p><span style=\"font-weight: 400;\">A les 18 h, es dur\u00e0 a terme una acci\u00f3, amb inici a Can Framis, que recorrer\u00e0 les setanta-set passes exactes que separen el museu del campus de la UPF com a finalitzaci\u00f3 de l\u2019exposici\u00f3 <\/span><strong><a href=\"https:\/\/www.fundaciovilacasas.com\/ca\/exposicio\/papers-dombra\">Papers d\u2019ombra<\/a><\/strong><span style=\"font-weight: 400;\"> de Pep Duran a Can Framis i com a celebraci\u00f3 de la inauguraci\u00f3 de Provisori a la Pompeu.<\/span><\/p>\n<p><span style=\"font-weight: 400;\">Aquesta intervenci\u00f3 ser\u00e0 condu\u00efda per Pep Duran i el poeta Biel Mesquida, els quals seran els encarregats de traslladar alguns objectes i apilaments de roba fins a l\u2019\u00c0rea Tallers de la universitat, objectes que complementaran la intervenci\u00f3 \u201cProvisori\u201d.<\/span><\/p>\n<p><br style=\"font-weight: 400;\" \/><br style=\"font-weight: 400;\" \/><\/p>","protected":false},"excerpt":{"rendered":"<p>Fins al 26 de maig pots visitar \u201cPapers d\u2019ombra\u201d de Pep Duran Esteva a Can Framis. Aquest projecte expositiu recull&#8230; <a href=\"https:\/\/poblenouurbandistrict.com\/ca\/ultimo-dies-de-papers-dombra-de-pep-duran-esteva-a-can-framis\/\">M\u00e9s  \u2192<\/a><\/p>\n","protected":false},"author":5,"featured_media":46010,"comment_status":"closed","ping_status":"closed","sticky":false,"template":"","format":"standard","meta":{"_acf_changed":false,"footnotes":""},"categories":[3342],"tags":[],"class_list":["post-46004","post","type-post","status-publish","format-standard","has-post-thumbnail","hentry","category-art"],"acf":[],"yoast_head":"<!-- This site is optimized with the Yoast SEO plugin v27.5 - https:\/\/yoast.com\/product\/yoast-seo-wordpress\/ -->\n<title>\u00daltims dies de &quot;Papers d&#039;ombra&quot; de Pep Duran Esteva a Can Framis &#8211; Poblenou Urban District<\/title>\n<meta name=\"robots\" content=\"index, follow, max-snippet:-1, max-image-preview:large, max-video-preview:-1\" \/>\n<link rel=\"canonical\" href=\"https:\/\/poblenouurbandistrict.com\/ca\/ultimo-dies-de-papers-dombra-de-pep-duran-esteva-a-can-framis\/\" \/>\n<meta property=\"og:locale\" content=\"ca_ES\" \/>\n<meta property=\"og:type\" content=\"article\" \/>\n<meta property=\"og:title\" content=\"\u00daltims dies de &quot;Papers d&#039;ombra&quot; de Pep Duran Esteva a Can Framis &#8211; Poblenou Urban District\" \/>\n<meta property=\"og:description\" content=\"Fins al 26 de maig pots visitar \u201cPapers d\u2019ombra\u201d de Pep Duran Esteva a Can Framis. Aquest projecte expositiu recull... M\u00e9s \u2192\" \/>\n<meta property=\"og:url\" content=\"https:\/\/poblenouurbandistrict.com\/ca\/ultimo-dies-de-papers-dombra-de-pep-duran-esteva-a-can-framis\/\" \/>\n<meta property=\"og:site_name\" content=\"Poblenou Urban District\" \/>\n<meta property=\"article:published_time\" content=\"2024-05-23T10:57:12+00:00\" \/>\n<meta property=\"article:modified_time\" content=\"2024-05-23T11:01:02+00:00\" \/>\n<meta property=\"og:image\" content=\"https:\/\/poblenouurbandistrict.com\/wp-content\/uploads\/2024\/05\/28-1400x2100-1.jpg\" \/>\n\t<meta property=\"og:image:width\" content=\"1400\" \/>\n\t<meta property=\"og:image:height\" content=\"942\" \/>\n\t<meta property=\"og:image:type\" content=\"image\/jpeg\" \/>\n<meta name=\"author\" content=\"pnud\" \/>\n<meta name=\"twitter:card\" content=\"summary_large_image\" \/>\n<meta name=\"twitter:label1\" content=\"Escrit per\" \/>\n\t<meta name=\"twitter:data1\" content=\"pnud\" \/>\n\t<meta name=\"twitter:label2\" content=\"Temps estimat de lectura\" \/>\n\t<meta name=\"twitter:data2\" content=\"2 minuts\" \/>\n<script type=\"application\/ld+json\" class=\"yoast-schema-graph\">{\"@context\":\"https:\\\/\\\/schema.org\",\"@graph\":[{\"@type\":\"Article\",\"@id\":\"https:\\\/\\\/poblenouurbandistrict.com\\\/ultimo-dies-de-papers-dombra-de-pep-duran-esteva-a-can-framis\\\/#article\",\"isPartOf\":{\"@id\":\"https:\\\/\\\/poblenouurbandistrict.com\\\/ultimo-dies-de-papers-dombra-de-pep-duran-esteva-a-can-framis\\\/\"},\"author\":{\"name\":\"pnud\",\"@id\":\"https:\\\/\\\/poblenouurbandistrict.com\\\/#\\\/schema\\\/person\\\/980a2cf34b399d5218205730acd54a7e\"},\"headline\":\"\u00daltims dies de &#8220;Papers d&#8217;ombra&#8221; de Pep Duran Esteva a Can Framis\",\"datePublished\":\"2024-05-23T10:57:12+00:00\",\"dateModified\":\"2024-05-23T11:01:02+00:00\",\"mainEntityOfPage\":{\"@id\":\"https:\\\/\\\/poblenouurbandistrict.com\\\/ultimo-dies-de-papers-dombra-de-pep-duran-esteva-a-can-framis\\\/\"},\"wordCount\":478,\"image\":{\"@id\":\"https:\\\/\\\/poblenouurbandistrict.com\\\/ultimo-dies-de-papers-dombra-de-pep-duran-esteva-a-can-framis\\\/#primaryimage\"},\"thumbnailUrl\":\"https:\\\/\\\/media.poblenouurbandistrict.com\\\/2024\\\/05\\\/25073653\\\/28-1400x2100-1.jpg\",\"articleSection\":[\"Art\"],\"inLanguage\":\"ca\"},{\"@type\":\"WebPage\",\"@id\":\"https:\\\/\\\/poblenouurbandistrict.com\\\/ca\\\/ultimo-dies-de-papers-dombra-de-pep-duran-esteva-a-can-framis\\\/\",\"url\":\"https:\\\/\\\/poblenouurbandistrict.com\\\/ca\\\/ultimo-dies-de-papers-dombra-de-pep-duran-esteva-a-can-framis\\\/\",\"name\":\"\u00daltims dies de \\\"Papers d'ombra\\\" de Pep Duran Esteva a Can Framis &#8211; Poblenou Urban District\",\"isPartOf\":{\"@id\":\"https:\\\/\\\/poblenouurbandistrict.com\\\/ca\\\/#website\"},\"primaryImageOfPage\":{\"@id\":\"https:\\\/\\\/poblenouurbandistrict.com\\\/ca\\\/ultimo-dies-de-papers-dombra-de-pep-duran-esteva-a-can-framis\\\/#primaryimage\"},\"image\":{\"@id\":\"https:\\\/\\\/poblenouurbandistrict.com\\\/ultimo-dies-de-papers-dombra-de-pep-duran-esteva-a-can-framis\\\/#primaryimage\"},\"thumbnailUrl\":\"https:\\\/\\\/media.poblenouurbandistrict.com\\\/2024\\\/05\\\/25073653\\\/28-1400x2100-1.jpg\",\"datePublished\":\"2024-05-23T10:57:12+00:00\",\"dateModified\":\"2024-05-23T11:01:02+00:00\",\"author\":{\"@id\":\"https:\\\/\\\/poblenouurbandistrict.com\\\/#\\\/schema\\\/person\\\/980a2cf34b399d5218205730acd54a7e\"},\"breadcrumb\":{\"@id\":\"https:\\\/\\\/poblenouurbandistrict.com\\\/ca\\\/ultimo-dies-de-papers-dombra-de-pep-duran-esteva-a-can-framis\\\/#breadcrumb\"},\"inLanguage\":\"ca\",\"potentialAction\":[{\"@type\":\"ReadAction\",\"target\":[[\"https:\\\/\\\/poblenouurbandistrict.com\\\/ca\\\/ultimo-dies-de-papers-dombra-de-pep-duran-esteva-a-can-framis\\\/\"]]}]},{\"@type\":\"ImageObject\",\"inLanguage\":\"ca\",\"@id\":\"https:\\\/\\\/poblenouurbandistrict.com\\\/ca\\\/ultimo-dies-de-papers-dombra-de-pep-duran-esteva-a-can-framis\\\/#primaryimage\",\"url\":\"https:\\\/\\\/media.poblenouurbandistrict.com\\\/2024\\\/05\\\/25073653\\\/28-1400x2100-1.jpg\",\"contentUrl\":\"https:\\\/\\\/media.poblenouurbandistrict.com\\\/2024\\\/05\\\/25073653\\\/28-1400x2100-1.jpg\",\"width\":1400,\"height\":942},{\"@type\":\"BreadcrumbList\",\"@id\":\"https:\\\/\\\/poblenouurbandistrict.com\\\/ca\\\/ultimo-dies-de-papers-dombra-de-pep-duran-esteva-a-can-framis\\\/#breadcrumb\",\"itemListElement\":[{\"@type\":\"ListItem\",\"position\":1,\"name\":\"Home\",\"item\":\"https:\\\/\\\/poblenouurbandistrict.com\\\/ca\\\/\"},{\"@type\":\"ListItem\",\"position\":2,\"name\":\"\u00daltimos d\u00edas de \u00abPapers d&#8217;ombra\u00bb de Pep Duran Esteva a Can Framis\"}]},{\"@type\":\"WebSite\",\"@id\":\"https:\\\/\\\/poblenouurbandistrict.com\\\/ca\\\/#website\",\"url\":\"https:\\\/\\\/poblenouurbandistrict.com\\\/ca\\\/\",\"name\":\"Poblenou Urban District\",\"description\":\"Comunitat Creativa\",\"potentialAction\":[{\"@type\":\"SearchAction\",\"target\":{\"@type\":\"EntryPoint\",\"urlTemplate\":\"https:\\\/\\\/poblenouurbandistrict.com\\\/ca\\\/?s={search_term_string}\"},\"query-input\":{\"@type\":\"PropertyValueSpecification\",\"valueRequired\":true,\"valueName\":\"search_term_string\"}}],\"inLanguage\":\"ca\"},{\"@type\":\"Person\",\"@id\":\"https:\\\/\\\/poblenouurbandistrict.com\\\/#\\\/schema\\\/person\\\/980a2cf34b399d5218205730acd54a7e\",\"name\":\"pnud\",\"image\":{\"@type\":\"ImageObject\",\"inLanguage\":\"ca\",\"@id\":\"https:\\\/\\\/secure.gravatar.com\\\/avatar\\\/67146597b405ee077a24e519f75c3e2031736596d6ce35af3a34c122c93d0d7b?s=96&d=retro&r=g\",\"url\":\"https:\\\/\\\/secure.gravatar.com\\\/avatar\\\/67146597b405ee077a24e519f75c3e2031736596d6ce35af3a34c122c93d0d7b?s=96&d=retro&r=g\",\"contentUrl\":\"https:\\\/\\\/secure.gravatar.com\\\/avatar\\\/67146597b405ee077a24e519f75c3e2031736596d6ce35af3a34c122c93d0d7b?s=96&d=retro&r=g\",\"caption\":\"pnud\"}}]}<\/script>\n<!-- \/ Yoast SEO plugin. -->","yoast_head_json":{"title":"\u00daltims dies de \"Papers d'ombra\" de Pep Duran Esteva a Can Framis &#8211; Poblenou Urban District","robots":{"index":"index","follow":"follow","max-snippet":"max-snippet:-1","max-image-preview":"max-image-preview:large","max-video-preview":"max-video-preview:-1"},"canonical":"https:\/\/poblenouurbandistrict.com\/ca\/ultimo-dies-de-papers-dombra-de-pep-duran-esteva-a-can-framis\/","og_locale":"ca_ES","og_type":"article","og_title":"\u00daltims dies de \"Papers d'ombra\" de Pep Duran Esteva a Can Framis &#8211; Poblenou Urban District","og_description":"Fins al 26 de maig pots visitar \u201cPapers d\u2019ombra\u201d de Pep Duran Esteva a Can Framis. Aquest projecte expositiu recull... M\u00e9s \u2192","og_url":"https:\/\/poblenouurbandistrict.com\/ca\/ultimo-dies-de-papers-dombra-de-pep-duran-esteva-a-can-framis\/","og_site_name":"Poblenou Urban District","article_published_time":"2024-05-23T10:57:12+00:00","article_modified_time":"2024-05-23T11:01:02+00:00","og_image":[{"width":1400,"height":942,"url":"https:\/\/poblenouurbandistrict.com\/wp-content\/uploads\/2024\/05\/28-1400x2100-1.jpg","type":"image\/jpeg"}],"author":"pnud","twitter_card":"summary_large_image","twitter_misc":{"Escrit per":"pnud","Temps estimat de lectura":"2 minuts"},"schema":{"@context":"https:\/\/schema.org","@graph":[{"@type":"Article","@id":"https:\/\/poblenouurbandistrict.com\/ultimo-dies-de-papers-dombra-de-pep-duran-esteva-a-can-framis\/#article","isPartOf":{"@id":"https:\/\/poblenouurbandistrict.com\/ultimo-dies-de-papers-dombra-de-pep-duran-esteva-a-can-framis\/"},"author":{"name":"pnud","@id":"https:\/\/poblenouurbandistrict.com\/#\/schema\/person\/980a2cf34b399d5218205730acd54a7e"},"headline":"\u00daltims dies de &#8220;Papers d&#8217;ombra&#8221; de Pep Duran Esteva a Can Framis","datePublished":"2024-05-23T10:57:12+00:00","dateModified":"2024-05-23T11:01:02+00:00","mainEntityOfPage":{"@id":"https:\/\/poblenouurbandistrict.com\/ultimo-dies-de-papers-dombra-de-pep-duran-esteva-a-can-framis\/"},"wordCount":478,"image":{"@id":"https:\/\/poblenouurbandistrict.com\/ultimo-dies-de-papers-dombra-de-pep-duran-esteva-a-can-framis\/#primaryimage"},"thumbnailUrl":"https:\/\/media.poblenouurbandistrict.com\/2024\/05\/25073653\/28-1400x2100-1.jpg","articleSection":["Art"],"inLanguage":"ca"},{"@type":"WebPage","@id":"https:\/\/poblenouurbandistrict.com\/ca\/ultimo-dies-de-papers-dombra-de-pep-duran-esteva-a-can-framis\/","url":"https:\/\/poblenouurbandistrict.com\/ca\/ultimo-dies-de-papers-dombra-de-pep-duran-esteva-a-can-framis\/","name":"\u00daltims dies de \"Papers d'ombra\" de Pep Duran Esteva a Can Framis &#8211; Poblenou Urban District","isPartOf":{"@id":"https:\/\/poblenouurbandistrict.com\/ca\/#website"},"primaryImageOfPage":{"@id":"https:\/\/poblenouurbandistrict.com\/ca\/ultimo-dies-de-papers-dombra-de-pep-duran-esteva-a-can-framis\/#primaryimage"},"image":{"@id":"https:\/\/poblenouurbandistrict.com\/ultimo-dies-de-papers-dombra-de-pep-duran-esteva-a-can-framis\/#primaryimage"},"thumbnailUrl":"https:\/\/media.poblenouurbandistrict.com\/2024\/05\/25073653\/28-1400x2100-1.jpg","datePublished":"2024-05-23T10:57:12+00:00","dateModified":"2024-05-23T11:01:02+00:00","author":{"@id":"https:\/\/poblenouurbandistrict.com\/#\/schema\/person\/980a2cf34b399d5218205730acd54a7e"},"breadcrumb":{"@id":"https:\/\/poblenouurbandistrict.com\/ca\/ultimo-dies-de-papers-dombra-de-pep-duran-esteva-a-can-framis\/#breadcrumb"},"inLanguage":"ca","potentialAction":[{"@type":"ReadAction","target":[["https:\/\/poblenouurbandistrict.com\/ca\/ultimo-dies-de-papers-dombra-de-pep-duran-esteva-a-can-framis\/"]]}]},{"@type":"ImageObject","inLanguage":"ca","@id":"https:\/\/poblenouurbandistrict.com\/ca\/ultimo-dies-de-papers-dombra-de-pep-duran-esteva-a-can-framis\/#primaryimage","url":"https:\/\/media.poblenouurbandistrict.com\/2024\/05\/25073653\/28-1400x2100-1.jpg","contentUrl":"https:\/\/media.poblenouurbandistrict.com\/2024\/05\/25073653\/28-1400x2100-1.jpg","width":1400,"height":942},{"@type":"BreadcrumbList","@id":"https:\/\/poblenouurbandistrict.com\/ca\/ultimo-dies-de-papers-dombra-de-pep-duran-esteva-a-can-framis\/#breadcrumb","itemListElement":[{"@type":"ListItem","position":1,"name":"Home","item":"https:\/\/poblenouurbandistrict.com\/ca\/"},{"@type":"ListItem","position":2,"name":"\u00daltimos d\u00edas de \u00abPapers d&#8217;ombra\u00bb de Pep Duran Esteva a Can Framis"}]},{"@type":"WebSite","@id":"https:\/\/poblenouurbandistrict.com\/ca\/#website","url":"https:\/\/poblenouurbandistrict.com\/ca\/","name":"Poblenou Urban District","description":"Comunitat Creativa","potentialAction":[{"@type":"SearchAction","target":{"@type":"EntryPoint","urlTemplate":"https:\/\/poblenouurbandistrict.com\/ca\/?s={search_term_string}"},"query-input":{"@type":"PropertyValueSpecification","valueRequired":true,"valueName":"search_term_string"}}],"inLanguage":"ca"},{"@type":"Person","@id":"https:\/\/poblenouurbandistrict.com\/#\/schema\/person\/980a2cf34b399d5218205730acd54a7e","name":"pnud","image":{"@type":"ImageObject","inLanguage":"ca","@id":"https:\/\/secure.gravatar.com\/avatar\/67146597b405ee077a24e519f75c3e2031736596d6ce35af3a34c122c93d0d7b?s=96&d=retro&r=g","url":"https:\/\/secure.gravatar.com\/avatar\/67146597b405ee077a24e519f75c3e2031736596d6ce35af3a34c122c93d0d7b?s=96&d=retro&r=g","contentUrl":"https:\/\/secure.gravatar.com\/avatar\/67146597b405ee077a24e519f75c3e2031736596d6ce35af3a34c122c93d0d7b?s=96&d=retro&r=g","caption":"pnud"}}]}},"_links":{"self":[{"href":"https:\/\/poblenouurbandistrict.com\/ca\/wp-json\/wp\/v2\/posts\/46004","targetHints":{"allow":["GET"]}}],"collection":[{"href":"https:\/\/poblenouurbandistrict.com\/ca\/wp-json\/wp\/v2\/posts"}],"about":[{"href":"https:\/\/poblenouurbandistrict.com\/ca\/wp-json\/wp\/v2\/types\/post"}],"author":[{"embeddable":true,"href":"https:\/\/poblenouurbandistrict.com\/ca\/wp-json\/wp\/v2\/users\/5"}],"replies":[{"embeddable":true,"href":"https:\/\/poblenouurbandistrict.com\/ca\/wp-json\/wp\/v2\/comments?post=46004"}],"version-history":[{"count":4,"href":"https:\/\/poblenouurbandistrict.com\/ca\/wp-json\/wp\/v2\/posts\/46004\/revisions"}],"predecessor-version":[{"id":46012,"href":"https:\/\/poblenouurbandistrict.com\/ca\/wp-json\/wp\/v2\/posts\/46004\/revisions\/46012"}],"wp:featuredmedia":[{"embeddable":true,"href":"https:\/\/poblenouurbandistrict.com\/ca\/wp-json\/wp\/v2\/media\/46010"}],"wp:attachment":[{"href":"https:\/\/poblenouurbandistrict.com\/ca\/wp-json\/wp\/v2\/media?parent=46004"}],"wp:term":[{"taxonomy":"category","embeddable":true,"href":"https:\/\/poblenouurbandistrict.com\/ca\/wp-json\/wp\/v2\/categories?post=46004"},{"taxonomy":"post_tag","embeddable":true,"href":"https:\/\/poblenouurbandistrict.com\/ca\/wp-json\/wp\/v2\/tags?post=46004"}],"curies":[{"name":"wp","href":"https:\/\/api.w.org\/{rel}","templated":true}]}}