{"id":46346,"date":"2024-06-20T16:43:53","date_gmt":"2024-06-20T14:43:53","guid":{"rendered":"https:\/\/poblenouurbandistrict.com\/?p=46346"},"modified":"2024-06-21T17:19:24","modified_gmt":"2024-06-21T15:19:24","slug":"els-dissenys-dartec-guanyen-tres-premis-delta-de-adi-fad","status":"publish","type":"post","link":"https:\/\/poblenouurbandistrict.com\/ca\/els-dissenys-dartec-guanyen-tres-premis-delta-de-adi-fad\/","title":{"rendered":"Els dissenys d\u2019Artec guanyen tres Premis Delta de ADI-FAD"},"content":{"rendered":"<p><strong>Artec\u00a0Studio<\/strong>\u00a0celebra una fita important en l&#8217;\u00e0mbit del disseny industrial i la cultura del disseny, en rebre tres <strong>Premis\u00a0ADI\u00a02024<\/strong> per les seves innovadores creacions. La llumin\u00e0ria Buio, creada per Maurici Gin\u00e9s per a la signatura Davide Groppi, ha estat guardonada amb el Delta de Plata. D&#8217;altra banda, el sistema d&#8217;il\u00b7luminaci\u00f3 Libera de iGuzzini i el llum Nuit, tamb\u00e9 de Davide Groppi, han obtingut el Delta de Bronze.<\/p>\n<p>Revelats el passat 13 de juny en una cerim\u00f2nia en el Disseny Hub Barcelona, els Premis Delta, organitzats per l&#8217;Associaci\u00f3 del Disseny Industrial ADI-FAD, s\u00f3n un dels m\u00e9s prestigiosos guardons en l&#8217;\u00e0mbit del disseny industrial. Aquests premis reconeixen la innovaci\u00f3, funcionalitat i sostenibilitat dels productes, sent un referent per a l&#8217;excel\u00b7l\u00e8ncia en el disseny.<\/p>\n<p><strong>Buio, Premi Delta de Plata: La foscor que il\u00b7lumina<\/strong><\/p>\n<p>El jurat dels Premis Delta ha atorgat el Premi Delta de Plata en la categoria \u201cEquipament exterior\u201d a la llumin\u00e0ria\u00a0Buio, un disseny de\u00a0Artec\u00a0Studio\u00a0creat per\u00a0Maurici\u00a0Gin\u00e9s per a la prestigiosa signatura italiana\u00a0Davide\u00a0Groppi.<\/p>\n<p><strong>Libera Premi Delta de Bronze: Redefinint la il\u00b7luminaci\u00f3 lineal<\/strong><\/p>\n<p>Libera, disseny de Artec Studio per a l&#8217;emblem\u00e0tica marca iGuzzini, ha rebut el Premi Delta de Bronze. Aquest innovador sistema d&#8217;il\u00b7luminaci\u00f3 modular i escalable redefineix la categoria d&#8217;il\u00b7luminaci\u00f3 lineal. La seva avan\u00e7ada tecnologia i el seu innovador disseny permeten la seva adaptaci\u00f3 a m\u00faltiples entorns per a crear composicions adaptables a trav\u00e9s de gr\u00e0fics de llum flexibles i escenogr\u00e0fics.<\/p>\n<p>Libera suma aquest Delta de Bronze a la seva llarga llista de reconeixements, entre els quals destaquen: el Red Dot 2024 \u201cBest of the Best Award\u201d, el IF Design Award 2024 i el Leds Magazine 2024 BrightStar Award.<\/p>\n<p><strong>Nuit, Premi Delta de Bronze: Un far en la nit<\/strong><\/p>\n<p>Nuit\u00a0\u00e9s un petit far de disseny que s&#8217;erigeix com a company en la nit. La seva t\u00e8nue llum guia el nostre cam\u00ed, tant en exterior com en interior, creant un equilibri en l&#8217;espai nocturn. Un llum de paret que no enlluerna i ofereix calma, fins i tot apagada.<\/p>\n<p>Els 170 productes seleccionats i guanyadors podran veure&#8217;s en l&#8217;exposici\u00f3 &#8216;Premis ADI 2024. Disseny Industrial i Cultura del Disseny&#8217; en el Disseny Hub Barcelona fins al 25 d&#8217;agost de 2024.<\/p>\n<p>&nbsp;<\/p>\n<p>&nbsp;<\/p>","protected":false},"excerpt":{"rendered":"<p>Artec\u00a0Studio\u00a0celebra una fita important en l&#8217;\u00e0mbit del disseny industrial i la cultura del disseny, en rebre tres Premis\u00a0ADI\u00a02024 per les&#8230; <a href=\"https:\/\/poblenouurbandistrict.com\/ca\/els-dissenys-dartec-guanyen-tres-premis-delta-de-adi-fad\/\">M\u00e9s  \u2192<\/a><\/p>\n","protected":false},"author":5,"featured_media":46347,"comment_status":"closed","ping_status":"closed","sticky":false,"template":"","format":"standard","meta":{"_acf_changed":false,"footnotes":""},"categories":[3566,3501],"tags":[],"class_list":["post-46346","post","type-post","status-publish","format-standard","has-post-thumbnail","hentry","category-innovacion","category-disseny"],"acf":[],"yoast_head":"<!-- This site is optimized with the Yoast SEO plugin v27.5 - https:\/\/yoast.com\/product\/yoast-seo-wordpress\/ -->\n<title>Els dissenys d\u2019Artec guanyen tres Premis Delta de ADI-FAD &#8211; Poblenou Urban District<\/title>\n<meta name=\"robots\" content=\"index, follow, max-snippet:-1, max-image-preview:large, max-video-preview:-1\" \/>\n<link rel=\"canonical\" href=\"https:\/\/poblenouurbandistrict.com\/ca\/els-dissenys-dartec-guanyen-tres-premis-delta-de-adi-fad\/\" \/>\n<meta property=\"og:locale\" content=\"ca_ES\" \/>\n<meta property=\"og:type\" content=\"article\" \/>\n<meta property=\"og:title\" content=\"Els dissenys d\u2019Artec guanyen tres Premis Delta de ADI-FAD &#8211; Poblenou Urban District\" \/>\n<meta property=\"og:description\" content=\"Artec\u00a0Studio\u00a0celebra una fita important en l&#8217;\u00e0mbit del disseny industrial i la cultura del disseny, en rebre tres Premis\u00a0ADI\u00a02024 per les... M\u00e9s \u2192\" \/>\n<meta property=\"og:url\" content=\"https:\/\/poblenouurbandistrict.com\/ca\/els-dissenys-dartec-guanyen-tres-premis-delta-de-adi-fad\/\" \/>\n<meta property=\"og:site_name\" content=\"Poblenou Urban District\" \/>\n<meta property=\"article:published_time\" content=\"2024-06-20T14:43:53+00:00\" \/>\n<meta property=\"article:modified_time\" content=\"2024-06-21T15:19:24+00:00\" \/>\n<meta property=\"og:image\" content=\"https:\/\/poblenouurbandistrict.com\/wp-content\/uploads\/2024\/06\/nuit-01-min.jpeg\" \/>\n\t<meta property=\"og:image:width\" content=\"2000\" \/>\n\t<meta property=\"og:image:height\" content=\"1333\" \/>\n\t<meta property=\"og:image:type\" content=\"image\/jpeg\" \/>\n<meta name=\"author\" content=\"pnud\" \/>\n<meta name=\"twitter:card\" content=\"summary_large_image\" \/>\n<meta name=\"twitter:label1\" content=\"Escrit per\" \/>\n\t<meta name=\"twitter:data1\" content=\"pnud\" \/>\n\t<meta name=\"twitter:label2\" content=\"Temps estimat de lectura\" \/>\n\t<meta name=\"twitter:data2\" content=\"3 minuts\" \/>\n<script type=\"application\/ld+json\" class=\"yoast-schema-graph\">{\"@context\":\"https:\\\/\\\/schema.org\",\"@graph\":[{\"@type\":\"Article\",\"@id\":\"https:\\\/\\\/poblenouurbandistrict.com\\\/els-dissenys-dartec-guanyen-tres-premis-delta-de-adi-fad\\\/#article\",\"isPartOf\":{\"@id\":\"https:\\\/\\\/poblenouurbandistrict.com\\\/els-dissenys-dartec-guanyen-tres-premis-delta-de-adi-fad\\\/\"},\"author\":{\"name\":\"pnud\",\"@id\":\"https:\\\/\\\/poblenouurbandistrict.com\\\/#\\\/schema\\\/person\\\/980a2cf34b399d5218205730acd54a7e\"},\"headline\":\"Els dissenys d\u2019Artec guanyen tres Premis Delta de ADI-FAD\",\"datePublished\":\"2024-06-20T14:43:53+00:00\",\"dateModified\":\"2024-06-21T15:19:24+00:00\",\"mainEntityOfPage\":{\"@id\":\"https:\\\/\\\/poblenouurbandistrict.com\\\/els-dissenys-dartec-guanyen-tres-premis-delta-de-adi-fad\\\/\"},\"wordCount\":815,\"image\":{\"@id\":\"https:\\\/\\\/poblenouurbandistrict.com\\\/els-dissenys-dartec-guanyen-tres-premis-delta-de-adi-fad\\\/#primaryimage\"},\"thumbnailUrl\":\"https:\\\/\\\/media.poblenouurbandistrict.com\\\/2024\\\/06\\\/25074345\\\/nuit-01-min.jpeg\",\"articleSection\":[\"Innovaci\u00f3\",\"Disseny\"],\"inLanguage\":\"ca\"},{\"@type\":\"WebPage\",\"@id\":\"https:\\\/\\\/poblenouurbandistrict.com\\\/ca\\\/els-dissenys-dartec-guanyen-tres-premis-delta-de-adi-fad\\\/\",\"url\":\"https:\\\/\\\/poblenouurbandistrict.com\\\/ca\\\/els-dissenys-dartec-guanyen-tres-premis-delta-de-adi-fad\\\/\",\"name\":\"Els dissenys d\u2019Artec guanyen tres Premis Delta de ADI-FAD &#8211; Poblenou Urban District\",\"isPartOf\":{\"@id\":\"https:\\\/\\\/poblenouurbandistrict.com\\\/ca\\\/#website\"},\"primaryImageOfPage\":{\"@id\":\"https:\\\/\\\/poblenouurbandistrict.com\\\/ca\\\/els-dissenys-dartec-guanyen-tres-premis-delta-de-adi-fad\\\/#primaryimage\"},\"image\":{\"@id\":\"https:\\\/\\\/poblenouurbandistrict.com\\\/els-dissenys-dartec-guanyen-tres-premis-delta-de-adi-fad\\\/#primaryimage\"},\"thumbnailUrl\":\"https:\\\/\\\/media.poblenouurbandistrict.com\\\/2024\\\/06\\\/25074345\\\/nuit-01-min.jpeg\",\"datePublished\":\"2024-06-20T14:43:53+00:00\",\"dateModified\":\"2024-06-21T15:19:24+00:00\",\"author\":{\"@id\":\"https:\\\/\\\/poblenouurbandistrict.com\\\/#\\\/schema\\\/person\\\/980a2cf34b399d5218205730acd54a7e\"},\"breadcrumb\":{\"@id\":\"https:\\\/\\\/poblenouurbandistrict.com\\\/ca\\\/els-dissenys-dartec-guanyen-tres-premis-delta-de-adi-fad\\\/#breadcrumb\"},\"inLanguage\":\"ca\",\"potentialAction\":[{\"@type\":\"ReadAction\",\"target\":[[\"https:\\\/\\\/poblenouurbandistrict.com\\\/ca\\\/els-dissenys-dartec-guanyen-tres-premis-delta-de-adi-fad\\\/\"]]}]},{\"@type\":\"ImageObject\",\"inLanguage\":\"ca\",\"@id\":\"https:\\\/\\\/poblenouurbandistrict.com\\\/ca\\\/els-dissenys-dartec-guanyen-tres-premis-delta-de-adi-fad\\\/#primaryimage\",\"url\":\"https:\\\/\\\/media.poblenouurbandistrict.com\\\/2024\\\/06\\\/25074345\\\/nuit-01-min.jpeg\",\"contentUrl\":\"https:\\\/\\\/media.poblenouurbandistrict.com\\\/2024\\\/06\\\/25074345\\\/nuit-01-min.jpeg\",\"width\":2000,\"height\":1333},{\"@type\":\"BreadcrumbList\",\"@id\":\"https:\\\/\\\/poblenouurbandistrict.com\\\/ca\\\/els-dissenys-dartec-guanyen-tres-premis-delta-de-adi-fad\\\/#breadcrumb\",\"itemListElement\":[{\"@type\":\"ListItem\",\"position\":1,\"name\":\"Home\",\"item\":\"https:\\\/\\\/poblenouurbandistrict.com\\\/ca\\\/\"},{\"@type\":\"ListItem\",\"position\":2,\"name\":\"Els dissenys d\u2019Artec guanyen tres Premis Delta de ADI-FAD\"}]},{\"@type\":\"WebSite\",\"@id\":\"https:\\\/\\\/poblenouurbandistrict.com\\\/ca\\\/#website\",\"url\":\"https:\\\/\\\/poblenouurbandistrict.com\\\/ca\\\/\",\"name\":\"Poblenou Urban District\",\"description\":\"Comunitat Creativa\",\"potentialAction\":[{\"@type\":\"SearchAction\",\"target\":{\"@type\":\"EntryPoint\",\"urlTemplate\":\"https:\\\/\\\/poblenouurbandistrict.com\\\/ca\\\/?s={search_term_string}\"},\"query-input\":{\"@type\":\"PropertyValueSpecification\",\"valueRequired\":true,\"valueName\":\"search_term_string\"}}],\"inLanguage\":\"ca\"},{\"@type\":\"Person\",\"@id\":\"https:\\\/\\\/poblenouurbandistrict.com\\\/#\\\/schema\\\/person\\\/980a2cf34b399d5218205730acd54a7e\",\"name\":\"pnud\",\"image\":{\"@type\":\"ImageObject\",\"inLanguage\":\"ca\",\"@id\":\"https:\\\/\\\/secure.gravatar.com\\\/avatar\\\/67146597b405ee077a24e519f75c3e2031736596d6ce35af3a34c122c93d0d7b?s=96&d=retro&r=g\",\"url\":\"https:\\\/\\\/secure.gravatar.com\\\/avatar\\\/67146597b405ee077a24e519f75c3e2031736596d6ce35af3a34c122c93d0d7b?s=96&d=retro&r=g\",\"contentUrl\":\"https:\\\/\\\/secure.gravatar.com\\\/avatar\\\/67146597b405ee077a24e519f75c3e2031736596d6ce35af3a34c122c93d0d7b?s=96&d=retro&r=g\",\"caption\":\"pnud\"}}]}<\/script>\n<!-- \/ Yoast SEO plugin. -->","yoast_head_json":{"title":"Els dissenys d\u2019Artec guanyen tres Premis Delta de ADI-FAD &#8211; Poblenou Urban District","robots":{"index":"index","follow":"follow","max-snippet":"max-snippet:-1","max-image-preview":"max-image-preview:large","max-video-preview":"max-video-preview:-1"},"canonical":"https:\/\/poblenouurbandistrict.com\/ca\/els-dissenys-dartec-guanyen-tres-premis-delta-de-adi-fad\/","og_locale":"ca_ES","og_type":"article","og_title":"Els dissenys d\u2019Artec guanyen tres Premis Delta de ADI-FAD &#8211; Poblenou Urban District","og_description":"Artec\u00a0Studio\u00a0celebra una fita important en l&#8217;\u00e0mbit del disseny industrial i la cultura del disseny, en rebre tres Premis\u00a0ADI\u00a02024 per les... M\u00e9s \u2192","og_url":"https:\/\/poblenouurbandistrict.com\/ca\/els-dissenys-dartec-guanyen-tres-premis-delta-de-adi-fad\/","og_site_name":"Poblenou Urban District","article_published_time":"2024-06-20T14:43:53+00:00","article_modified_time":"2024-06-21T15:19:24+00:00","og_image":[{"width":2000,"height":1333,"url":"https:\/\/poblenouurbandistrict.com\/wp-content\/uploads\/2024\/06\/nuit-01-min.jpeg","type":"image\/jpeg"}],"author":"pnud","twitter_card":"summary_large_image","twitter_misc":{"Escrit per":"pnud","Temps estimat de lectura":"3 minuts"},"schema":{"@context":"https:\/\/schema.org","@graph":[{"@type":"Article","@id":"https:\/\/poblenouurbandistrict.com\/els-dissenys-dartec-guanyen-tres-premis-delta-de-adi-fad\/#article","isPartOf":{"@id":"https:\/\/poblenouurbandistrict.com\/els-dissenys-dartec-guanyen-tres-premis-delta-de-adi-fad\/"},"author":{"name":"pnud","@id":"https:\/\/poblenouurbandistrict.com\/#\/schema\/person\/980a2cf34b399d5218205730acd54a7e"},"headline":"Els dissenys d\u2019Artec guanyen tres Premis Delta de ADI-FAD","datePublished":"2024-06-20T14:43:53+00:00","dateModified":"2024-06-21T15:19:24+00:00","mainEntityOfPage":{"@id":"https:\/\/poblenouurbandistrict.com\/els-dissenys-dartec-guanyen-tres-premis-delta-de-adi-fad\/"},"wordCount":815,"image":{"@id":"https:\/\/poblenouurbandistrict.com\/els-dissenys-dartec-guanyen-tres-premis-delta-de-adi-fad\/#primaryimage"},"thumbnailUrl":"https:\/\/media.poblenouurbandistrict.com\/2024\/06\/25074345\/nuit-01-min.jpeg","articleSection":["Innovaci\u00f3","Disseny"],"inLanguage":"ca"},{"@type":"WebPage","@id":"https:\/\/poblenouurbandistrict.com\/ca\/els-dissenys-dartec-guanyen-tres-premis-delta-de-adi-fad\/","url":"https:\/\/poblenouurbandistrict.com\/ca\/els-dissenys-dartec-guanyen-tres-premis-delta-de-adi-fad\/","name":"Els dissenys d\u2019Artec guanyen tres Premis Delta de ADI-FAD &#8211; Poblenou Urban District","isPartOf":{"@id":"https:\/\/poblenouurbandistrict.com\/ca\/#website"},"primaryImageOfPage":{"@id":"https:\/\/poblenouurbandistrict.com\/ca\/els-dissenys-dartec-guanyen-tres-premis-delta-de-adi-fad\/#primaryimage"},"image":{"@id":"https:\/\/poblenouurbandistrict.com\/els-dissenys-dartec-guanyen-tres-premis-delta-de-adi-fad\/#primaryimage"},"thumbnailUrl":"https:\/\/media.poblenouurbandistrict.com\/2024\/06\/25074345\/nuit-01-min.jpeg","datePublished":"2024-06-20T14:43:53+00:00","dateModified":"2024-06-21T15:19:24+00:00","author":{"@id":"https:\/\/poblenouurbandistrict.com\/#\/schema\/person\/980a2cf34b399d5218205730acd54a7e"},"breadcrumb":{"@id":"https:\/\/poblenouurbandistrict.com\/ca\/els-dissenys-dartec-guanyen-tres-premis-delta-de-adi-fad\/#breadcrumb"},"inLanguage":"ca","potentialAction":[{"@type":"ReadAction","target":[["https:\/\/poblenouurbandistrict.com\/ca\/els-dissenys-dartec-guanyen-tres-premis-delta-de-adi-fad\/"]]}]},{"@type":"ImageObject","inLanguage":"ca","@id":"https:\/\/poblenouurbandistrict.com\/ca\/els-dissenys-dartec-guanyen-tres-premis-delta-de-adi-fad\/#primaryimage","url":"https:\/\/media.poblenouurbandistrict.com\/2024\/06\/25074345\/nuit-01-min.jpeg","contentUrl":"https:\/\/media.poblenouurbandistrict.com\/2024\/06\/25074345\/nuit-01-min.jpeg","width":2000,"height":1333},{"@type":"BreadcrumbList","@id":"https:\/\/poblenouurbandistrict.com\/ca\/els-dissenys-dartec-guanyen-tres-premis-delta-de-adi-fad\/#breadcrumb","itemListElement":[{"@type":"ListItem","position":1,"name":"Home","item":"https:\/\/poblenouurbandistrict.com\/ca\/"},{"@type":"ListItem","position":2,"name":"Els dissenys d\u2019Artec guanyen tres Premis Delta de ADI-FAD"}]},{"@type":"WebSite","@id":"https:\/\/poblenouurbandistrict.com\/ca\/#website","url":"https:\/\/poblenouurbandistrict.com\/ca\/","name":"Poblenou Urban District","description":"Comunitat Creativa","potentialAction":[{"@type":"SearchAction","target":{"@type":"EntryPoint","urlTemplate":"https:\/\/poblenouurbandistrict.com\/ca\/?s={search_term_string}"},"query-input":{"@type":"PropertyValueSpecification","valueRequired":true,"valueName":"search_term_string"}}],"inLanguage":"ca"},{"@type":"Person","@id":"https:\/\/poblenouurbandistrict.com\/#\/schema\/person\/980a2cf34b399d5218205730acd54a7e","name":"pnud","image":{"@type":"ImageObject","inLanguage":"ca","@id":"https:\/\/secure.gravatar.com\/avatar\/67146597b405ee077a24e519f75c3e2031736596d6ce35af3a34c122c93d0d7b?s=96&d=retro&r=g","url":"https:\/\/secure.gravatar.com\/avatar\/67146597b405ee077a24e519f75c3e2031736596d6ce35af3a34c122c93d0d7b?s=96&d=retro&r=g","contentUrl":"https:\/\/secure.gravatar.com\/avatar\/67146597b405ee077a24e519f75c3e2031736596d6ce35af3a34c122c93d0d7b?s=96&d=retro&r=g","caption":"pnud"}}]}},"_links":{"self":[{"href":"https:\/\/poblenouurbandistrict.com\/ca\/wp-json\/wp\/v2\/posts\/46346","targetHints":{"allow":["GET"]}}],"collection":[{"href":"https:\/\/poblenouurbandistrict.com\/ca\/wp-json\/wp\/v2\/posts"}],"about":[{"href":"https:\/\/poblenouurbandistrict.com\/ca\/wp-json\/wp\/v2\/types\/post"}],"author":[{"embeddable":true,"href":"https:\/\/poblenouurbandistrict.com\/ca\/wp-json\/wp\/v2\/users\/5"}],"replies":[{"embeddable":true,"href":"https:\/\/poblenouurbandistrict.com\/ca\/wp-json\/wp\/v2\/comments?post=46346"}],"version-history":[{"count":2,"href":"https:\/\/poblenouurbandistrict.com\/ca\/wp-json\/wp\/v2\/posts\/46346\/revisions"}],"predecessor-version":[{"id":46366,"href":"https:\/\/poblenouurbandistrict.com\/ca\/wp-json\/wp\/v2\/posts\/46346\/revisions\/46366"}],"wp:featuredmedia":[{"embeddable":true,"href":"https:\/\/poblenouurbandistrict.com\/ca\/wp-json\/wp\/v2\/media\/46347"}],"wp:attachment":[{"href":"https:\/\/poblenouurbandistrict.com\/ca\/wp-json\/wp\/v2\/media?parent=46346"}],"wp:term":[{"taxonomy":"category","embeddable":true,"href":"https:\/\/poblenouurbandistrict.com\/ca\/wp-json\/wp\/v2\/categories?post=46346"},{"taxonomy":"post_tag","embeddable":true,"href":"https:\/\/poblenouurbandistrict.com\/ca\/wp-json\/wp\/v2\/tags?post=46346"}],"curies":[{"name":"wp","href":"https:\/\/api.w.org\/{rel}","templated":true}]}}