{"id":46378,"date":"2024-06-27T17:32:04","date_gmt":"2024-06-27T15:32:04","guid":{"rendered":"https:\/\/poblenouurbandistrict.com\/?p=46378"},"modified":"2024-07-11T17:12:38","modified_gmt":"2024-07-11T15:12:38","slug":"poblenou-urban-district-i-festival-cruilla-suneixen-per-a-crear-una-programacio-artistica-en-el-marc-del-festival","status":"publish","type":"post","link":"https:\/\/poblenouurbandistrict.com\/ca\/poblenou-urban-district-i-festival-cruilla-suneixen-per-a-crear-una-programacio-artistica-en-el-marc-del-festival\/","title":{"rendered":"Poblenou Urban District presenta la seva proposta artistica al Festival Cru\u00eflla"},"content":{"rendered":"<p><strong>Poblenou Urban District<\/strong> ha estat convidat pel <strong>Festival Cru\u00eflla<\/strong> a portar la curadoria de la programaci\u00f3 d\u2019art urb\u00e0 multidisciplinar en el marc del festival.<\/p>\n<p>La proposta de <strong>Poblenou Urban District<\/strong> per al <strong>Festival Cru\u00eflla 2024<\/strong> vol promoure una selecci\u00f3 d\u2019artistes que han format part de diverses edicions del WAC (Windows Art Circuit), i aix\u00ed acostar la creaci\u00f3 art\u00edstica multidisciplinaria al p\u00fablic del festival.<\/p>\n<p>Una desena d\u2019artistes de diferents disciplines intervindran durant l\u2019esdeveniment. Des de l\u2019inici de <strong>Poblenou Urban District<\/strong> l\u2019associaci\u00f3 ha contribu\u00eft a impulsar i consolidar el teixit creatiu i cultural del territori, tenint un gran impacte en el desenvolupament econ\u00f2mic, social i cultural del Districte i de la Ciutat.<\/p>\n<p>El <strong>Festival Cru\u00eflla 2024<\/strong> que se celebrar\u00e0 del 10 al 13 de juliol al Parc del F\u00f2rum, vol ser un any m\u00e9s un punt de trobada de cultura i art a la ciutat de Barcelona, per aix\u00f2, a part de la seva variada oferta musical i de com\u00e8dia, ha preparat una programaci\u00f3 art\u00edstica multidisciplin\u00e0ria amb la voluntat de ser una mostra de la creativitat de la ciutat de Barcelona.<\/p>\n<p>En el marc de la programaci\u00f3 art\u00edstica del <strong>Festival Cru\u00eflla 2024<\/strong>, <strong>Poblenou Urban District<\/strong> ha presentat una selecci\u00f3 de 10 artistes que tenen una llarga traject\u00f2ria al Districte Creatiu. Des de l\u2019inici de <strong>Poblenou Urban District<\/strong>, l&#8217;associaci\u00f3 ha contribu\u00eft a impulsar i consolidar el teixit creatiu i cultural del territori, tenint un gran impacte en el desenvolupament econ\u00f2mic, social i cultural del Districte i de la Ciutat. Poblenou Urban District t\u00e9 ample recorregut com a promotora i comiss\u00e0ria d&#8217;artistes a trav\u00e9s de diferents plataformes, aix\u00ed com assessorament i gesti\u00f3 de projectes.<\/p>\n<p>El <strong>WAC (Windows Art Circuit)<\/strong>, organitzat anualment per <strong>Poblenou Urban District<\/strong> \u00e9s un circuit que permet al p\u00fablic experimentar en directe el proc\u00e9s complet de creaci\u00f3 multidisciplin\u00e0ria, un punt de trobada ineludible pels amants de l&#8217;art, en el que es pot experimentar en directe el treball dels artistes. Des dels seus inicis ha servit com a plataforma per a impulsar els artistes que any rere any participen en aquest circuit. La proposta de <strong>Poblenou Urban District<\/strong> per al <strong>Festival Cru\u00eflla 2024<\/strong> vol ser una mostra dels talents creatius del <strong>WAC (Windows Art Circuit)<\/strong>, i aix\u00ed acostar la creaci\u00f3 art\u00edstica multidisciplinaria al p\u00fablic del festival.<\/p>\n<p><strong>ESCULTURA<\/strong><\/p>\n<p><strong>Francisco de P\u00e1jaro &#8211; Art is Trash<\/strong>, crear\u00e0 diverses propostes escult\u00f2riques en directe, les seves propostes sempre transgressores i cr\u00edtiques apareixeran al recinte creades amb els residus generats al festival.<\/p>\n<p><strong>PERFORMANCE<\/strong><\/p>\n<p><strong>Nathalie Rey<\/strong> presentar\u00e0 una acci\u00f3 performativa en la qual l&#8217;artista es torna un objecte regit pel consumisme i l&#8217;espectacularitzaci\u00f3. Aquesta performance tamb\u00e9 anir\u00e0 juntament amb un proc\u00e9s escult\u00f2ric, la creaci\u00f3 del Castillo de la Princesa Coneja en forma de corral, que ser\u00e0 reutilitzat en les accions futures.<\/p>\n<p><strong>PROPOSTES MURALS<\/strong><\/p>\n<p><strong>| MEDIANERAS |<\/strong> presenten una proposta amb la qual volen jugar amb la profunditat i les dimensions, creant un mural tridimensional en forma de cub.<\/p>\n<p><strong>Aleix Font<\/strong> crear\u00e0 un mural amb els seus caracter\u00edstics jocs de textures i formes geom\u00e8triques i org\u00e0niques.<\/p>\n<p><strong>Domini<\/strong> portar\u00e0 una proposta de jocs \u00f2ptics amb llums i ombres que seran un est\u00edmul per als sentits de qui observa l&#8217;obra.<\/p>\n<p><strong>El Dios de los Tres<\/strong>, crear\u00e0 una explosi\u00f3 de colors, simbologia, multiculturalitat i iconografia pop.<\/p>\n<p><strong>Paste Up &#8211; Rockaxson<\/strong> intervindr\u00e0 en directe amb la t\u00e8cnica del paste up, una representaci\u00f3 del m\u00e9s pur art urb\u00e0.<\/p>\n<p><strong>Aphrodite<\/strong> crear\u00e0 en directe una de les seves composicions que presenten monumentals rostres femenins.<\/p>\n<p><strong>S\u00f2nia Toneu<\/strong> far\u00e0 un mural jugant amb l&#8217;abstracci\u00f3, que \u00e9s el centre del seu estudi art\u00edstic i t\u00e9 l&#8217;objectiu de crear realitats diferents a les quals percebem a simple vista.<\/p>\n<p>A m\u00e9s, el p\u00fablic podr\u00e0 ser part del proc\u00e9s creatiu d&#8217;un MACROC\u00d3MIC PARTICIPATIU. El duo d&#8217;artistes <strong>Asis Percales<\/strong> i <strong>Geco<\/strong>, crearan amb la participaci\u00f3 del p\u00fablic, un mural amb el seu caracter\u00edstic llenguatge colorista i urb\u00e0.<\/p>\n<p>El <strong>Festival Cru\u00eflla<\/strong> no \u00e9s nom\u00e9s un festival de m\u00fasica, sin\u00f3 un esdeveniment integral que reflecteix la creativitat, la col\u00b7laboraci\u00f3 i el comprom\u00eds de Barcelona amb un futur m\u00e9s sostenible i conscient. El <strong>Festival Cru\u00eflla<\/strong> vol ser una xarxa de sinergies, un agent cohesionador i articulador dels representants culturals de la ciutat per fer-la m\u00e9s &#8220;inclusiu, sostenible, innovador i col\u00b7laboratiu&#8221;, valors i objectius que des de <strong>Poblenou Urban District<\/strong> compartim i s\u00f3n el full de ruta del nostre treball com a <strong>Associaci\u00f3<\/strong>.<\/p>","protected":false},"excerpt":{"rendered":"<p>Poblenou Urban District ha estat convidat pel Festival Cru\u00eflla a portar la curadoria de la programaci\u00f3 d\u2019art urb\u00e0 multidisciplinar en&#8230; <a href=\"https:\/\/poblenouurbandistrict.com\/ca\/poblenou-urban-district-i-festival-cruilla-suneixen-per-a-crear-una-programacio-artistica-en-el-marc-del-festival\/\">M\u00e9s  \u2192<\/a><\/p>\n","protected":false},"author":5,"featured_media":46477,"comment_status":"closed","ping_status":"closed","sticky":false,"template":"","format":"standard","meta":{"_acf_changed":false,"footnotes":""},"categories":[3364,1,3342,3348],"tags":[],"class_list":["post-46378","post","type-post","status-publish","format-standard","has-post-thumbnail","hentry","category-poblenou-urban-district","category-noticias","category-art","category-musica"],"acf":[],"yoast_head":"<!-- This site is optimized with the Yoast SEO plugin v27.5 - https:\/\/yoast.com\/product\/yoast-seo-wordpress\/ -->\n<title>Poblenou Urban District presenta la seva proposta artistica al Festival Cru\u00eflla &#8211; Poblenou Urban District<\/title>\n<meta name=\"robots\" content=\"index, follow, max-snippet:-1, max-image-preview:large, max-video-preview:-1\" \/>\n<link rel=\"canonical\" href=\"https:\/\/poblenouurbandistrict.com\/ca\/poblenou-urban-district-i-festival-cruilla-suneixen-per-a-crear-una-programacio-artistica-en-el-marc-del-festival\/\" \/>\n<meta property=\"og:locale\" content=\"ca_ES\" \/>\n<meta property=\"og:type\" content=\"article\" \/>\n<meta property=\"og:title\" content=\"Poblenou Urban District presenta la seva proposta artistica al Festival Cru\u00eflla &#8211; Poblenou Urban District\" \/>\n<meta property=\"og:description\" content=\"Poblenou Urban District ha estat convidat pel Festival Cru\u00eflla a portar la curadoria de la programaci\u00f3 d\u2019art urb\u00e0 multidisciplinar en... M\u00e9s \u2192\" \/>\n<meta property=\"og:url\" content=\"https:\/\/poblenouurbandistrict.com\/ca\/poblenou-urban-district-i-festival-cruilla-suneixen-per-a-crear-una-programacio-artistica-en-el-marc-del-festival\/\" \/>\n<meta property=\"og:site_name\" content=\"Poblenou Urban District\" \/>\n<meta property=\"article:published_time\" content=\"2024-06-27T15:32:04+00:00\" \/>\n<meta property=\"article:modified_time\" content=\"2024-07-11T15:12:38+00:00\" \/>\n<meta property=\"og:image\" content=\"https:\/\/poblenouurbandistrict.com\/wp-content\/uploads\/2024\/06\/mono-cruilla-javi.jpg\" \/>\n\t<meta property=\"og:image:width\" content=\"2560\" \/>\n\t<meta property=\"og:image:height\" content=\"1536\" \/>\n\t<meta property=\"og:image:type\" content=\"image\/jpeg\" \/>\n<meta name=\"author\" content=\"pnud\" \/>\n<meta name=\"twitter:card\" content=\"summary_large_image\" \/>\n<meta name=\"twitter:label1\" content=\"Escrit per\" \/>\n\t<meta name=\"twitter:data1\" content=\"pnud\" \/>\n\t<meta name=\"twitter:label2\" content=\"Temps estimat de lectura\" \/>\n\t<meta name=\"twitter:data2\" content=\"5 minuts\" \/>\n<script type=\"application\/ld+json\" class=\"yoast-schema-graph\">{\"@context\":\"https:\\\/\\\/schema.org\",\"@graph\":[{\"@type\":\"Article\",\"@id\":\"https:\\\/\\\/poblenouurbandistrict.com\\\/poblenou-urban-district-i-festival-cruilla-suneixen-per-a-crear-una-programacio-artistica-en-el-marc-del-festival\\\/#article\",\"isPartOf\":{\"@id\":\"https:\\\/\\\/poblenouurbandistrict.com\\\/poblenou-urban-district-i-festival-cruilla-suneixen-per-a-crear-una-programacio-artistica-en-el-marc-del-festival\\\/\"},\"author\":{\"name\":\"pnud\",\"@id\":\"https:\\\/\\\/poblenouurbandistrict.com\\\/#\\\/schema\\\/person\\\/980a2cf34b399d5218205730acd54a7e\"},\"headline\":\"Poblenou Urban District presenta la seva proposta artistica al Festival Cru\u00eflla\",\"datePublished\":\"2024-06-27T15:32:04+00:00\",\"dateModified\":\"2024-07-11T15:12:38+00:00\",\"mainEntityOfPage\":{\"@id\":\"https:\\\/\\\/poblenouurbandistrict.com\\\/poblenou-urban-district-i-festival-cruilla-suneixen-per-a-crear-una-programacio-artistica-en-el-marc-del-festival\\\/\"},\"wordCount\":1596,\"image\":{\"@id\":\"https:\\\/\\\/poblenouurbandistrict.com\\\/poblenou-urban-district-i-festival-cruilla-suneixen-per-a-crear-una-programacio-artistica-en-el-marc-del-festival\\\/#primaryimage\"},\"thumbnailUrl\":\"https:\\\/\\\/media.poblenouurbandistrict.com\\\/2024\\\/06\\\/25074608\\\/mono-cruilla-javi.jpg\",\"articleSection\":[\"Poblenou Urban District\",\"Est\u00e0 passant\",\"Art\",\"M\u00fasica\"],\"inLanguage\":\"ca\"},{\"@type\":\"WebPage\",\"@id\":\"https:\\\/\\\/poblenouurbandistrict.com\\\/ca\\\/poblenou-urban-district-i-festival-cruilla-suneixen-per-a-crear-una-programacio-artistica-en-el-marc-del-festival\\\/\",\"url\":\"https:\\\/\\\/poblenouurbandistrict.com\\\/ca\\\/poblenou-urban-district-i-festival-cruilla-suneixen-per-a-crear-una-programacio-artistica-en-el-marc-del-festival\\\/\",\"name\":\"Poblenou Urban District presenta la seva proposta artistica al Festival Cru\u00eflla &#8211; Poblenou Urban District\",\"isPartOf\":{\"@id\":\"https:\\\/\\\/poblenouurbandistrict.com\\\/ca\\\/#website\"},\"primaryImageOfPage\":{\"@id\":\"https:\\\/\\\/poblenouurbandistrict.com\\\/ca\\\/poblenou-urban-district-i-festival-cruilla-suneixen-per-a-crear-una-programacio-artistica-en-el-marc-del-festival\\\/#primaryimage\"},\"image\":{\"@id\":\"https:\\\/\\\/poblenouurbandistrict.com\\\/poblenou-urban-district-i-festival-cruilla-suneixen-per-a-crear-una-programacio-artistica-en-el-marc-del-festival\\\/#primaryimage\"},\"thumbnailUrl\":\"https:\\\/\\\/media.poblenouurbandistrict.com\\\/2024\\\/06\\\/25074608\\\/mono-cruilla-javi.jpg\",\"datePublished\":\"2024-06-27T15:32:04+00:00\",\"dateModified\":\"2024-07-11T15:12:38+00:00\",\"author\":{\"@id\":\"https:\\\/\\\/poblenouurbandistrict.com\\\/#\\\/schema\\\/person\\\/980a2cf34b399d5218205730acd54a7e\"},\"breadcrumb\":{\"@id\":\"https:\\\/\\\/poblenouurbandistrict.com\\\/ca\\\/poblenou-urban-district-i-festival-cruilla-suneixen-per-a-crear-una-programacio-artistica-en-el-marc-del-festival\\\/#breadcrumb\"},\"inLanguage\":\"ca\",\"potentialAction\":[{\"@type\":\"ReadAction\",\"target\":[[\"https:\\\/\\\/poblenouurbandistrict.com\\\/ca\\\/poblenou-urban-district-i-festival-cruilla-suneixen-per-a-crear-una-programacio-artistica-en-el-marc-del-festival\\\/\"]]}]},{\"@type\":\"ImageObject\",\"inLanguage\":\"ca\",\"@id\":\"https:\\\/\\\/poblenouurbandistrict.com\\\/ca\\\/poblenou-urban-district-i-festival-cruilla-suneixen-per-a-crear-una-programacio-artistica-en-el-marc-del-festival\\\/#primaryimage\",\"url\":\"https:\\\/\\\/media.poblenouurbandistrict.com\\\/2024\\\/06\\\/25074608\\\/mono-cruilla-javi.jpg\",\"contentUrl\":\"https:\\\/\\\/media.poblenouurbandistrict.com\\\/2024\\\/06\\\/25074608\\\/mono-cruilla-javi.jpg\",\"width\":2560,\"height\":1536},{\"@type\":\"BreadcrumbList\",\"@id\":\"https:\\\/\\\/poblenouurbandistrict.com\\\/ca\\\/poblenou-urban-district-i-festival-cruilla-suneixen-per-a-crear-una-programacio-artistica-en-el-marc-del-festival\\\/#breadcrumb\",\"itemListElement\":[{\"@type\":\"ListItem\",\"position\":1,\"name\":\"Home\",\"item\":\"https:\\\/\\\/poblenouurbandistrict.com\\\/ca\\\/\"},{\"@type\":\"ListItem\",\"position\":2,\"name\":\"Poblenou Urban District presenta la seva proposta artistica al Festival Cru\u00eflla\"}]},{\"@type\":\"WebSite\",\"@id\":\"https:\\\/\\\/poblenouurbandistrict.com\\\/ca\\\/#website\",\"url\":\"https:\\\/\\\/poblenouurbandistrict.com\\\/ca\\\/\",\"name\":\"Poblenou Urban District\",\"description\":\"Comunitat Creativa\",\"potentialAction\":[{\"@type\":\"SearchAction\",\"target\":{\"@type\":\"EntryPoint\",\"urlTemplate\":\"https:\\\/\\\/poblenouurbandistrict.com\\\/ca\\\/?s={search_term_string}\"},\"query-input\":{\"@type\":\"PropertyValueSpecification\",\"valueRequired\":true,\"valueName\":\"search_term_string\"}}],\"inLanguage\":\"ca\"},{\"@type\":\"Person\",\"@id\":\"https:\\\/\\\/poblenouurbandistrict.com\\\/#\\\/schema\\\/person\\\/980a2cf34b399d5218205730acd54a7e\",\"name\":\"pnud\",\"image\":{\"@type\":\"ImageObject\",\"inLanguage\":\"ca\",\"@id\":\"https:\\\/\\\/secure.gravatar.com\\\/avatar\\\/67146597b405ee077a24e519f75c3e2031736596d6ce35af3a34c122c93d0d7b?s=96&d=retro&r=g\",\"url\":\"https:\\\/\\\/secure.gravatar.com\\\/avatar\\\/67146597b405ee077a24e519f75c3e2031736596d6ce35af3a34c122c93d0d7b?s=96&d=retro&r=g\",\"contentUrl\":\"https:\\\/\\\/secure.gravatar.com\\\/avatar\\\/67146597b405ee077a24e519f75c3e2031736596d6ce35af3a34c122c93d0d7b?s=96&d=retro&r=g\",\"caption\":\"pnud\"}}]}<\/script>\n<!-- \/ Yoast SEO plugin. -->","yoast_head_json":{"title":"Poblenou Urban District presenta la seva proposta artistica al Festival Cru\u00eflla &#8211; Poblenou Urban District","robots":{"index":"index","follow":"follow","max-snippet":"max-snippet:-1","max-image-preview":"max-image-preview:large","max-video-preview":"max-video-preview:-1"},"canonical":"https:\/\/poblenouurbandistrict.com\/ca\/poblenou-urban-district-i-festival-cruilla-suneixen-per-a-crear-una-programacio-artistica-en-el-marc-del-festival\/","og_locale":"ca_ES","og_type":"article","og_title":"Poblenou Urban District presenta la seva proposta artistica al Festival Cru\u00eflla &#8211; Poblenou Urban District","og_description":"Poblenou Urban District ha estat convidat pel Festival Cru\u00eflla a portar la curadoria de la programaci\u00f3 d\u2019art urb\u00e0 multidisciplinar en... M\u00e9s \u2192","og_url":"https:\/\/poblenouurbandistrict.com\/ca\/poblenou-urban-district-i-festival-cruilla-suneixen-per-a-crear-una-programacio-artistica-en-el-marc-del-festival\/","og_site_name":"Poblenou Urban District","article_published_time":"2024-06-27T15:32:04+00:00","article_modified_time":"2024-07-11T15:12:38+00:00","og_image":[{"width":2560,"height":1536,"url":"https:\/\/poblenouurbandistrict.com\/wp-content\/uploads\/2024\/06\/mono-cruilla-javi.jpg","type":"image\/jpeg"}],"author":"pnud","twitter_card":"summary_large_image","twitter_misc":{"Escrit per":"pnud","Temps estimat de lectura":"5 minuts"},"schema":{"@context":"https:\/\/schema.org","@graph":[{"@type":"Article","@id":"https:\/\/poblenouurbandistrict.com\/poblenou-urban-district-i-festival-cruilla-suneixen-per-a-crear-una-programacio-artistica-en-el-marc-del-festival\/#article","isPartOf":{"@id":"https:\/\/poblenouurbandistrict.com\/poblenou-urban-district-i-festival-cruilla-suneixen-per-a-crear-una-programacio-artistica-en-el-marc-del-festival\/"},"author":{"name":"pnud","@id":"https:\/\/poblenouurbandistrict.com\/#\/schema\/person\/980a2cf34b399d5218205730acd54a7e"},"headline":"Poblenou Urban District presenta la seva proposta artistica al Festival Cru\u00eflla","datePublished":"2024-06-27T15:32:04+00:00","dateModified":"2024-07-11T15:12:38+00:00","mainEntityOfPage":{"@id":"https:\/\/poblenouurbandistrict.com\/poblenou-urban-district-i-festival-cruilla-suneixen-per-a-crear-una-programacio-artistica-en-el-marc-del-festival\/"},"wordCount":1596,"image":{"@id":"https:\/\/poblenouurbandistrict.com\/poblenou-urban-district-i-festival-cruilla-suneixen-per-a-crear-una-programacio-artistica-en-el-marc-del-festival\/#primaryimage"},"thumbnailUrl":"https:\/\/media.poblenouurbandistrict.com\/2024\/06\/25074608\/mono-cruilla-javi.jpg","articleSection":["Poblenou Urban District","Est\u00e0 passant","Art","M\u00fasica"],"inLanguage":"ca"},{"@type":"WebPage","@id":"https:\/\/poblenouurbandistrict.com\/ca\/poblenou-urban-district-i-festival-cruilla-suneixen-per-a-crear-una-programacio-artistica-en-el-marc-del-festival\/","url":"https:\/\/poblenouurbandistrict.com\/ca\/poblenou-urban-district-i-festival-cruilla-suneixen-per-a-crear-una-programacio-artistica-en-el-marc-del-festival\/","name":"Poblenou Urban District presenta la seva proposta artistica al Festival Cru\u00eflla &#8211; Poblenou Urban District","isPartOf":{"@id":"https:\/\/poblenouurbandistrict.com\/ca\/#website"},"primaryImageOfPage":{"@id":"https:\/\/poblenouurbandistrict.com\/ca\/poblenou-urban-district-i-festival-cruilla-suneixen-per-a-crear-una-programacio-artistica-en-el-marc-del-festival\/#primaryimage"},"image":{"@id":"https:\/\/poblenouurbandistrict.com\/poblenou-urban-district-i-festival-cruilla-suneixen-per-a-crear-una-programacio-artistica-en-el-marc-del-festival\/#primaryimage"},"thumbnailUrl":"https:\/\/media.poblenouurbandistrict.com\/2024\/06\/25074608\/mono-cruilla-javi.jpg","datePublished":"2024-06-27T15:32:04+00:00","dateModified":"2024-07-11T15:12:38+00:00","author":{"@id":"https:\/\/poblenouurbandistrict.com\/#\/schema\/person\/980a2cf34b399d5218205730acd54a7e"},"breadcrumb":{"@id":"https:\/\/poblenouurbandistrict.com\/ca\/poblenou-urban-district-i-festival-cruilla-suneixen-per-a-crear-una-programacio-artistica-en-el-marc-del-festival\/#breadcrumb"},"inLanguage":"ca","potentialAction":[{"@type":"ReadAction","target":[["https:\/\/poblenouurbandistrict.com\/ca\/poblenou-urban-district-i-festival-cruilla-suneixen-per-a-crear-una-programacio-artistica-en-el-marc-del-festival\/"]]}]},{"@type":"ImageObject","inLanguage":"ca","@id":"https:\/\/poblenouurbandistrict.com\/ca\/poblenou-urban-district-i-festival-cruilla-suneixen-per-a-crear-una-programacio-artistica-en-el-marc-del-festival\/#primaryimage","url":"https:\/\/media.poblenouurbandistrict.com\/2024\/06\/25074608\/mono-cruilla-javi.jpg","contentUrl":"https:\/\/media.poblenouurbandistrict.com\/2024\/06\/25074608\/mono-cruilla-javi.jpg","width":2560,"height":1536},{"@type":"BreadcrumbList","@id":"https:\/\/poblenouurbandistrict.com\/ca\/poblenou-urban-district-i-festival-cruilla-suneixen-per-a-crear-una-programacio-artistica-en-el-marc-del-festival\/#breadcrumb","itemListElement":[{"@type":"ListItem","position":1,"name":"Home","item":"https:\/\/poblenouurbandistrict.com\/ca\/"},{"@type":"ListItem","position":2,"name":"Poblenou Urban District presenta la seva proposta artistica al Festival Cru\u00eflla"}]},{"@type":"WebSite","@id":"https:\/\/poblenouurbandistrict.com\/ca\/#website","url":"https:\/\/poblenouurbandistrict.com\/ca\/","name":"Poblenou Urban District","description":"Comunitat Creativa","potentialAction":[{"@type":"SearchAction","target":{"@type":"EntryPoint","urlTemplate":"https:\/\/poblenouurbandistrict.com\/ca\/?s={search_term_string}"},"query-input":{"@type":"PropertyValueSpecification","valueRequired":true,"valueName":"search_term_string"}}],"inLanguage":"ca"},{"@type":"Person","@id":"https:\/\/poblenouurbandistrict.com\/#\/schema\/person\/980a2cf34b399d5218205730acd54a7e","name":"pnud","image":{"@type":"ImageObject","inLanguage":"ca","@id":"https:\/\/secure.gravatar.com\/avatar\/67146597b405ee077a24e519f75c3e2031736596d6ce35af3a34c122c93d0d7b?s=96&d=retro&r=g","url":"https:\/\/secure.gravatar.com\/avatar\/67146597b405ee077a24e519f75c3e2031736596d6ce35af3a34c122c93d0d7b?s=96&d=retro&r=g","contentUrl":"https:\/\/secure.gravatar.com\/avatar\/67146597b405ee077a24e519f75c3e2031736596d6ce35af3a34c122c93d0d7b?s=96&d=retro&r=g","caption":"pnud"}}]}},"_links":{"self":[{"href":"https:\/\/poblenouurbandistrict.com\/ca\/wp-json\/wp\/v2\/posts\/46378","targetHints":{"allow":["GET"]}}],"collection":[{"href":"https:\/\/poblenouurbandistrict.com\/ca\/wp-json\/wp\/v2\/posts"}],"about":[{"href":"https:\/\/poblenouurbandistrict.com\/ca\/wp-json\/wp\/v2\/types\/post"}],"author":[{"embeddable":true,"href":"https:\/\/poblenouurbandistrict.com\/ca\/wp-json\/wp\/v2\/users\/5"}],"replies":[{"embeddable":true,"href":"https:\/\/poblenouurbandistrict.com\/ca\/wp-json\/wp\/v2\/comments?post=46378"}],"version-history":[{"count":9,"href":"https:\/\/poblenouurbandistrict.com\/ca\/wp-json\/wp\/v2\/posts\/46378\/revisions"}],"predecessor-version":[{"id":46475,"href":"https:\/\/poblenouurbandistrict.com\/ca\/wp-json\/wp\/v2\/posts\/46378\/revisions\/46475"}],"wp:featuredmedia":[{"embeddable":true,"href":"https:\/\/poblenouurbandistrict.com\/ca\/wp-json\/wp\/v2\/media\/46477"}],"wp:attachment":[{"href":"https:\/\/poblenouurbandistrict.com\/ca\/wp-json\/wp\/v2\/media?parent=46378"}],"wp:term":[{"taxonomy":"category","embeddable":true,"href":"https:\/\/poblenouurbandistrict.com\/ca\/wp-json\/wp\/v2\/categories?post=46378"},{"taxonomy":"post_tag","embeddable":true,"href":"https:\/\/poblenouurbandistrict.com\/ca\/wp-json\/wp\/v2\/tags?post=46378"}],"curies":[{"name":"wp","href":"https:\/\/api.w.org\/{rel}","templated":true}]}}