{"id":46397,"date":"2024-07-02T11:10:02","date_gmt":"2024-07-02T09:10:02","guid":{"rendered":"https:\/\/poblenouurbandistrict.com\/?p=46397"},"modified":"2024-07-04T10:36:18","modified_gmt":"2024-07-04T08:36:18","slug":"et-portem-una-guia-de-les-millors-exposicions-del-poblenou","status":"publish","type":"post","link":"https:\/\/poblenouurbandistrict.com\/ca\/et-portem-una-guia-de-les-millors-exposicions-del-poblenou\/","title":{"rendered":"Et portem una guia de les millors exposicions del Poblenou"},"content":{"rendered":"<p>Ara que la calor comen\u00e7a a apretar, et portem la guia definitiva de les exposicions a galeries, museus i centres art\u00edstics del Districte Creatiu. Tant si ets m\u00e9s de fotografa, pintura, escultura, disseny o simplement un enamorat de l\u2019art segur que trobes una proposta per a tu.<\/p>\n<p>Pren nota i aprofita el juliol, ja que molts dels espais muse\u00edstics i galeries tancaran tot el mes d\u2019agost.<\/p>\n<p>&nbsp;<\/p>\n<p><strong>Disseny Hub Barcelona<\/strong><\/p>\n<p>Un dels centres expositius m\u00e9s importants de la ciutat, el disseny Hub \u00e9s m\u00e9s que un museu, \u00e9s el referent en hist\u00f2ria del disseny de la ciutat. Sempre hi ha un objecte per descobrir o per tornar a admirar.<\/p>\n<p>Descobreix la seva varietat d\u2019exposicions:<\/p>\n<p>Dissenyes o treballes? La nova comunicaci\u00f3 visual. 1980-2003<\/p>\n<p>El cos vestit. Siluetes i moda (1550-2015)<\/p>\n<p>Objectes comuns. Hist\u00f2ries locals, debats globals<\/p>\n<p>Mem\u00f2ries Sint\u00e8tiques<\/p>\n<p>&nbsp;<\/p>\n<p>Tamb\u00e9 les seves exposicions temporals:<\/p>\n<p>Mem\u00f2ries Sint\u00e8tiques 18 \/ 05 \/ 2024 &#8211; 29 \/ 09 \/ 2024<\/p>\n<p>Connectem. 40 anys de TV3 i Catalunya R\u00e0dio 22 \/ 05 \/ 2024 &#8211; 25 \/ 08 \/ 2024<\/p>\n<p>Ex-Designer Project Bar 23 \/ 05 \/ 2024 &#8211; 25 \/ 08 \/ 2024<\/p>\n<p>Premis ADI 2024 31 \/ 05 \/ 2024 &#8211; 25 \/ 08 \/ 2024<\/p>\n<h5 style=\"text-align: center;\"><strong>De dimarts a diumenge, de 10 a 20 h.<\/strong><\/h5>\n<h5 style=\"text-align: center;\"><strong>Dilluns festius de 10 a 20 h.<\/strong><\/h5>\n<h5 style=\"text-align: center;\"><strong>Pla\u00e7a de les Gl\u00f2ries Catalanes, 37-38\u00a0<\/strong><\/h5>\n<h5 style=\"text-align: center;\"><strong>08018 Barcelona<\/strong><\/h5>\n<p>&nbsp;<\/p>\n<p><strong>La Plataforma presenta Ephemeral Beings de Bigum+Bj\u00f6rge<\/strong><\/p>\n<p>Bigum+Bj\u00f6rge ens conviden a un viatge visual que explora la profunda connexi\u00f3 entre la humanitat i la naturalesa. A trav\u00e9s de les seves fotografies, capturen meticulosament escultures ef\u00edmeres inspirades en la tradici\u00f3 folkl\u00f2rica, on s\u2019utilitzen contes i mites per a il\u00b7luminar els misteris del desconegut, honrant a la naturalesa com el fonament \u00faltim de la imaginaci\u00f3 humana.<\/p>\n<p>A trav\u00e9s de les seves obres, el duo investiga la paradoxa d\u2019\u00e9ssers que, encara que no existeixen f\u00edsicament, cobren vida en la nostra imaginaci\u00f3, literatura, mitologia o somnis; i en el moment en qu\u00e8 alguna cosa existeix en la nostra imaginaci\u00f3, adquireix una forma de realitat.<\/p>\n<p>Per a la creaci\u00f3 de les seves peces empren processos fotogr\u00e0fics no t\u00f2xics i t\u00e8cniques de revelat alternatives que minimitzen l\u2019impacte ambiental, assegurant que el seu treball art\u00edstic sigui sostenible.<\/p>\n<p>&nbsp;<\/p>\n<h5 style=\"text-align: center;\"><strong>Pots visitar-la de dilluns a divendres de 10 a 14 i de 15 a 19h<\/strong><\/h5>\n<h5 style=\"text-align: center;\"><strong>Per visitar l\u2019arxiu d\u2019obra, posa\u2019t en contacte a info@laplataformabcn.com<\/strong><\/h5>\n<h5 style=\"text-align: center;\"><strong>Pujades, 99<\/strong><\/h5>\n<p>&nbsp;<\/p>\n<p><strong>Piramid\u00f3n Centre d\u2019Art Contemporani<\/strong><\/p>\n<p>El centre de creaci\u00f3 i galeria d\u2019art que fusiona l\u2019\u00e0mbit de producci\u00f3 art\u00edstica amb l\u2019\u00e0mbit de difusi\u00f3, exhibici\u00f3 i venda d\u2019obres d\u2019art. A m\u00e9s, com \u00e9s tamb\u00e9 una resid\u00e8ncia d\u2019artistes, existeix la possibilitat de con\u00e8ixer als artistes i el seu discurs en primera persona.<\/p>\n<p>Piramid\u00f3n presenta \u201cLa bellota se alegra de convertirse en roble\u201d, la nova exposici\u00f3 individual de l\u2019artista aragonesa Carla Nicol\u00e1s. La mostra ens submergeix en una narrativa on convergeixen la dona, l\u2019alqu\u00edmia, el coneixement i la naturalesa. Cada pe\u00e7a reflecteix una \u00edntima relaci\u00f3 amb la terra i la hist\u00f2ria, vinculada als paisatges de la naturalesa aragonesa. El dissabte 13 d\u2019abril no et perdis la inauguraci\u00f3 de l\u2019exposici\u00f3, que estar\u00e0 acompanyada de m\u00fasica, vermut i la possibilitat de visitar els estudis dels artistes. A m\u00e9s, tamb\u00e9 podr\u00e0s gaudir de \u201c2024_n2\u201d, una mostra col\u00b7lectiva que presenta obres dels artistes residents a Piramid\u00f3n.<\/p>\n<h5 style=\"text-align: center;\"><strong>De dilluns a divendres de 10h a 19h.<\/strong><\/h5>\n<h5 style=\"text-align: center;\"><strong>Entrada gratu\u00efta<\/strong><\/h5>\n<p>&nbsp;<\/p>\n<p><strong>Can Framis<\/strong><\/p>\n<p>Can Framis \u00e9s el darrer projecte de la Fundaci\u00f3 Vila Casas, inaugurat a Barcelona l\u2019abril del 2009. A l&#8217;Espai A0 de Can Framis se celebren exposicions temporals.<\/p>\n<p>Can Framis va ser una f\u00e0brica de finals del s.XVIII, propietat de la fam\u00edlia Framis, que amb el temps va perdre la seva activitat i es va convertir en el record de la ind\u00fastria pr\u00f2pia del Poblenou. Avui, com a Museu de Pintura Contempor\u00e0nia, \u00e9s un rac\u00f3 per a la contemplaci\u00f3 art\u00edstica situat al Districte Creatiu de Barcelona.<\/p>\n<p>Pots visitar la seva Exposici\u00f3 Permanent on trobar\u00e0s al voltant de 300 obres, que daten des de la d\u00e8cada dels 60 fins a l&#8217;actualitat i que pertanyen a diversos artistes nascuts o residents a Catalunya.<\/p>\n<p>Tamb\u00e9, a l\u2019espai A0 hi ha actualment les seg\u00fcents exposicions temporals:<\/p>\n<p>ELISAVA: El bosc 20\/06\/2024 &#8211; 31\/01\/2025<\/p>\n<p>PATRIM&#8217;23: Bellesa intersticial 11\/06\/2024 &#8211; 21\/07\/2024<\/p>\n<p>Carma Casul\u00e1 Al Natural 11\/06\/2024 &#8211; 21\/07\/2024<\/p>\n<h5 style=\"text-align: center;\"><strong>C\/ Roc Boronat, 116-126\u00a0<\/strong><\/h5>\n<p>&nbsp;<\/p>\n<p><strong>AMAGATS \u2013 creative process pieces<\/strong><\/p>\n<p>Amagats \u00e9s un espai-laboratori a la cerca dels processos creatius dels artistes. Maquetes, apunts, experimentacions, esbossos&#8230; peces seleccionades\/comissionades d&#8217;entre les seves work in progress.<\/p>\n<p>Enfocat als amants de l&#8217;Art que volen comen\u00e7ar una col\u00b7lecci\u00f3 i comprar peces \u00faniques a un preu assequible.<\/p>\n<p>Visita amb cita pr\u00e8via a info@amagats.com o 619177300<\/p>\n<h5 style=\"text-align: center;\"><strong>Pallars 101, 4t 4a<\/strong><\/h5>\n<p>&nbsp;<\/p>\n<p><strong>Ket Galeria<\/strong><\/p>\n<p>Exhibici\u00f3 Breathing Waves de Paola Idrontino. Ket Galeria et convida a descobrir la instal\u00b7laci\u00f3 \u201cBreathing Waves\u201d de Paola Idrontino, una escultura t\u00e8xtil que retrata els efectes devastadors de l\u2019emblanquiment dels corals provocat pel canvi clim\u00e0tic. L\u2019escultura est\u00e0 feta a m\u00e0 amb una gran varietat de teixits, la majoria dels quals s\u00f3n reciclats.<\/p>\n<p>Pots visitar l\u2019exposici\u00f3 reservant a trav\u00e9s de la seva web o instagram.<\/p>\n<h5 style=\"text-align: center;\"><strong>Passatge Ferrer i Vidal, 13 \u2013 bjs 2<\/strong><\/h5>\n<p>&nbsp;<\/p>\n<p><strong>Fundaci\u00f3 Palo Alto<\/strong><\/p>\n<p>Des del pr\u00f2xim 10 de juliol la nau Escoleta acollir\u00e0 MAGBa, la Mostra d\u2019Art Generatiu de Barcelona, on nou artistes donaran a con\u00e8ixer les seves creacions mitjan\u00e7ant l\u2019\u00fas d\u2019algoritmes i de l\u2019atzar com a mitj\u00e0 d\u2019expressi\u00f3 art\u00edstica.<\/p>\n<p>A trav\u00e9s d\u2019instruccions en forma de codi, alguns artistes obtenen representacions paisatg\u00edstiques o naturalistes, d\u2019altres jocs de llum i color, per\u00f2 a MAGBa tamb\u00e9 hi trobarem composicions complexes a trav\u00e9s de les geometries m\u00e9s senzilles o fins i tot, algoritmes de creixement aut\u00f2mat cel\u00b7lular.<\/p>\n<p>Tota aquesta gran varietat d\u2019obres es presenten en format digital i es manifesten iterativament mostrant a l\u2019espectador la varietat de cadascun dels algoritmes presentats.<\/p>\n<p>\u201cAmb MAGBa, volem posar de manifest un moviment art\u00edstic que ha viscut una renaixen\u00e7a els \u00faltims anys a escala mundial i ho volem fer des del punt de mira local i amb una intenci\u00f3 clarament pedag\u00f2gica i visualment demostrativa\u201d<\/p>\n<p>MAGBa _ Mostra d&#8217;Art Generatiu de Barcelona<\/p>\n<p><strong>Inauguraci\u00f3 10 de juliol a les 19h.<\/strong><\/p>\n<h5 style=\"text-align: center;\"><strong>\u00a0Nau Escoleta &#8211; 10 de juliol al 23 d&#8217;agost<\/strong><\/h5>\n<h5 style=\"text-align: center;\"><strong>\u00a0Dill a Div de 9h a 19:30h\u00a0<\/strong><\/h5>\n<h5 style=\"text-align: center;\"><strong>Acc\u00e9s lliure<\/strong><\/h5>\n<p>&nbsp;<\/p>\n<p><strong>UNFOLDED by Blit.studio<\/strong><\/p>\n<p>Explora UNFOLDED, el nou espai experiencial de blit.studio. Endinsa\u2019t en el seu laboratori creatiu on explorem amb IA o descobreix les nostres \u00faltimes experi\u00e8ncies de realitat virtual, escenografies digitals i projectes de mapping, com l\u2019experi\u00e8ncia multisensorial NOCTURNA. Descobreix les instal\u00b7lacions ef\u00edmeres interactives, on tu ets part de la creaci\u00f3.<\/p>\n<h5 style=\"text-align: center;\"><strong>L\u2019espai es pot visitar cada divendres de 10 a 17h.<\/strong><\/h5>\n<h5 style=\"text-align: center;\"><strong> <a href=\"https:\/\/blit.studio\/pages\/unfolded\">Reserva a trav\u00e9s del seu web<\/a><\/strong><\/h5>\n<p>&nbsp;<\/p>\n<p><strong>Museu de la M\u00fasica de Barcelona<\/strong><\/p>\n<p>El Museu de la M\u00fasica de Barcelona \u00e9s una \u00e0gora de trobada i un lloc de debat, coneixement i gaudi est\u00e8tic que ha de permetre als ciutadans ser m\u00e9s conscients de com el fer musical construeix les nostres emocions individuals i socials. M\u00e9s enll\u00e0 de la contemplaci\u00f3 d\u2019instruments i de documents i de la conservaci\u00f3 del patrimoni, els objectes han de fer possible el di\u00e0leg entre l\u2019emoci\u00f3 i la reflexi\u00f3 al voltant de la m\u00fasica.<\/p>\n<h5 style=\"text-align: center;\"><strong>Pots visitar el museu en els seg\u00fcents horaris:<\/strong><\/h5>\n<h5 style=\"text-align: center;\"><strong>Dimarts i dimecres \/ de 10 a 18h<\/strong><\/h5>\n<h5 style=\"text-align: center;\"><strong>Dijous \/ de 10 a 21h (tamb\u00e9 els dijous festius oberts)<\/strong><\/h5>\n<h5 style=\"text-align: center;\"><strong>Divendres, dissabtes i diumenges \/ de 10 a 19h<\/strong><\/h5>\n<h5 style=\"text-align: center;\"><strong>Dilluns tancat<\/strong><\/h5>\n<p><\/p>","protected":false},"excerpt":{"rendered":"<p>Ara que la calor comen\u00e7a a apretar, et portem la guia definitiva de les exposicions a galeries, museus i centres&#8230; <a href=\"https:\/\/poblenouurbandistrict.com\/ca\/et-portem-una-guia-de-les-millors-exposicions-del-poblenou\/\">M\u00e9s  \u2192<\/a><\/p>\n","protected":false},"author":5,"featured_media":46194,"comment_status":"closed","ping_status":"closed","sticky":false,"template":"","format":"standard","meta":{"_acf_changed":false,"footnotes":""},"categories":[3501,1,3342],"tags":[],"class_list":["post-46397","post","type-post","status-publish","format-standard","has-post-thumbnail","hentry","category-disseny","category-noticias","category-art"],"acf":[],"yoast_head":"<!-- This site is optimized with the Yoast SEO plugin v27.5 - https:\/\/yoast.com\/product\/yoast-seo-wordpress\/ -->\n<title>Et portem una guia de les millors exposicions del Poblenou &#8211; Poblenou Urban District<\/title>\n<meta name=\"robots\" content=\"index, follow, max-snippet:-1, max-image-preview:large, max-video-preview:-1\" \/>\n<link rel=\"canonical\" href=\"https:\/\/poblenouurbandistrict.com\/ca\/et-portem-una-guia-de-les-millors-exposicions-del-poblenou\/\" \/>\n<meta property=\"og:locale\" content=\"ca_ES\" \/>\n<meta property=\"og:type\" content=\"article\" \/>\n<meta property=\"og:title\" content=\"Et portem una guia de les millors exposicions del Poblenou &#8211; Poblenou Urban District\" \/>\n<meta property=\"og:description\" content=\"Ara que la calor comen\u00e7a a apretar, et portem la guia definitiva de les exposicions a galeries, museus i centres... M\u00e9s \u2192\" \/>\n<meta property=\"og:url\" content=\"https:\/\/poblenouurbandistrict.com\/ca\/et-portem-una-guia-de-les-millors-exposicions-del-poblenou\/\" \/>\n<meta property=\"og:site_name\" content=\"Poblenou Urban District\" \/>\n<meta property=\"article:published_time\" content=\"2024-07-02T09:10:02+00:00\" \/>\n<meta property=\"article:modified_time\" content=\"2024-07-04T08:36:18+00:00\" \/>\n<meta property=\"og:image\" content=\"https:\/\/poblenouurbandistrict.com\/wp-content\/uploads\/2024\/06\/rrss-bigumbjorge-linkedin-facebookr2-1.jpg\" \/>\n\t<meta property=\"og:image:width\" content=\"1920\" \/>\n\t<meta property=\"og:image:height\" content=\"1080\" \/>\n\t<meta property=\"og:image:type\" content=\"image\/jpeg\" \/>\n<meta name=\"author\" content=\"pnud\" \/>\n<meta name=\"twitter:card\" content=\"summary_large_image\" \/>\n<meta name=\"twitter:label1\" content=\"Escrit per\" \/>\n\t<meta name=\"twitter:data1\" content=\"pnud\" \/>\n\t<meta name=\"twitter:label2\" content=\"Temps estimat de lectura\" \/>\n\t<meta name=\"twitter:data2\" content=\"7 minuts\" \/>\n<script type=\"application\/ld+json\" class=\"yoast-schema-graph\">{\"@context\":\"https:\\\/\\\/schema.org\",\"@graph\":[{\"@type\":\"Article\",\"@id\":\"https:\\\/\\\/poblenouurbandistrict.com\\\/et-portem-una-guia-de-les-millors-exposicions-del-poblenou\\\/#article\",\"isPartOf\":{\"@id\":\"https:\\\/\\\/poblenouurbandistrict.com\\\/et-portem-una-guia-de-les-millors-exposicions-del-poblenou\\\/\"},\"author\":{\"name\":\"pnud\",\"@id\":\"https:\\\/\\\/poblenouurbandistrict.com\\\/#\\\/schema\\\/person\\\/980a2cf34b399d5218205730acd54a7e\"},\"headline\":\"Et portem una guia de les millors exposicions del Poblenou\",\"datePublished\":\"2024-07-02T09:10:02+00:00\",\"dateModified\":\"2024-07-04T08:36:18+00:00\",\"mainEntityOfPage\":{\"@id\":\"https:\\\/\\\/poblenouurbandistrict.com\\\/et-portem-una-guia-de-les-millors-exposicions-del-poblenou\\\/\"},\"wordCount\":2574,\"image\":{\"@id\":\"https:\\\/\\\/poblenouurbandistrict.com\\\/et-portem-una-guia-de-les-millors-exposicions-del-poblenou\\\/#primaryimage\"},\"thumbnailUrl\":\"https:\\\/\\\/media.poblenouurbandistrict.com\\\/2024\\\/06\\\/25073959\\\/rrss-bigumbjorge-linkedin-facebookr2-1.jpg\",\"articleSection\":[\"Disseny\",\"Est\u00e0 passant\",\"Art\"],\"inLanguage\":\"ca\"},{\"@type\":\"WebPage\",\"@id\":\"https:\\\/\\\/poblenouurbandistrict.com\\\/ca\\\/et-portem-una-guia-de-les-millors-exposicions-del-poblenou\\\/\",\"url\":\"https:\\\/\\\/poblenouurbandistrict.com\\\/ca\\\/et-portem-una-guia-de-les-millors-exposicions-del-poblenou\\\/\",\"name\":\"Et portem una guia de les millors exposicions del Poblenou &#8211; Poblenou Urban District\",\"isPartOf\":{\"@id\":\"https:\\\/\\\/poblenouurbandistrict.com\\\/ca\\\/#website\"},\"primaryImageOfPage\":{\"@id\":\"https:\\\/\\\/poblenouurbandistrict.com\\\/ca\\\/et-portem-una-guia-de-les-millors-exposicions-del-poblenou\\\/#primaryimage\"},\"image\":{\"@id\":\"https:\\\/\\\/poblenouurbandistrict.com\\\/et-portem-una-guia-de-les-millors-exposicions-del-poblenou\\\/#primaryimage\"},\"thumbnailUrl\":\"https:\\\/\\\/media.poblenouurbandistrict.com\\\/2024\\\/06\\\/25073959\\\/rrss-bigumbjorge-linkedin-facebookr2-1.jpg\",\"datePublished\":\"2024-07-02T09:10:02+00:00\",\"dateModified\":\"2024-07-04T08:36:18+00:00\",\"author\":{\"@id\":\"https:\\\/\\\/poblenouurbandistrict.com\\\/#\\\/schema\\\/person\\\/980a2cf34b399d5218205730acd54a7e\"},\"breadcrumb\":{\"@id\":\"https:\\\/\\\/poblenouurbandistrict.com\\\/ca\\\/et-portem-una-guia-de-les-millors-exposicions-del-poblenou\\\/#breadcrumb\"},\"inLanguage\":\"ca\",\"potentialAction\":[{\"@type\":\"ReadAction\",\"target\":[[\"https:\\\/\\\/poblenouurbandistrict.com\\\/ca\\\/et-portem-una-guia-de-les-millors-exposicions-del-poblenou\\\/\"]]}]},{\"@type\":\"ImageObject\",\"inLanguage\":\"ca\",\"@id\":\"https:\\\/\\\/poblenouurbandistrict.com\\\/ca\\\/et-portem-una-guia-de-les-millors-exposicions-del-poblenou\\\/#primaryimage\",\"url\":\"https:\\\/\\\/media.poblenouurbandistrict.com\\\/2024\\\/06\\\/25073959\\\/rrss-bigumbjorge-linkedin-facebookr2-1.jpg\",\"contentUrl\":\"https:\\\/\\\/media.poblenouurbandistrict.com\\\/2024\\\/06\\\/25073959\\\/rrss-bigumbjorge-linkedin-facebookr2-1.jpg\",\"width\":1920,\"height\":1080},{\"@type\":\"BreadcrumbList\",\"@id\":\"https:\\\/\\\/poblenouurbandistrict.com\\\/ca\\\/et-portem-una-guia-de-les-millors-exposicions-del-poblenou\\\/#breadcrumb\",\"itemListElement\":[{\"@type\":\"ListItem\",\"position\":1,\"name\":\"Home\",\"item\":\"https:\\\/\\\/poblenouurbandistrict.com\\\/ca\\\/\"},{\"@type\":\"ListItem\",\"position\":2,\"name\":\"Et portem una guia de les millors exposicions del Poblenou\"}]},{\"@type\":\"WebSite\",\"@id\":\"https:\\\/\\\/poblenouurbandistrict.com\\\/ca\\\/#website\",\"url\":\"https:\\\/\\\/poblenouurbandistrict.com\\\/ca\\\/\",\"name\":\"Poblenou Urban District\",\"description\":\"Comunitat Creativa\",\"potentialAction\":[{\"@type\":\"SearchAction\",\"target\":{\"@type\":\"EntryPoint\",\"urlTemplate\":\"https:\\\/\\\/poblenouurbandistrict.com\\\/ca\\\/?s={search_term_string}\"},\"query-input\":{\"@type\":\"PropertyValueSpecification\",\"valueRequired\":true,\"valueName\":\"search_term_string\"}}],\"inLanguage\":\"ca\"},{\"@type\":\"Person\",\"@id\":\"https:\\\/\\\/poblenouurbandistrict.com\\\/#\\\/schema\\\/person\\\/980a2cf34b399d5218205730acd54a7e\",\"name\":\"pnud\",\"image\":{\"@type\":\"ImageObject\",\"inLanguage\":\"ca\",\"@id\":\"https:\\\/\\\/secure.gravatar.com\\\/avatar\\\/67146597b405ee077a24e519f75c3e2031736596d6ce35af3a34c122c93d0d7b?s=96&d=retro&r=g\",\"url\":\"https:\\\/\\\/secure.gravatar.com\\\/avatar\\\/67146597b405ee077a24e519f75c3e2031736596d6ce35af3a34c122c93d0d7b?s=96&d=retro&r=g\",\"contentUrl\":\"https:\\\/\\\/secure.gravatar.com\\\/avatar\\\/67146597b405ee077a24e519f75c3e2031736596d6ce35af3a34c122c93d0d7b?s=96&d=retro&r=g\",\"caption\":\"pnud\"}}]}<\/script>\n<!-- \/ Yoast SEO plugin. -->","yoast_head_json":{"title":"Et portem una guia de les millors exposicions del Poblenou &#8211; Poblenou Urban District","robots":{"index":"index","follow":"follow","max-snippet":"max-snippet:-1","max-image-preview":"max-image-preview:large","max-video-preview":"max-video-preview:-1"},"canonical":"https:\/\/poblenouurbandistrict.com\/ca\/et-portem-una-guia-de-les-millors-exposicions-del-poblenou\/","og_locale":"ca_ES","og_type":"article","og_title":"Et portem una guia de les millors exposicions del Poblenou &#8211; Poblenou Urban District","og_description":"Ara que la calor comen\u00e7a a apretar, et portem la guia definitiva de les exposicions a galeries, museus i centres... M\u00e9s \u2192","og_url":"https:\/\/poblenouurbandistrict.com\/ca\/et-portem-una-guia-de-les-millors-exposicions-del-poblenou\/","og_site_name":"Poblenou Urban District","article_published_time":"2024-07-02T09:10:02+00:00","article_modified_time":"2024-07-04T08:36:18+00:00","og_image":[{"width":1920,"height":1080,"url":"https:\/\/poblenouurbandistrict.com\/wp-content\/uploads\/2024\/06\/rrss-bigumbjorge-linkedin-facebookr2-1.jpg","type":"image\/jpeg"}],"author":"pnud","twitter_card":"summary_large_image","twitter_misc":{"Escrit per":"pnud","Temps estimat de lectura":"7 minuts"},"schema":{"@context":"https:\/\/schema.org","@graph":[{"@type":"Article","@id":"https:\/\/poblenouurbandistrict.com\/et-portem-una-guia-de-les-millors-exposicions-del-poblenou\/#article","isPartOf":{"@id":"https:\/\/poblenouurbandistrict.com\/et-portem-una-guia-de-les-millors-exposicions-del-poblenou\/"},"author":{"name":"pnud","@id":"https:\/\/poblenouurbandistrict.com\/#\/schema\/person\/980a2cf34b399d5218205730acd54a7e"},"headline":"Et portem una guia de les millors exposicions del Poblenou","datePublished":"2024-07-02T09:10:02+00:00","dateModified":"2024-07-04T08:36:18+00:00","mainEntityOfPage":{"@id":"https:\/\/poblenouurbandistrict.com\/et-portem-una-guia-de-les-millors-exposicions-del-poblenou\/"},"wordCount":2574,"image":{"@id":"https:\/\/poblenouurbandistrict.com\/et-portem-una-guia-de-les-millors-exposicions-del-poblenou\/#primaryimage"},"thumbnailUrl":"https:\/\/media.poblenouurbandistrict.com\/2024\/06\/25073959\/rrss-bigumbjorge-linkedin-facebookr2-1.jpg","articleSection":["Disseny","Est\u00e0 passant","Art"],"inLanguage":"ca"},{"@type":"WebPage","@id":"https:\/\/poblenouurbandistrict.com\/ca\/et-portem-una-guia-de-les-millors-exposicions-del-poblenou\/","url":"https:\/\/poblenouurbandistrict.com\/ca\/et-portem-una-guia-de-les-millors-exposicions-del-poblenou\/","name":"Et portem una guia de les millors exposicions del Poblenou &#8211; Poblenou Urban District","isPartOf":{"@id":"https:\/\/poblenouurbandistrict.com\/ca\/#website"},"primaryImageOfPage":{"@id":"https:\/\/poblenouurbandistrict.com\/ca\/et-portem-una-guia-de-les-millors-exposicions-del-poblenou\/#primaryimage"},"image":{"@id":"https:\/\/poblenouurbandistrict.com\/et-portem-una-guia-de-les-millors-exposicions-del-poblenou\/#primaryimage"},"thumbnailUrl":"https:\/\/media.poblenouurbandistrict.com\/2024\/06\/25073959\/rrss-bigumbjorge-linkedin-facebookr2-1.jpg","datePublished":"2024-07-02T09:10:02+00:00","dateModified":"2024-07-04T08:36:18+00:00","author":{"@id":"https:\/\/poblenouurbandistrict.com\/#\/schema\/person\/980a2cf34b399d5218205730acd54a7e"},"breadcrumb":{"@id":"https:\/\/poblenouurbandistrict.com\/ca\/et-portem-una-guia-de-les-millors-exposicions-del-poblenou\/#breadcrumb"},"inLanguage":"ca","potentialAction":[{"@type":"ReadAction","target":[["https:\/\/poblenouurbandistrict.com\/ca\/et-portem-una-guia-de-les-millors-exposicions-del-poblenou\/"]]}]},{"@type":"ImageObject","inLanguage":"ca","@id":"https:\/\/poblenouurbandistrict.com\/ca\/et-portem-una-guia-de-les-millors-exposicions-del-poblenou\/#primaryimage","url":"https:\/\/media.poblenouurbandistrict.com\/2024\/06\/25073959\/rrss-bigumbjorge-linkedin-facebookr2-1.jpg","contentUrl":"https:\/\/media.poblenouurbandistrict.com\/2024\/06\/25073959\/rrss-bigumbjorge-linkedin-facebookr2-1.jpg","width":1920,"height":1080},{"@type":"BreadcrumbList","@id":"https:\/\/poblenouurbandistrict.com\/ca\/et-portem-una-guia-de-les-millors-exposicions-del-poblenou\/#breadcrumb","itemListElement":[{"@type":"ListItem","position":1,"name":"Home","item":"https:\/\/poblenouurbandistrict.com\/ca\/"},{"@type":"ListItem","position":2,"name":"Et portem una guia de les millors exposicions del Poblenou"}]},{"@type":"WebSite","@id":"https:\/\/poblenouurbandistrict.com\/ca\/#website","url":"https:\/\/poblenouurbandistrict.com\/ca\/","name":"Poblenou Urban District","description":"Comunitat Creativa","potentialAction":[{"@type":"SearchAction","target":{"@type":"EntryPoint","urlTemplate":"https:\/\/poblenouurbandistrict.com\/ca\/?s={search_term_string}"},"query-input":{"@type":"PropertyValueSpecification","valueRequired":true,"valueName":"search_term_string"}}],"inLanguage":"ca"},{"@type":"Person","@id":"https:\/\/poblenouurbandistrict.com\/#\/schema\/person\/980a2cf34b399d5218205730acd54a7e","name":"pnud","image":{"@type":"ImageObject","inLanguage":"ca","@id":"https:\/\/secure.gravatar.com\/avatar\/67146597b405ee077a24e519f75c3e2031736596d6ce35af3a34c122c93d0d7b?s=96&d=retro&r=g","url":"https:\/\/secure.gravatar.com\/avatar\/67146597b405ee077a24e519f75c3e2031736596d6ce35af3a34c122c93d0d7b?s=96&d=retro&r=g","contentUrl":"https:\/\/secure.gravatar.com\/avatar\/67146597b405ee077a24e519f75c3e2031736596d6ce35af3a34c122c93d0d7b?s=96&d=retro&r=g","caption":"pnud"}}]}},"_links":{"self":[{"href":"https:\/\/poblenouurbandistrict.com\/ca\/wp-json\/wp\/v2\/posts\/46397","targetHints":{"allow":["GET"]}}],"collection":[{"href":"https:\/\/poblenouurbandistrict.com\/ca\/wp-json\/wp\/v2\/posts"}],"about":[{"href":"https:\/\/poblenouurbandistrict.com\/ca\/wp-json\/wp\/v2\/types\/post"}],"author":[{"embeddable":true,"href":"https:\/\/poblenouurbandistrict.com\/ca\/wp-json\/wp\/v2\/users\/5"}],"replies":[{"embeddable":true,"href":"https:\/\/poblenouurbandistrict.com\/ca\/wp-json\/wp\/v2\/comments?post=46397"}],"version-history":[{"count":5,"href":"https:\/\/poblenouurbandistrict.com\/ca\/wp-json\/wp\/v2\/posts\/46397\/revisions"}],"predecessor-version":[{"id":46433,"href":"https:\/\/poblenouurbandistrict.com\/ca\/wp-json\/wp\/v2\/posts\/46397\/revisions\/46433"}],"wp:featuredmedia":[{"embeddable":true,"href":"https:\/\/poblenouurbandistrict.com\/ca\/wp-json\/wp\/v2\/media\/46194"}],"wp:attachment":[{"href":"https:\/\/poblenouurbandistrict.com\/ca\/wp-json\/wp\/v2\/media?parent=46397"}],"wp:term":[{"taxonomy":"category","embeddable":true,"href":"https:\/\/poblenouurbandistrict.com\/ca\/wp-json\/wp\/v2\/categories?post=46397"},{"taxonomy":"post_tag","embeddable":true,"href":"https:\/\/poblenouurbandistrict.com\/ca\/wp-json\/wp\/v2\/tags?post=46397"}],"curies":[{"name":"wp","href":"https:\/\/api.w.org\/{rel}","templated":true}]}}