{"id":46466,"date":"2024-07-11T16:25:59","date_gmt":"2024-07-11T14:25:59","guid":{"rendered":"https:\/\/poblenouurbandistrict.com\/?p=46466"},"modified":"2024-07-12T10:36:42","modified_gmt":"2024-07-12T08:36:42","slug":"switch-rep-el-seu-primer-premi-en-la-xxi-edicio-dels-premis-catalunya-construccio","status":"publish","type":"post","link":"https:\/\/poblenouurbandistrict.com\/ca\/switch-rep-el-seu-primer-premi-en-la-xxi-edicio-dels-premis-catalunya-construccio\/","title":{"rendered":"SWITCH rep el seu primer premi en la XXI edici\u00f3 dels Premis Catalunya Construcci\u00f3"},"content":{"rendered":"<p><strong>SWITCH<\/strong>, la nova seu corporativa de Simon a Barcelona, ha estat guardonada amb el Premi ex aequo a la Rehabilitaci\u00f3 2024 en la XXI edici\u00f3 dels Premis Catalunya\u00a0Construcci\u00f3. Simon, companyia l\u00edder en material el\u00e8ctric i referent en disseny d&#8217;il\u00b7luminaci\u00f3, sistemes de control i connectivitat, ha destacat per la notable transformaci\u00f3 de la seva antiga f\u00e0brica en un modern i sostenible edifici d&#8217;oficines, preservant i real\u00e7ant l&#8217;estructura original. Aquest reconeixement va ser atorgat pel Col\u00b7legi de l&#8217;Arquitectura T\u00e8cnica de Barcelona (Cateb), amb el suport de\u00a0Arquinfad\u00a0i el Consell de l&#8217;Arquitectura T\u00e8cnica de Catalunya.<\/p>\n<p>Els Premis Catalunya\u00a0Construcci\u00f3\u00a0busquen recon\u00e8ixer l&#8217;esfor\u00e7 dels professionals que, amb el seu treball, contribueixen a millorar la qualitat, gesti\u00f3, sostenibilitat, innovaci\u00f3 i seguretat en el sector de la construcci\u00f3. Aquests premis destaquen la qualitat de l&#8217;obra constru\u00efda, els m\u00e8todes i processos d&#8217;execuci\u00f3 i la labor professional dels equips t\u00e8cnics, sovint multidisciplinaris. El jurat d&#8217;aquesta edici\u00f3 va estar compost per destacats professionals com Teresa Arnal, cap d&#8217;obra i empres\u00e0ria; Josep\u00a0Aug\u00e9, coordinador de Seguretat i Salut; Vanessa Ballester, professional liberal; Miquel\u00a0Espinet, arquitecte; Josep Llu\u00eds Gil,\u00a0project\u00a0manager; i Ismael Guerrero, enginyer. Aquests experts van seleccionar acuradament entre les 22 candidatures finalistes que competien en sis categories: Direcci\u00f3 d&#8217;Execuci\u00f3 d&#8217;Obra, Cap d&#8217;Obra, Direcci\u00f3 Integrada de Projecte, Coordinaci\u00f3 de Seguretat i Salut, Innovaci\u00f3 en la Construcci\u00f3 i Rehabilitaci\u00f3 (Patrimonial, Funcional, Energ\u00e8tica).<\/p>","protected":false},"excerpt":{"rendered":"<p>SWITCH, la nova seu corporativa de Simon a Barcelona, ha estat guardonada amb el Premi ex aequo a la Rehabilitaci\u00f3&#8230; <a href=\"https:\/\/poblenouurbandistrict.com\/ca\/switch-rep-el-seu-primer-premi-en-la-xxi-edicio-dels-premis-catalunya-construccio\/\">M\u00e9s  \u2192<\/a><\/p>\n","protected":false},"author":5,"featured_media":46467,"comment_status":"closed","ping_status":"closed","sticky":false,"template":"","format":"standard","meta":{"_acf_changed":false,"footnotes":""},"categories":[1],"tags":[],"class_list":["post-46466","post","type-post","status-publish","format-standard","has-post-thumbnail","hentry","category-noticias"],"acf":[],"yoast_head":"<!-- This site is optimized with the Yoast SEO plugin v27.5 - https:\/\/yoast.com\/product\/yoast-seo-wordpress\/ -->\n<title>SWITCH rep el seu primer premi en la XXI edici\u00f3 dels Premis Catalunya Construcci\u00f3 &#8211; Poblenou Urban District<\/title>\n<meta name=\"robots\" content=\"index, follow, max-snippet:-1, max-image-preview:large, max-video-preview:-1\" \/>\n<link rel=\"canonical\" href=\"https:\/\/poblenouurbandistrict.com\/ca\/switch-rep-el-seu-primer-premi-en-la-xxi-edicio-dels-premis-catalunya-construccio\/\" \/>\n<meta property=\"og:locale\" content=\"ca_ES\" \/>\n<meta property=\"og:type\" content=\"article\" \/>\n<meta property=\"og:title\" content=\"SWITCH rep el seu primer premi en la XXI edici\u00f3 dels Premis Catalunya Construcci\u00f3 &#8211; Poblenou Urban District\" \/>\n<meta property=\"og:description\" content=\"SWITCH, la nova seu corporativa de Simon a Barcelona, ha estat guardonada amb el Premi ex aequo a la Rehabilitaci\u00f3... M\u00e9s \u2192\" \/>\n<meta property=\"og:url\" content=\"https:\/\/poblenouurbandistrict.com\/ca\/switch-rep-el-seu-primer-premi-en-la-xxi-edicio-dels-premis-catalunya-construccio\/\" \/>\n<meta property=\"og:site_name\" content=\"Poblenou Urban District\" \/>\n<meta property=\"article:published_time\" content=\"2024-07-11T14:25:59+00:00\" \/>\n<meta property=\"article:modified_time\" content=\"2024-07-12T08:36:42+00:00\" \/>\n<meta property=\"og:image\" content=\"https:\/\/poblenouurbandistrict.com\/wp-content\/uploads\/2024\/07\/simon-switch-barcelona.jpg\" \/>\n\t<meta property=\"og:image:width\" content=\"2560\" \/>\n\t<meta property=\"og:image:height\" content=\"1684\" \/>\n\t<meta property=\"og:image:type\" content=\"image\/jpeg\" \/>\n<meta name=\"author\" content=\"pnud\" \/>\n<meta name=\"twitter:card\" content=\"summary_large_image\" \/>\n<meta name=\"twitter:label1\" content=\"Escrit per\" \/>\n\t<meta name=\"twitter:data1\" content=\"pnud\" \/>\n\t<meta name=\"twitter:label2\" content=\"Temps estimat de lectura\" \/>\n\t<meta name=\"twitter:data2\" content=\"2 minuts\" \/>\n<script type=\"application\/ld+json\" class=\"yoast-schema-graph\">{\"@context\":\"https:\\\/\\\/schema.org\",\"@graph\":[{\"@type\":\"Article\",\"@id\":\"https:\\\/\\\/poblenouurbandistrict.com\\\/switch-rep-el-seu-primer-premi-en-la-xxi-edicio-dels-premis-catalunya-construccio\\\/#article\",\"isPartOf\":{\"@id\":\"https:\\\/\\\/poblenouurbandistrict.com\\\/switch-rep-el-seu-primer-premi-en-la-xxi-edicio-dels-premis-catalunya-construccio\\\/\"},\"author\":{\"name\":\"pnud\",\"@id\":\"https:\\\/\\\/poblenouurbandistrict.com\\\/#\\\/schema\\\/person\\\/980a2cf34b399d5218205730acd54a7e\"},\"headline\":\"SWITCH rep el seu primer premi en la XXI edici\u00f3 dels Premis Catalunya Construcci\u00f3\",\"datePublished\":\"2024-07-11T14:25:59+00:00\",\"dateModified\":\"2024-07-12T08:36:42+00:00\",\"mainEntityOfPage\":{\"@id\":\"https:\\\/\\\/poblenouurbandistrict.com\\\/switch-rep-el-seu-primer-premi-en-la-xxi-edicio-dels-premis-catalunya-construccio\\\/\"},\"wordCount\":547,\"image\":{\"@id\":\"https:\\\/\\\/poblenouurbandistrict.com\\\/switch-rep-el-seu-primer-premi-en-la-xxi-edicio-dels-premis-catalunya-construccio\\\/#primaryimage\"},\"thumbnailUrl\":\"https:\\\/\\\/media.poblenouurbandistrict.com\\\/2024\\\/07\\\/25074553\\\/simon-switch-barcelona.jpg\",\"articleSection\":[\"Est\u00e0 passant\"],\"inLanguage\":\"ca\"},{\"@type\":\"WebPage\",\"@id\":\"https:\\\/\\\/poblenouurbandistrict.com\\\/ca\\\/switch-rep-el-seu-primer-premi-en-la-xxi-edicio-dels-premis-catalunya-construccio\\\/\",\"url\":\"https:\\\/\\\/poblenouurbandistrict.com\\\/ca\\\/switch-rep-el-seu-primer-premi-en-la-xxi-edicio-dels-premis-catalunya-construccio\\\/\",\"name\":\"SWITCH rep el seu primer premi en la XXI edici\u00f3 dels Premis Catalunya Construcci\u00f3 &#8211; Poblenou Urban District\",\"isPartOf\":{\"@id\":\"https:\\\/\\\/poblenouurbandistrict.com\\\/ca\\\/#website\"},\"primaryImageOfPage\":{\"@id\":\"https:\\\/\\\/poblenouurbandistrict.com\\\/ca\\\/switch-rep-el-seu-primer-premi-en-la-xxi-edicio-dels-premis-catalunya-construccio\\\/#primaryimage\"},\"image\":{\"@id\":\"https:\\\/\\\/poblenouurbandistrict.com\\\/switch-rep-el-seu-primer-premi-en-la-xxi-edicio-dels-premis-catalunya-construccio\\\/#primaryimage\"},\"thumbnailUrl\":\"https:\\\/\\\/media.poblenouurbandistrict.com\\\/2024\\\/07\\\/25074553\\\/simon-switch-barcelona.jpg\",\"datePublished\":\"2024-07-11T14:25:59+00:00\",\"dateModified\":\"2024-07-12T08:36:42+00:00\",\"author\":{\"@id\":\"https:\\\/\\\/poblenouurbandistrict.com\\\/#\\\/schema\\\/person\\\/980a2cf34b399d5218205730acd54a7e\"},\"breadcrumb\":{\"@id\":\"https:\\\/\\\/poblenouurbandistrict.com\\\/ca\\\/switch-rep-el-seu-primer-premi-en-la-xxi-edicio-dels-premis-catalunya-construccio\\\/#breadcrumb\"},\"inLanguage\":\"ca\",\"potentialAction\":[{\"@type\":\"ReadAction\",\"target\":[[\"https:\\\/\\\/poblenouurbandistrict.com\\\/ca\\\/switch-rep-el-seu-primer-premi-en-la-xxi-edicio-dels-premis-catalunya-construccio\\\/\"]]}]},{\"@type\":\"ImageObject\",\"inLanguage\":\"ca\",\"@id\":\"https:\\\/\\\/poblenouurbandistrict.com\\\/ca\\\/switch-rep-el-seu-primer-premi-en-la-xxi-edicio-dels-premis-catalunya-construccio\\\/#primaryimage\",\"url\":\"https:\\\/\\\/media.poblenouurbandistrict.com\\\/2024\\\/07\\\/25074553\\\/simon-switch-barcelona.jpg\",\"contentUrl\":\"https:\\\/\\\/media.poblenouurbandistrict.com\\\/2024\\\/07\\\/25074553\\\/simon-switch-barcelona.jpg\",\"width\":2560,\"height\":1684},{\"@type\":\"BreadcrumbList\",\"@id\":\"https:\\\/\\\/poblenouurbandistrict.com\\\/ca\\\/switch-rep-el-seu-primer-premi-en-la-xxi-edicio-dels-premis-catalunya-construccio\\\/#breadcrumb\",\"itemListElement\":[{\"@type\":\"ListItem\",\"position\":1,\"name\":\"Home\",\"item\":\"https:\\\/\\\/poblenouurbandistrict.com\\\/ca\\\/\"},{\"@type\":\"ListItem\",\"position\":2,\"name\":\"SWITCH rep el seu primer premi en la XXI edici\u00f3 dels Premis Catalunya Construcci\u00f3\"}]},{\"@type\":\"WebSite\",\"@id\":\"https:\\\/\\\/poblenouurbandistrict.com\\\/ca\\\/#website\",\"url\":\"https:\\\/\\\/poblenouurbandistrict.com\\\/ca\\\/\",\"name\":\"Poblenou Urban District\",\"description\":\"Comunitat Creativa\",\"potentialAction\":[{\"@type\":\"SearchAction\",\"target\":{\"@type\":\"EntryPoint\",\"urlTemplate\":\"https:\\\/\\\/poblenouurbandistrict.com\\\/ca\\\/?s={search_term_string}\"},\"query-input\":{\"@type\":\"PropertyValueSpecification\",\"valueRequired\":true,\"valueName\":\"search_term_string\"}}],\"inLanguage\":\"ca\"},{\"@type\":\"Person\",\"@id\":\"https:\\\/\\\/poblenouurbandistrict.com\\\/#\\\/schema\\\/person\\\/980a2cf34b399d5218205730acd54a7e\",\"name\":\"pnud\",\"image\":{\"@type\":\"ImageObject\",\"inLanguage\":\"ca\",\"@id\":\"https:\\\/\\\/secure.gravatar.com\\\/avatar\\\/67146597b405ee077a24e519f75c3e2031736596d6ce35af3a34c122c93d0d7b?s=96&d=retro&r=g\",\"url\":\"https:\\\/\\\/secure.gravatar.com\\\/avatar\\\/67146597b405ee077a24e519f75c3e2031736596d6ce35af3a34c122c93d0d7b?s=96&d=retro&r=g\",\"contentUrl\":\"https:\\\/\\\/secure.gravatar.com\\\/avatar\\\/67146597b405ee077a24e519f75c3e2031736596d6ce35af3a34c122c93d0d7b?s=96&d=retro&r=g\",\"caption\":\"pnud\"}}]}<\/script>\n<!-- \/ Yoast SEO plugin. -->","yoast_head_json":{"title":"SWITCH rep el seu primer premi en la XXI edici\u00f3 dels Premis Catalunya Construcci\u00f3 &#8211; Poblenou Urban District","robots":{"index":"index","follow":"follow","max-snippet":"max-snippet:-1","max-image-preview":"max-image-preview:large","max-video-preview":"max-video-preview:-1"},"canonical":"https:\/\/poblenouurbandistrict.com\/ca\/switch-rep-el-seu-primer-premi-en-la-xxi-edicio-dels-premis-catalunya-construccio\/","og_locale":"ca_ES","og_type":"article","og_title":"SWITCH rep el seu primer premi en la XXI edici\u00f3 dels Premis Catalunya Construcci\u00f3 &#8211; Poblenou Urban District","og_description":"SWITCH, la nova seu corporativa de Simon a Barcelona, ha estat guardonada amb el Premi ex aequo a la Rehabilitaci\u00f3... M\u00e9s \u2192","og_url":"https:\/\/poblenouurbandistrict.com\/ca\/switch-rep-el-seu-primer-premi-en-la-xxi-edicio-dels-premis-catalunya-construccio\/","og_site_name":"Poblenou Urban District","article_published_time":"2024-07-11T14:25:59+00:00","article_modified_time":"2024-07-12T08:36:42+00:00","og_image":[{"width":2560,"height":1684,"url":"https:\/\/poblenouurbandistrict.com\/wp-content\/uploads\/2024\/07\/simon-switch-barcelona.jpg","type":"image\/jpeg"}],"author":"pnud","twitter_card":"summary_large_image","twitter_misc":{"Escrit per":"pnud","Temps estimat de lectura":"2 minuts"},"schema":{"@context":"https:\/\/schema.org","@graph":[{"@type":"Article","@id":"https:\/\/poblenouurbandistrict.com\/switch-rep-el-seu-primer-premi-en-la-xxi-edicio-dels-premis-catalunya-construccio\/#article","isPartOf":{"@id":"https:\/\/poblenouurbandistrict.com\/switch-rep-el-seu-primer-premi-en-la-xxi-edicio-dels-premis-catalunya-construccio\/"},"author":{"name":"pnud","@id":"https:\/\/poblenouurbandistrict.com\/#\/schema\/person\/980a2cf34b399d5218205730acd54a7e"},"headline":"SWITCH rep el seu primer premi en la XXI edici\u00f3 dels Premis Catalunya Construcci\u00f3","datePublished":"2024-07-11T14:25:59+00:00","dateModified":"2024-07-12T08:36:42+00:00","mainEntityOfPage":{"@id":"https:\/\/poblenouurbandistrict.com\/switch-rep-el-seu-primer-premi-en-la-xxi-edicio-dels-premis-catalunya-construccio\/"},"wordCount":547,"image":{"@id":"https:\/\/poblenouurbandistrict.com\/switch-rep-el-seu-primer-premi-en-la-xxi-edicio-dels-premis-catalunya-construccio\/#primaryimage"},"thumbnailUrl":"https:\/\/media.poblenouurbandistrict.com\/2024\/07\/25074553\/simon-switch-barcelona.jpg","articleSection":["Est\u00e0 passant"],"inLanguage":"ca"},{"@type":"WebPage","@id":"https:\/\/poblenouurbandistrict.com\/ca\/switch-rep-el-seu-primer-premi-en-la-xxi-edicio-dels-premis-catalunya-construccio\/","url":"https:\/\/poblenouurbandistrict.com\/ca\/switch-rep-el-seu-primer-premi-en-la-xxi-edicio-dels-premis-catalunya-construccio\/","name":"SWITCH rep el seu primer premi en la XXI edici\u00f3 dels Premis Catalunya Construcci\u00f3 &#8211; Poblenou Urban District","isPartOf":{"@id":"https:\/\/poblenouurbandistrict.com\/ca\/#website"},"primaryImageOfPage":{"@id":"https:\/\/poblenouurbandistrict.com\/ca\/switch-rep-el-seu-primer-premi-en-la-xxi-edicio-dels-premis-catalunya-construccio\/#primaryimage"},"image":{"@id":"https:\/\/poblenouurbandistrict.com\/switch-rep-el-seu-primer-premi-en-la-xxi-edicio-dels-premis-catalunya-construccio\/#primaryimage"},"thumbnailUrl":"https:\/\/media.poblenouurbandistrict.com\/2024\/07\/25074553\/simon-switch-barcelona.jpg","datePublished":"2024-07-11T14:25:59+00:00","dateModified":"2024-07-12T08:36:42+00:00","author":{"@id":"https:\/\/poblenouurbandistrict.com\/#\/schema\/person\/980a2cf34b399d5218205730acd54a7e"},"breadcrumb":{"@id":"https:\/\/poblenouurbandistrict.com\/ca\/switch-rep-el-seu-primer-premi-en-la-xxi-edicio-dels-premis-catalunya-construccio\/#breadcrumb"},"inLanguage":"ca","potentialAction":[{"@type":"ReadAction","target":[["https:\/\/poblenouurbandistrict.com\/ca\/switch-rep-el-seu-primer-premi-en-la-xxi-edicio-dels-premis-catalunya-construccio\/"]]}]},{"@type":"ImageObject","inLanguage":"ca","@id":"https:\/\/poblenouurbandistrict.com\/ca\/switch-rep-el-seu-primer-premi-en-la-xxi-edicio-dels-premis-catalunya-construccio\/#primaryimage","url":"https:\/\/media.poblenouurbandistrict.com\/2024\/07\/25074553\/simon-switch-barcelona.jpg","contentUrl":"https:\/\/media.poblenouurbandistrict.com\/2024\/07\/25074553\/simon-switch-barcelona.jpg","width":2560,"height":1684},{"@type":"BreadcrumbList","@id":"https:\/\/poblenouurbandistrict.com\/ca\/switch-rep-el-seu-primer-premi-en-la-xxi-edicio-dels-premis-catalunya-construccio\/#breadcrumb","itemListElement":[{"@type":"ListItem","position":1,"name":"Home","item":"https:\/\/poblenouurbandistrict.com\/ca\/"},{"@type":"ListItem","position":2,"name":"SWITCH rep el seu primer premi en la XXI edici\u00f3 dels Premis Catalunya Construcci\u00f3"}]},{"@type":"WebSite","@id":"https:\/\/poblenouurbandistrict.com\/ca\/#website","url":"https:\/\/poblenouurbandistrict.com\/ca\/","name":"Poblenou Urban District","description":"Comunitat Creativa","potentialAction":[{"@type":"SearchAction","target":{"@type":"EntryPoint","urlTemplate":"https:\/\/poblenouurbandistrict.com\/ca\/?s={search_term_string}"},"query-input":{"@type":"PropertyValueSpecification","valueRequired":true,"valueName":"search_term_string"}}],"inLanguage":"ca"},{"@type":"Person","@id":"https:\/\/poblenouurbandistrict.com\/#\/schema\/person\/980a2cf34b399d5218205730acd54a7e","name":"pnud","image":{"@type":"ImageObject","inLanguage":"ca","@id":"https:\/\/secure.gravatar.com\/avatar\/67146597b405ee077a24e519f75c3e2031736596d6ce35af3a34c122c93d0d7b?s=96&d=retro&r=g","url":"https:\/\/secure.gravatar.com\/avatar\/67146597b405ee077a24e519f75c3e2031736596d6ce35af3a34c122c93d0d7b?s=96&d=retro&r=g","contentUrl":"https:\/\/secure.gravatar.com\/avatar\/67146597b405ee077a24e519f75c3e2031736596d6ce35af3a34c122c93d0d7b?s=96&d=retro&r=g","caption":"pnud"}}]}},"_links":{"self":[{"href":"https:\/\/poblenouurbandistrict.com\/ca\/wp-json\/wp\/v2\/posts\/46466","targetHints":{"allow":["GET"]}}],"collection":[{"href":"https:\/\/poblenouurbandistrict.com\/ca\/wp-json\/wp\/v2\/posts"}],"about":[{"href":"https:\/\/poblenouurbandistrict.com\/ca\/wp-json\/wp\/v2\/types\/post"}],"author":[{"embeddable":true,"href":"https:\/\/poblenouurbandistrict.com\/ca\/wp-json\/wp\/v2\/users\/5"}],"replies":[{"embeddable":true,"href":"https:\/\/poblenouurbandistrict.com\/ca\/wp-json\/wp\/v2\/comments?post=46466"}],"version-history":[{"count":2,"href":"https:\/\/poblenouurbandistrict.com\/ca\/wp-json\/wp\/v2\/posts\/46466\/revisions"}],"predecessor-version":[{"id":46480,"href":"https:\/\/poblenouurbandistrict.com\/ca\/wp-json\/wp\/v2\/posts\/46466\/revisions\/46480"}],"wp:featuredmedia":[{"embeddable":true,"href":"https:\/\/poblenouurbandistrict.com\/ca\/wp-json\/wp\/v2\/media\/46467"}],"wp:attachment":[{"href":"https:\/\/poblenouurbandistrict.com\/ca\/wp-json\/wp\/v2\/media?parent=46466"}],"wp:term":[{"taxonomy":"category","embeddable":true,"href":"https:\/\/poblenouurbandistrict.com\/ca\/wp-json\/wp\/v2\/categories?post=46466"},{"taxonomy":"post_tag","embeddable":true,"href":"https:\/\/poblenouurbandistrict.com\/ca\/wp-json\/wp\/v2\/tags?post=46466"}],"curies":[{"name":"wp","href":"https:\/\/api.w.org\/{rel}","templated":true}]}}