{"id":46489,"date":"2024-07-18T13:48:49","date_gmt":"2024-07-18T11:48:49","guid":{"rendered":"https:\/\/poblenouurbandistrict.com\/?p=46489"},"modified":"2024-07-18T17:28:16","modified_gmt":"2024-07-18T15:28:16","slug":"visita-lex-designer-project-bar-al-dhub-fins-el-25-dagost","status":"publish","type":"post","link":"https:\/\/poblenouurbandistrict.com\/ca\/visita-lex-designer-project-bar-al-dhub-fins-el-25-dagost\/","title":{"rendered":"Visita l\u2019Ex-Designer Project Bar al DHub fins al 25 d\u2019agost"},"content":{"rendered":"<p><span style=\"font-weight: 400;\">Fins el 25 d\u2019agost pots visitar l\u2019<\/span><b><i>Ex-Designer Project Bar <\/i><\/b><b>de Mart\u00ed Guix\u00e9<\/b><span style=\"font-weight: 400;\">, la instal\u00b7laci\u00f3 que\u00a0 va ser concebuda com un <\/span><b>interiorisme dissenyat en digital i totalment produ\u00efda en impressi\u00f3 3D<\/b><span style=\"font-weight: 400;\">. El bar, un local buit amb una barra d\u2019obra amb dos tiradors de cervesa, va obrir el novembre del 2015 i partint d\u2019una idea inicial, l\u2019espai es va anar redissenyant i construint amb les 3 impressores 3D instal\u00b7lades in situ, alhora que estava en funcionament. Els murs, el mobiliari i tots els elements necessaris es van anat imprimint, entre cerveses i concerts o xerrades, al llarg de m\u00e9s de 4 anys. En la l\u00ednia del pensament de Mart\u00ed Guix\u00e9, el proc\u00e9s \u00e9s l\u2019important i aix\u00ed el projecte es converteix en quelcom performatiu que incorpora la casualitat de manera natural. Tant important era l\u2019activitat de l\u2019establiment com el <\/span><b>laboratori d\u2019experimentaci\u00f3<\/b><span style=\"font-weight: 400;\"> sobre les possibilitats de la impressi\u00f3 additiva i la utopia de l\u2019autonomia digital.<\/span><\/p>\n<p><span style=\"font-weight: 400;\">Just quan el bar estava acabat i la inauguraci\u00f3 programada, la pand\u00e8mia i el conseq\u00fcent confinament en va for\u00e7ar el tancament. Ara, i aquest cop a porta tancada, el bar ha viscut un <\/span><b>proc\u00e9s de \u201cdesconstrucci\u00f3\u201d<\/b><span style=\"font-weight: 400;\"> que s\u2019ha produ\u00eft de manera endre\u00e7ada, com si es tract\u00e9s d\u2019un treball d\u2019arqueologia, per tal de preservar-lo. L\u2019<\/span><i><span style=\"font-weight: 400;\">Ex-Designer Project Bar<\/span><\/i><span style=\"font-weight: 400;\">, ha deixat de ser un bar, un interiorisme, per esdevenir un \u201cobjecte\u201d exempt, habilitat per a altres possibles usos.<\/span><\/p>\n<p><span style=\"font-weight: 400;\">Al DHub es podr\u00e0 veure el <\/span><b>monumental objecte en el seu format actual <\/b><span style=\"font-weight: 400;\">que mostra els murs, aix\u00ed com els diferents elements que el conformaven, i s\u2019explicar\u00e0 tant el proc\u00e9s de producci\u00f3 com el de desmuntatge.<\/span><\/p>\n<p><b>Mart\u00ed Guix\u00e9<\/b><span style=\"font-weight: 400;\"> (Nav\u00e0s, 1964), graduat en disseny a l\u2019Escola Elisava el 1985, ha treballat entre Barcelona, i diverses ciutats del m\u00f3n. Els anys 90 comen\u00e7a a investigar en la relaci\u00f3 entre disseny i gastronomia, territori que ha tractat en diversos projectes. S\u2019autoproclama Ex-Designer, terme que el situa en un territori gens limitat. En la seva pr\u00e0ctica professional i creativa, posa en q\u00fcesti\u00f3 el paper del dissenyador i la necessitat de continuar dissenyant objectes, conven\u00e7ut que cal treballar en el camp les idees i el concepte, no tant de la materialitat i el prototipatge.<\/span><\/p>\n<p>&nbsp;<\/p>\n<p><span style=\"font-weight: 400;\">COMISSARI\/A: <\/span><span style=\"font-weight: 400;\">Teresa Bastardes<\/span><\/p>\n<p><span style=\"font-weight: 400;\">23 \/ 05 \/ 2024 &#8211; 25 \/ 08 \/ 2024<\/span><\/p>\n<p><span style=\"font-weight: 400;\">Entrada gratu\u00efta<\/span><\/p>","protected":false},"excerpt":{"rendered":"<p>Fins el 25 d\u2019agost pots visitar l\u2019Ex-Designer Project Bar de Mart\u00ed Guix\u00e9, la instal\u00b7laci\u00f3 que\u00a0 va ser concebuda com un&#8230; <a href=\"https:\/\/poblenouurbandistrict.com\/ca\/visita-lex-designer-project-bar-al-dhub-fins-el-25-dagost\/\">M\u00e9s  \u2192<\/a><\/p>\n","protected":false},"author":5,"featured_media":46492,"comment_status":"closed","ping_status":"closed","sticky":false,"template":"","format":"standard","meta":{"_acf_changed":false,"footnotes":""},"categories":[3573,3501],"tags":[],"class_list":["post-46489","post","type-post","status-publish","format-standard","has-post-thumbnail","hentry","category-arquitectura","category-disseny"],"acf":[],"yoast_head":"<!-- This site is optimized with the Yoast SEO plugin v27.4 - https:\/\/yoast.com\/product\/yoast-seo-wordpress\/ -->\n<title>Visita l\u2019Ex-Designer Project Bar al DHub fins al 25 d\u2019agost &#8211; Poblenou Urban District<\/title>\n<meta name=\"robots\" content=\"index, follow, max-snippet:-1, max-image-preview:large, max-video-preview:-1\" \/>\n<link rel=\"canonical\" href=\"https:\/\/poblenouurbandistrict.com\/ca\/visita-lex-designer-project-bar-al-dhub-fins-el-25-dagost\/\" \/>\n<meta property=\"og:locale\" content=\"ca_ES\" \/>\n<meta property=\"og:type\" content=\"article\" \/>\n<meta property=\"og:title\" content=\"Visita l\u2019Ex-Designer Project Bar al DHub fins al 25 d\u2019agost &#8211; Poblenou Urban District\" \/>\n<meta property=\"og:description\" content=\"Fins el 25 d\u2019agost pots visitar l\u2019Ex-Designer Project Bar de Mart\u00ed Guix\u00e9, la instal\u00b7laci\u00f3 que\u00a0 va ser concebuda com un... M\u00e9s \u2192\" \/>\n<meta property=\"og:url\" content=\"https:\/\/poblenouurbandistrict.com\/ca\/visita-lex-designer-project-bar-al-dhub-fins-el-25-dagost\/\" \/>\n<meta property=\"og:site_name\" content=\"Poblenou Urban District\" \/>\n<meta property=\"article:published_time\" content=\"2024-07-18T11:48:49+00:00\" \/>\n<meta property=\"article:modified_time\" content=\"2024-07-18T15:28:16+00:00\" \/>\n<meta property=\"og:image\" content=\"https:\/\/poblenouurbandistrict.com\/wp-content\/uploads\/2024\/07\/ex-designer-web-1-e1721303431924.png\" \/>\n\t<meta property=\"og:image:width\" content=\"936\" \/>\n\t<meta property=\"og:image:height\" content=\"628\" \/>\n\t<meta property=\"og:image:type\" content=\"image\/png\" \/>\n<meta name=\"author\" content=\"pnud\" \/>\n<meta name=\"twitter:card\" content=\"summary_large_image\" \/>\n<meta name=\"twitter:label1\" content=\"Escrit per\" \/>\n\t<meta name=\"twitter:data1\" content=\"pnud\" \/>\n\t<meta name=\"twitter:label2\" content=\"Temps estimat de lectura\" \/>\n\t<meta name=\"twitter:data2\" content=\"3 minuts\" \/>\n<script type=\"application\/ld+json\" class=\"yoast-schema-graph\">{\"@context\":\"https:\\\/\\\/schema.org\",\"@graph\":[{\"@type\":\"Article\",\"@id\":\"https:\\\/\\\/poblenouurbandistrict.com\\\/visita-lex-designer-project-bar-al-dhub-fins-el-25-dagost\\\/#article\",\"isPartOf\":{\"@id\":\"https:\\\/\\\/poblenouurbandistrict.com\\\/visita-lex-designer-project-bar-al-dhub-fins-el-25-dagost\\\/\"},\"author\":{\"name\":\"pnud\",\"@id\":\"https:\\\/\\\/poblenouurbandistrict.com\\\/#\\\/schema\\\/person\\\/980a2cf34b399d5218205730acd54a7e\"},\"headline\":\"Visita l\u2019Ex-Designer Project Bar al DHub fins al 25 d\u2019agost\",\"datePublished\":\"2024-07-18T11:48:49+00:00\",\"dateModified\":\"2024-07-18T15:28:16+00:00\",\"mainEntityOfPage\":{\"@id\":\"https:\\\/\\\/poblenouurbandistrict.com\\\/visita-lex-designer-project-bar-al-dhub-fins-el-25-dagost\\\/\"},\"wordCount\":817,\"image\":{\"@id\":\"https:\\\/\\\/poblenouurbandistrict.com\\\/visita-lex-designer-project-bar-al-dhub-fins-el-25-dagost\\\/#primaryimage\"},\"thumbnailUrl\":\"https:\\\/\\\/media.poblenouurbandistrict.com\\\/2024\\\/07\\\/25074623\\\/ex-designer-web-1-e1721303431924.png\",\"articleSection\":[\"Arquitectura\",\"Disseny\"],\"inLanguage\":\"ca\"},{\"@type\":\"WebPage\",\"@id\":\"https:\\\/\\\/poblenouurbandistrict.com\\\/ca\\\/visita-lex-designer-project-bar-al-dhub-fins-el-25-dagost\\\/\",\"url\":\"https:\\\/\\\/poblenouurbandistrict.com\\\/ca\\\/visita-lex-designer-project-bar-al-dhub-fins-el-25-dagost\\\/\",\"name\":\"Visita l\u2019Ex-Designer Project Bar al DHub fins al 25 d\u2019agost &#8211; Poblenou Urban District\",\"isPartOf\":{\"@id\":\"https:\\\/\\\/poblenouurbandistrict.com\\\/ca\\\/#website\"},\"primaryImageOfPage\":{\"@id\":\"https:\\\/\\\/poblenouurbandistrict.com\\\/ca\\\/visita-lex-designer-project-bar-al-dhub-fins-el-25-dagost\\\/#primaryimage\"},\"image\":{\"@id\":\"https:\\\/\\\/poblenouurbandistrict.com\\\/visita-lex-designer-project-bar-al-dhub-fins-el-25-dagost\\\/#primaryimage\"},\"thumbnailUrl\":\"https:\\\/\\\/media.poblenouurbandistrict.com\\\/2024\\\/07\\\/25074623\\\/ex-designer-web-1-e1721303431924.png\",\"datePublished\":\"2024-07-18T11:48:49+00:00\",\"dateModified\":\"2024-07-18T15:28:16+00:00\",\"author\":{\"@id\":\"https:\\\/\\\/poblenouurbandistrict.com\\\/#\\\/schema\\\/person\\\/980a2cf34b399d5218205730acd54a7e\"},\"breadcrumb\":{\"@id\":\"https:\\\/\\\/poblenouurbandistrict.com\\\/ca\\\/visita-lex-designer-project-bar-al-dhub-fins-el-25-dagost\\\/#breadcrumb\"},\"inLanguage\":\"ca\",\"potentialAction\":[{\"@type\":\"ReadAction\",\"target\":[[\"https:\\\/\\\/poblenouurbandistrict.com\\\/ca\\\/visita-lex-designer-project-bar-al-dhub-fins-el-25-dagost\\\/\"]]}]},{\"@type\":\"ImageObject\",\"inLanguage\":\"ca\",\"@id\":\"https:\\\/\\\/poblenouurbandistrict.com\\\/ca\\\/visita-lex-designer-project-bar-al-dhub-fins-el-25-dagost\\\/#primaryimage\",\"url\":\"https:\\\/\\\/media.poblenouurbandistrict.com\\\/2024\\\/07\\\/25074623\\\/ex-designer-web-1-e1721303431924.png\",\"contentUrl\":\"https:\\\/\\\/media.poblenouurbandistrict.com\\\/2024\\\/07\\\/25074623\\\/ex-designer-web-1-e1721303431924.png\",\"width\":936,\"height\":628},{\"@type\":\"BreadcrumbList\",\"@id\":\"https:\\\/\\\/poblenouurbandistrict.com\\\/ca\\\/visita-lex-designer-project-bar-al-dhub-fins-el-25-dagost\\\/#breadcrumb\",\"itemListElement\":[{\"@type\":\"ListItem\",\"position\":1,\"name\":\"Home\",\"item\":\"https:\\\/\\\/poblenouurbandistrict.com\\\/ca\\\/\"},{\"@type\":\"ListItem\",\"position\":2,\"name\":\"Visita l\u2019Ex-Designer Project Bar al DHub fins al 25 d\u2019agost\"}]},{\"@type\":\"WebSite\",\"@id\":\"https:\\\/\\\/poblenouurbandistrict.com\\\/ca\\\/#website\",\"url\":\"https:\\\/\\\/poblenouurbandistrict.com\\\/ca\\\/\",\"name\":\"Poblenou Urban District\",\"description\":\"Comunitat Creativa\",\"potentialAction\":[{\"@type\":\"SearchAction\",\"target\":{\"@type\":\"EntryPoint\",\"urlTemplate\":\"https:\\\/\\\/poblenouurbandistrict.com\\\/ca\\\/?s={search_term_string}\"},\"query-input\":{\"@type\":\"PropertyValueSpecification\",\"valueRequired\":true,\"valueName\":\"search_term_string\"}}],\"inLanguage\":\"ca\"},{\"@type\":\"Person\",\"@id\":\"https:\\\/\\\/poblenouurbandistrict.com\\\/#\\\/schema\\\/person\\\/980a2cf34b399d5218205730acd54a7e\",\"name\":\"pnud\",\"image\":{\"@type\":\"ImageObject\",\"inLanguage\":\"ca\",\"@id\":\"https:\\\/\\\/secure.gravatar.com\\\/avatar\\\/67146597b405ee077a24e519f75c3e2031736596d6ce35af3a34c122c93d0d7b?s=96&d=retro&r=g\",\"url\":\"https:\\\/\\\/secure.gravatar.com\\\/avatar\\\/67146597b405ee077a24e519f75c3e2031736596d6ce35af3a34c122c93d0d7b?s=96&d=retro&r=g\",\"contentUrl\":\"https:\\\/\\\/secure.gravatar.com\\\/avatar\\\/67146597b405ee077a24e519f75c3e2031736596d6ce35af3a34c122c93d0d7b?s=96&d=retro&r=g\",\"caption\":\"pnud\"}}]}<\/script>\n<!-- \/ Yoast SEO plugin. -->","yoast_head_json":{"title":"Visita l\u2019Ex-Designer Project Bar al DHub fins al 25 d\u2019agost &#8211; Poblenou Urban District","robots":{"index":"index","follow":"follow","max-snippet":"max-snippet:-1","max-image-preview":"max-image-preview:large","max-video-preview":"max-video-preview:-1"},"canonical":"https:\/\/poblenouurbandistrict.com\/ca\/visita-lex-designer-project-bar-al-dhub-fins-el-25-dagost\/","og_locale":"ca_ES","og_type":"article","og_title":"Visita l\u2019Ex-Designer Project Bar al DHub fins al 25 d\u2019agost &#8211; Poblenou Urban District","og_description":"Fins el 25 d\u2019agost pots visitar l\u2019Ex-Designer Project Bar de Mart\u00ed Guix\u00e9, la instal\u00b7laci\u00f3 que\u00a0 va ser concebuda com un... M\u00e9s \u2192","og_url":"https:\/\/poblenouurbandistrict.com\/ca\/visita-lex-designer-project-bar-al-dhub-fins-el-25-dagost\/","og_site_name":"Poblenou Urban District","article_published_time":"2024-07-18T11:48:49+00:00","article_modified_time":"2024-07-18T15:28:16+00:00","og_image":[{"width":936,"height":628,"url":"https:\/\/poblenouurbandistrict.com\/wp-content\/uploads\/2024\/07\/ex-designer-web-1-e1721303431924.png","type":"image\/png"}],"author":"pnud","twitter_card":"summary_large_image","twitter_misc":{"Escrit per":"pnud","Temps estimat de lectura":"3 minuts"},"schema":{"@context":"https:\/\/schema.org","@graph":[{"@type":"Article","@id":"https:\/\/poblenouurbandistrict.com\/visita-lex-designer-project-bar-al-dhub-fins-el-25-dagost\/#article","isPartOf":{"@id":"https:\/\/poblenouurbandistrict.com\/visita-lex-designer-project-bar-al-dhub-fins-el-25-dagost\/"},"author":{"name":"pnud","@id":"https:\/\/poblenouurbandistrict.com\/#\/schema\/person\/980a2cf34b399d5218205730acd54a7e"},"headline":"Visita l\u2019Ex-Designer Project Bar al DHub fins al 25 d\u2019agost","datePublished":"2024-07-18T11:48:49+00:00","dateModified":"2024-07-18T15:28:16+00:00","mainEntityOfPage":{"@id":"https:\/\/poblenouurbandistrict.com\/visita-lex-designer-project-bar-al-dhub-fins-el-25-dagost\/"},"wordCount":817,"image":{"@id":"https:\/\/poblenouurbandistrict.com\/visita-lex-designer-project-bar-al-dhub-fins-el-25-dagost\/#primaryimage"},"thumbnailUrl":"https:\/\/media.poblenouurbandistrict.com\/2024\/07\/25074623\/ex-designer-web-1-e1721303431924.png","articleSection":["Arquitectura","Disseny"],"inLanguage":"ca"},{"@type":"WebPage","@id":"https:\/\/poblenouurbandistrict.com\/ca\/visita-lex-designer-project-bar-al-dhub-fins-el-25-dagost\/","url":"https:\/\/poblenouurbandistrict.com\/ca\/visita-lex-designer-project-bar-al-dhub-fins-el-25-dagost\/","name":"Visita l\u2019Ex-Designer Project Bar al DHub fins al 25 d\u2019agost &#8211; Poblenou Urban District","isPartOf":{"@id":"https:\/\/poblenouurbandistrict.com\/ca\/#website"},"primaryImageOfPage":{"@id":"https:\/\/poblenouurbandistrict.com\/ca\/visita-lex-designer-project-bar-al-dhub-fins-el-25-dagost\/#primaryimage"},"image":{"@id":"https:\/\/poblenouurbandistrict.com\/visita-lex-designer-project-bar-al-dhub-fins-el-25-dagost\/#primaryimage"},"thumbnailUrl":"https:\/\/media.poblenouurbandistrict.com\/2024\/07\/25074623\/ex-designer-web-1-e1721303431924.png","datePublished":"2024-07-18T11:48:49+00:00","dateModified":"2024-07-18T15:28:16+00:00","author":{"@id":"https:\/\/poblenouurbandistrict.com\/#\/schema\/person\/980a2cf34b399d5218205730acd54a7e"},"breadcrumb":{"@id":"https:\/\/poblenouurbandistrict.com\/ca\/visita-lex-designer-project-bar-al-dhub-fins-el-25-dagost\/#breadcrumb"},"inLanguage":"ca","potentialAction":[{"@type":"ReadAction","target":[["https:\/\/poblenouurbandistrict.com\/ca\/visita-lex-designer-project-bar-al-dhub-fins-el-25-dagost\/"]]}]},{"@type":"ImageObject","inLanguage":"ca","@id":"https:\/\/poblenouurbandistrict.com\/ca\/visita-lex-designer-project-bar-al-dhub-fins-el-25-dagost\/#primaryimage","url":"https:\/\/media.poblenouurbandistrict.com\/2024\/07\/25074623\/ex-designer-web-1-e1721303431924.png","contentUrl":"https:\/\/media.poblenouurbandistrict.com\/2024\/07\/25074623\/ex-designer-web-1-e1721303431924.png","width":936,"height":628},{"@type":"BreadcrumbList","@id":"https:\/\/poblenouurbandistrict.com\/ca\/visita-lex-designer-project-bar-al-dhub-fins-el-25-dagost\/#breadcrumb","itemListElement":[{"@type":"ListItem","position":1,"name":"Home","item":"https:\/\/poblenouurbandistrict.com\/ca\/"},{"@type":"ListItem","position":2,"name":"Visita l\u2019Ex-Designer Project Bar al DHub fins al 25 d\u2019agost"}]},{"@type":"WebSite","@id":"https:\/\/poblenouurbandistrict.com\/ca\/#website","url":"https:\/\/poblenouurbandistrict.com\/ca\/","name":"Poblenou Urban District","description":"Comunitat Creativa","potentialAction":[{"@type":"SearchAction","target":{"@type":"EntryPoint","urlTemplate":"https:\/\/poblenouurbandistrict.com\/ca\/?s={search_term_string}"},"query-input":{"@type":"PropertyValueSpecification","valueRequired":true,"valueName":"search_term_string"}}],"inLanguage":"ca"},{"@type":"Person","@id":"https:\/\/poblenouurbandistrict.com\/#\/schema\/person\/980a2cf34b399d5218205730acd54a7e","name":"pnud","image":{"@type":"ImageObject","inLanguage":"ca","@id":"https:\/\/secure.gravatar.com\/avatar\/67146597b405ee077a24e519f75c3e2031736596d6ce35af3a34c122c93d0d7b?s=96&d=retro&r=g","url":"https:\/\/secure.gravatar.com\/avatar\/67146597b405ee077a24e519f75c3e2031736596d6ce35af3a34c122c93d0d7b?s=96&d=retro&r=g","contentUrl":"https:\/\/secure.gravatar.com\/avatar\/67146597b405ee077a24e519f75c3e2031736596d6ce35af3a34c122c93d0d7b?s=96&d=retro&r=g","caption":"pnud"}}]}},"_links":{"self":[{"href":"https:\/\/poblenouurbandistrict.com\/ca\/wp-json\/wp\/v2\/posts\/46489","targetHints":{"allow":["GET"]}}],"collection":[{"href":"https:\/\/poblenouurbandistrict.com\/ca\/wp-json\/wp\/v2\/posts"}],"about":[{"href":"https:\/\/poblenouurbandistrict.com\/ca\/wp-json\/wp\/v2\/types\/post"}],"author":[{"embeddable":true,"href":"https:\/\/poblenouurbandistrict.com\/ca\/wp-json\/wp\/v2\/users\/5"}],"replies":[{"embeddable":true,"href":"https:\/\/poblenouurbandistrict.com\/ca\/wp-json\/wp\/v2\/comments?post=46489"}],"version-history":[{"count":2,"href":"https:\/\/poblenouurbandistrict.com\/ca\/wp-json\/wp\/v2\/posts\/46489\/revisions"}],"predecessor-version":[{"id":46508,"href":"https:\/\/poblenouurbandistrict.com\/ca\/wp-json\/wp\/v2\/posts\/46489\/revisions\/46508"}],"wp:featuredmedia":[{"embeddable":true,"href":"https:\/\/poblenouurbandistrict.com\/ca\/wp-json\/wp\/v2\/media\/46492"}],"wp:attachment":[{"href":"https:\/\/poblenouurbandistrict.com\/ca\/wp-json\/wp\/v2\/media?parent=46489"}],"wp:term":[{"taxonomy":"category","embeddable":true,"href":"https:\/\/poblenouurbandistrict.com\/ca\/wp-json\/wp\/v2\/categories?post=46489"},{"taxonomy":"post_tag","embeddable":true,"href":"https:\/\/poblenouurbandistrict.com\/ca\/wp-json\/wp\/v2\/tags?post=46489"}],"curies":[{"name":"wp","href":"https:\/\/api.w.org\/{rel}","templated":true}]}}