{"id":46515,"date":"2024-07-25T11:15:27","date_gmt":"2024-07-25T09:15:27","guid":{"rendered":"https:\/\/poblenouurbandistrict.com\/?p=46515"},"modified":"2024-07-25T18:44:34","modified_gmt":"2024-07-25T16:44:34","slug":"van-van-var-anuncia-els-seus-dos-ultims-pop-ups-de-la-temporada-abans-de-marxar-de-vacances","status":"publish","type":"post","link":"https:\/\/poblenouurbandistrict.com\/ca\/van-van-var-anuncia-els-seus-dos-ultims-pop-ups-de-la-temporada-abans-de-marxar-de-vacances\/","title":{"rendered":"Van Van Var anuncia els seus dos \u00faltims pop ups de la temporada abans de marxar de vacances!"},"content":{"rendered":"<p><span style=\"font-weight: 400;\">Del dia 26 al 28 de juliol <a href=\"https:\/\/www.instagram.com\/osaka_bang\/\"><strong>Osaka<\/strong><\/a> prendr\u00e0 les regnes de l&#8217;espai amb la seva cuina arribada directament d&#8217;Austr\u00e0lia i Jap\u00f3. Takoyakis, okonomiyakis i altres propostes d&#8217;aut\u00e8ntica cuina japonesa \u00e9s el que ens dur\u00e0 la Jasmine, australiana formada en cuina japonesa a Osaka i vinguda a Barcelona per delectar-nos a tots amb el seu coneixement.<\/span><\/p>\n<p><span style=\"font-weight: 400;\">Per tancar la temporada, els dies 2, 3 i 4 d&#8217;agost <strong>La Gustadera<\/strong> tornar\u00e0 al Var amb la seva proposta de cuina elevada, fusionada i creativa pensada pels paladars m\u00e9s multiculturals d\u2019aquesta ciutat.\u00a0<\/span><\/p>\n<p><span style=\"font-weight: 400;\">Si t&#8217;agraden els tacos, aquest \u00e9s sens dubte el pop up al que has d&#8217;anar!<\/span><\/p>","protected":false},"excerpt":{"rendered":"<p>Del dia 26 al 28 de juliol Osaka prendr\u00e0 les regnes de l&#8217;espai amb la seva cuina arribada directament d&#8217;Austr\u00e0lia&#8230; <a href=\"https:\/\/poblenouurbandistrict.com\/ca\/van-van-var-anuncia-els-seus-dos-ultims-pop-ups-de-la-temporada-abans-de-marxar-de-vacances\/\">M\u00e9s  \u2192<\/a><\/p>\n","protected":false},"author":5,"featured_media":46516,"comment_status":"closed","ping_status":"closed","sticky":false,"template":"","format":"standard","meta":{"_acf_changed":false,"footnotes":""},"categories":[3353],"tags":[],"class_list":["post-46515","post","type-post","status-publish","format-standard","has-post-thumbnail","hentry","category-gastronomia"],"acf":[],"yoast_head":"<!-- This site is optimized with the Yoast SEO plugin v27.4 - https:\/\/yoast.com\/product\/yoast-seo-wordpress\/ -->\n<title>Van Van Var anuncia els seus dos \u00faltims pop ups de la temporada abans de marxar de vacances! &#8211; Poblenou Urban District<\/title>\n<meta name=\"robots\" content=\"index, follow, max-snippet:-1, max-image-preview:large, max-video-preview:-1\" \/>\n<link rel=\"canonical\" href=\"https:\/\/poblenouurbandistrict.com\/ca\/van-van-var-anuncia-els-seus-dos-ultims-pop-ups-de-la-temporada-abans-de-marxar-de-vacances\/\" \/>\n<meta property=\"og:locale\" content=\"ca_ES\" \/>\n<meta property=\"og:type\" content=\"article\" \/>\n<meta property=\"og:title\" content=\"Van Van Var anuncia els seus dos \u00faltims pop ups de la temporada abans de marxar de vacances! &#8211; Poblenou Urban District\" \/>\n<meta property=\"og:description\" content=\"Del dia 26 al 28 de juliol Osaka prendr\u00e0 les regnes de l&#8217;espai amb la seva cuina arribada directament d&#8217;Austr\u00e0lia... M\u00e9s \u2192\" \/>\n<meta property=\"og:url\" content=\"https:\/\/poblenouurbandistrict.com\/ca\/van-van-var-anuncia-els-seus-dos-ultims-pop-ups-de-la-temporada-abans-de-marxar-de-vacances\/\" \/>\n<meta property=\"og:site_name\" content=\"Poblenou Urban District\" \/>\n<meta property=\"article:published_time\" content=\"2024-07-25T09:15:27+00:00\" \/>\n<meta property=\"article:modified_time\" content=\"2024-07-25T16:44:34+00:00\" \/>\n<meta property=\"og:image\" content=\"https:\/\/poblenouurbandistrict.com\/wp-content\/uploads\/2024\/07\/img-1547-e1721925854923.jpg\" \/>\n\t<meta property=\"og:image:width\" content=\"2048\" \/>\n\t<meta property=\"og:image:height\" content=\"2026\" \/>\n\t<meta property=\"og:image:type\" content=\"image\/jpeg\" \/>\n<meta name=\"author\" content=\"pnud\" \/>\n<meta name=\"twitter:card\" content=\"summary_large_image\" \/>\n<meta name=\"twitter:label1\" content=\"Escrit per\" \/>\n\t<meta name=\"twitter:data1\" content=\"pnud\" \/>\n\t<meta name=\"twitter:label2\" content=\"Temps estimat de lectura\" \/>\n\t<meta name=\"twitter:data2\" content=\"1 minut\" \/>\n<script type=\"application\/ld+json\" class=\"yoast-schema-graph\">{\"@context\":\"https:\\\/\\\/schema.org\",\"@graph\":[{\"@type\":\"Article\",\"@id\":\"https:\\\/\\\/poblenouurbandistrict.com\\\/van-van-var-anuncia-els-seus-dos-ultims-pop-ups-de-la-temporada-abans-de-marxar-de-vacances\\\/#article\",\"isPartOf\":{\"@id\":\"https:\\\/\\\/poblenouurbandistrict.com\\\/van-van-var-anuncia-els-seus-dos-ultims-pop-ups-de-la-temporada-abans-de-marxar-de-vacances\\\/\"},\"author\":{\"name\":\"pnud\",\"@id\":\"https:\\\/\\\/poblenouurbandistrict.com\\\/#\\\/schema\\\/person\\\/980a2cf34b399d5218205730acd54a7e\"},\"headline\":\"Van Van Var anuncia els seus dos \u00faltims pop ups de la temporada abans de marxar de vacances!\",\"datePublished\":\"2024-07-25T09:15:27+00:00\",\"dateModified\":\"2024-07-25T16:44:34+00:00\",\"mainEntityOfPage\":{\"@id\":\"https:\\\/\\\/poblenouurbandistrict.com\\\/van-van-var-anuncia-els-seus-dos-ultims-pop-ups-de-la-temporada-abans-de-marxar-de-vacances\\\/\"},\"wordCount\":255,\"image\":{\"@id\":\"https:\\\/\\\/poblenouurbandistrict.com\\\/van-van-var-anuncia-els-seus-dos-ultims-pop-ups-de-la-temporada-abans-de-marxar-de-vacances\\\/#primaryimage\"},\"thumbnailUrl\":\"https:\\\/\\\/media.poblenouurbandistrict.com\\\/2024\\\/07\\\/25074650\\\/img-1547-e1721925854923.jpg\",\"articleSection\":[\"Gastronomia\"],\"inLanguage\":\"ca\"},{\"@type\":\"WebPage\",\"@id\":\"https:\\\/\\\/poblenouurbandistrict.com\\\/ca\\\/van-van-var-anuncia-els-seus-dos-ultims-pop-ups-de-la-temporada-abans-de-marxar-de-vacances\\\/\",\"url\":\"https:\\\/\\\/poblenouurbandistrict.com\\\/ca\\\/van-van-var-anuncia-els-seus-dos-ultims-pop-ups-de-la-temporada-abans-de-marxar-de-vacances\\\/\",\"name\":\"Van Van Var anuncia els seus dos \u00faltims pop ups de la temporada abans de marxar de vacances! &#8211; Poblenou Urban District\",\"isPartOf\":{\"@id\":\"https:\\\/\\\/poblenouurbandistrict.com\\\/ca\\\/#website\"},\"primaryImageOfPage\":{\"@id\":\"https:\\\/\\\/poblenouurbandistrict.com\\\/ca\\\/van-van-var-anuncia-els-seus-dos-ultims-pop-ups-de-la-temporada-abans-de-marxar-de-vacances\\\/#primaryimage\"},\"image\":{\"@id\":\"https:\\\/\\\/poblenouurbandistrict.com\\\/van-van-var-anuncia-els-seus-dos-ultims-pop-ups-de-la-temporada-abans-de-marxar-de-vacances\\\/#primaryimage\"},\"thumbnailUrl\":\"https:\\\/\\\/media.poblenouurbandistrict.com\\\/2024\\\/07\\\/25074650\\\/img-1547-e1721925854923.jpg\",\"datePublished\":\"2024-07-25T09:15:27+00:00\",\"dateModified\":\"2024-07-25T16:44:34+00:00\",\"author\":{\"@id\":\"https:\\\/\\\/poblenouurbandistrict.com\\\/#\\\/schema\\\/person\\\/980a2cf34b399d5218205730acd54a7e\"},\"breadcrumb\":{\"@id\":\"https:\\\/\\\/poblenouurbandistrict.com\\\/ca\\\/van-van-var-anuncia-els-seus-dos-ultims-pop-ups-de-la-temporada-abans-de-marxar-de-vacances\\\/#breadcrumb\"},\"inLanguage\":\"ca\",\"potentialAction\":[{\"@type\":\"ReadAction\",\"target\":[[\"https:\\\/\\\/poblenouurbandistrict.com\\\/ca\\\/van-van-var-anuncia-els-seus-dos-ultims-pop-ups-de-la-temporada-abans-de-marxar-de-vacances\\\/\"]]}]},{\"@type\":\"ImageObject\",\"inLanguage\":\"ca\",\"@id\":\"https:\\\/\\\/poblenouurbandistrict.com\\\/ca\\\/van-van-var-anuncia-els-seus-dos-ultims-pop-ups-de-la-temporada-abans-de-marxar-de-vacances\\\/#primaryimage\",\"url\":\"https:\\\/\\\/media.poblenouurbandistrict.com\\\/2024\\\/07\\\/25074650\\\/img-1547-e1721925854923.jpg\",\"contentUrl\":\"https:\\\/\\\/media.poblenouurbandistrict.com\\\/2024\\\/07\\\/25074650\\\/img-1547-e1721925854923.jpg\",\"width\":2048,\"height\":2026},{\"@type\":\"BreadcrumbList\",\"@id\":\"https:\\\/\\\/poblenouurbandistrict.com\\\/ca\\\/van-van-var-anuncia-els-seus-dos-ultims-pop-ups-de-la-temporada-abans-de-marxar-de-vacances\\\/#breadcrumb\",\"itemListElement\":[{\"@type\":\"ListItem\",\"position\":1,\"name\":\"Home\",\"item\":\"https:\\\/\\\/poblenouurbandistrict.com\\\/ca\\\/\"},{\"@type\":\"ListItem\",\"position\":2,\"name\":\"Van Van Var anuncia els seus dos \u00faltims pop ups de la temporada abans de marxar de vacances!\"}]},{\"@type\":\"WebSite\",\"@id\":\"https:\\\/\\\/poblenouurbandistrict.com\\\/ca\\\/#website\",\"url\":\"https:\\\/\\\/poblenouurbandistrict.com\\\/ca\\\/\",\"name\":\"Poblenou Urban District\",\"description\":\"Comunitat Creativa\",\"potentialAction\":[{\"@type\":\"SearchAction\",\"target\":{\"@type\":\"EntryPoint\",\"urlTemplate\":\"https:\\\/\\\/poblenouurbandistrict.com\\\/ca\\\/?s={search_term_string}\"},\"query-input\":{\"@type\":\"PropertyValueSpecification\",\"valueRequired\":true,\"valueName\":\"search_term_string\"}}],\"inLanguage\":\"ca\"},{\"@type\":\"Person\",\"@id\":\"https:\\\/\\\/poblenouurbandistrict.com\\\/#\\\/schema\\\/person\\\/980a2cf34b399d5218205730acd54a7e\",\"name\":\"pnud\",\"image\":{\"@type\":\"ImageObject\",\"inLanguage\":\"ca\",\"@id\":\"https:\\\/\\\/secure.gravatar.com\\\/avatar\\\/67146597b405ee077a24e519f75c3e2031736596d6ce35af3a34c122c93d0d7b?s=96&d=retro&r=g\",\"url\":\"https:\\\/\\\/secure.gravatar.com\\\/avatar\\\/67146597b405ee077a24e519f75c3e2031736596d6ce35af3a34c122c93d0d7b?s=96&d=retro&r=g\",\"contentUrl\":\"https:\\\/\\\/secure.gravatar.com\\\/avatar\\\/67146597b405ee077a24e519f75c3e2031736596d6ce35af3a34c122c93d0d7b?s=96&d=retro&r=g\",\"caption\":\"pnud\"}}]}<\/script>\n<!-- \/ Yoast SEO plugin. -->","yoast_head_json":{"title":"Van Van Var anuncia els seus dos \u00faltims pop ups de la temporada abans de marxar de vacances! &#8211; Poblenou Urban District","robots":{"index":"index","follow":"follow","max-snippet":"max-snippet:-1","max-image-preview":"max-image-preview:large","max-video-preview":"max-video-preview:-1"},"canonical":"https:\/\/poblenouurbandistrict.com\/ca\/van-van-var-anuncia-els-seus-dos-ultims-pop-ups-de-la-temporada-abans-de-marxar-de-vacances\/","og_locale":"ca_ES","og_type":"article","og_title":"Van Van Var anuncia els seus dos \u00faltims pop ups de la temporada abans de marxar de vacances! &#8211; Poblenou Urban District","og_description":"Del dia 26 al 28 de juliol Osaka prendr\u00e0 les regnes de l&#8217;espai amb la seva cuina arribada directament d&#8217;Austr\u00e0lia... M\u00e9s \u2192","og_url":"https:\/\/poblenouurbandistrict.com\/ca\/van-van-var-anuncia-els-seus-dos-ultims-pop-ups-de-la-temporada-abans-de-marxar-de-vacances\/","og_site_name":"Poblenou Urban District","article_published_time":"2024-07-25T09:15:27+00:00","article_modified_time":"2024-07-25T16:44:34+00:00","og_image":[{"width":2048,"height":2026,"url":"https:\/\/poblenouurbandistrict.com\/wp-content\/uploads\/2024\/07\/img-1547-e1721925854923.jpg","type":"image\/jpeg"}],"author":"pnud","twitter_card":"summary_large_image","twitter_misc":{"Escrit per":"pnud","Temps estimat de lectura":"1 minut"},"schema":{"@context":"https:\/\/schema.org","@graph":[{"@type":"Article","@id":"https:\/\/poblenouurbandistrict.com\/van-van-var-anuncia-els-seus-dos-ultims-pop-ups-de-la-temporada-abans-de-marxar-de-vacances\/#article","isPartOf":{"@id":"https:\/\/poblenouurbandistrict.com\/van-van-var-anuncia-els-seus-dos-ultims-pop-ups-de-la-temporada-abans-de-marxar-de-vacances\/"},"author":{"name":"pnud","@id":"https:\/\/poblenouurbandistrict.com\/#\/schema\/person\/980a2cf34b399d5218205730acd54a7e"},"headline":"Van Van Var anuncia els seus dos \u00faltims pop ups de la temporada abans de marxar de vacances!","datePublished":"2024-07-25T09:15:27+00:00","dateModified":"2024-07-25T16:44:34+00:00","mainEntityOfPage":{"@id":"https:\/\/poblenouurbandistrict.com\/van-van-var-anuncia-els-seus-dos-ultims-pop-ups-de-la-temporada-abans-de-marxar-de-vacances\/"},"wordCount":255,"image":{"@id":"https:\/\/poblenouurbandistrict.com\/van-van-var-anuncia-els-seus-dos-ultims-pop-ups-de-la-temporada-abans-de-marxar-de-vacances\/#primaryimage"},"thumbnailUrl":"https:\/\/media.poblenouurbandistrict.com\/2024\/07\/25074650\/img-1547-e1721925854923.jpg","articleSection":["Gastronomia"],"inLanguage":"ca"},{"@type":"WebPage","@id":"https:\/\/poblenouurbandistrict.com\/ca\/van-van-var-anuncia-els-seus-dos-ultims-pop-ups-de-la-temporada-abans-de-marxar-de-vacances\/","url":"https:\/\/poblenouurbandistrict.com\/ca\/van-van-var-anuncia-els-seus-dos-ultims-pop-ups-de-la-temporada-abans-de-marxar-de-vacances\/","name":"Van Van Var anuncia els seus dos \u00faltims pop ups de la temporada abans de marxar de vacances! &#8211; Poblenou Urban District","isPartOf":{"@id":"https:\/\/poblenouurbandistrict.com\/ca\/#website"},"primaryImageOfPage":{"@id":"https:\/\/poblenouurbandistrict.com\/ca\/van-van-var-anuncia-els-seus-dos-ultims-pop-ups-de-la-temporada-abans-de-marxar-de-vacances\/#primaryimage"},"image":{"@id":"https:\/\/poblenouurbandistrict.com\/van-van-var-anuncia-els-seus-dos-ultims-pop-ups-de-la-temporada-abans-de-marxar-de-vacances\/#primaryimage"},"thumbnailUrl":"https:\/\/media.poblenouurbandistrict.com\/2024\/07\/25074650\/img-1547-e1721925854923.jpg","datePublished":"2024-07-25T09:15:27+00:00","dateModified":"2024-07-25T16:44:34+00:00","author":{"@id":"https:\/\/poblenouurbandistrict.com\/#\/schema\/person\/980a2cf34b399d5218205730acd54a7e"},"breadcrumb":{"@id":"https:\/\/poblenouurbandistrict.com\/ca\/van-van-var-anuncia-els-seus-dos-ultims-pop-ups-de-la-temporada-abans-de-marxar-de-vacances\/#breadcrumb"},"inLanguage":"ca","potentialAction":[{"@type":"ReadAction","target":[["https:\/\/poblenouurbandistrict.com\/ca\/van-van-var-anuncia-els-seus-dos-ultims-pop-ups-de-la-temporada-abans-de-marxar-de-vacances\/"]]}]},{"@type":"ImageObject","inLanguage":"ca","@id":"https:\/\/poblenouurbandistrict.com\/ca\/van-van-var-anuncia-els-seus-dos-ultims-pop-ups-de-la-temporada-abans-de-marxar-de-vacances\/#primaryimage","url":"https:\/\/media.poblenouurbandistrict.com\/2024\/07\/25074650\/img-1547-e1721925854923.jpg","contentUrl":"https:\/\/media.poblenouurbandistrict.com\/2024\/07\/25074650\/img-1547-e1721925854923.jpg","width":2048,"height":2026},{"@type":"BreadcrumbList","@id":"https:\/\/poblenouurbandistrict.com\/ca\/van-van-var-anuncia-els-seus-dos-ultims-pop-ups-de-la-temporada-abans-de-marxar-de-vacances\/#breadcrumb","itemListElement":[{"@type":"ListItem","position":1,"name":"Home","item":"https:\/\/poblenouurbandistrict.com\/ca\/"},{"@type":"ListItem","position":2,"name":"Van Van Var anuncia els seus dos \u00faltims pop ups de la temporada abans de marxar de vacances!"}]},{"@type":"WebSite","@id":"https:\/\/poblenouurbandistrict.com\/ca\/#website","url":"https:\/\/poblenouurbandistrict.com\/ca\/","name":"Poblenou Urban District","description":"Comunitat Creativa","potentialAction":[{"@type":"SearchAction","target":{"@type":"EntryPoint","urlTemplate":"https:\/\/poblenouurbandistrict.com\/ca\/?s={search_term_string}"},"query-input":{"@type":"PropertyValueSpecification","valueRequired":true,"valueName":"search_term_string"}}],"inLanguage":"ca"},{"@type":"Person","@id":"https:\/\/poblenouurbandistrict.com\/#\/schema\/person\/980a2cf34b399d5218205730acd54a7e","name":"pnud","image":{"@type":"ImageObject","inLanguage":"ca","@id":"https:\/\/secure.gravatar.com\/avatar\/67146597b405ee077a24e519f75c3e2031736596d6ce35af3a34c122c93d0d7b?s=96&d=retro&r=g","url":"https:\/\/secure.gravatar.com\/avatar\/67146597b405ee077a24e519f75c3e2031736596d6ce35af3a34c122c93d0d7b?s=96&d=retro&r=g","contentUrl":"https:\/\/secure.gravatar.com\/avatar\/67146597b405ee077a24e519f75c3e2031736596d6ce35af3a34c122c93d0d7b?s=96&d=retro&r=g","caption":"pnud"}}]}},"_links":{"self":[{"href":"https:\/\/poblenouurbandistrict.com\/ca\/wp-json\/wp\/v2\/posts\/46515","targetHints":{"allow":["GET"]}}],"collection":[{"href":"https:\/\/poblenouurbandistrict.com\/ca\/wp-json\/wp\/v2\/posts"}],"about":[{"href":"https:\/\/poblenouurbandistrict.com\/ca\/wp-json\/wp\/v2\/types\/post"}],"author":[{"embeddable":true,"href":"https:\/\/poblenouurbandistrict.com\/ca\/wp-json\/wp\/v2\/users\/5"}],"replies":[{"embeddable":true,"href":"https:\/\/poblenouurbandistrict.com\/ca\/wp-json\/wp\/v2\/comments?post=46515"}],"version-history":[{"count":2,"href":"https:\/\/poblenouurbandistrict.com\/ca\/wp-json\/wp\/v2\/posts\/46515\/revisions"}],"predecessor-version":[{"id":46521,"href":"https:\/\/poblenouurbandistrict.com\/ca\/wp-json\/wp\/v2\/posts\/46515\/revisions\/46521"}],"wp:featuredmedia":[{"embeddable":true,"href":"https:\/\/poblenouurbandistrict.com\/ca\/wp-json\/wp\/v2\/media\/46516"}],"wp:attachment":[{"href":"https:\/\/poblenouurbandistrict.com\/ca\/wp-json\/wp\/v2\/media?parent=46515"}],"wp:term":[{"taxonomy":"category","embeddable":true,"href":"https:\/\/poblenouurbandistrict.com\/ca\/wp-json\/wp\/v2\/categories?post=46515"},{"taxonomy":"post_tag","embeddable":true,"href":"https:\/\/poblenouurbandistrict.com\/ca\/wp-json\/wp\/v2\/tags?post=46515"}],"curies":[{"name":"wp","href":"https:\/\/api.w.org\/{rel}","templated":true}]}}