{"id":47026,"date":"2024-09-25T13:58:48","date_gmt":"2024-09-25T11:58:48","guid":{"rendered":"https:\/\/poblenouurbandistrict.com\/?p=47026"},"modified":"2024-09-26T19:49:31","modified_gmt":"2024-09-26T17:49:31","slug":"marato-del-dhub-2024","status":"publish","type":"post","link":"https:\/\/poblenouurbandistrict.com\/ca\/marato-del-dhub-2024\/","title":{"rendered":"Arriba la Marat\u00f3 del DHub 2024"},"content":{"rendered":"<p><\/p>\n<div class=\"body\">\n<p>El tret de sortida del DHub a aquesta tardor el donar\u00e0 la <strong>Marat\u00f3 del DHub<\/strong>, una festa amb la qual l\u2019equipament obre un curs especialment intens. M\u00e9s enll\u00e0 de la dimensi\u00f3 festiva, la jornada, que s\u2019allargar\u00e0 des de les 12,00h fins a les 20,00h, ser\u00e0 un moment \u00fanic de <strong>concentraci\u00f3 creativa<\/strong> i de <strong>generaci\u00f3 de noves idees i discursos<\/strong>. A m\u00e9s, servir\u00e0 com a <strong>presa de temperatura a les comunitats creatives<\/strong> de Barcelona i revelar\u00e0 una foto generacional del talent que es mou al voltant del disseny a la ciutat.<\/p>\n<\/div>\n<div>\n<p>En aquesta edici\u00f3, hi participaran fins a <strong>28 ponents<\/strong>, entre els quals hi ha <strong>dissenyadors, arquitectes, tecn\u00f2legs, activistes, creatius i artistes<\/strong> que treballen a Barcelona i per tot el m\u00f3n. En definitiva, una gran constel\u00b7laci\u00f3 de comunitats que tenen en el DHub el seu punt de trobada. A trav\u00e9s de les seves aportacions, la cita servir\u00e0 per a reflexionar sobre l\u2019estat del disseny avui dia i sobre com aquest respon als nous reptes socials.<\/p>\n<p>Entre les veus que es podran sentir a la Marat\u00f3 del DHub 2024 hi ha les de <strong>Teresa Estap\u00e9, Alba Barneda (Canada), Ezequiel Pini (SixNFive), Matteo Loglio (OIO), Gabriel Silveira (Progressive International), Saul Baeza (VISIONS BY), Miquel Coulibaly (Comida Codac), Igor Urdampilleta i Aitor Fuentes (Arquitectura-G), Martina Many\u00e0 i Ana Vivero (Tornen les Esquelles), Sergi Arbusa (Penique Productions), Emili Padr\u00f3s i Anna Mir (Emiliana Design), Pablo Barquin i Anna D\u00edaz (Hammil Industries), Tomeu Ramis (<em>Becoming. Architectures for a planet in transition<\/em>), Eva Franch i Gilabert (<em>Parlaments d\u2019aigua: Arquitectures ecosocials projectives<\/em>, projecte seleccionat per representar Catalunya a la 19a edici\u00f3 de la Bienal d\u2019Arquitectura de Ven\u00e8cia), Scott Smith i Susan Smith (Changeist), Lolo (Lolo y Susaku), Miriam Garcia (Landlab), Julia Esqu\u00e9, Rosa Tharrats, Antoni Abad, Joan Llort (Barcelona Supercomputing Centre) o Marc Longar\u00f3n (La Capell)<\/strong>.<\/p>\n<p>El DHub us convida a participar d&#8217;un esdeveniment excepcional per arrencar el curs que \u00e9s tant una\u00a0<strong>celebraci\u00f3 reflexiva com una declaraci\u00f3 col\u00b7lectiva. <\/strong>A m\u00e9s, hi haur\u00e0 servei de canguratge per a nens i nenes de 3 a 14 anys.<\/p>\n<\/div>\n<p><\/p>","protected":false},"excerpt":{"rendered":"<p>El tret de sortida del DHub a aquesta tardor el donar\u00e0 la Marat\u00f3 del DHub, una festa amb la qual&#8230; <a href=\"https:\/\/poblenouurbandistrict.com\/ca\/marato-del-dhub-2024\/\">M\u00e9s  \u2192<\/a><\/p>\n","protected":false},"author":5,"featured_media":570,"comment_status":"closed","ping_status":"closed","sticky":false,"template":"","format":"standard","meta":{"_acf_changed":false,"footnotes":""},"categories":[3342],"tags":[],"class_list":["post-47026","post","type-post","status-publish","format-standard","has-post-thumbnail","hentry","category-art"],"acf":[],"yoast_head":"<!-- This site is optimized with the Yoast SEO plugin v27.5 - https:\/\/yoast.com\/product\/yoast-seo-wordpress\/ -->\n<title>Arriba la Marat\u00f3 del DHub 2024 &#8211; Poblenou Urban District<\/title>\n<meta name=\"robots\" content=\"index, follow, max-snippet:-1, max-image-preview:large, max-video-preview:-1\" \/>\n<link rel=\"canonical\" href=\"https:\/\/poblenouurbandistrict.com\/ca\/marato-del-dhub-2024\/\" \/>\n<meta property=\"og:locale\" content=\"ca_ES\" \/>\n<meta property=\"og:type\" content=\"article\" \/>\n<meta property=\"og:title\" content=\"Arriba la Marat\u00f3 del DHub 2024 &#8211; Poblenou Urban District\" \/>\n<meta property=\"og:description\" content=\"El tret de sortida del DHub a aquesta tardor el donar\u00e0 la Marat\u00f3 del DHub, una festa amb la qual... M\u00e9s \u2192\" \/>\n<meta property=\"og:url\" content=\"https:\/\/poblenouurbandistrict.com\/ca\/marato-del-dhub-2024\/\" \/>\n<meta property=\"og:site_name\" content=\"Poblenou Urban District\" \/>\n<meta property=\"article:published_time\" content=\"2024-09-25T11:58:48+00:00\" \/>\n<meta property=\"article:modified_time\" content=\"2024-09-26T17:49:31+00:00\" \/>\n<meta property=\"og:image\" content=\"https:\/\/poblenouurbandistrict.com\/wp-content\/uploads\/2013\/06\/GRAPADORA-2_.jpg\" \/>\n\t<meta property=\"og:image:width\" content=\"800\" \/>\n\t<meta property=\"og:image:height\" content=\"533\" \/>\n\t<meta property=\"og:image:type\" content=\"image\/jpeg\" \/>\n<meta name=\"author\" content=\"pnud\" \/>\n<meta name=\"twitter:card\" content=\"summary_large_image\" \/>\n<meta name=\"twitter:label1\" content=\"Escrit per\" \/>\n\t<meta name=\"twitter:data1\" content=\"pnud\" \/>\n\t<meta name=\"twitter:label2\" content=\"Temps estimat de lectura\" \/>\n\t<meta name=\"twitter:data2\" content=\"3 minuts\" \/>\n<script type=\"application\/ld+json\" class=\"yoast-schema-graph\">{\"@context\":\"https:\\\/\\\/schema.org\",\"@graph\":[{\"@type\":\"Article\",\"@id\":\"https:\\\/\\\/poblenouurbandistrict.com\\\/marato-del-dhub-2024\\\/#article\",\"isPartOf\":{\"@id\":\"https:\\\/\\\/poblenouurbandistrict.com\\\/marato-del-dhub-2024\\\/\"},\"author\":{\"name\":\"pnud\",\"@id\":\"https:\\\/\\\/poblenouurbandistrict.com\\\/#\\\/schema\\\/person\\\/980a2cf34b399d5218205730acd54a7e\"},\"headline\":\"Arriba la Marat\u00f3 del DHub 2024\",\"datePublished\":\"2024-09-25T11:58:48+00:00\",\"dateModified\":\"2024-09-26T17:49:31+00:00\",\"mainEntityOfPage\":{\"@id\":\"https:\\\/\\\/poblenouurbandistrict.com\\\/marato-del-dhub-2024\\\/\"},\"wordCount\":672,\"image\":{\"@id\":\"https:\\\/\\\/poblenouurbandistrict.com\\\/marato-del-dhub-2024\\\/#primaryimage\"},\"thumbnailUrl\":\"https:\\\/\\\/media.poblenouurbandistrict.com\\\/2013\\\/06\\\/25001124\\\/GRAPADORA-2_.jpg\",\"articleSection\":[\"Art\"],\"inLanguage\":\"ca\"},{\"@type\":\"WebPage\",\"@id\":\"https:\\\/\\\/poblenouurbandistrict.com\\\/ca\\\/marato-del-dhub-2024\\\/\",\"url\":\"https:\\\/\\\/poblenouurbandistrict.com\\\/ca\\\/marato-del-dhub-2024\\\/\",\"name\":\"Arriba la Marat\u00f3 del DHub 2024 &#8211; Poblenou Urban District\",\"isPartOf\":{\"@id\":\"https:\\\/\\\/poblenouurbandistrict.com\\\/ca\\\/#website\"},\"primaryImageOfPage\":{\"@id\":\"https:\\\/\\\/poblenouurbandistrict.com\\\/ca\\\/marato-del-dhub-2024\\\/#primaryimage\"},\"image\":{\"@id\":\"https:\\\/\\\/poblenouurbandistrict.com\\\/marato-del-dhub-2024\\\/#primaryimage\"},\"thumbnailUrl\":\"https:\\\/\\\/media.poblenouurbandistrict.com\\\/2013\\\/06\\\/25001124\\\/GRAPADORA-2_.jpg\",\"datePublished\":\"2024-09-25T11:58:48+00:00\",\"dateModified\":\"2024-09-26T17:49:31+00:00\",\"author\":{\"@id\":\"https:\\\/\\\/poblenouurbandistrict.com\\\/#\\\/schema\\\/person\\\/980a2cf34b399d5218205730acd54a7e\"},\"breadcrumb\":{\"@id\":\"https:\\\/\\\/poblenouurbandistrict.com\\\/ca\\\/marato-del-dhub-2024\\\/#breadcrumb\"},\"inLanguage\":\"ca\",\"potentialAction\":[{\"@type\":\"ReadAction\",\"target\":[[\"https:\\\/\\\/poblenouurbandistrict.com\\\/ca\\\/marato-del-dhub-2024\\\/\"]]}]},{\"@type\":\"ImageObject\",\"inLanguage\":\"ca\",\"@id\":\"https:\\\/\\\/poblenouurbandistrict.com\\\/ca\\\/marato-del-dhub-2024\\\/#primaryimage\",\"url\":\"https:\\\/\\\/media.poblenouurbandistrict.com\\\/2013\\\/06\\\/25001124\\\/GRAPADORA-2_.jpg\",\"contentUrl\":\"https:\\\/\\\/media.poblenouurbandistrict.com\\\/2013\\\/06\\\/25001124\\\/GRAPADORA-2_.jpg\",\"width\":800,\"height\":533},{\"@type\":\"BreadcrumbList\",\"@id\":\"https:\\\/\\\/poblenouurbandistrict.com\\\/ca\\\/marato-del-dhub-2024\\\/#breadcrumb\",\"itemListElement\":[{\"@type\":\"ListItem\",\"position\":1,\"name\":\"Home\",\"item\":\"https:\\\/\\\/poblenouurbandistrict.com\\\/ca\\\/\"},{\"@type\":\"ListItem\",\"position\":2,\"name\":\"Arriba la Marat\u00f3 del DHub 2024\"}]},{\"@type\":\"WebSite\",\"@id\":\"https:\\\/\\\/poblenouurbandistrict.com\\\/ca\\\/#website\",\"url\":\"https:\\\/\\\/poblenouurbandistrict.com\\\/ca\\\/\",\"name\":\"Poblenou Urban District\",\"description\":\"Comunitat Creativa\",\"potentialAction\":[{\"@type\":\"SearchAction\",\"target\":{\"@type\":\"EntryPoint\",\"urlTemplate\":\"https:\\\/\\\/poblenouurbandistrict.com\\\/ca\\\/?s={search_term_string}\"},\"query-input\":{\"@type\":\"PropertyValueSpecification\",\"valueRequired\":true,\"valueName\":\"search_term_string\"}}],\"inLanguage\":\"ca\"},{\"@type\":\"Person\",\"@id\":\"https:\\\/\\\/poblenouurbandistrict.com\\\/#\\\/schema\\\/person\\\/980a2cf34b399d5218205730acd54a7e\",\"name\":\"pnud\",\"image\":{\"@type\":\"ImageObject\",\"inLanguage\":\"ca\",\"@id\":\"https:\\\/\\\/secure.gravatar.com\\\/avatar\\\/67146597b405ee077a24e519f75c3e2031736596d6ce35af3a34c122c93d0d7b?s=96&d=retro&r=g\",\"url\":\"https:\\\/\\\/secure.gravatar.com\\\/avatar\\\/67146597b405ee077a24e519f75c3e2031736596d6ce35af3a34c122c93d0d7b?s=96&d=retro&r=g\",\"contentUrl\":\"https:\\\/\\\/secure.gravatar.com\\\/avatar\\\/67146597b405ee077a24e519f75c3e2031736596d6ce35af3a34c122c93d0d7b?s=96&d=retro&r=g\",\"caption\":\"pnud\"}}]}<\/script>\n<!-- \/ Yoast SEO plugin. -->","yoast_head_json":{"title":"Arriba la Marat\u00f3 del DHub 2024 &#8211; Poblenou Urban District","robots":{"index":"index","follow":"follow","max-snippet":"max-snippet:-1","max-image-preview":"max-image-preview:large","max-video-preview":"max-video-preview:-1"},"canonical":"https:\/\/poblenouurbandistrict.com\/ca\/marato-del-dhub-2024\/","og_locale":"ca_ES","og_type":"article","og_title":"Arriba la Marat\u00f3 del DHub 2024 &#8211; Poblenou Urban District","og_description":"El tret de sortida del DHub a aquesta tardor el donar\u00e0 la Marat\u00f3 del DHub, una festa amb la qual... M\u00e9s \u2192","og_url":"https:\/\/poblenouurbandistrict.com\/ca\/marato-del-dhub-2024\/","og_site_name":"Poblenou Urban District","article_published_time":"2024-09-25T11:58:48+00:00","article_modified_time":"2024-09-26T17:49:31+00:00","og_image":[{"width":800,"height":533,"url":"https:\/\/poblenouurbandistrict.com\/wp-content\/uploads\/2013\/06\/GRAPADORA-2_.jpg","type":"image\/jpeg"}],"author":"pnud","twitter_card":"summary_large_image","twitter_misc":{"Escrit per":"pnud","Temps estimat de lectura":"3 minuts"},"schema":{"@context":"https:\/\/schema.org","@graph":[{"@type":"Article","@id":"https:\/\/poblenouurbandistrict.com\/marato-del-dhub-2024\/#article","isPartOf":{"@id":"https:\/\/poblenouurbandistrict.com\/marato-del-dhub-2024\/"},"author":{"name":"pnud","@id":"https:\/\/poblenouurbandistrict.com\/#\/schema\/person\/980a2cf34b399d5218205730acd54a7e"},"headline":"Arriba la Marat\u00f3 del DHub 2024","datePublished":"2024-09-25T11:58:48+00:00","dateModified":"2024-09-26T17:49:31+00:00","mainEntityOfPage":{"@id":"https:\/\/poblenouurbandistrict.com\/marato-del-dhub-2024\/"},"wordCount":672,"image":{"@id":"https:\/\/poblenouurbandistrict.com\/marato-del-dhub-2024\/#primaryimage"},"thumbnailUrl":"https:\/\/media.poblenouurbandistrict.com\/2013\/06\/25001124\/GRAPADORA-2_.jpg","articleSection":["Art"],"inLanguage":"ca"},{"@type":"WebPage","@id":"https:\/\/poblenouurbandistrict.com\/ca\/marato-del-dhub-2024\/","url":"https:\/\/poblenouurbandistrict.com\/ca\/marato-del-dhub-2024\/","name":"Arriba la Marat\u00f3 del DHub 2024 &#8211; Poblenou Urban District","isPartOf":{"@id":"https:\/\/poblenouurbandistrict.com\/ca\/#website"},"primaryImageOfPage":{"@id":"https:\/\/poblenouurbandistrict.com\/ca\/marato-del-dhub-2024\/#primaryimage"},"image":{"@id":"https:\/\/poblenouurbandistrict.com\/marato-del-dhub-2024\/#primaryimage"},"thumbnailUrl":"https:\/\/media.poblenouurbandistrict.com\/2013\/06\/25001124\/GRAPADORA-2_.jpg","datePublished":"2024-09-25T11:58:48+00:00","dateModified":"2024-09-26T17:49:31+00:00","author":{"@id":"https:\/\/poblenouurbandistrict.com\/#\/schema\/person\/980a2cf34b399d5218205730acd54a7e"},"breadcrumb":{"@id":"https:\/\/poblenouurbandistrict.com\/ca\/marato-del-dhub-2024\/#breadcrumb"},"inLanguage":"ca","potentialAction":[{"@type":"ReadAction","target":[["https:\/\/poblenouurbandistrict.com\/ca\/marato-del-dhub-2024\/"]]}]},{"@type":"ImageObject","inLanguage":"ca","@id":"https:\/\/poblenouurbandistrict.com\/ca\/marato-del-dhub-2024\/#primaryimage","url":"https:\/\/media.poblenouurbandistrict.com\/2013\/06\/25001124\/GRAPADORA-2_.jpg","contentUrl":"https:\/\/media.poblenouurbandistrict.com\/2013\/06\/25001124\/GRAPADORA-2_.jpg","width":800,"height":533},{"@type":"BreadcrumbList","@id":"https:\/\/poblenouurbandistrict.com\/ca\/marato-del-dhub-2024\/#breadcrumb","itemListElement":[{"@type":"ListItem","position":1,"name":"Home","item":"https:\/\/poblenouurbandistrict.com\/ca\/"},{"@type":"ListItem","position":2,"name":"Arriba la Marat\u00f3 del DHub 2024"}]},{"@type":"WebSite","@id":"https:\/\/poblenouurbandistrict.com\/ca\/#website","url":"https:\/\/poblenouurbandistrict.com\/ca\/","name":"Poblenou Urban District","description":"Comunitat Creativa","potentialAction":[{"@type":"SearchAction","target":{"@type":"EntryPoint","urlTemplate":"https:\/\/poblenouurbandistrict.com\/ca\/?s={search_term_string}"},"query-input":{"@type":"PropertyValueSpecification","valueRequired":true,"valueName":"search_term_string"}}],"inLanguage":"ca"},{"@type":"Person","@id":"https:\/\/poblenouurbandistrict.com\/#\/schema\/person\/980a2cf34b399d5218205730acd54a7e","name":"pnud","image":{"@type":"ImageObject","inLanguage":"ca","@id":"https:\/\/secure.gravatar.com\/avatar\/67146597b405ee077a24e519f75c3e2031736596d6ce35af3a34c122c93d0d7b?s=96&d=retro&r=g","url":"https:\/\/secure.gravatar.com\/avatar\/67146597b405ee077a24e519f75c3e2031736596d6ce35af3a34c122c93d0d7b?s=96&d=retro&r=g","contentUrl":"https:\/\/secure.gravatar.com\/avatar\/67146597b405ee077a24e519f75c3e2031736596d6ce35af3a34c122c93d0d7b?s=96&d=retro&r=g","caption":"pnud"}}]}},"_links":{"self":[{"href":"https:\/\/poblenouurbandistrict.com\/ca\/wp-json\/wp\/v2\/posts\/47026","targetHints":{"allow":["GET"]}}],"collection":[{"href":"https:\/\/poblenouurbandistrict.com\/ca\/wp-json\/wp\/v2\/posts"}],"about":[{"href":"https:\/\/poblenouurbandistrict.com\/ca\/wp-json\/wp\/v2\/types\/post"}],"author":[{"embeddable":true,"href":"https:\/\/poblenouurbandistrict.com\/ca\/wp-json\/wp\/v2\/users\/5"}],"replies":[{"embeddable":true,"href":"https:\/\/poblenouurbandistrict.com\/ca\/wp-json\/wp\/v2\/comments?post=47026"}],"version-history":[{"count":5,"href":"https:\/\/poblenouurbandistrict.com\/ca\/wp-json\/wp\/v2\/posts\/47026\/revisions"}],"predecessor-version":[{"id":47074,"href":"https:\/\/poblenouurbandistrict.com\/ca\/wp-json\/wp\/v2\/posts\/47026\/revisions\/47074"}],"wp:featuredmedia":[{"embeddable":true,"href":"https:\/\/poblenouurbandistrict.com\/ca\/wp-json\/wp\/v2\/media\/570"}],"wp:attachment":[{"href":"https:\/\/poblenouurbandistrict.com\/ca\/wp-json\/wp\/v2\/media?parent=47026"}],"wp:term":[{"taxonomy":"category","embeddable":true,"href":"https:\/\/poblenouurbandistrict.com\/ca\/wp-json\/wp\/v2\/categories?post=47026"},{"taxonomy":"post_tag","embeddable":true,"href":"https:\/\/poblenouurbandistrict.com\/ca\/wp-json\/wp\/v2\/tags?post=47026"}],"curies":[{"name":"wp","href":"https:\/\/api.w.org\/{rel}","templated":true}]}}