{"id":47203,"date":"2024-10-03T12:02:32","date_gmt":"2024-10-03T10:02:32","guid":{"rendered":"https:\/\/poblenouurbandistrict.com\/?p=47203"},"modified":"2024-10-03T16:41:59","modified_gmt":"2024-10-03T14:41:59","slug":"exibicion-al-dhub-locea-parla-noves-ecologies-i-noves-economies-del-mar","status":"publish","type":"post","link":"https:\/\/poblenouurbandistrict.com\/ca\/exibicion-al-dhub-locea-parla-noves-ecologies-i-noves-economies-del-mar\/","title":{"rendered":"&#8221;L\u2019Oce\u00e0 parla. Noves ecologies i noves economies del mar&#8221; \u00e9s la nova exposici\u00f3 del DHub Barcelona"},"content":{"rendered":"<p>El Disseny Hub Barcelona presenta una nova exposici\u00f3 temporal \u201cL\u2019oce\u00e0 parla. Noves ecologies i noves economies del mar\u201d, que obrir\u00e0 les portes el 10 d&#8217;octubre i es podr\u00e0 veure fins al 23 de febrer de 2025.<\/p>\n<p>La mostra planteja una reflexi\u00f3 sobre com redissenyar la relaci\u00f3 de Barcelona amb el mar en un context marcat per la crisi clim\u00e0tica. Partint de la capital catalana per\u00f2 amb una mirada global, l\u2019exposici\u00f3 analitza els reptes i els conflictes que hauran d\u2019afrontar en els propers anys les societats costaneres com a conseq\u00fc\u00e8ncia dels efectes de l\u2019escalfament global i la previsible pujada del nivell del mar.<\/p>\n<p>La reflexi\u00f3 s\u2019estableix a partir de projectes locals, nacionals i internacionals que, des d\u2019\u00e0mbits com el disseny, l\u2019urbanisme, l\u2019arquitectura o l\u2019art, retraten els efectes de l\u2019acci\u00f3 humana sobre l\u2019oce\u00e0 i els \u00e9ssers que l\u2019habiten, proposen noves aproximacions envers els ecosistemes marins i reimaginen la relaci\u00f3 dels humans amb aquests.<\/p>\n<p>&#8220;L\u2019oce\u00e0 parla. Noves economies i noves ecologies&#8221;\u00a0est\u00e0 comissariada pel director art\u00edstic del <span class=\"il\">DHub<\/span> i director del Museu del Disseny, Jose Luis de Vicente. Produ\u00efda pel <span class=\"il\">DHub<\/span>\u00a0amb la col\u00b7laboraci\u00f3 de Fundaci\u00f3n Telef\u00f3nica i Manifesta 15.<\/p>\n<p><span style=\"font-weight: 400;\">M\u00e9s informaci\u00f3 <\/span><a href=\"https:\/\/www.dissenyhub.barcelona\/ca\/exposicio\/locea-parla-noves-ecologies-i-noves-economies-del-mar?utm_content=C4506-I40&amp;utm_source=ecoms&amp;utm_medium=email&amp;utm_term=Not%c3%adcia%20Principal-contingut\"><span style=\"font-weight: 400;\">aqu\u00ed<\/span><\/a><span style=\"font-weight: 400;\">.<\/span><\/p>\n<hr \/>\n<p><b>Llegim el Museu | L\u2019oce\u00e0 que ens envolta.<\/b><\/p>\n<p><span style=\"font-weight: 400;\">Dates: \u00daltim dimecres de cada mes (excepte al desembre) de 18:30h a 20h.<\/span><\/p>\n<p><span style=\"font-weight: 400;\">La Biblioteca El Clot-Josep Benet amb la col\u00b7laboraci\u00f3 del DHub, organitza, en el marc de l\u2019exposici\u00f3 <\/span><i><span style=\"font-weight: 400;\">L\u2019oce\u00e0 parla. Noves ecologies i noves economies del mar, <\/span><\/i><span style=\"font-weight: 400;\">un club de lectura per aprofundir en aquests temes. Seguint l\u2019estela de <\/span><i><span style=\"font-weight: 400;\">Moby Dick,<\/span><\/i><span style=\"font-weight: 400;\"> es llegiran escrits sobre els <\/span><b>diferents usos i abusos del mar<\/b><span style=\"font-weight: 400;\">, l\u2019espai de vida m\u00e9s gran conegut, font de recursos i abocador dels nostres residus terrestres.<\/span><\/p>\n<p><span style=\"font-weight: 400;\">M\u00e9s informaci\u00f3 i inscripcions <\/span><a href=\"https:\/\/www.dissenyhub.barcelona\/ca\/activitat\/llegim-el-museu-locea-que-ens-envolta\"><span style=\"font-weight: 400;\">aqu\u00ed<\/span><\/a><span style=\"font-weight: 400;\">.<\/span><\/p>","protected":false},"excerpt":{"rendered":"<p>El Disseny Hub Barcelona presenta una nova exposici\u00f3 temporal \u201cL\u2019oce\u00e0 parla. Noves ecologies i noves economies del mar\u201d, que obrir\u00e0&#8230; <a href=\"https:\/\/poblenouurbandistrict.com\/ca\/exibicion-al-dhub-locea-parla-noves-ecologies-i-noves-economies-del-mar\/\">M\u00e9s  \u2192<\/a><\/p>\n","protected":false},"author":5,"featured_media":47218,"comment_status":"closed","ping_status":"closed","sticky":false,"template":"","format":"standard","meta":{"_acf_changed":false,"footnotes":""},"categories":[1],"tags":[],"class_list":["post-47203","post","type-post","status-publish","format-standard","has-post-thumbnail","hentry","category-noticias"],"acf":[],"yoast_head":"<!-- This site is optimized with the Yoast SEO plugin v27.5 - https:\/\/yoast.com\/product\/yoast-seo-wordpress\/ -->\n<title>&quot;L\u2019Oce\u00e0 parla. Noves ecologies i noves economies del mar&quot; \u00e9s la nova exposici\u00f3 del DHub Barcelona &#8211; Poblenou Urban District<\/title>\n<meta name=\"robots\" content=\"index, follow, max-snippet:-1, max-image-preview:large, max-video-preview:-1\" \/>\n<link rel=\"canonical\" href=\"https:\/\/poblenouurbandistrict.com\/ca\/exibicion-al-dhub-locea-parla-noves-ecologies-i-noves-economies-del-mar\/\" \/>\n<meta property=\"og:locale\" content=\"ca_ES\" \/>\n<meta property=\"og:type\" content=\"article\" \/>\n<meta property=\"og:title\" content=\"&quot;L\u2019Oce\u00e0 parla. Noves ecologies i noves economies del mar&quot; \u00e9s la nova exposici\u00f3 del DHub Barcelona &#8211; Poblenou Urban District\" \/>\n<meta property=\"og:description\" content=\"El Disseny Hub Barcelona presenta una nova exposici\u00f3 temporal \u201cL\u2019oce\u00e0 parla. Noves ecologies i noves economies del mar\u201d, que obrir\u00e0... M\u00e9s \u2192\" \/>\n<meta property=\"og:url\" content=\"https:\/\/poblenouurbandistrict.com\/ca\/exibicion-al-dhub-locea-parla-noves-ecologies-i-noves-economies-del-mar\/\" \/>\n<meta property=\"og:site_name\" content=\"Poblenou Urban District\" \/>\n<meta property=\"article:published_time\" content=\"2024-10-03T10:02:32+00:00\" \/>\n<meta property=\"article:modified_time\" content=\"2024-10-03T14:41:59+00:00\" \/>\n<meta property=\"og:image\" content=\"https:\/\/poblenouurbandistrict.com\/wp-content\/uploads\/2024\/10\/the-great-endeavor-captura27-1.jpg\" \/>\n\t<meta property=\"og:image:width\" content=\"2560\" \/>\n\t<meta property=\"og:image:height\" content=\"1706\" \/>\n\t<meta property=\"og:image:type\" content=\"image\/jpeg\" \/>\n<meta name=\"author\" content=\"pnud\" \/>\n<meta name=\"twitter:card\" content=\"summary_large_image\" \/>\n<meta name=\"twitter:label1\" content=\"Escrit per\" \/>\n\t<meta name=\"twitter:data1\" content=\"pnud\" \/>\n\t<meta name=\"twitter:label2\" content=\"Temps estimat de lectura\" \/>\n\t<meta name=\"twitter:data2\" content=\"2 minuts\" \/>\n<script type=\"application\/ld+json\" class=\"yoast-schema-graph\">{\"@context\":\"https:\\\/\\\/schema.org\",\"@graph\":[{\"@type\":\"Article\",\"@id\":\"https:\\\/\\\/poblenouurbandistrict.com\\\/exibicion-al-dhub-locea-parla-noves-ecologies-i-noves-economies-del-mar\\\/#article\",\"isPartOf\":{\"@id\":\"https:\\\/\\\/poblenouurbandistrict.com\\\/exibicion-al-dhub-locea-parla-noves-ecologies-i-noves-economies-del-mar\\\/\"},\"author\":{\"name\":\"pnud\",\"@id\":\"https:\\\/\\\/poblenouurbandistrict.com\\\/#\\\/schema\\\/person\\\/980a2cf34b399d5218205730acd54a7e\"},\"headline\":\"&#8221;L\u2019Oce\u00e0 parla. Noves ecologies i noves economies del mar&#8221; \u00e9s la nova exposici\u00f3 del DHub Barcelona\",\"datePublished\":\"2024-10-03T10:02:32+00:00\",\"dateModified\":\"2024-10-03T14:41:59+00:00\",\"mainEntityOfPage\":{\"@id\":\"https:\\\/\\\/poblenouurbandistrict.com\\\/exibicion-al-dhub-locea-parla-noves-ecologies-i-noves-economies-del-mar\\\/\"},\"wordCount\":933,\"image\":{\"@id\":\"https:\\\/\\\/poblenouurbandistrict.com\\\/exibicion-al-dhub-locea-parla-noves-ecologies-i-noves-economies-del-mar\\\/#primaryimage\"},\"thumbnailUrl\":\"https:\\\/\\\/media.poblenouurbandistrict.com\\\/2024\\\/10\\\/25075700\\\/the-great-endeavor-captura27-1.jpg\",\"articleSection\":[\"Est\u00e0 passant\"],\"inLanguage\":\"ca\"},{\"@type\":\"WebPage\",\"@id\":\"https:\\\/\\\/poblenouurbandistrict.com\\\/ca\\\/exibicion-al-dhub-locea-parla-noves-ecologies-i-noves-economies-del-mar\\\/\",\"url\":\"https:\\\/\\\/poblenouurbandistrict.com\\\/ca\\\/exibicion-al-dhub-locea-parla-noves-ecologies-i-noves-economies-del-mar\\\/\",\"name\":\"\\\"L\u2019Oce\u00e0 parla. Noves ecologies i noves economies del mar\\\" \u00e9s la nova exposici\u00f3 del DHub Barcelona &#8211; Poblenou Urban District\",\"isPartOf\":{\"@id\":\"https:\\\/\\\/poblenouurbandistrict.com\\\/ca\\\/#website\"},\"primaryImageOfPage\":{\"@id\":\"https:\\\/\\\/poblenouurbandistrict.com\\\/ca\\\/exibicion-al-dhub-locea-parla-noves-ecologies-i-noves-economies-del-mar\\\/#primaryimage\"},\"image\":{\"@id\":\"https:\\\/\\\/poblenouurbandistrict.com\\\/exibicion-al-dhub-locea-parla-noves-ecologies-i-noves-economies-del-mar\\\/#primaryimage\"},\"thumbnailUrl\":\"https:\\\/\\\/media.poblenouurbandistrict.com\\\/2024\\\/10\\\/25075700\\\/the-great-endeavor-captura27-1.jpg\",\"datePublished\":\"2024-10-03T10:02:32+00:00\",\"dateModified\":\"2024-10-03T14:41:59+00:00\",\"author\":{\"@id\":\"https:\\\/\\\/poblenouurbandistrict.com\\\/#\\\/schema\\\/person\\\/980a2cf34b399d5218205730acd54a7e\"},\"breadcrumb\":{\"@id\":\"https:\\\/\\\/poblenouurbandistrict.com\\\/ca\\\/exibicion-al-dhub-locea-parla-noves-ecologies-i-noves-economies-del-mar\\\/#breadcrumb\"},\"inLanguage\":\"ca\",\"potentialAction\":[{\"@type\":\"ReadAction\",\"target\":[[\"https:\\\/\\\/poblenouurbandistrict.com\\\/ca\\\/exibicion-al-dhub-locea-parla-noves-ecologies-i-noves-economies-del-mar\\\/\"]]}]},{\"@type\":\"ImageObject\",\"inLanguage\":\"ca\",\"@id\":\"https:\\\/\\\/poblenouurbandistrict.com\\\/ca\\\/exibicion-al-dhub-locea-parla-noves-ecologies-i-noves-economies-del-mar\\\/#primaryimage\",\"url\":\"https:\\\/\\\/media.poblenouurbandistrict.com\\\/2024\\\/10\\\/25075700\\\/the-great-endeavor-captura27-1.jpg\",\"contentUrl\":\"https:\\\/\\\/media.poblenouurbandistrict.com\\\/2024\\\/10\\\/25075700\\\/the-great-endeavor-captura27-1.jpg\",\"width\":2560,\"height\":1706,\"caption\":\"@JavierArias\"},{\"@type\":\"BreadcrumbList\",\"@id\":\"https:\\\/\\\/poblenouurbandistrict.com\\\/ca\\\/exibicion-al-dhub-locea-parla-noves-ecologies-i-noves-economies-del-mar\\\/#breadcrumb\",\"itemListElement\":[{\"@type\":\"ListItem\",\"position\":1,\"name\":\"Home\",\"item\":\"https:\\\/\\\/poblenouurbandistrict.com\\\/ca\\\/\"},{\"@type\":\"ListItem\",\"position\":2,\"name\":\"&#8220;L\u2019Oce\u00e0 parla. Noves ecologies i noves economies del mar&#8221; \u00e9s la nova exposici\u00f3 del DHub Barcelona\"}]},{\"@type\":\"WebSite\",\"@id\":\"https:\\\/\\\/poblenouurbandistrict.com\\\/ca\\\/#website\",\"url\":\"https:\\\/\\\/poblenouurbandistrict.com\\\/ca\\\/\",\"name\":\"Poblenou Urban District\",\"description\":\"Comunitat Creativa\",\"potentialAction\":[{\"@type\":\"SearchAction\",\"target\":{\"@type\":\"EntryPoint\",\"urlTemplate\":\"https:\\\/\\\/poblenouurbandistrict.com\\\/ca\\\/?s={search_term_string}\"},\"query-input\":{\"@type\":\"PropertyValueSpecification\",\"valueRequired\":true,\"valueName\":\"search_term_string\"}}],\"inLanguage\":\"ca\"},{\"@type\":\"Person\",\"@id\":\"https:\\\/\\\/poblenouurbandistrict.com\\\/#\\\/schema\\\/person\\\/980a2cf34b399d5218205730acd54a7e\",\"name\":\"pnud\",\"image\":{\"@type\":\"ImageObject\",\"inLanguage\":\"ca\",\"@id\":\"https:\\\/\\\/secure.gravatar.com\\\/avatar\\\/67146597b405ee077a24e519f75c3e2031736596d6ce35af3a34c122c93d0d7b?s=96&d=retro&r=g\",\"url\":\"https:\\\/\\\/secure.gravatar.com\\\/avatar\\\/67146597b405ee077a24e519f75c3e2031736596d6ce35af3a34c122c93d0d7b?s=96&d=retro&r=g\",\"contentUrl\":\"https:\\\/\\\/secure.gravatar.com\\\/avatar\\\/67146597b405ee077a24e519f75c3e2031736596d6ce35af3a34c122c93d0d7b?s=96&d=retro&r=g\",\"caption\":\"pnud\"}}]}<\/script>\n<!-- \/ Yoast SEO plugin. -->","yoast_head_json":{"title":"\"L\u2019Oce\u00e0 parla. Noves ecologies i noves economies del mar\" \u00e9s la nova exposici\u00f3 del DHub Barcelona &#8211; Poblenou Urban District","robots":{"index":"index","follow":"follow","max-snippet":"max-snippet:-1","max-image-preview":"max-image-preview:large","max-video-preview":"max-video-preview:-1"},"canonical":"https:\/\/poblenouurbandistrict.com\/ca\/exibicion-al-dhub-locea-parla-noves-ecologies-i-noves-economies-del-mar\/","og_locale":"ca_ES","og_type":"article","og_title":"\"L\u2019Oce\u00e0 parla. Noves ecologies i noves economies del mar\" \u00e9s la nova exposici\u00f3 del DHub Barcelona &#8211; Poblenou Urban District","og_description":"El Disseny Hub Barcelona presenta una nova exposici\u00f3 temporal \u201cL\u2019oce\u00e0 parla. Noves ecologies i noves economies del mar\u201d, que obrir\u00e0... M\u00e9s \u2192","og_url":"https:\/\/poblenouurbandistrict.com\/ca\/exibicion-al-dhub-locea-parla-noves-ecologies-i-noves-economies-del-mar\/","og_site_name":"Poblenou Urban District","article_published_time":"2024-10-03T10:02:32+00:00","article_modified_time":"2024-10-03T14:41:59+00:00","og_image":[{"width":2560,"height":1706,"url":"https:\/\/poblenouurbandistrict.com\/wp-content\/uploads\/2024\/10\/the-great-endeavor-captura27-1.jpg","type":"image\/jpeg"}],"author":"pnud","twitter_card":"summary_large_image","twitter_misc":{"Escrit per":"pnud","Temps estimat de lectura":"2 minuts"},"schema":{"@context":"https:\/\/schema.org","@graph":[{"@type":"Article","@id":"https:\/\/poblenouurbandistrict.com\/exibicion-al-dhub-locea-parla-noves-ecologies-i-noves-economies-del-mar\/#article","isPartOf":{"@id":"https:\/\/poblenouurbandistrict.com\/exibicion-al-dhub-locea-parla-noves-ecologies-i-noves-economies-del-mar\/"},"author":{"name":"pnud","@id":"https:\/\/poblenouurbandistrict.com\/#\/schema\/person\/980a2cf34b399d5218205730acd54a7e"},"headline":"&#8221;L\u2019Oce\u00e0 parla. Noves ecologies i noves economies del mar&#8221; \u00e9s la nova exposici\u00f3 del DHub Barcelona","datePublished":"2024-10-03T10:02:32+00:00","dateModified":"2024-10-03T14:41:59+00:00","mainEntityOfPage":{"@id":"https:\/\/poblenouurbandistrict.com\/exibicion-al-dhub-locea-parla-noves-ecologies-i-noves-economies-del-mar\/"},"wordCount":933,"image":{"@id":"https:\/\/poblenouurbandistrict.com\/exibicion-al-dhub-locea-parla-noves-ecologies-i-noves-economies-del-mar\/#primaryimage"},"thumbnailUrl":"https:\/\/media.poblenouurbandistrict.com\/2024\/10\/25075700\/the-great-endeavor-captura27-1.jpg","articleSection":["Est\u00e0 passant"],"inLanguage":"ca"},{"@type":"WebPage","@id":"https:\/\/poblenouurbandistrict.com\/ca\/exibicion-al-dhub-locea-parla-noves-ecologies-i-noves-economies-del-mar\/","url":"https:\/\/poblenouurbandistrict.com\/ca\/exibicion-al-dhub-locea-parla-noves-ecologies-i-noves-economies-del-mar\/","name":"\"L\u2019Oce\u00e0 parla. Noves ecologies i noves economies del mar\" \u00e9s la nova exposici\u00f3 del DHub Barcelona &#8211; Poblenou Urban District","isPartOf":{"@id":"https:\/\/poblenouurbandistrict.com\/ca\/#website"},"primaryImageOfPage":{"@id":"https:\/\/poblenouurbandistrict.com\/ca\/exibicion-al-dhub-locea-parla-noves-ecologies-i-noves-economies-del-mar\/#primaryimage"},"image":{"@id":"https:\/\/poblenouurbandistrict.com\/exibicion-al-dhub-locea-parla-noves-ecologies-i-noves-economies-del-mar\/#primaryimage"},"thumbnailUrl":"https:\/\/media.poblenouurbandistrict.com\/2024\/10\/25075700\/the-great-endeavor-captura27-1.jpg","datePublished":"2024-10-03T10:02:32+00:00","dateModified":"2024-10-03T14:41:59+00:00","author":{"@id":"https:\/\/poblenouurbandistrict.com\/#\/schema\/person\/980a2cf34b399d5218205730acd54a7e"},"breadcrumb":{"@id":"https:\/\/poblenouurbandistrict.com\/ca\/exibicion-al-dhub-locea-parla-noves-ecologies-i-noves-economies-del-mar\/#breadcrumb"},"inLanguage":"ca","potentialAction":[{"@type":"ReadAction","target":[["https:\/\/poblenouurbandistrict.com\/ca\/exibicion-al-dhub-locea-parla-noves-ecologies-i-noves-economies-del-mar\/"]]}]},{"@type":"ImageObject","inLanguage":"ca","@id":"https:\/\/poblenouurbandistrict.com\/ca\/exibicion-al-dhub-locea-parla-noves-ecologies-i-noves-economies-del-mar\/#primaryimage","url":"https:\/\/media.poblenouurbandistrict.com\/2024\/10\/25075700\/the-great-endeavor-captura27-1.jpg","contentUrl":"https:\/\/media.poblenouurbandistrict.com\/2024\/10\/25075700\/the-great-endeavor-captura27-1.jpg","width":2560,"height":1706,"caption":"@JavierArias"},{"@type":"BreadcrumbList","@id":"https:\/\/poblenouurbandistrict.com\/ca\/exibicion-al-dhub-locea-parla-noves-ecologies-i-noves-economies-del-mar\/#breadcrumb","itemListElement":[{"@type":"ListItem","position":1,"name":"Home","item":"https:\/\/poblenouurbandistrict.com\/ca\/"},{"@type":"ListItem","position":2,"name":"&#8220;L\u2019Oce\u00e0 parla. Noves ecologies i noves economies del mar&#8221; \u00e9s la nova exposici\u00f3 del DHub Barcelona"}]},{"@type":"WebSite","@id":"https:\/\/poblenouurbandistrict.com\/ca\/#website","url":"https:\/\/poblenouurbandistrict.com\/ca\/","name":"Poblenou Urban District","description":"Comunitat Creativa","potentialAction":[{"@type":"SearchAction","target":{"@type":"EntryPoint","urlTemplate":"https:\/\/poblenouurbandistrict.com\/ca\/?s={search_term_string}"},"query-input":{"@type":"PropertyValueSpecification","valueRequired":true,"valueName":"search_term_string"}}],"inLanguage":"ca"},{"@type":"Person","@id":"https:\/\/poblenouurbandistrict.com\/#\/schema\/person\/980a2cf34b399d5218205730acd54a7e","name":"pnud","image":{"@type":"ImageObject","inLanguage":"ca","@id":"https:\/\/secure.gravatar.com\/avatar\/67146597b405ee077a24e519f75c3e2031736596d6ce35af3a34c122c93d0d7b?s=96&d=retro&r=g","url":"https:\/\/secure.gravatar.com\/avatar\/67146597b405ee077a24e519f75c3e2031736596d6ce35af3a34c122c93d0d7b?s=96&d=retro&r=g","contentUrl":"https:\/\/secure.gravatar.com\/avatar\/67146597b405ee077a24e519f75c3e2031736596d6ce35af3a34c122c93d0d7b?s=96&d=retro&r=g","caption":"pnud"}}]}},"_links":{"self":[{"href":"https:\/\/poblenouurbandistrict.com\/ca\/wp-json\/wp\/v2\/posts\/47203","targetHints":{"allow":["GET"]}}],"collection":[{"href":"https:\/\/poblenouurbandistrict.com\/ca\/wp-json\/wp\/v2\/posts"}],"about":[{"href":"https:\/\/poblenouurbandistrict.com\/ca\/wp-json\/wp\/v2\/types\/post"}],"author":[{"embeddable":true,"href":"https:\/\/poblenouurbandistrict.com\/ca\/wp-json\/wp\/v2\/users\/5"}],"replies":[{"embeddable":true,"href":"https:\/\/poblenouurbandistrict.com\/ca\/wp-json\/wp\/v2\/comments?post=47203"}],"version-history":[{"count":3,"href":"https:\/\/poblenouurbandistrict.com\/ca\/wp-json\/wp\/v2\/posts\/47203\/revisions"}],"predecessor-version":[{"id":47220,"href":"https:\/\/poblenouurbandistrict.com\/ca\/wp-json\/wp\/v2\/posts\/47203\/revisions\/47220"}],"wp:featuredmedia":[{"embeddable":true,"href":"https:\/\/poblenouurbandistrict.com\/ca\/wp-json\/wp\/v2\/media\/47218"}],"wp:attachment":[{"href":"https:\/\/poblenouurbandistrict.com\/ca\/wp-json\/wp\/v2\/media?parent=47203"}],"wp:term":[{"taxonomy":"category","embeddable":true,"href":"https:\/\/poblenouurbandistrict.com\/ca\/wp-json\/wp\/v2\/categories?post=47203"},{"taxonomy":"post_tag","embeddable":true,"href":"https:\/\/poblenouurbandistrict.com\/ca\/wp-json\/wp\/v2\/tags?post=47203"}],"curies":[{"name":"wp","href":"https:\/\/api.w.org\/{rel}","templated":true}]}}