{"id":47589,"date":"2024-10-16T16:35:41","date_gmt":"2024-10-16T14:35:41","guid":{"rendered":"https:\/\/poblenouurbandistrict.com\/?p=47589"},"modified":"2024-11-07T17:45:45","modified_gmt":"2024-11-07T16:45:45","slug":"open-call-oberta-la-convocatoria-de-la-6a-edicio-de-loff-llum-bcn-per-a-artistes-multidisciplinaris-que-experimenten-amb-la-llum","status":"publish","type":"post","link":"https:\/\/poblenouurbandistrict.com\/ca\/open-call-oberta-la-convocatoria-de-la-6a-edicio-de-loff-llum-bcn-per-a-artistes-multidisciplinaris-que-experimenten-amb-la-llum\/","title":{"rendered":"OPEN CALL | \u00daltims dies de la convocat\u00f2ria de la 6a edici\u00f3 de l\u2019Off Llum Bcn per a artistes multidisciplinaris que experimenten amb la llum"},"content":{"rendered":"<p><\/p>\n<h3>Qu\u00e8 opines del disseny d&#8217;il\u00b7luminaci\u00f3?<\/h3>\n<p>Obrim una convocat\u00f2ria dirigida a diferents artistes multidisciplinaris que experimenten amb la llum, per a participar en la sisena edici\u00f3 de l\u2019Off Llum Bcn, que se celebrar\u00e0 en el marc del Llum BCN, del 7 al 9 de febrer de 2025.<\/p>\n<p>L\u2019Off Llum Bcn \u00e9s el circuit alternatiu del Llum BCN, ideat i produ\u00eft per Poblenou Urban District, que presenta instal\u00b7lacions lum\u00edniques de diferents formats i centrades en l\u2019art, el disseny i la innovaci\u00f3.<\/p>\n<p>L\u2019objectiu d\u2019aquest circuit Off Llum Bcn, a m\u00e9s de posar el focus en l\u2019art lum\u00ednic, \u00e9s que els visitants descobreixin els espais de creaci\u00f3 que formen part de la comunitat creativa de Poblenou Urban District com, per exemple, Razzmatazz, Indissoluble, The Hoxton Poblenou, Bridge 48, BAU o FX Barcelona Film School que han acollit instal\u00b7lacions en les \u00faltimes edicions.<\/p>\n<p>L&#8217;Off Llum Bcn s&#8217;ha consolidat com una plataforma clau per al llan\u00e7ament d&#8217;artistes en l&#8217;\u00e0mbit de l&#8217;art lum\u00ednic. Aquest circuit alternatiu ha guanyat protagonisme en oferir una oportunitat \u00fanica perqu\u00e8 <em>light designers<\/em> i artistes emergents presentin les seves innovadores propostes al p\u00fablic general i a professionals del sector.<\/p>\n<p>Aquest projecte atrau l&#8217;atenci\u00f3 de curadors i organitzadors d&#8217;esdeveniments lum\u00ednics a nivell global. En la passada edici\u00f3 els projectes exhibits a espais com Razzmatazz i The Hoxton Poblenou han estat escollits per viatjar fins a &#8220;Incandescent&#8221;, el primer festival de la llum i la imatge a Inca.<\/p>\n<p>Des de Poblenou Urban District, animem a tots els i les artistes a donar a con\u00e8ixer el seu treball en una de les dates m\u00e9s importants per les arts lum\u00edniques a Barcelona. Els requisits per participar-hi s\u00f3n emplenar el seg\u00fcent <a href=\"https:\/\/forms.gle\/ynWRL1RoB1y6Z7Xg7\">formulari<\/a>. Troba les bases de la convocat\u00f2ria <a href=\"https:\/\/poblenouurbandistrict.com\/wp-content\/uploads\/2024\/10\/Convocatoria-Off-Llum-Bcn-2025-1.pdf\">en el seg\u00fcent enlla\u00e7.<\/a><\/p>\n<p>La data l\u00edmit per inscriure-s\u2019hi \u00e9s el 10 de novembre a les 23.59h.<\/p>\n<h2 style=\"text-align: center;\"><a href=\"https:\/\/forms.gle\/ynWRL1RoB1y6Z7Xg7\">Formulari d\u2019inscripci\u00f3<\/a><\/h2>\n<p><\/p>","protected":false},"excerpt":{"rendered":"<p>Qu\u00e8 opines del disseny d&#8217;il\u00b7luminaci\u00f3? Obrim una convocat\u00f2ria dirigida a diferents artistes multidisciplinaris que experimenten amb la llum, per a&#8230; <a href=\"https:\/\/poblenouurbandistrict.com\/ca\/open-call-oberta-la-convocatoria-de-la-6a-edicio-de-loff-llum-bcn-per-a-artistes-multidisciplinaris-que-experimenten-amb-la-llum\/\">M\u00e9s  \u2192<\/a><\/p>\n","protected":false},"author":5,"featured_media":47630,"comment_status":"closed","ping_status":"closed","sticky":false,"template":"","format":"standard","meta":{"_acf_changed":false,"footnotes":""},"categories":[3548],"tags":[],"class_list":["post-47589","post","type-post","status-publish","format-standard","has-post-thumbnail","hentry","category-off-llum-bcn"],"acf":[],"yoast_head":"<!-- This site is optimized with the Yoast SEO plugin v27.4 - https:\/\/yoast.com\/product\/yoast-seo-wordpress\/ -->\n<title>OPEN CALL | \u00daltims dies de la convocat\u00f2ria de la 6a edici\u00f3 de l\u2019Off Llum Bcn per a artistes multidisciplinaris que experimenten amb la llum &#8211; Poblenou Urban District<\/title>\n<meta name=\"robots\" content=\"index, follow, max-snippet:-1, max-image-preview:large, max-video-preview:-1\" \/>\n<link rel=\"canonical\" href=\"https:\/\/poblenouurbandistrict.com\/ca\/open-call-oberta-la-convocatoria-de-la-6a-edicio-de-loff-llum-bcn-per-a-artistes-multidisciplinaris-que-experimenten-amb-la-llum\/\" \/>\n<meta property=\"og:locale\" content=\"ca_ES\" \/>\n<meta property=\"og:type\" content=\"article\" \/>\n<meta property=\"og:title\" content=\"OPEN CALL | \u00daltims dies de la convocat\u00f2ria de la 6a edici\u00f3 de l\u2019Off Llum Bcn per a artistes multidisciplinaris que experimenten amb la llum &#8211; Poblenou Urban District\" \/>\n<meta property=\"og:description\" content=\"Qu\u00e8 opines del disseny d&#8217;il\u00b7luminaci\u00f3? Obrim una convocat\u00f2ria dirigida a diferents artistes multidisciplinaris que experimenten amb la llum, per a... M\u00e9s \u2192\" \/>\n<meta property=\"og:url\" content=\"https:\/\/poblenouurbandistrict.com\/ca\/open-call-oberta-la-convocatoria-de-la-6a-edicio-de-loff-llum-bcn-per-a-artistes-multidisciplinaris-que-experimenten-amb-la-llum\/\" \/>\n<meta property=\"og:site_name\" content=\"Poblenou Urban District\" \/>\n<meta property=\"article:published_time\" content=\"2024-10-16T14:35:41+00:00\" \/>\n<meta property=\"article:modified_time\" content=\"2024-11-07T16:45:45+00:00\" \/>\n<meta property=\"og:image\" content=\"https:\/\/poblenouurbandistrict.com\/wp-content\/uploads\/2024\/10\/off-llum-bcn-edit.png\" \/>\n\t<meta property=\"og:image:width\" content=\"2048\" \/>\n\t<meta property=\"og:image:height\" content=\"1365\" \/>\n\t<meta property=\"og:image:type\" content=\"image\/png\" \/>\n<meta name=\"author\" content=\"pnud\" \/>\n<meta name=\"twitter:card\" content=\"summary_large_image\" \/>\n<meta name=\"twitter:label1\" content=\"Escrit per\" \/>\n\t<meta name=\"twitter:data1\" content=\"pnud\" \/>\n\t<meta name=\"twitter:label2\" content=\"Temps estimat de lectura\" \/>\n\t<meta name=\"twitter:data2\" content=\"2 minuts\" \/>\n<script type=\"application\/ld+json\" class=\"yoast-schema-graph\">{\"@context\":\"https:\\\/\\\/schema.org\",\"@graph\":[{\"@type\":\"Article\",\"@id\":\"https:\\\/\\\/poblenouurbandistrict.com\\\/open-call-oberta-la-convocatoria-de-la-6a-edicio-de-loff-llum-bcn-per-a-artistes-multidisciplinaris-que-experimenten-amb-la-llum\\\/#article\",\"isPartOf\":{\"@id\":\"https:\\\/\\\/poblenouurbandistrict.com\\\/open-call-oberta-la-convocatoria-de-la-6a-edicio-de-loff-llum-bcn-per-a-artistes-multidisciplinaris-que-experimenten-amb-la-llum\\\/\"},\"author\":{\"name\":\"pnud\",\"@id\":\"https:\\\/\\\/poblenouurbandistrict.com\\\/#\\\/schema\\\/person\\\/980a2cf34b399d5218205730acd54a7e\"},\"headline\":\"OPEN CALL | \u00daltims dies de la convocat\u00f2ria de la 6a edici\u00f3 de l\u2019Off Llum Bcn per a artistes multidisciplinaris que experimenten amb la llum\",\"datePublished\":\"2024-10-16T14:35:41+00:00\",\"dateModified\":\"2024-11-07T16:45:45+00:00\",\"mainEntityOfPage\":{\"@id\":\"https:\\\/\\\/poblenouurbandistrict.com\\\/open-call-oberta-la-convocatoria-de-la-6a-edicio-de-loff-llum-bcn-per-a-artistes-multidisciplinaris-que-experimenten-amb-la-llum\\\/\"},\"wordCount\":698,\"image\":{\"@id\":\"https:\\\/\\\/poblenouurbandistrict.com\\\/open-call-oberta-la-convocatoria-de-la-6a-edicio-de-loff-llum-bcn-per-a-artistes-multidisciplinaris-que-experimenten-amb-la-llum\\\/#primaryimage\"},\"thumbnailUrl\":\"https:\\\/\\\/media.poblenouurbandistrict.com\\\/2024\\\/10\\\/25080417\\\/off-llum-bcn-edit.png\",\"articleSection\":[\"Off Llum Bcn\"],\"inLanguage\":\"ca\"},{\"@type\":\"WebPage\",\"@id\":\"https:\\\/\\\/poblenouurbandistrict.com\\\/ca\\\/open-call-oberta-la-convocatoria-de-la-6a-edicio-de-loff-llum-bcn-per-a-artistes-multidisciplinaris-que-experimenten-amb-la-llum\\\/\",\"url\":\"https:\\\/\\\/poblenouurbandistrict.com\\\/ca\\\/open-call-oberta-la-convocatoria-de-la-6a-edicio-de-loff-llum-bcn-per-a-artistes-multidisciplinaris-que-experimenten-amb-la-llum\\\/\",\"name\":\"OPEN CALL | \u00daltims dies de la convocat\u00f2ria de la 6a edici\u00f3 de l\u2019Off Llum Bcn per a artistes multidisciplinaris que experimenten amb la llum &#8211; Poblenou Urban District\",\"isPartOf\":{\"@id\":\"https:\\\/\\\/poblenouurbandistrict.com\\\/ca\\\/#website\"},\"primaryImageOfPage\":{\"@id\":\"https:\\\/\\\/poblenouurbandistrict.com\\\/ca\\\/open-call-oberta-la-convocatoria-de-la-6a-edicio-de-loff-llum-bcn-per-a-artistes-multidisciplinaris-que-experimenten-amb-la-llum\\\/#primaryimage\"},\"image\":{\"@id\":\"https:\\\/\\\/poblenouurbandistrict.com\\\/open-call-oberta-la-convocatoria-de-la-6a-edicio-de-loff-llum-bcn-per-a-artistes-multidisciplinaris-que-experimenten-amb-la-llum\\\/#primaryimage\"},\"thumbnailUrl\":\"https:\\\/\\\/media.poblenouurbandistrict.com\\\/2024\\\/10\\\/25080417\\\/off-llum-bcn-edit.png\",\"datePublished\":\"2024-10-16T14:35:41+00:00\",\"dateModified\":\"2024-11-07T16:45:45+00:00\",\"author\":{\"@id\":\"https:\\\/\\\/poblenouurbandistrict.com\\\/#\\\/schema\\\/person\\\/980a2cf34b399d5218205730acd54a7e\"},\"breadcrumb\":{\"@id\":\"https:\\\/\\\/poblenouurbandistrict.com\\\/ca\\\/open-call-oberta-la-convocatoria-de-la-6a-edicio-de-loff-llum-bcn-per-a-artistes-multidisciplinaris-que-experimenten-amb-la-llum\\\/#breadcrumb\"},\"inLanguage\":\"ca\",\"potentialAction\":[{\"@type\":\"ReadAction\",\"target\":[[\"https:\\\/\\\/poblenouurbandistrict.com\\\/ca\\\/open-call-oberta-la-convocatoria-de-la-6a-edicio-de-loff-llum-bcn-per-a-artistes-multidisciplinaris-que-experimenten-amb-la-llum\\\/\"]]}]},{\"@type\":\"ImageObject\",\"inLanguage\":\"ca\",\"@id\":\"https:\\\/\\\/poblenouurbandistrict.com\\\/ca\\\/open-call-oberta-la-convocatoria-de-la-6a-edicio-de-loff-llum-bcn-per-a-artistes-multidisciplinaris-que-experimenten-amb-la-llum\\\/#primaryimage\",\"url\":\"https:\\\/\\\/media.poblenouurbandistrict.com\\\/2024\\\/10\\\/25080417\\\/off-llum-bcn-edit.png\",\"contentUrl\":\"https:\\\/\\\/media.poblenouurbandistrict.com\\\/2024\\\/10\\\/25080417\\\/off-llum-bcn-edit.png\",\"width\":2048,\"height\":1365},{\"@type\":\"BreadcrumbList\",\"@id\":\"https:\\\/\\\/poblenouurbandistrict.com\\\/ca\\\/open-call-oberta-la-convocatoria-de-la-6a-edicio-de-loff-llum-bcn-per-a-artistes-multidisciplinaris-que-experimenten-amb-la-llum\\\/#breadcrumb\",\"itemListElement\":[{\"@type\":\"ListItem\",\"position\":1,\"name\":\"Home\",\"item\":\"https:\\\/\\\/poblenouurbandistrict.com\\\/ca\\\/\"},{\"@type\":\"ListItem\",\"position\":2,\"name\":\"OPEN CALL | \u00daltims dies de la convocat\u00f2ria de la 6a edici\u00f3 de l\u2019Off Llum Bcn per a artistes multidisciplinaris que experimenten amb la llum\"}]},{\"@type\":\"WebSite\",\"@id\":\"https:\\\/\\\/poblenouurbandistrict.com\\\/ca\\\/#website\",\"url\":\"https:\\\/\\\/poblenouurbandistrict.com\\\/ca\\\/\",\"name\":\"Poblenou Urban District\",\"description\":\"Comunitat Creativa\",\"potentialAction\":[{\"@type\":\"SearchAction\",\"target\":{\"@type\":\"EntryPoint\",\"urlTemplate\":\"https:\\\/\\\/poblenouurbandistrict.com\\\/ca\\\/?s={search_term_string}\"},\"query-input\":{\"@type\":\"PropertyValueSpecification\",\"valueRequired\":true,\"valueName\":\"search_term_string\"}}],\"inLanguage\":\"ca\"},{\"@type\":\"Person\",\"@id\":\"https:\\\/\\\/poblenouurbandistrict.com\\\/#\\\/schema\\\/person\\\/980a2cf34b399d5218205730acd54a7e\",\"name\":\"pnud\",\"image\":{\"@type\":\"ImageObject\",\"inLanguage\":\"ca\",\"@id\":\"https:\\\/\\\/secure.gravatar.com\\\/avatar\\\/67146597b405ee077a24e519f75c3e2031736596d6ce35af3a34c122c93d0d7b?s=96&d=retro&r=g\",\"url\":\"https:\\\/\\\/secure.gravatar.com\\\/avatar\\\/67146597b405ee077a24e519f75c3e2031736596d6ce35af3a34c122c93d0d7b?s=96&d=retro&r=g\",\"contentUrl\":\"https:\\\/\\\/secure.gravatar.com\\\/avatar\\\/67146597b405ee077a24e519f75c3e2031736596d6ce35af3a34c122c93d0d7b?s=96&d=retro&r=g\",\"caption\":\"pnud\"}}]}<\/script>\n<!-- \/ Yoast SEO plugin. -->","yoast_head_json":{"title":"OPEN CALL | \u00daltims dies de la convocat\u00f2ria de la 6a edici\u00f3 de l\u2019Off Llum Bcn per a artistes multidisciplinaris que experimenten amb la llum &#8211; Poblenou Urban District","robots":{"index":"index","follow":"follow","max-snippet":"max-snippet:-1","max-image-preview":"max-image-preview:large","max-video-preview":"max-video-preview:-1"},"canonical":"https:\/\/poblenouurbandistrict.com\/ca\/open-call-oberta-la-convocatoria-de-la-6a-edicio-de-loff-llum-bcn-per-a-artistes-multidisciplinaris-que-experimenten-amb-la-llum\/","og_locale":"ca_ES","og_type":"article","og_title":"OPEN CALL | \u00daltims dies de la convocat\u00f2ria de la 6a edici\u00f3 de l\u2019Off Llum Bcn per a artistes multidisciplinaris que experimenten amb la llum &#8211; Poblenou Urban District","og_description":"Qu\u00e8 opines del disseny d&#8217;il\u00b7luminaci\u00f3? Obrim una convocat\u00f2ria dirigida a diferents artistes multidisciplinaris que experimenten amb la llum, per a... M\u00e9s \u2192","og_url":"https:\/\/poblenouurbandistrict.com\/ca\/open-call-oberta-la-convocatoria-de-la-6a-edicio-de-loff-llum-bcn-per-a-artistes-multidisciplinaris-que-experimenten-amb-la-llum\/","og_site_name":"Poblenou Urban District","article_published_time":"2024-10-16T14:35:41+00:00","article_modified_time":"2024-11-07T16:45:45+00:00","og_image":[{"width":2048,"height":1365,"url":"https:\/\/poblenouurbandistrict.com\/wp-content\/uploads\/2024\/10\/off-llum-bcn-edit.png","type":"image\/png"}],"author":"pnud","twitter_card":"summary_large_image","twitter_misc":{"Escrit per":"pnud","Temps estimat de lectura":"2 minuts"},"schema":{"@context":"https:\/\/schema.org","@graph":[{"@type":"Article","@id":"https:\/\/poblenouurbandistrict.com\/open-call-oberta-la-convocatoria-de-la-6a-edicio-de-loff-llum-bcn-per-a-artistes-multidisciplinaris-que-experimenten-amb-la-llum\/#article","isPartOf":{"@id":"https:\/\/poblenouurbandistrict.com\/open-call-oberta-la-convocatoria-de-la-6a-edicio-de-loff-llum-bcn-per-a-artistes-multidisciplinaris-que-experimenten-amb-la-llum\/"},"author":{"name":"pnud","@id":"https:\/\/poblenouurbandistrict.com\/#\/schema\/person\/980a2cf34b399d5218205730acd54a7e"},"headline":"OPEN CALL | \u00daltims dies de la convocat\u00f2ria de la 6a edici\u00f3 de l\u2019Off Llum Bcn per a artistes multidisciplinaris que experimenten amb la llum","datePublished":"2024-10-16T14:35:41+00:00","dateModified":"2024-11-07T16:45:45+00:00","mainEntityOfPage":{"@id":"https:\/\/poblenouurbandistrict.com\/open-call-oberta-la-convocatoria-de-la-6a-edicio-de-loff-llum-bcn-per-a-artistes-multidisciplinaris-que-experimenten-amb-la-llum\/"},"wordCount":698,"image":{"@id":"https:\/\/poblenouurbandistrict.com\/open-call-oberta-la-convocatoria-de-la-6a-edicio-de-loff-llum-bcn-per-a-artistes-multidisciplinaris-que-experimenten-amb-la-llum\/#primaryimage"},"thumbnailUrl":"https:\/\/media.poblenouurbandistrict.com\/2024\/10\/25080417\/off-llum-bcn-edit.png","articleSection":["Off Llum Bcn"],"inLanguage":"ca"},{"@type":"WebPage","@id":"https:\/\/poblenouurbandistrict.com\/ca\/open-call-oberta-la-convocatoria-de-la-6a-edicio-de-loff-llum-bcn-per-a-artistes-multidisciplinaris-que-experimenten-amb-la-llum\/","url":"https:\/\/poblenouurbandistrict.com\/ca\/open-call-oberta-la-convocatoria-de-la-6a-edicio-de-loff-llum-bcn-per-a-artistes-multidisciplinaris-que-experimenten-amb-la-llum\/","name":"OPEN CALL | \u00daltims dies de la convocat\u00f2ria de la 6a edici\u00f3 de l\u2019Off Llum Bcn per a artistes multidisciplinaris que experimenten amb la llum &#8211; Poblenou Urban District","isPartOf":{"@id":"https:\/\/poblenouurbandistrict.com\/ca\/#website"},"primaryImageOfPage":{"@id":"https:\/\/poblenouurbandistrict.com\/ca\/open-call-oberta-la-convocatoria-de-la-6a-edicio-de-loff-llum-bcn-per-a-artistes-multidisciplinaris-que-experimenten-amb-la-llum\/#primaryimage"},"image":{"@id":"https:\/\/poblenouurbandistrict.com\/open-call-oberta-la-convocatoria-de-la-6a-edicio-de-loff-llum-bcn-per-a-artistes-multidisciplinaris-que-experimenten-amb-la-llum\/#primaryimage"},"thumbnailUrl":"https:\/\/media.poblenouurbandistrict.com\/2024\/10\/25080417\/off-llum-bcn-edit.png","datePublished":"2024-10-16T14:35:41+00:00","dateModified":"2024-11-07T16:45:45+00:00","author":{"@id":"https:\/\/poblenouurbandistrict.com\/#\/schema\/person\/980a2cf34b399d5218205730acd54a7e"},"breadcrumb":{"@id":"https:\/\/poblenouurbandistrict.com\/ca\/open-call-oberta-la-convocatoria-de-la-6a-edicio-de-loff-llum-bcn-per-a-artistes-multidisciplinaris-que-experimenten-amb-la-llum\/#breadcrumb"},"inLanguage":"ca","potentialAction":[{"@type":"ReadAction","target":[["https:\/\/poblenouurbandistrict.com\/ca\/open-call-oberta-la-convocatoria-de-la-6a-edicio-de-loff-llum-bcn-per-a-artistes-multidisciplinaris-que-experimenten-amb-la-llum\/"]]}]},{"@type":"ImageObject","inLanguage":"ca","@id":"https:\/\/poblenouurbandistrict.com\/ca\/open-call-oberta-la-convocatoria-de-la-6a-edicio-de-loff-llum-bcn-per-a-artistes-multidisciplinaris-que-experimenten-amb-la-llum\/#primaryimage","url":"https:\/\/media.poblenouurbandistrict.com\/2024\/10\/25080417\/off-llum-bcn-edit.png","contentUrl":"https:\/\/media.poblenouurbandistrict.com\/2024\/10\/25080417\/off-llum-bcn-edit.png","width":2048,"height":1365},{"@type":"BreadcrumbList","@id":"https:\/\/poblenouurbandistrict.com\/ca\/open-call-oberta-la-convocatoria-de-la-6a-edicio-de-loff-llum-bcn-per-a-artistes-multidisciplinaris-que-experimenten-amb-la-llum\/#breadcrumb","itemListElement":[{"@type":"ListItem","position":1,"name":"Home","item":"https:\/\/poblenouurbandistrict.com\/ca\/"},{"@type":"ListItem","position":2,"name":"OPEN CALL | \u00daltims dies de la convocat\u00f2ria de la 6a edici\u00f3 de l\u2019Off Llum Bcn per a artistes multidisciplinaris que experimenten amb la llum"}]},{"@type":"WebSite","@id":"https:\/\/poblenouurbandistrict.com\/ca\/#website","url":"https:\/\/poblenouurbandistrict.com\/ca\/","name":"Poblenou Urban District","description":"Comunitat Creativa","potentialAction":[{"@type":"SearchAction","target":{"@type":"EntryPoint","urlTemplate":"https:\/\/poblenouurbandistrict.com\/ca\/?s={search_term_string}"},"query-input":{"@type":"PropertyValueSpecification","valueRequired":true,"valueName":"search_term_string"}}],"inLanguage":"ca"},{"@type":"Person","@id":"https:\/\/poblenouurbandistrict.com\/#\/schema\/person\/980a2cf34b399d5218205730acd54a7e","name":"pnud","image":{"@type":"ImageObject","inLanguage":"ca","@id":"https:\/\/secure.gravatar.com\/avatar\/67146597b405ee077a24e519f75c3e2031736596d6ce35af3a34c122c93d0d7b?s=96&d=retro&r=g","url":"https:\/\/secure.gravatar.com\/avatar\/67146597b405ee077a24e519f75c3e2031736596d6ce35af3a34c122c93d0d7b?s=96&d=retro&r=g","contentUrl":"https:\/\/secure.gravatar.com\/avatar\/67146597b405ee077a24e519f75c3e2031736596d6ce35af3a34c122c93d0d7b?s=96&d=retro&r=g","caption":"pnud"}}]}},"_links":{"self":[{"href":"https:\/\/poblenouurbandistrict.com\/ca\/wp-json\/wp\/v2\/posts\/47589","targetHints":{"allow":["GET"]}}],"collection":[{"href":"https:\/\/poblenouurbandistrict.com\/ca\/wp-json\/wp\/v2\/posts"}],"about":[{"href":"https:\/\/poblenouurbandistrict.com\/ca\/wp-json\/wp\/v2\/types\/post"}],"author":[{"embeddable":true,"href":"https:\/\/poblenouurbandistrict.com\/ca\/wp-json\/wp\/v2\/users\/5"}],"replies":[{"embeddable":true,"href":"https:\/\/poblenouurbandistrict.com\/ca\/wp-json\/wp\/v2\/comments?post=47589"}],"version-history":[{"count":25,"href":"https:\/\/poblenouurbandistrict.com\/ca\/wp-json\/wp\/v2\/posts\/47589\/revisions"}],"predecessor-version":[{"id":48162,"href":"https:\/\/poblenouurbandistrict.com\/ca\/wp-json\/wp\/v2\/posts\/47589\/revisions\/48162"}],"wp:featuredmedia":[{"embeddable":true,"href":"https:\/\/poblenouurbandistrict.com\/ca\/wp-json\/wp\/v2\/media\/47630"}],"wp:attachment":[{"href":"https:\/\/poblenouurbandistrict.com\/ca\/wp-json\/wp\/v2\/media?parent=47589"}],"wp:term":[{"taxonomy":"category","embeddable":true,"href":"https:\/\/poblenouurbandistrict.com\/ca\/wp-json\/wp\/v2\/categories?post=47589"},{"taxonomy":"post_tag","embeddable":true,"href":"https:\/\/poblenouurbandistrict.com\/ca\/wp-json\/wp\/v2\/tags?post=47589"}],"curies":[{"name":"wp","href":"https:\/\/api.w.org\/{rel}","templated":true}]}}