{"id":47835,"date":"2024-10-28T13:14:22","date_gmt":"2024-10-28T12:14:22","guid":{"rendered":"https:\/\/poblenouurbandistrict.com\/?p=47835"},"modified":"2024-10-31T13:23:58","modified_gmt":"2024-10-31T12:23:58","slug":"la-plataforma-galeria-dart-contemporani-presenta-umbracle-de-ricard-aymar","status":"publish","type":"post","link":"https:\/\/poblenouurbandistrict.com\/ca\/la-plataforma-galeria-dart-contemporani-presenta-umbracle-de-ricard-aymar\/","title":{"rendered":"La Plataforma presenta (umbracle) de Ricard Aymar"},"content":{"rendered":"<p>El dimecres 30 d&#8217;octubre es va inaugurar <em>(umbracle)<\/em> a La Plataforma. Una exposici\u00f3 que ens convida a reflexionar sobre les llums i les ombres, l&#8217;espai f\u00edsic i l&#8217;espai del pensament. L&#8217;exposici\u00f3 presentar\u00e0 pintures i escultures de l&#8217;artista, un recorregut per la seva obra m\u00e9s recent que ens portar\u00e0 a un viatge metaf\u00f2ric a l&#8217;interior de les nostres ombres.<\/p>\n<p>Ricard Aymar ens convida a explorar el seu projecte <em>(umbracle)<\/em>, una exposici\u00f3 que juga amb el concepte d&#8217;espai f\u00edsic per a endinsar-se en l&#8217;espai del pensament. Aymar crea un m\u00f3n metaf\u00f2ric i gaireb\u00e9 on\u00edric, on les llums i ombres revelen les parts ocultes de la identitat, tant per a nosaltres mateixos com per als altres.<\/p>\n<p>La s\u00e8rie de dibuixos &#8220;Umbracle&#8221;, realitzats amb tinta i vi sobre paper, sorgeix com un proc\u00e9s de reflexi\u00f3 on l&#8217;acte creatiu es converteix en un interrogatori al propi subconscient. Es tracta d&#8217;una recopilaci\u00f3 de siluetes po\u00e8tiques que exploren la part oculta de la nostra exist\u00e8ncia. Dins de la mostra, Aymar presentar\u00e0, al costat dels dibuixos, una s\u00e8rie d&#8217;escultures amb la intenci\u00f3 de donar volum a la inherent bidimensionalitat de les ombres. Aquestes transiten de ser mers reflexos d&#8217;objectes a convertir-se en els objectes en si, adquirint pes i pres\u00e8ncia, deixant enrere el seu car\u00e0cter no corpori.<\/p>\n<p>Aix\u00ed, <em>(umbracle)<\/em> \u00e9s una proposta que no sols enriqueix el panorama art\u00edstic actual, sin\u00f3 que tamb\u00e9 ens impulsa a reflexionar sobre les nostres pr\u00f2pies ombres i la seva influ\u00e8ncia en la nostra identitat.<\/p>","protected":false},"excerpt":{"rendered":"<p>El dimecres 30 d&#8217;octubre es va inaugurar (umbracle) a La Plataforma. Una exposici\u00f3 que ens convida a reflexionar sobre les&#8230; <a href=\"https:\/\/poblenouurbandistrict.com\/ca\/la-plataforma-galeria-dart-contemporani-presenta-umbracle-de-ricard-aymar\/\">M\u00e9s  \u2192<\/a><\/p>\n","protected":false},"author":5,"featured_media":47836,"comment_status":"closed","ping_status":"closed","sticky":false,"template":"","format":"standard","meta":{"_acf_changed":false,"footnotes":""},"categories":[3342],"tags":[],"class_list":["post-47835","post","type-post","status-publish","format-standard","has-post-thumbnail","hentry","category-art"],"acf":[],"yoast_head":"<!-- This site is optimized with the Yoast SEO plugin v27.5 - https:\/\/yoast.com\/product\/yoast-seo-wordpress\/ -->\n<title>La Plataforma presenta (umbracle) de Ricard Aymar &#8211; Poblenou Urban District<\/title>\n<meta name=\"robots\" content=\"index, follow, max-snippet:-1, max-image-preview:large, max-video-preview:-1\" \/>\n<link rel=\"canonical\" href=\"https:\/\/poblenouurbandistrict.com\/ca\/la-plataforma-galeria-dart-contemporani-presenta-umbracle-de-ricard-aymar\/\" \/>\n<meta property=\"og:locale\" content=\"ca_ES\" \/>\n<meta property=\"og:type\" content=\"article\" \/>\n<meta property=\"og:title\" content=\"La Plataforma presenta (umbracle) de Ricard Aymar &#8211; Poblenou Urban District\" \/>\n<meta property=\"og:description\" content=\"El dimecres 30 d&#8217;octubre es va inaugurar (umbracle) a La Plataforma. Una exposici\u00f3 que ens convida a reflexionar sobre les... M\u00e9s \u2192\" \/>\n<meta property=\"og:url\" content=\"https:\/\/poblenouurbandistrict.com\/ca\/la-plataforma-galeria-dart-contemporani-presenta-umbracle-de-ricard-aymar\/\" \/>\n<meta property=\"og:site_name\" content=\"Poblenou Urban District\" \/>\n<meta property=\"article:published_time\" content=\"2024-10-28T12:14:22+00:00\" \/>\n<meta property=\"article:modified_time\" content=\"2024-10-31T12:23:58+00:00\" \/>\n<meta property=\"og:image\" content=\"https:\/\/poblenouurbandistrict.com\/wp-content\/uploads\/2024\/10\/snixja3ie15ziiw2120230909102151-coipia-1.jpg\" \/>\n\t<meta property=\"og:image:width\" content=\"2048\" \/>\n\t<meta property=\"og:image:height\" content=\"1365\" \/>\n\t<meta property=\"og:image:type\" content=\"image\/jpeg\" \/>\n<meta name=\"author\" content=\"pnud\" \/>\n<meta name=\"twitter:card\" content=\"summary_large_image\" \/>\n<meta name=\"twitter:label1\" content=\"Escrit per\" \/>\n\t<meta name=\"twitter:data1\" content=\"pnud\" \/>\n\t<meta name=\"twitter:label2\" content=\"Temps estimat de lectura\" \/>\n\t<meta name=\"twitter:data2\" content=\"2 minuts\" \/>\n<script type=\"application\/ld+json\" class=\"yoast-schema-graph\">{\"@context\":\"https:\\\/\\\/schema.org\",\"@graph\":[{\"@type\":\"Article\",\"@id\":\"https:\\\/\\\/poblenouurbandistrict.com\\\/la-plataforma-galeria-dart-contemporani-presenta-umbracle-de-ricard-aymar\\\/#article\",\"isPartOf\":{\"@id\":\"https:\\\/\\\/poblenouurbandistrict.com\\\/la-plataforma-galeria-dart-contemporani-presenta-umbracle-de-ricard-aymar\\\/\"},\"author\":{\"name\":\"pnud\",\"@id\":\"https:\\\/\\\/poblenouurbandistrict.com\\\/#\\\/schema\\\/person\\\/980a2cf34b399d5218205730acd54a7e\"},\"headline\":\"La Plataforma presenta (umbracle) de Ricard Aymar\",\"datePublished\":\"2024-10-28T12:14:22+00:00\",\"dateModified\":\"2024-10-31T12:23:58+00:00\",\"mainEntityOfPage\":{\"@id\":\"https:\\\/\\\/poblenouurbandistrict.com\\\/la-plataforma-galeria-dart-contemporani-presenta-umbracle-de-ricard-aymar\\\/\"},\"wordCount\":548,\"image\":{\"@id\":\"https:\\\/\\\/poblenouurbandistrict.com\\\/la-plataforma-galeria-dart-contemporani-presenta-umbracle-de-ricard-aymar\\\/#primaryimage\"},\"thumbnailUrl\":\"https:\\\/\\\/media.poblenouurbandistrict.com\\\/2024\\\/10\\\/25080800\\\/snixja3ie15ziiw2120230909102151-coipia-1.jpg\",\"articleSection\":[\"Art\"],\"inLanguage\":\"ca\"},{\"@type\":\"WebPage\",\"@id\":\"https:\\\/\\\/poblenouurbandistrict.com\\\/ca\\\/la-plataforma-galeria-dart-contemporani-presenta-umbracle-de-ricard-aymar\\\/\",\"url\":\"https:\\\/\\\/poblenouurbandistrict.com\\\/ca\\\/la-plataforma-galeria-dart-contemporani-presenta-umbracle-de-ricard-aymar\\\/\",\"name\":\"La Plataforma presenta (umbracle) de Ricard Aymar &#8211; Poblenou Urban District\",\"isPartOf\":{\"@id\":\"https:\\\/\\\/poblenouurbandistrict.com\\\/ca\\\/#website\"},\"primaryImageOfPage\":{\"@id\":\"https:\\\/\\\/poblenouurbandistrict.com\\\/ca\\\/la-plataforma-galeria-dart-contemporani-presenta-umbracle-de-ricard-aymar\\\/#primaryimage\"},\"image\":{\"@id\":\"https:\\\/\\\/poblenouurbandistrict.com\\\/la-plataforma-galeria-dart-contemporani-presenta-umbracle-de-ricard-aymar\\\/#primaryimage\"},\"thumbnailUrl\":\"https:\\\/\\\/media.poblenouurbandistrict.com\\\/2024\\\/10\\\/25080800\\\/snixja3ie15ziiw2120230909102151-coipia-1.jpg\",\"datePublished\":\"2024-10-28T12:14:22+00:00\",\"dateModified\":\"2024-10-31T12:23:58+00:00\",\"author\":{\"@id\":\"https:\\\/\\\/poblenouurbandistrict.com\\\/#\\\/schema\\\/person\\\/980a2cf34b399d5218205730acd54a7e\"},\"breadcrumb\":{\"@id\":\"https:\\\/\\\/poblenouurbandistrict.com\\\/ca\\\/la-plataforma-galeria-dart-contemporani-presenta-umbracle-de-ricard-aymar\\\/#breadcrumb\"},\"inLanguage\":\"ca\",\"potentialAction\":[{\"@type\":\"ReadAction\",\"target\":[[\"https:\\\/\\\/poblenouurbandistrict.com\\\/ca\\\/la-plataforma-galeria-dart-contemporani-presenta-umbracle-de-ricard-aymar\\\/\"]]}]},{\"@type\":\"ImageObject\",\"inLanguage\":\"ca\",\"@id\":\"https:\\\/\\\/poblenouurbandistrict.com\\\/ca\\\/la-plataforma-galeria-dart-contemporani-presenta-umbracle-de-ricard-aymar\\\/#primaryimage\",\"url\":\"https:\\\/\\\/media.poblenouurbandistrict.com\\\/2024\\\/10\\\/25080800\\\/snixja3ie15ziiw2120230909102151-coipia-1.jpg\",\"contentUrl\":\"https:\\\/\\\/media.poblenouurbandistrict.com\\\/2024\\\/10\\\/25080800\\\/snixja3ie15ziiw2120230909102151-coipia-1.jpg\",\"width\":2048,\"height\":1365},{\"@type\":\"BreadcrumbList\",\"@id\":\"https:\\\/\\\/poblenouurbandistrict.com\\\/ca\\\/la-plataforma-galeria-dart-contemporani-presenta-umbracle-de-ricard-aymar\\\/#breadcrumb\",\"itemListElement\":[{\"@type\":\"ListItem\",\"position\":1,\"name\":\"Home\",\"item\":\"https:\\\/\\\/poblenouurbandistrict.com\\\/ca\\\/\"},{\"@type\":\"ListItem\",\"position\":2,\"name\":\"La Plataforma presenta (umbracle) de Ricard Aymar\"}]},{\"@type\":\"WebSite\",\"@id\":\"https:\\\/\\\/poblenouurbandistrict.com\\\/ca\\\/#website\",\"url\":\"https:\\\/\\\/poblenouurbandistrict.com\\\/ca\\\/\",\"name\":\"Poblenou Urban District\",\"description\":\"Comunitat Creativa\",\"potentialAction\":[{\"@type\":\"SearchAction\",\"target\":{\"@type\":\"EntryPoint\",\"urlTemplate\":\"https:\\\/\\\/poblenouurbandistrict.com\\\/ca\\\/?s={search_term_string}\"},\"query-input\":{\"@type\":\"PropertyValueSpecification\",\"valueRequired\":true,\"valueName\":\"search_term_string\"}}],\"inLanguage\":\"ca\"},{\"@type\":\"Person\",\"@id\":\"https:\\\/\\\/poblenouurbandistrict.com\\\/#\\\/schema\\\/person\\\/980a2cf34b399d5218205730acd54a7e\",\"name\":\"pnud\",\"image\":{\"@type\":\"ImageObject\",\"inLanguage\":\"ca\",\"@id\":\"https:\\\/\\\/secure.gravatar.com\\\/avatar\\\/67146597b405ee077a24e519f75c3e2031736596d6ce35af3a34c122c93d0d7b?s=96&d=retro&r=g\",\"url\":\"https:\\\/\\\/secure.gravatar.com\\\/avatar\\\/67146597b405ee077a24e519f75c3e2031736596d6ce35af3a34c122c93d0d7b?s=96&d=retro&r=g\",\"contentUrl\":\"https:\\\/\\\/secure.gravatar.com\\\/avatar\\\/67146597b405ee077a24e519f75c3e2031736596d6ce35af3a34c122c93d0d7b?s=96&d=retro&r=g\",\"caption\":\"pnud\"}}]}<\/script>\n<!-- \/ Yoast SEO plugin. -->","yoast_head_json":{"title":"La Plataforma presenta (umbracle) de Ricard Aymar &#8211; Poblenou Urban District","robots":{"index":"index","follow":"follow","max-snippet":"max-snippet:-1","max-image-preview":"max-image-preview:large","max-video-preview":"max-video-preview:-1"},"canonical":"https:\/\/poblenouurbandistrict.com\/ca\/la-plataforma-galeria-dart-contemporani-presenta-umbracle-de-ricard-aymar\/","og_locale":"ca_ES","og_type":"article","og_title":"La Plataforma presenta (umbracle) de Ricard Aymar &#8211; Poblenou Urban District","og_description":"El dimecres 30 d&#8217;octubre es va inaugurar (umbracle) a La Plataforma. Una exposici\u00f3 que ens convida a reflexionar sobre les... M\u00e9s \u2192","og_url":"https:\/\/poblenouurbandistrict.com\/ca\/la-plataforma-galeria-dart-contemporani-presenta-umbracle-de-ricard-aymar\/","og_site_name":"Poblenou Urban District","article_published_time":"2024-10-28T12:14:22+00:00","article_modified_time":"2024-10-31T12:23:58+00:00","og_image":[{"width":2048,"height":1365,"url":"https:\/\/poblenouurbandistrict.com\/wp-content\/uploads\/2024\/10\/snixja3ie15ziiw2120230909102151-coipia-1.jpg","type":"image\/jpeg"}],"author":"pnud","twitter_card":"summary_large_image","twitter_misc":{"Escrit per":"pnud","Temps estimat de lectura":"2 minuts"},"schema":{"@context":"https:\/\/schema.org","@graph":[{"@type":"Article","@id":"https:\/\/poblenouurbandistrict.com\/la-plataforma-galeria-dart-contemporani-presenta-umbracle-de-ricard-aymar\/#article","isPartOf":{"@id":"https:\/\/poblenouurbandistrict.com\/la-plataforma-galeria-dart-contemporani-presenta-umbracle-de-ricard-aymar\/"},"author":{"name":"pnud","@id":"https:\/\/poblenouurbandistrict.com\/#\/schema\/person\/980a2cf34b399d5218205730acd54a7e"},"headline":"La Plataforma presenta (umbracle) de Ricard Aymar","datePublished":"2024-10-28T12:14:22+00:00","dateModified":"2024-10-31T12:23:58+00:00","mainEntityOfPage":{"@id":"https:\/\/poblenouurbandistrict.com\/la-plataforma-galeria-dart-contemporani-presenta-umbracle-de-ricard-aymar\/"},"wordCount":548,"image":{"@id":"https:\/\/poblenouurbandistrict.com\/la-plataforma-galeria-dart-contemporani-presenta-umbracle-de-ricard-aymar\/#primaryimage"},"thumbnailUrl":"https:\/\/media.poblenouurbandistrict.com\/2024\/10\/25080800\/snixja3ie15ziiw2120230909102151-coipia-1.jpg","articleSection":["Art"],"inLanguage":"ca"},{"@type":"WebPage","@id":"https:\/\/poblenouurbandistrict.com\/ca\/la-plataforma-galeria-dart-contemporani-presenta-umbracle-de-ricard-aymar\/","url":"https:\/\/poblenouurbandistrict.com\/ca\/la-plataforma-galeria-dart-contemporani-presenta-umbracle-de-ricard-aymar\/","name":"La Plataforma presenta (umbracle) de Ricard Aymar &#8211; Poblenou Urban District","isPartOf":{"@id":"https:\/\/poblenouurbandistrict.com\/ca\/#website"},"primaryImageOfPage":{"@id":"https:\/\/poblenouurbandistrict.com\/ca\/la-plataforma-galeria-dart-contemporani-presenta-umbracle-de-ricard-aymar\/#primaryimage"},"image":{"@id":"https:\/\/poblenouurbandistrict.com\/la-plataforma-galeria-dart-contemporani-presenta-umbracle-de-ricard-aymar\/#primaryimage"},"thumbnailUrl":"https:\/\/media.poblenouurbandistrict.com\/2024\/10\/25080800\/snixja3ie15ziiw2120230909102151-coipia-1.jpg","datePublished":"2024-10-28T12:14:22+00:00","dateModified":"2024-10-31T12:23:58+00:00","author":{"@id":"https:\/\/poblenouurbandistrict.com\/#\/schema\/person\/980a2cf34b399d5218205730acd54a7e"},"breadcrumb":{"@id":"https:\/\/poblenouurbandistrict.com\/ca\/la-plataforma-galeria-dart-contemporani-presenta-umbracle-de-ricard-aymar\/#breadcrumb"},"inLanguage":"ca","potentialAction":[{"@type":"ReadAction","target":[["https:\/\/poblenouurbandistrict.com\/ca\/la-plataforma-galeria-dart-contemporani-presenta-umbracle-de-ricard-aymar\/"]]}]},{"@type":"ImageObject","inLanguage":"ca","@id":"https:\/\/poblenouurbandistrict.com\/ca\/la-plataforma-galeria-dart-contemporani-presenta-umbracle-de-ricard-aymar\/#primaryimage","url":"https:\/\/media.poblenouurbandistrict.com\/2024\/10\/25080800\/snixja3ie15ziiw2120230909102151-coipia-1.jpg","contentUrl":"https:\/\/media.poblenouurbandistrict.com\/2024\/10\/25080800\/snixja3ie15ziiw2120230909102151-coipia-1.jpg","width":2048,"height":1365},{"@type":"BreadcrumbList","@id":"https:\/\/poblenouurbandistrict.com\/ca\/la-plataforma-galeria-dart-contemporani-presenta-umbracle-de-ricard-aymar\/#breadcrumb","itemListElement":[{"@type":"ListItem","position":1,"name":"Home","item":"https:\/\/poblenouurbandistrict.com\/ca\/"},{"@type":"ListItem","position":2,"name":"La Plataforma presenta (umbracle) de Ricard Aymar"}]},{"@type":"WebSite","@id":"https:\/\/poblenouurbandistrict.com\/ca\/#website","url":"https:\/\/poblenouurbandistrict.com\/ca\/","name":"Poblenou Urban District","description":"Comunitat Creativa","potentialAction":[{"@type":"SearchAction","target":{"@type":"EntryPoint","urlTemplate":"https:\/\/poblenouurbandistrict.com\/ca\/?s={search_term_string}"},"query-input":{"@type":"PropertyValueSpecification","valueRequired":true,"valueName":"search_term_string"}}],"inLanguage":"ca"},{"@type":"Person","@id":"https:\/\/poblenouurbandistrict.com\/#\/schema\/person\/980a2cf34b399d5218205730acd54a7e","name":"pnud","image":{"@type":"ImageObject","inLanguage":"ca","@id":"https:\/\/secure.gravatar.com\/avatar\/67146597b405ee077a24e519f75c3e2031736596d6ce35af3a34c122c93d0d7b?s=96&d=retro&r=g","url":"https:\/\/secure.gravatar.com\/avatar\/67146597b405ee077a24e519f75c3e2031736596d6ce35af3a34c122c93d0d7b?s=96&d=retro&r=g","contentUrl":"https:\/\/secure.gravatar.com\/avatar\/67146597b405ee077a24e519f75c3e2031736596d6ce35af3a34c122c93d0d7b?s=96&d=retro&r=g","caption":"pnud"}}]}},"_links":{"self":[{"href":"https:\/\/poblenouurbandistrict.com\/ca\/wp-json\/wp\/v2\/posts\/47835","targetHints":{"allow":["GET"]}}],"collection":[{"href":"https:\/\/poblenouurbandistrict.com\/ca\/wp-json\/wp\/v2\/posts"}],"about":[{"href":"https:\/\/poblenouurbandistrict.com\/ca\/wp-json\/wp\/v2\/types\/post"}],"author":[{"embeddable":true,"href":"https:\/\/poblenouurbandistrict.com\/ca\/wp-json\/wp\/v2\/users\/5"}],"replies":[{"embeddable":true,"href":"https:\/\/poblenouurbandistrict.com\/ca\/wp-json\/wp\/v2\/comments?post=47835"}],"version-history":[{"count":6,"href":"https:\/\/poblenouurbandistrict.com\/ca\/wp-json\/wp\/v2\/posts\/47835\/revisions"}],"predecessor-version":[{"id":47991,"href":"https:\/\/poblenouurbandistrict.com\/ca\/wp-json\/wp\/v2\/posts\/47835\/revisions\/47991"}],"wp:featuredmedia":[{"embeddable":true,"href":"https:\/\/poblenouurbandistrict.com\/ca\/wp-json\/wp\/v2\/media\/47836"}],"wp:attachment":[{"href":"https:\/\/poblenouurbandistrict.com\/ca\/wp-json\/wp\/v2\/media?parent=47835"}],"wp:term":[{"taxonomy":"category","embeddable":true,"href":"https:\/\/poblenouurbandistrict.com\/ca\/wp-json\/wp\/v2\/categories?post=47835"},{"taxonomy":"post_tag","embeddable":true,"href":"https:\/\/poblenouurbandistrict.com\/ca\/wp-json\/wp\/v2\/tags?post=47835"}],"curies":[{"name":"wp","href":"https:\/\/api.w.org\/{rel}","templated":true}]}}