{"id":47903,"date":"2024-10-29T11:10:50","date_gmt":"2024-10-29T10:10:50","guid":{"rendered":"https:\/\/poblenouurbandistrict.com\/?p=47903"},"modified":"2024-10-29T11:11:22","modified_gmt":"2024-10-29T10:11:22","slug":"el-dhub-inaugura-dshop-la-botiga-del-disseny","status":"publish","type":"post","link":"https:\/\/poblenouurbandistrict.com\/ca\/el-dhub-inaugura-dshop-la-botiga-del-disseny\/","title":{"rendered":"El DHub inaugura DShop, la botiga del disseny"},"content":{"rendered":"<p><strong>El Disseny Hub Barcelona ha obert les portes de la seva nova botiga aquest dimarts 29 d&#8217;0ctubre.<\/strong><\/p>\n<p>La DShop, situada a l&#8217;interior de l&#8217;equipament, ser\u00e0 la gran botiga del disseny a Barcelona. Un punt de trobada per als professionals del sector i tamb\u00e9 una refer\u00e8ncia per a ciutadans interessats en el disseny. S&#8217;hi podr\u00e0 trobar, a m\u00e9s del marxandatge del <a href=\"https:\/\/www.dissenyhub.barcelona\/ca\">DHub<\/a> i les publicacions del Museu del Disseny-DHub, llibres de disseny i d\u2019autor, objectes de disseny i d\u2019autor, obra gr\u00e0fica, fotografia i joies, aix\u00ed com\u00a0<em>souvenirs<\/em>, mapes i llibres sobre Barcelona.<\/p>\n<p>La DShop formar\u00e0 part dels serveis que el DHub ofereix, juntament amb la preservaci\u00f3 de la col\u00b7lecci\u00f3, les exposicions o els programes p\u00fablics. Oferir\u00e0 al visitant productes \u00fanics i inspiradors. D\u2019aquesta manera, contribuir\u00e0 a millorar l\u2019experi\u00e8ncia del visitant i refor\u00e7ar\u00e0 la marca del DHub.<\/p>\n<p>La nova botiga estar\u00e0 a cura de laCapell, cooperativa de consum i serveis nascuda l\u2019any 1976. Amb un fort arrelament entre els arquitectes, es proposa esdevenir tamb\u00e9 la cooperativa dels dissenyadors i les dissenyadores.<\/p>\n<p>La podeu visitar a Pl. de les Gl\u00f2ries Catalanes, 37-38<\/p>","protected":false},"excerpt":{"rendered":"<p>El Disseny Hub Barcelona ha obert les portes de la seva nova botiga aquest dimarts 29 d&#8217;0ctubre. La DShop, situada&#8230; <a href=\"https:\/\/poblenouurbandistrict.com\/ca\/el-dhub-inaugura-dshop-la-botiga-del-disseny\/\">M\u00e9s  \u2192<\/a><\/p>\n","protected":false},"author":5,"featured_media":47904,"comment_status":"closed","ping_status":"closed","sticky":false,"template":"","format":"standard","meta":{"_acf_changed":false,"footnotes":""},"categories":[3532,3501],"tags":[],"class_list":["post-47903","post","type-post","status-publish","format-standard","has-post-thumbnail","hentry","category-disseny-hub-barcelona","category-disseny"],"acf":[],"yoast_head":"<!-- This site is optimized with the Yoast SEO plugin v27.5 - https:\/\/yoast.com\/product\/yoast-seo-wordpress\/ -->\n<title>El DHub inaugura DShop, la botiga del disseny &#8211; Poblenou Urban District<\/title>\n<meta name=\"robots\" content=\"index, follow, max-snippet:-1, max-image-preview:large, max-video-preview:-1\" \/>\n<link rel=\"canonical\" href=\"https:\/\/poblenouurbandistrict.com\/ca\/el-dhub-inaugura-dshop-la-botiga-del-disseny\/\" \/>\n<meta property=\"og:locale\" content=\"ca_ES\" \/>\n<meta property=\"og:type\" content=\"article\" \/>\n<meta property=\"og:title\" content=\"El DHub inaugura DShop, la botiga del disseny &#8211; Poblenou Urban District\" \/>\n<meta property=\"og:description\" content=\"El Disseny Hub Barcelona ha obert les portes de la seva nova botiga aquest dimarts 29 d&#8217;0ctubre. La DShop, situada... M\u00e9s \u2192\" \/>\n<meta property=\"og:url\" content=\"https:\/\/poblenouurbandistrict.com\/ca\/el-dhub-inaugura-dshop-la-botiga-del-disseny\/\" \/>\n<meta property=\"og:site_name\" content=\"Poblenou Urban District\" \/>\n<meta property=\"article:published_time\" content=\"2024-10-29T10:10:50+00:00\" \/>\n<meta property=\"article:modified_time\" content=\"2024-10-29T10:11:22+00:00\" \/>\n<meta property=\"og:image\" content=\"https:\/\/poblenouurbandistrict.com\/wp-content\/uploads\/2024\/10\/241016-172850-am-dm05674.jpg\" \/>\n\t<meta property=\"og:image:width\" content=\"819\" \/>\n\t<meta property=\"og:image:height\" content=\"541\" \/>\n\t<meta property=\"og:image:type\" content=\"image\/jpeg\" \/>\n<meta name=\"author\" content=\"pnud\" \/>\n<meta name=\"twitter:card\" content=\"summary_large_image\" \/>\n<meta name=\"twitter:label1\" content=\"Escrit per\" \/>\n\t<meta name=\"twitter:data1\" content=\"pnud\" \/>\n\t<meta name=\"twitter:label2\" content=\"Temps estimat de lectura\" \/>\n\t<meta name=\"twitter:data2\" content=\"2 minuts\" \/>\n<script type=\"application\/ld+json\" class=\"yoast-schema-graph\">{\"@context\":\"https:\\\/\\\/schema.org\",\"@graph\":[{\"@type\":\"Article\",\"@id\":\"https:\\\/\\\/poblenouurbandistrict.com\\\/el-dhub-inaugura-dshop-la-botiga-del-disseny\\\/#article\",\"isPartOf\":{\"@id\":\"https:\\\/\\\/poblenouurbandistrict.com\\\/el-dhub-inaugura-dshop-la-botiga-del-disseny\\\/\"},\"author\":{\"name\":\"pnud\",\"@id\":\"https:\\\/\\\/poblenouurbandistrict.com\\\/#\\\/schema\\\/person\\\/980a2cf34b399d5218205730acd54a7e\"},\"headline\":\"El DHub inaugura DShop, la botiga del disseny\",\"datePublished\":\"2024-10-29T10:10:50+00:00\",\"dateModified\":\"2024-10-29T10:11:22+00:00\",\"mainEntityOfPage\":{\"@id\":\"https:\\\/\\\/poblenouurbandistrict.com\\\/el-dhub-inaugura-dshop-la-botiga-del-disseny\\\/\"},\"wordCount\":580,\"image\":{\"@id\":\"https:\\\/\\\/poblenouurbandistrict.com\\\/el-dhub-inaugura-dshop-la-botiga-del-disseny\\\/#primaryimage\"},\"thumbnailUrl\":\"https:\\\/\\\/media.poblenouurbandistrict.com\\\/2024\\\/10\\\/25080854\\\/241016-172850-am-dm05674.jpg\",\"articleSection\":[\"Disseny Hub Barcelona\",\"Disseny\"],\"inLanguage\":\"ca\"},{\"@type\":\"WebPage\",\"@id\":\"https:\\\/\\\/poblenouurbandistrict.com\\\/ca\\\/el-dhub-inaugura-dshop-la-botiga-del-disseny\\\/\",\"url\":\"https:\\\/\\\/poblenouurbandistrict.com\\\/ca\\\/el-dhub-inaugura-dshop-la-botiga-del-disseny\\\/\",\"name\":\"El DHub inaugura DShop, la botiga del disseny &#8211; Poblenou Urban District\",\"isPartOf\":{\"@id\":\"https:\\\/\\\/poblenouurbandistrict.com\\\/ca\\\/#website\"},\"primaryImageOfPage\":{\"@id\":\"https:\\\/\\\/poblenouurbandistrict.com\\\/ca\\\/el-dhub-inaugura-dshop-la-botiga-del-disseny\\\/#primaryimage\"},\"image\":{\"@id\":\"https:\\\/\\\/poblenouurbandistrict.com\\\/el-dhub-inaugura-dshop-la-botiga-del-disseny\\\/#primaryimage\"},\"thumbnailUrl\":\"https:\\\/\\\/media.poblenouurbandistrict.com\\\/2024\\\/10\\\/25080854\\\/241016-172850-am-dm05674.jpg\",\"datePublished\":\"2024-10-29T10:10:50+00:00\",\"dateModified\":\"2024-10-29T10:11:22+00:00\",\"author\":{\"@id\":\"https:\\\/\\\/poblenouurbandistrict.com\\\/#\\\/schema\\\/person\\\/980a2cf34b399d5218205730acd54a7e\"},\"breadcrumb\":{\"@id\":\"https:\\\/\\\/poblenouurbandistrict.com\\\/ca\\\/el-dhub-inaugura-dshop-la-botiga-del-disseny\\\/#breadcrumb\"},\"inLanguage\":\"ca\",\"potentialAction\":[{\"@type\":\"ReadAction\",\"target\":[[\"https:\\\/\\\/poblenouurbandistrict.com\\\/ca\\\/el-dhub-inaugura-dshop-la-botiga-del-disseny\\\/\"]]}]},{\"@type\":\"ImageObject\",\"inLanguage\":\"ca\",\"@id\":\"https:\\\/\\\/poblenouurbandistrict.com\\\/ca\\\/el-dhub-inaugura-dshop-la-botiga-del-disseny\\\/#primaryimage\",\"url\":\"https:\\\/\\\/media.poblenouurbandistrict.com\\\/2024\\\/10\\\/25080854\\\/241016-172850-am-dm05674.jpg\",\"contentUrl\":\"https:\\\/\\\/media.poblenouurbandistrict.com\\\/2024\\\/10\\\/25080854\\\/241016-172850-am-dm05674.jpg\",\"width\":819,\"height\":541},{\"@type\":\"BreadcrumbList\",\"@id\":\"https:\\\/\\\/poblenouurbandistrict.com\\\/ca\\\/el-dhub-inaugura-dshop-la-botiga-del-disseny\\\/#breadcrumb\",\"itemListElement\":[{\"@type\":\"ListItem\",\"position\":1,\"name\":\"Home\",\"item\":\"https:\\\/\\\/poblenouurbandistrict.com\\\/ca\\\/\"},{\"@type\":\"ListItem\",\"position\":2,\"name\":\"El DHub inaugura DShop, la botiga del disseny\"}]},{\"@type\":\"WebSite\",\"@id\":\"https:\\\/\\\/poblenouurbandistrict.com\\\/ca\\\/#website\",\"url\":\"https:\\\/\\\/poblenouurbandistrict.com\\\/ca\\\/\",\"name\":\"Poblenou Urban District\",\"description\":\"Comunitat Creativa\",\"potentialAction\":[{\"@type\":\"SearchAction\",\"target\":{\"@type\":\"EntryPoint\",\"urlTemplate\":\"https:\\\/\\\/poblenouurbandistrict.com\\\/ca\\\/?s={search_term_string}\"},\"query-input\":{\"@type\":\"PropertyValueSpecification\",\"valueRequired\":true,\"valueName\":\"search_term_string\"}}],\"inLanguage\":\"ca\"},{\"@type\":\"Person\",\"@id\":\"https:\\\/\\\/poblenouurbandistrict.com\\\/#\\\/schema\\\/person\\\/980a2cf34b399d5218205730acd54a7e\",\"name\":\"pnud\",\"image\":{\"@type\":\"ImageObject\",\"inLanguage\":\"ca\",\"@id\":\"https:\\\/\\\/secure.gravatar.com\\\/avatar\\\/67146597b405ee077a24e519f75c3e2031736596d6ce35af3a34c122c93d0d7b?s=96&d=retro&r=g\",\"url\":\"https:\\\/\\\/secure.gravatar.com\\\/avatar\\\/67146597b405ee077a24e519f75c3e2031736596d6ce35af3a34c122c93d0d7b?s=96&d=retro&r=g\",\"contentUrl\":\"https:\\\/\\\/secure.gravatar.com\\\/avatar\\\/67146597b405ee077a24e519f75c3e2031736596d6ce35af3a34c122c93d0d7b?s=96&d=retro&r=g\",\"caption\":\"pnud\"}}]}<\/script>\n<!-- \/ Yoast SEO plugin. -->","yoast_head_json":{"title":"El DHub inaugura DShop, la botiga del disseny &#8211; Poblenou Urban District","robots":{"index":"index","follow":"follow","max-snippet":"max-snippet:-1","max-image-preview":"max-image-preview:large","max-video-preview":"max-video-preview:-1"},"canonical":"https:\/\/poblenouurbandistrict.com\/ca\/el-dhub-inaugura-dshop-la-botiga-del-disseny\/","og_locale":"ca_ES","og_type":"article","og_title":"El DHub inaugura DShop, la botiga del disseny &#8211; Poblenou Urban District","og_description":"El Disseny Hub Barcelona ha obert les portes de la seva nova botiga aquest dimarts 29 d&#8217;0ctubre. La DShop, situada... M\u00e9s \u2192","og_url":"https:\/\/poblenouurbandistrict.com\/ca\/el-dhub-inaugura-dshop-la-botiga-del-disseny\/","og_site_name":"Poblenou Urban District","article_published_time":"2024-10-29T10:10:50+00:00","article_modified_time":"2024-10-29T10:11:22+00:00","og_image":[{"width":819,"height":541,"url":"https:\/\/poblenouurbandistrict.com\/wp-content\/uploads\/2024\/10\/241016-172850-am-dm05674.jpg","type":"image\/jpeg"}],"author":"pnud","twitter_card":"summary_large_image","twitter_misc":{"Escrit per":"pnud","Temps estimat de lectura":"2 minuts"},"schema":{"@context":"https:\/\/schema.org","@graph":[{"@type":"Article","@id":"https:\/\/poblenouurbandistrict.com\/el-dhub-inaugura-dshop-la-botiga-del-disseny\/#article","isPartOf":{"@id":"https:\/\/poblenouurbandistrict.com\/el-dhub-inaugura-dshop-la-botiga-del-disseny\/"},"author":{"name":"pnud","@id":"https:\/\/poblenouurbandistrict.com\/#\/schema\/person\/980a2cf34b399d5218205730acd54a7e"},"headline":"El DHub inaugura DShop, la botiga del disseny","datePublished":"2024-10-29T10:10:50+00:00","dateModified":"2024-10-29T10:11:22+00:00","mainEntityOfPage":{"@id":"https:\/\/poblenouurbandistrict.com\/el-dhub-inaugura-dshop-la-botiga-del-disseny\/"},"wordCount":580,"image":{"@id":"https:\/\/poblenouurbandistrict.com\/el-dhub-inaugura-dshop-la-botiga-del-disseny\/#primaryimage"},"thumbnailUrl":"https:\/\/media.poblenouurbandistrict.com\/2024\/10\/25080854\/241016-172850-am-dm05674.jpg","articleSection":["Disseny Hub Barcelona","Disseny"],"inLanguage":"ca"},{"@type":"WebPage","@id":"https:\/\/poblenouurbandistrict.com\/ca\/el-dhub-inaugura-dshop-la-botiga-del-disseny\/","url":"https:\/\/poblenouurbandistrict.com\/ca\/el-dhub-inaugura-dshop-la-botiga-del-disseny\/","name":"El DHub inaugura DShop, la botiga del disseny &#8211; Poblenou Urban District","isPartOf":{"@id":"https:\/\/poblenouurbandistrict.com\/ca\/#website"},"primaryImageOfPage":{"@id":"https:\/\/poblenouurbandistrict.com\/ca\/el-dhub-inaugura-dshop-la-botiga-del-disseny\/#primaryimage"},"image":{"@id":"https:\/\/poblenouurbandistrict.com\/el-dhub-inaugura-dshop-la-botiga-del-disseny\/#primaryimage"},"thumbnailUrl":"https:\/\/media.poblenouurbandistrict.com\/2024\/10\/25080854\/241016-172850-am-dm05674.jpg","datePublished":"2024-10-29T10:10:50+00:00","dateModified":"2024-10-29T10:11:22+00:00","author":{"@id":"https:\/\/poblenouurbandistrict.com\/#\/schema\/person\/980a2cf34b399d5218205730acd54a7e"},"breadcrumb":{"@id":"https:\/\/poblenouurbandistrict.com\/ca\/el-dhub-inaugura-dshop-la-botiga-del-disseny\/#breadcrumb"},"inLanguage":"ca","potentialAction":[{"@type":"ReadAction","target":[["https:\/\/poblenouurbandistrict.com\/ca\/el-dhub-inaugura-dshop-la-botiga-del-disseny\/"]]}]},{"@type":"ImageObject","inLanguage":"ca","@id":"https:\/\/poblenouurbandistrict.com\/ca\/el-dhub-inaugura-dshop-la-botiga-del-disseny\/#primaryimage","url":"https:\/\/media.poblenouurbandistrict.com\/2024\/10\/25080854\/241016-172850-am-dm05674.jpg","contentUrl":"https:\/\/media.poblenouurbandistrict.com\/2024\/10\/25080854\/241016-172850-am-dm05674.jpg","width":819,"height":541},{"@type":"BreadcrumbList","@id":"https:\/\/poblenouurbandistrict.com\/ca\/el-dhub-inaugura-dshop-la-botiga-del-disseny\/#breadcrumb","itemListElement":[{"@type":"ListItem","position":1,"name":"Home","item":"https:\/\/poblenouurbandistrict.com\/ca\/"},{"@type":"ListItem","position":2,"name":"El DHub inaugura DShop, la botiga del disseny"}]},{"@type":"WebSite","@id":"https:\/\/poblenouurbandistrict.com\/ca\/#website","url":"https:\/\/poblenouurbandistrict.com\/ca\/","name":"Poblenou Urban District","description":"Comunitat Creativa","potentialAction":[{"@type":"SearchAction","target":{"@type":"EntryPoint","urlTemplate":"https:\/\/poblenouurbandistrict.com\/ca\/?s={search_term_string}"},"query-input":{"@type":"PropertyValueSpecification","valueRequired":true,"valueName":"search_term_string"}}],"inLanguage":"ca"},{"@type":"Person","@id":"https:\/\/poblenouurbandistrict.com\/#\/schema\/person\/980a2cf34b399d5218205730acd54a7e","name":"pnud","image":{"@type":"ImageObject","inLanguage":"ca","@id":"https:\/\/secure.gravatar.com\/avatar\/67146597b405ee077a24e519f75c3e2031736596d6ce35af3a34c122c93d0d7b?s=96&d=retro&r=g","url":"https:\/\/secure.gravatar.com\/avatar\/67146597b405ee077a24e519f75c3e2031736596d6ce35af3a34c122c93d0d7b?s=96&d=retro&r=g","contentUrl":"https:\/\/secure.gravatar.com\/avatar\/67146597b405ee077a24e519f75c3e2031736596d6ce35af3a34c122c93d0d7b?s=96&d=retro&r=g","caption":"pnud"}}]}},"_links":{"self":[{"href":"https:\/\/poblenouurbandistrict.com\/ca\/wp-json\/wp\/v2\/posts\/47903","targetHints":{"allow":["GET"]}}],"collection":[{"href":"https:\/\/poblenouurbandistrict.com\/ca\/wp-json\/wp\/v2\/posts"}],"about":[{"href":"https:\/\/poblenouurbandistrict.com\/ca\/wp-json\/wp\/v2\/types\/post"}],"author":[{"embeddable":true,"href":"https:\/\/poblenouurbandistrict.com\/ca\/wp-json\/wp\/v2\/users\/5"}],"replies":[{"embeddable":true,"href":"https:\/\/poblenouurbandistrict.com\/ca\/wp-json\/wp\/v2\/comments?post=47903"}],"version-history":[{"count":2,"href":"https:\/\/poblenouurbandistrict.com\/ca\/wp-json\/wp\/v2\/posts\/47903\/revisions"}],"predecessor-version":[{"id":47906,"href":"https:\/\/poblenouurbandistrict.com\/ca\/wp-json\/wp\/v2\/posts\/47903\/revisions\/47906"}],"wp:featuredmedia":[{"embeddable":true,"href":"https:\/\/poblenouurbandistrict.com\/ca\/wp-json\/wp\/v2\/media\/47904"}],"wp:attachment":[{"href":"https:\/\/poblenouurbandistrict.com\/ca\/wp-json\/wp\/v2\/media?parent=47903"}],"wp:term":[{"taxonomy":"category","embeddable":true,"href":"https:\/\/poblenouurbandistrict.com\/ca\/wp-json\/wp\/v2\/categories?post=47903"},{"taxonomy":"post_tag","embeddable":true,"href":"https:\/\/poblenouurbandistrict.com\/ca\/wp-json\/wp\/v2\/tags?post=47903"}],"curies":[{"name":"wp","href":"https:\/\/api.w.org\/{rel}","templated":true}]}}