{"id":47907,"date":"2024-10-29T11:38:45","date_gmt":"2024-10-29T10:38:45","guid":{"rendered":"https:\/\/poblenouurbandistrict.com\/?p=47907"},"modified":"2024-10-31T14:47:09","modified_gmt":"2024-10-31T13:47:09","slug":"arriba-una-nova-edicio-del-palo-market-fest","status":"publish","type":"post","link":"https:\/\/poblenouurbandistrict.com\/ca\/arriba-una-nova-edicio-del-palo-market-fest\/","title":{"rendered":"Arriba una nova edici\u00f3 del Palo Market Fest"},"content":{"rendered":"<p>El pr\u00f2xim cap de setmana, els dies 2 i 3 de novembre, torna el <a href=\"https:\/\/palomarketfest.com\/ca\">Palo Market Fest<\/a>. El millor ambient per gaudir de m\u00fasica, menjar i disseny.<\/p>\n<p><strong>M\u00fasica en directe: Latin Street Music by Aperol<\/strong><\/p>\n<p>Un format de carrer i innovador que envolta de m\u00fasica tot Palo Market Fest. Bases r\u00edtmiques, cantants, guitarres, pianos i vents sonen com una gran banda que ocupa el carrer sencer. El STREET MUSIC EXPERIENCE es vesteix de ritmes llatins per a celebrar la m\u00fasica en directe. Tito Bonacera com a mestre de cerim\u00f2nies estar\u00e0 aquesta vegada acompanyat de Lenin &#8220;G\u00fciro Loco&#8221; i d&#8217;altres grans m\u00fasics llatins que ens proposaran un repertori amb molta salsa. Son, bachata, merengue i, per descomptat, cl\u00e0ssics ben coneguts de Ruben Blades, Buena Vista Social Club o Marc Anthony.<\/p>\n<p><strong>VERMUTS MUSICALS BY MORITZ<\/strong><br \/>\nConcerts d&#8217;Herois Locals en petit format que ens donen un color especial als matins de Palo Market Fest. Una aposta decidida per aquests Herois creatius que formen part de les noves generacions de m\u00fasics de Barcelona. Un petit escenari on es barregen els estils i g\u00e8neres m\u00e9s actuals de la ciutat.<\/p>\n<p><strong>DJ SESSIONS<\/strong><br \/>\nSessions amb els vinils m\u00e9s aut\u00e8ntics. Sofisticats Djs que ens descobreixen les m\u00fasiques m\u00e9s ballables. Des dels nous sons del jazz m\u00e9s modern o la m\u00fasica disco m\u00e9s avan\u00e7ada, als ritmes llatins.<\/p>\n<h3><strong>ACTIVITATS<\/strong><\/h3>\n<p><strong>CALIOPIAA WORKSHOPS<\/strong><br \/>\nCada edici\u00f3 ofereix una proposta creativa \u00fanica que permet deixar volar la imaginaci\u00f3, aprendre noves t\u00e8cniques i omplir-se de vida. Els tallers es solen centraren el paper i les t\u00e8cniques d&#8217;estampaci\u00f3. Sempre portem moodboards, llibres o altres materials d&#8217;inspiraci\u00f3! Els tallers s\u00f3n gratu\u00efts per tots els visitants, amb materials inclosos. No cal inscripci\u00f3, i podr\u00e0s emportar-te les teves creacions a casa!<\/p>\n<p>No \u00e9s nom\u00e9s per a nens! Tothom a partir dels 5 anys \u00e9s benvingut.<\/p>\n<p>M\u00e9s informaci\u00f3 i entrades <a href=\"https:\/\/palomarketfest.com\/ca\">aqu\u00ed<\/a>.<\/p>","protected":false},"excerpt":{"rendered":"<p>El pr\u00f2xim cap de setmana, els dies 2 i 3 de novembre, torna el Palo Market Fest. El millor ambient&#8230; <a href=\"https:\/\/poblenouurbandistrict.com\/ca\/arriba-una-nova-edicio-del-palo-market-fest\/\">M\u00e9s  \u2192<\/a><\/p>\n","protected":false},"author":5,"featured_media":47155,"comment_status":"closed","ping_status":"closed","sticky":false,"template":"","format":"standard","meta":{"_acf_changed":false,"footnotes":""},"categories":[1,3348],"tags":[],"class_list":["post-47907","post","type-post","status-publish","format-standard","has-post-thumbnail","hentry","category-noticias","category-musica"],"acf":[],"yoast_head":"<!-- This site is optimized with the Yoast SEO plugin v27.5 - https:\/\/yoast.com\/product\/yoast-seo-wordpress\/ -->\n<title>Arriba una nova edici\u00f3 del Palo Market Fest &#8211; Poblenou Urban District<\/title>\n<meta name=\"robots\" content=\"index, follow, max-snippet:-1, max-image-preview:large, max-video-preview:-1\" \/>\n<link rel=\"canonical\" href=\"https:\/\/poblenouurbandistrict.com\/ca\/arriba-una-nova-edicio-del-palo-market-fest\/\" \/>\n<meta property=\"og:locale\" content=\"ca_ES\" \/>\n<meta property=\"og:type\" content=\"article\" \/>\n<meta property=\"og:title\" content=\"Arriba una nova edici\u00f3 del Palo Market Fest &#8211; Poblenou Urban District\" \/>\n<meta property=\"og:description\" content=\"El pr\u00f2xim cap de setmana, els dies 2 i 3 de novembre, torna el Palo Market Fest. El millor ambient... M\u00e9s \u2192\" \/>\n<meta property=\"og:url\" content=\"https:\/\/poblenouurbandistrict.com\/ca\/arriba-una-nova-edicio-del-palo-market-fest\/\" \/>\n<meta property=\"og:site_name\" content=\"Poblenou Urban District\" \/>\n<meta property=\"article:published_time\" content=\"2024-10-29T10:38:45+00:00\" \/>\n<meta property=\"article:modified_time\" content=\"2024-10-31T13:47:09+00:00\" \/>\n<meta property=\"og:image\" content=\"https:\/\/poblenouurbandistrict.com\/wp-content\/uploads\/2024\/10\/slide-bcn-new-web-4.jpg\" \/>\n\t<meta property=\"og:image:width\" content=\"1239\" \/>\n\t<meta property=\"og:image:height\" content=\"924\" \/>\n\t<meta property=\"og:image:type\" content=\"image\/jpeg\" \/>\n<meta name=\"author\" content=\"pnud\" \/>\n<meta name=\"twitter:card\" content=\"summary_large_image\" \/>\n<meta name=\"twitter:label1\" content=\"Escrit per\" \/>\n\t<meta name=\"twitter:data1\" content=\"pnud\" \/>\n\t<meta name=\"twitter:label2\" content=\"Temps estimat de lectura\" \/>\n\t<meta name=\"twitter:data2\" content=\"2 minuts\" \/>\n<script type=\"application\/ld+json\" class=\"yoast-schema-graph\">{\"@context\":\"https:\\\/\\\/schema.org\",\"@graph\":[{\"@type\":\"Article\",\"@id\":\"https:\\\/\\\/poblenouurbandistrict.com\\\/arriba-una-nova-edicio-del-palo-market-fest\\\/#article\",\"isPartOf\":{\"@id\":\"https:\\\/\\\/poblenouurbandistrict.com\\\/arriba-una-nova-edicio-del-palo-market-fest\\\/\"},\"author\":{\"name\":\"pnud\",\"@id\":\"https:\\\/\\\/poblenouurbandistrict.com\\\/#\\\/schema\\\/person\\\/980a2cf34b399d5218205730acd54a7e\"},\"headline\":\"Arriba una nova edici\u00f3 del Palo Market Fest\",\"datePublished\":\"2024-10-29T10:38:45+00:00\",\"dateModified\":\"2024-10-31T13:47:09+00:00\",\"mainEntityOfPage\":{\"@id\":\"https:\\\/\\\/poblenouurbandistrict.com\\\/arriba-una-nova-edicio-del-palo-market-fest\\\/\"},\"wordCount\":983,\"image\":{\"@id\":\"https:\\\/\\\/poblenouurbandistrict.com\\\/arriba-una-nova-edicio-del-palo-market-fest\\\/#primaryimage\"},\"thumbnailUrl\":\"https:\\\/\\\/media.poblenouurbandistrict.com\\\/2024\\\/10\\\/25075627\\\/slide-bcn-new-web-4.jpg\",\"articleSection\":[\"Est\u00e0 passant\",\"M\u00fasica\"],\"inLanguage\":\"ca\"},{\"@type\":\"WebPage\",\"@id\":\"https:\\\/\\\/poblenouurbandistrict.com\\\/ca\\\/arriba-una-nova-edicio-del-palo-market-fest\\\/\",\"url\":\"https:\\\/\\\/poblenouurbandistrict.com\\\/ca\\\/arriba-una-nova-edicio-del-palo-market-fest\\\/\",\"name\":\"Arriba una nova edici\u00f3 del Palo Market Fest &#8211; Poblenou Urban District\",\"isPartOf\":{\"@id\":\"https:\\\/\\\/poblenouurbandistrict.com\\\/ca\\\/#website\"},\"primaryImageOfPage\":{\"@id\":\"https:\\\/\\\/poblenouurbandistrict.com\\\/ca\\\/arriba-una-nova-edicio-del-palo-market-fest\\\/#primaryimage\"},\"image\":{\"@id\":\"https:\\\/\\\/poblenouurbandistrict.com\\\/arriba-una-nova-edicio-del-palo-market-fest\\\/#primaryimage\"},\"thumbnailUrl\":\"https:\\\/\\\/media.poblenouurbandistrict.com\\\/2024\\\/10\\\/25075627\\\/slide-bcn-new-web-4.jpg\",\"datePublished\":\"2024-10-29T10:38:45+00:00\",\"dateModified\":\"2024-10-31T13:47:09+00:00\",\"author\":{\"@id\":\"https:\\\/\\\/poblenouurbandistrict.com\\\/#\\\/schema\\\/person\\\/980a2cf34b399d5218205730acd54a7e\"},\"breadcrumb\":{\"@id\":\"https:\\\/\\\/poblenouurbandistrict.com\\\/ca\\\/arriba-una-nova-edicio-del-palo-market-fest\\\/#breadcrumb\"},\"inLanguage\":\"ca\",\"potentialAction\":[{\"@type\":\"ReadAction\",\"target\":[[\"https:\\\/\\\/poblenouurbandistrict.com\\\/ca\\\/arriba-una-nova-edicio-del-palo-market-fest\\\/\"]]}]},{\"@type\":\"ImageObject\",\"inLanguage\":\"ca\",\"@id\":\"https:\\\/\\\/poblenouurbandistrict.com\\\/ca\\\/arriba-una-nova-edicio-del-palo-market-fest\\\/#primaryimage\",\"url\":\"https:\\\/\\\/media.poblenouurbandistrict.com\\\/2024\\\/10\\\/25075627\\\/slide-bcn-new-web-4.jpg\",\"contentUrl\":\"https:\\\/\\\/media.poblenouurbandistrict.com\\\/2024\\\/10\\\/25075627\\\/slide-bcn-new-web-4.jpg\",\"width\":1239,\"height\":924,\"caption\":\"info_volvemos\"},{\"@type\":\"BreadcrumbList\",\"@id\":\"https:\\\/\\\/poblenouurbandistrict.com\\\/ca\\\/arriba-una-nova-edicio-del-palo-market-fest\\\/#breadcrumb\",\"itemListElement\":[{\"@type\":\"ListItem\",\"position\":1,\"name\":\"Home\",\"item\":\"https:\\\/\\\/poblenouurbandistrict.com\\\/ca\\\/\"},{\"@type\":\"ListItem\",\"position\":2,\"name\":\"Arriba una nova edici\u00f3 del Palo Market Fest\"}]},{\"@type\":\"WebSite\",\"@id\":\"https:\\\/\\\/poblenouurbandistrict.com\\\/ca\\\/#website\",\"url\":\"https:\\\/\\\/poblenouurbandistrict.com\\\/ca\\\/\",\"name\":\"Poblenou Urban District\",\"description\":\"Comunitat Creativa\",\"potentialAction\":[{\"@type\":\"SearchAction\",\"target\":{\"@type\":\"EntryPoint\",\"urlTemplate\":\"https:\\\/\\\/poblenouurbandistrict.com\\\/ca\\\/?s={search_term_string}\"},\"query-input\":{\"@type\":\"PropertyValueSpecification\",\"valueRequired\":true,\"valueName\":\"search_term_string\"}}],\"inLanguage\":\"ca\"},{\"@type\":\"Person\",\"@id\":\"https:\\\/\\\/poblenouurbandistrict.com\\\/#\\\/schema\\\/person\\\/980a2cf34b399d5218205730acd54a7e\",\"name\":\"pnud\",\"image\":{\"@type\":\"ImageObject\",\"inLanguage\":\"ca\",\"@id\":\"https:\\\/\\\/secure.gravatar.com\\\/avatar\\\/67146597b405ee077a24e519f75c3e2031736596d6ce35af3a34c122c93d0d7b?s=96&d=retro&r=g\",\"url\":\"https:\\\/\\\/secure.gravatar.com\\\/avatar\\\/67146597b405ee077a24e519f75c3e2031736596d6ce35af3a34c122c93d0d7b?s=96&d=retro&r=g\",\"contentUrl\":\"https:\\\/\\\/secure.gravatar.com\\\/avatar\\\/67146597b405ee077a24e519f75c3e2031736596d6ce35af3a34c122c93d0d7b?s=96&d=retro&r=g\",\"caption\":\"pnud\"}}]}<\/script>\n<!-- \/ Yoast SEO plugin. -->","yoast_head_json":{"title":"Arriba una nova edici\u00f3 del Palo Market Fest &#8211; Poblenou Urban District","robots":{"index":"index","follow":"follow","max-snippet":"max-snippet:-1","max-image-preview":"max-image-preview:large","max-video-preview":"max-video-preview:-1"},"canonical":"https:\/\/poblenouurbandistrict.com\/ca\/arriba-una-nova-edicio-del-palo-market-fest\/","og_locale":"ca_ES","og_type":"article","og_title":"Arriba una nova edici\u00f3 del Palo Market Fest &#8211; Poblenou Urban District","og_description":"El pr\u00f2xim cap de setmana, els dies 2 i 3 de novembre, torna el Palo Market Fest. El millor ambient... M\u00e9s \u2192","og_url":"https:\/\/poblenouurbandistrict.com\/ca\/arriba-una-nova-edicio-del-palo-market-fest\/","og_site_name":"Poblenou Urban District","article_published_time":"2024-10-29T10:38:45+00:00","article_modified_time":"2024-10-31T13:47:09+00:00","og_image":[{"width":1239,"height":924,"url":"https:\/\/poblenouurbandistrict.com\/wp-content\/uploads\/2024\/10\/slide-bcn-new-web-4.jpg","type":"image\/jpeg"}],"author":"pnud","twitter_card":"summary_large_image","twitter_misc":{"Escrit per":"pnud","Temps estimat de lectura":"2 minuts"},"schema":{"@context":"https:\/\/schema.org","@graph":[{"@type":"Article","@id":"https:\/\/poblenouurbandistrict.com\/arriba-una-nova-edicio-del-palo-market-fest\/#article","isPartOf":{"@id":"https:\/\/poblenouurbandistrict.com\/arriba-una-nova-edicio-del-palo-market-fest\/"},"author":{"name":"pnud","@id":"https:\/\/poblenouurbandistrict.com\/#\/schema\/person\/980a2cf34b399d5218205730acd54a7e"},"headline":"Arriba una nova edici\u00f3 del Palo Market Fest","datePublished":"2024-10-29T10:38:45+00:00","dateModified":"2024-10-31T13:47:09+00:00","mainEntityOfPage":{"@id":"https:\/\/poblenouurbandistrict.com\/arriba-una-nova-edicio-del-palo-market-fest\/"},"wordCount":983,"image":{"@id":"https:\/\/poblenouurbandistrict.com\/arriba-una-nova-edicio-del-palo-market-fest\/#primaryimage"},"thumbnailUrl":"https:\/\/media.poblenouurbandistrict.com\/2024\/10\/25075627\/slide-bcn-new-web-4.jpg","articleSection":["Est\u00e0 passant","M\u00fasica"],"inLanguage":"ca"},{"@type":"WebPage","@id":"https:\/\/poblenouurbandistrict.com\/ca\/arriba-una-nova-edicio-del-palo-market-fest\/","url":"https:\/\/poblenouurbandistrict.com\/ca\/arriba-una-nova-edicio-del-palo-market-fest\/","name":"Arriba una nova edici\u00f3 del Palo Market Fest &#8211; Poblenou Urban District","isPartOf":{"@id":"https:\/\/poblenouurbandistrict.com\/ca\/#website"},"primaryImageOfPage":{"@id":"https:\/\/poblenouurbandistrict.com\/ca\/arriba-una-nova-edicio-del-palo-market-fest\/#primaryimage"},"image":{"@id":"https:\/\/poblenouurbandistrict.com\/arriba-una-nova-edicio-del-palo-market-fest\/#primaryimage"},"thumbnailUrl":"https:\/\/media.poblenouurbandistrict.com\/2024\/10\/25075627\/slide-bcn-new-web-4.jpg","datePublished":"2024-10-29T10:38:45+00:00","dateModified":"2024-10-31T13:47:09+00:00","author":{"@id":"https:\/\/poblenouurbandistrict.com\/#\/schema\/person\/980a2cf34b399d5218205730acd54a7e"},"breadcrumb":{"@id":"https:\/\/poblenouurbandistrict.com\/ca\/arriba-una-nova-edicio-del-palo-market-fest\/#breadcrumb"},"inLanguage":"ca","potentialAction":[{"@type":"ReadAction","target":[["https:\/\/poblenouurbandistrict.com\/ca\/arriba-una-nova-edicio-del-palo-market-fest\/"]]}]},{"@type":"ImageObject","inLanguage":"ca","@id":"https:\/\/poblenouurbandistrict.com\/ca\/arriba-una-nova-edicio-del-palo-market-fest\/#primaryimage","url":"https:\/\/media.poblenouurbandistrict.com\/2024\/10\/25075627\/slide-bcn-new-web-4.jpg","contentUrl":"https:\/\/media.poblenouurbandistrict.com\/2024\/10\/25075627\/slide-bcn-new-web-4.jpg","width":1239,"height":924,"caption":"info_volvemos"},{"@type":"BreadcrumbList","@id":"https:\/\/poblenouurbandistrict.com\/ca\/arriba-una-nova-edicio-del-palo-market-fest\/#breadcrumb","itemListElement":[{"@type":"ListItem","position":1,"name":"Home","item":"https:\/\/poblenouurbandistrict.com\/ca\/"},{"@type":"ListItem","position":2,"name":"Arriba una nova edici\u00f3 del Palo Market Fest"}]},{"@type":"WebSite","@id":"https:\/\/poblenouurbandistrict.com\/ca\/#website","url":"https:\/\/poblenouurbandistrict.com\/ca\/","name":"Poblenou Urban District","description":"Comunitat Creativa","potentialAction":[{"@type":"SearchAction","target":{"@type":"EntryPoint","urlTemplate":"https:\/\/poblenouurbandistrict.com\/ca\/?s={search_term_string}"},"query-input":{"@type":"PropertyValueSpecification","valueRequired":true,"valueName":"search_term_string"}}],"inLanguage":"ca"},{"@type":"Person","@id":"https:\/\/poblenouurbandistrict.com\/#\/schema\/person\/980a2cf34b399d5218205730acd54a7e","name":"pnud","image":{"@type":"ImageObject","inLanguage":"ca","@id":"https:\/\/secure.gravatar.com\/avatar\/67146597b405ee077a24e519f75c3e2031736596d6ce35af3a34c122c93d0d7b?s=96&d=retro&r=g","url":"https:\/\/secure.gravatar.com\/avatar\/67146597b405ee077a24e519f75c3e2031736596d6ce35af3a34c122c93d0d7b?s=96&d=retro&r=g","contentUrl":"https:\/\/secure.gravatar.com\/avatar\/67146597b405ee077a24e519f75c3e2031736596d6ce35af3a34c122c93d0d7b?s=96&d=retro&r=g","caption":"pnud"}}]}},"_links":{"self":[{"href":"https:\/\/poblenouurbandistrict.com\/ca\/wp-json\/wp\/v2\/posts\/47907","targetHints":{"allow":["GET"]}}],"collection":[{"href":"https:\/\/poblenouurbandistrict.com\/ca\/wp-json\/wp\/v2\/posts"}],"about":[{"href":"https:\/\/poblenouurbandistrict.com\/ca\/wp-json\/wp\/v2\/types\/post"}],"author":[{"embeddable":true,"href":"https:\/\/poblenouurbandistrict.com\/ca\/wp-json\/wp\/v2\/users\/5"}],"replies":[{"embeddable":true,"href":"https:\/\/poblenouurbandistrict.com\/ca\/wp-json\/wp\/v2\/comments?post=47907"}],"version-history":[{"count":7,"href":"https:\/\/poblenouurbandistrict.com\/ca\/wp-json\/wp\/v2\/posts\/47907\/revisions"}],"predecessor-version":[{"id":47997,"href":"https:\/\/poblenouurbandistrict.com\/ca\/wp-json\/wp\/v2\/posts\/47907\/revisions\/47997"}],"wp:featuredmedia":[{"embeddable":true,"href":"https:\/\/poblenouurbandistrict.com\/ca\/wp-json\/wp\/v2\/media\/47155"}],"wp:attachment":[{"href":"https:\/\/poblenouurbandistrict.com\/ca\/wp-json\/wp\/v2\/media?parent=47907"}],"wp:term":[{"taxonomy":"category","embeddable":true,"href":"https:\/\/poblenouurbandistrict.com\/ca\/wp-json\/wp\/v2\/categories?post=47907"},{"taxonomy":"post_tag","embeddable":true,"href":"https:\/\/poblenouurbandistrict.com\/ca\/wp-json\/wp\/v2\/tags?post=47907"}],"curies":[{"name":"wp","href":"https:\/\/api.w.org\/{rel}","templated":true}]}}