{"id":47910,"date":"2024-10-29T13:18:51","date_gmt":"2024-10-29T12:18:51","guid":{"rendered":"https:\/\/poblenouurbandistrict.com\/?p=47910"},"modified":"2024-10-31T14:43:15","modified_gmt":"2024-10-31T13:43:15","slug":"the-social-hub-ha-aconseguit-el-certificat-b-corp","status":"publish","type":"post","link":"https:\/\/poblenouurbandistrict.com\/ca\/the-social-hub-ha-aconseguit-el-certificat-b-corp\/","title":{"rendered":"The Social Hub ha aconseguit el certificat B-Corp"},"content":{"rendered":"<p><strong>L&#8217;empresa celebra el certificat B-Corp de sostenibilitat i demana un canvi en l&#8217;hosteleria<\/strong><\/p>\n<p><a href=\"https:\/\/www.thesocialhub.co\/es\/\">The Social Hub<\/a>, un grup global d&#8217;hosteler\u00eda h\u00edbrida, ha aconseguit el certificat B Corp, unint-se\u00a0 a una creixent comunitat d&#8217;empreses compromeses amb pr\u00e0ctiques sostenibles y socialment responsables. En convertir-se en una corporaci\u00f3 B certificada, la companyia es compromet amb alts est\u00e0ndards en governan\u00e7a, comprom\u00eds comunitari, benestar dels empleats, administraci\u00f3 ambiental i servei al client.<\/p>\n<p>Conegut pels seus centres h\u00edbrids que combinen hotel, allotjament per estudiants, espais de coworking i esdeveniments, <a href=\"https:\/\/www.thesocialhub.co\/es\/\">The Social Hub<\/a> opera en 18 ubicacions a Europa. Amb m\u00e9s de 10,000 habitacions, rep milions de visitants cada any. Ara, la seva certificaci\u00f3 reflexa un comprom\u00eds ferm amb l&#8217;impacte sostenible i amb els valors orientats a la comunitat. Com a B Corp, The Social Hub es converteix en una de les \u00faniques 212 organitzacions hoteleres certificades en tot el m\u00f3n i en una de les menys de 50 que hi ha a Europa.<\/p>\n<p>El cam\u00ed cap al certificat B Corp, un proc\u00e9s supervisat\u00a0 per l&#8217;organitzaci\u00f3 sense \u00e0nim de lucre B Lab, va involucrar una avaluaci\u00f3 d&#8217;un any en cinc \u00e0rees clau: governan\u00e7a, treballadors, comunitat, medi ambient i clients. Amb una puntuaci\u00f3 de 107,1 (per sobre de la mitjana de 94), The Social Hub s&#8217;ha comprom\u00e8s amb objectius concrets, que inclouen reduir les seves emissions de gasos d&#8217;efecte hivernacle en un 78% i desviar el 100% dels residus dels abocadors el 2030.<\/p>\n<p>Amber Westborg, Directora de Sostenibilitat de The Social Hub, va destacar: &#8220;Es tracta de fer el que es diu. No hi ha lloc on amagar-se, ser una B Corp significa estar subjecte als m\u00e9s alts est\u00e0ndards socials i ambientals, on la honestetat i la transpar\u00e8ncia s\u00f3n fonamentals. (&#8230;) El major motor ha estat la nostra ambici\u00f3 de ser responsables i distingir-nos per l&#8217;impacte positiu que podem generar en el planeta i la comunitat global.&#8221; El fundador i CEO Charlie MacGregor va assenyalar que:\u00a0 &#8220;Les responsabilitats ambientals i socials s\u00f3n essencials per mantenir-se rellevant. El certificat B Corp es nom\u00e9s el comen\u00e7ament per nosaltres, mentre seguim innovant i liderant cap a un sector hoteler m\u00e9s sostenible.<\/p>\n<p>Aquest assoliment marca una fita important per <a href=\"https:\/\/www.thesocialhub.co\/es\/\">The Social Hub<\/a>, que busca inspirar altres empreses hoteleres i immobili\u00e0ries a seguir el seu exemple, demostrant que els negocis impulsats pel prop\u00f2sit de ser sostenibles no nom\u00e9s s\u00f3n possibles, sin\u00f3 essencials per un \u00e8xit durador en el m\u00f3n actual.<\/p>","protected":false},"excerpt":{"rendered":"<p>L&#8217;empresa celebra el certificat B-Corp de sostenibilitat i demana un canvi en l&#8217;hosteleria The Social Hub, un grup global d&#8217;hosteler\u00eda&#8230; <a href=\"https:\/\/poblenouurbandistrict.com\/ca\/the-social-hub-ha-aconseguit-el-certificat-b-corp\/\">M\u00e9s  \u2192<\/a><\/p>\n","protected":false},"author":5,"featured_media":47913,"comment_status":"closed","ping_status":"closed","sticky":false,"template":"","format":"standard","meta":{"_acf_changed":false,"footnotes":""},"categories":[3571],"tags":[],"class_list":["post-47910","post","type-post","status-publish","format-standard","has-post-thumbnail","hentry","category-sostenibilitat"],"acf":[],"yoast_head":"<!-- This site is optimized with the Yoast SEO plugin v27.5 - https:\/\/yoast.com\/product\/yoast-seo-wordpress\/ -->\n<title>The Social Hub ha aconseguit el certificat B-Corp &#8211; Poblenou Urban District<\/title>\n<meta name=\"robots\" content=\"index, follow, max-snippet:-1, max-image-preview:large, max-video-preview:-1\" \/>\n<link rel=\"canonical\" href=\"https:\/\/poblenouurbandistrict.com\/ca\/the-social-hub-ha-aconseguit-el-certificat-b-corp\/\" \/>\n<meta property=\"og:locale\" content=\"ca_ES\" \/>\n<meta property=\"og:type\" content=\"article\" \/>\n<meta property=\"og:title\" content=\"The Social Hub ha aconseguit el certificat B-Corp &#8211; Poblenou Urban District\" \/>\n<meta property=\"og:description\" content=\"L&#8217;empresa celebra el certificat B-Corp de sostenibilitat i demana un canvi en l&#8217;hosteleria The Social Hub, un grup global d&#8217;hosteler\u00eda... M\u00e9s \u2192\" \/>\n<meta property=\"og:url\" content=\"https:\/\/poblenouurbandistrict.com\/ca\/the-social-hub-ha-aconseguit-el-certificat-b-corp\/\" \/>\n<meta property=\"og:site_name\" content=\"Poblenou Urban District\" \/>\n<meta property=\"article:published_time\" content=\"2024-10-29T12:18:51+00:00\" \/>\n<meta property=\"article:modified_time\" content=\"2024-10-31T13:43:15+00:00\" \/>\n<meta property=\"og:image\" content=\"https:\/\/poblenouurbandistrict.com\/wp-content\/uploads\/2024\/10\/559846-the-social-hub-b-corp-2-0551c5-original-1730130907.jpg\" \/>\n\t<meta property=\"og:image:width\" content=\"2560\" \/>\n\t<meta property=\"og:image:height\" content=\"1707\" \/>\n\t<meta property=\"og:image:type\" content=\"image\/jpeg\" \/>\n<meta name=\"author\" content=\"pnud\" \/>\n<meta name=\"twitter:card\" content=\"summary_large_image\" \/>\n<meta name=\"twitter:label1\" content=\"Escrit per\" \/>\n\t<meta name=\"twitter:data1\" content=\"pnud\" \/>\n\t<meta name=\"twitter:label2\" content=\"Temps estimat de lectura\" \/>\n\t<meta name=\"twitter:data2\" content=\"3 minuts\" \/>\n<script type=\"application\/ld+json\" class=\"yoast-schema-graph\">{\"@context\":\"https:\\\/\\\/schema.org\",\"@graph\":[{\"@type\":\"Article\",\"@id\":\"https:\\\/\\\/poblenouurbandistrict.com\\\/the-social-hub-ha-aconseguit-el-certificat-b-corp\\\/#article\",\"isPartOf\":{\"@id\":\"https:\\\/\\\/poblenouurbandistrict.com\\\/the-social-hub-ha-aconseguit-el-certificat-b-corp\\\/\"},\"author\":{\"name\":\"pnud\",\"@id\":\"https:\\\/\\\/poblenouurbandistrict.com\\\/#\\\/schema\\\/person\\\/980a2cf34b399d5218205730acd54a7e\"},\"headline\":\"The Social Hub ha aconseguit el certificat B-Corp\",\"datePublished\":\"2024-10-29T12:18:51+00:00\",\"dateModified\":\"2024-10-31T13:43:15+00:00\",\"mainEntityOfPage\":{\"@id\":\"https:\\\/\\\/poblenouurbandistrict.com\\\/the-social-hub-ha-aconseguit-el-certificat-b-corp\\\/\"},\"wordCount\":1225,\"image\":{\"@id\":\"https:\\\/\\\/poblenouurbandistrict.com\\\/the-social-hub-ha-aconseguit-el-certificat-b-corp\\\/#primaryimage\"},\"thumbnailUrl\":\"https:\\\/\\\/media.poblenouurbandistrict.com\\\/2024\\\/10\\\/25080857\\\/559846-the-social-hub-b-corp-2-0551c5-original-1730130907.jpg\",\"articleSection\":[\"Sostenibilitat\"],\"inLanguage\":\"ca\"},{\"@type\":\"WebPage\",\"@id\":\"https:\\\/\\\/poblenouurbandistrict.com\\\/ca\\\/the-social-hub-ha-aconseguit-el-certificat-b-corp\\\/\",\"url\":\"https:\\\/\\\/poblenouurbandistrict.com\\\/ca\\\/the-social-hub-ha-aconseguit-el-certificat-b-corp\\\/\",\"name\":\"The Social Hub ha aconseguit el certificat B-Corp &#8211; Poblenou Urban District\",\"isPartOf\":{\"@id\":\"https:\\\/\\\/poblenouurbandistrict.com\\\/ca\\\/#website\"},\"primaryImageOfPage\":{\"@id\":\"https:\\\/\\\/poblenouurbandistrict.com\\\/ca\\\/the-social-hub-ha-aconseguit-el-certificat-b-corp\\\/#primaryimage\"},\"image\":{\"@id\":\"https:\\\/\\\/poblenouurbandistrict.com\\\/the-social-hub-ha-aconseguit-el-certificat-b-corp\\\/#primaryimage\"},\"thumbnailUrl\":\"https:\\\/\\\/media.poblenouurbandistrict.com\\\/2024\\\/10\\\/25080857\\\/559846-the-social-hub-b-corp-2-0551c5-original-1730130907.jpg\",\"datePublished\":\"2024-10-29T12:18:51+00:00\",\"dateModified\":\"2024-10-31T13:43:15+00:00\",\"author\":{\"@id\":\"https:\\\/\\\/poblenouurbandistrict.com\\\/#\\\/schema\\\/person\\\/980a2cf34b399d5218205730acd54a7e\"},\"breadcrumb\":{\"@id\":\"https:\\\/\\\/poblenouurbandistrict.com\\\/ca\\\/the-social-hub-ha-aconseguit-el-certificat-b-corp\\\/#breadcrumb\"},\"inLanguage\":\"ca\",\"potentialAction\":[{\"@type\":\"ReadAction\",\"target\":[[\"https:\\\/\\\/poblenouurbandistrict.com\\\/ca\\\/the-social-hub-ha-aconseguit-el-certificat-b-corp\\\/\"]]}]},{\"@type\":\"ImageObject\",\"inLanguage\":\"ca\",\"@id\":\"https:\\\/\\\/poblenouurbandistrict.com\\\/ca\\\/the-social-hub-ha-aconseguit-el-certificat-b-corp\\\/#primaryimage\",\"url\":\"https:\\\/\\\/media.poblenouurbandistrict.com\\\/2024\\\/10\\\/25080857\\\/559846-the-social-hub-b-corp-2-0551c5-original-1730130907.jpg\",\"contentUrl\":\"https:\\\/\\\/media.poblenouurbandistrict.com\\\/2024\\\/10\\\/25080857\\\/559846-the-social-hub-b-corp-2-0551c5-original-1730130907.jpg\",\"width\":2560,\"height\":1707},{\"@type\":\"BreadcrumbList\",\"@id\":\"https:\\\/\\\/poblenouurbandistrict.com\\\/ca\\\/the-social-hub-ha-aconseguit-el-certificat-b-corp\\\/#breadcrumb\",\"itemListElement\":[{\"@type\":\"ListItem\",\"position\":1,\"name\":\"Home\",\"item\":\"https:\\\/\\\/poblenouurbandistrict.com\\\/ca\\\/\"},{\"@type\":\"ListItem\",\"position\":2,\"name\":\"The Social Hub ha aconseguit el certificat B-Corp\"}]},{\"@type\":\"WebSite\",\"@id\":\"https:\\\/\\\/poblenouurbandistrict.com\\\/ca\\\/#website\",\"url\":\"https:\\\/\\\/poblenouurbandistrict.com\\\/ca\\\/\",\"name\":\"Poblenou Urban District\",\"description\":\"Comunitat Creativa\",\"potentialAction\":[{\"@type\":\"SearchAction\",\"target\":{\"@type\":\"EntryPoint\",\"urlTemplate\":\"https:\\\/\\\/poblenouurbandistrict.com\\\/ca\\\/?s={search_term_string}\"},\"query-input\":{\"@type\":\"PropertyValueSpecification\",\"valueRequired\":true,\"valueName\":\"search_term_string\"}}],\"inLanguage\":\"ca\"},{\"@type\":\"Person\",\"@id\":\"https:\\\/\\\/poblenouurbandistrict.com\\\/#\\\/schema\\\/person\\\/980a2cf34b399d5218205730acd54a7e\",\"name\":\"pnud\",\"image\":{\"@type\":\"ImageObject\",\"inLanguage\":\"ca\",\"@id\":\"https:\\\/\\\/secure.gravatar.com\\\/avatar\\\/67146597b405ee077a24e519f75c3e2031736596d6ce35af3a34c122c93d0d7b?s=96&d=retro&r=g\",\"url\":\"https:\\\/\\\/secure.gravatar.com\\\/avatar\\\/67146597b405ee077a24e519f75c3e2031736596d6ce35af3a34c122c93d0d7b?s=96&d=retro&r=g\",\"contentUrl\":\"https:\\\/\\\/secure.gravatar.com\\\/avatar\\\/67146597b405ee077a24e519f75c3e2031736596d6ce35af3a34c122c93d0d7b?s=96&d=retro&r=g\",\"caption\":\"pnud\"}}]}<\/script>\n<!-- \/ Yoast SEO plugin. -->","yoast_head_json":{"title":"The Social Hub ha aconseguit el certificat B-Corp &#8211; Poblenou Urban District","robots":{"index":"index","follow":"follow","max-snippet":"max-snippet:-1","max-image-preview":"max-image-preview:large","max-video-preview":"max-video-preview:-1"},"canonical":"https:\/\/poblenouurbandistrict.com\/ca\/the-social-hub-ha-aconseguit-el-certificat-b-corp\/","og_locale":"ca_ES","og_type":"article","og_title":"The Social Hub ha aconseguit el certificat B-Corp &#8211; Poblenou Urban District","og_description":"L&#8217;empresa celebra el certificat B-Corp de sostenibilitat i demana un canvi en l&#8217;hosteleria The Social Hub, un grup global d&#8217;hosteler\u00eda... M\u00e9s \u2192","og_url":"https:\/\/poblenouurbandistrict.com\/ca\/the-social-hub-ha-aconseguit-el-certificat-b-corp\/","og_site_name":"Poblenou Urban District","article_published_time":"2024-10-29T12:18:51+00:00","article_modified_time":"2024-10-31T13:43:15+00:00","og_image":[{"width":2560,"height":1707,"url":"https:\/\/poblenouurbandistrict.com\/wp-content\/uploads\/2024\/10\/559846-the-social-hub-b-corp-2-0551c5-original-1730130907.jpg","type":"image\/jpeg"}],"author":"pnud","twitter_card":"summary_large_image","twitter_misc":{"Escrit per":"pnud","Temps estimat de lectura":"3 minuts"},"schema":{"@context":"https:\/\/schema.org","@graph":[{"@type":"Article","@id":"https:\/\/poblenouurbandistrict.com\/the-social-hub-ha-aconseguit-el-certificat-b-corp\/#article","isPartOf":{"@id":"https:\/\/poblenouurbandistrict.com\/the-social-hub-ha-aconseguit-el-certificat-b-corp\/"},"author":{"name":"pnud","@id":"https:\/\/poblenouurbandistrict.com\/#\/schema\/person\/980a2cf34b399d5218205730acd54a7e"},"headline":"The Social Hub ha aconseguit el certificat B-Corp","datePublished":"2024-10-29T12:18:51+00:00","dateModified":"2024-10-31T13:43:15+00:00","mainEntityOfPage":{"@id":"https:\/\/poblenouurbandistrict.com\/the-social-hub-ha-aconseguit-el-certificat-b-corp\/"},"wordCount":1225,"image":{"@id":"https:\/\/poblenouurbandistrict.com\/the-social-hub-ha-aconseguit-el-certificat-b-corp\/#primaryimage"},"thumbnailUrl":"https:\/\/media.poblenouurbandistrict.com\/2024\/10\/25080857\/559846-the-social-hub-b-corp-2-0551c5-original-1730130907.jpg","articleSection":["Sostenibilitat"],"inLanguage":"ca"},{"@type":"WebPage","@id":"https:\/\/poblenouurbandistrict.com\/ca\/the-social-hub-ha-aconseguit-el-certificat-b-corp\/","url":"https:\/\/poblenouurbandistrict.com\/ca\/the-social-hub-ha-aconseguit-el-certificat-b-corp\/","name":"The Social Hub ha aconseguit el certificat B-Corp &#8211; Poblenou Urban District","isPartOf":{"@id":"https:\/\/poblenouurbandistrict.com\/ca\/#website"},"primaryImageOfPage":{"@id":"https:\/\/poblenouurbandistrict.com\/ca\/the-social-hub-ha-aconseguit-el-certificat-b-corp\/#primaryimage"},"image":{"@id":"https:\/\/poblenouurbandistrict.com\/the-social-hub-ha-aconseguit-el-certificat-b-corp\/#primaryimage"},"thumbnailUrl":"https:\/\/media.poblenouurbandistrict.com\/2024\/10\/25080857\/559846-the-social-hub-b-corp-2-0551c5-original-1730130907.jpg","datePublished":"2024-10-29T12:18:51+00:00","dateModified":"2024-10-31T13:43:15+00:00","author":{"@id":"https:\/\/poblenouurbandistrict.com\/#\/schema\/person\/980a2cf34b399d5218205730acd54a7e"},"breadcrumb":{"@id":"https:\/\/poblenouurbandistrict.com\/ca\/the-social-hub-ha-aconseguit-el-certificat-b-corp\/#breadcrumb"},"inLanguage":"ca","potentialAction":[{"@type":"ReadAction","target":[["https:\/\/poblenouurbandistrict.com\/ca\/the-social-hub-ha-aconseguit-el-certificat-b-corp\/"]]}]},{"@type":"ImageObject","inLanguage":"ca","@id":"https:\/\/poblenouurbandistrict.com\/ca\/the-social-hub-ha-aconseguit-el-certificat-b-corp\/#primaryimage","url":"https:\/\/media.poblenouurbandistrict.com\/2024\/10\/25080857\/559846-the-social-hub-b-corp-2-0551c5-original-1730130907.jpg","contentUrl":"https:\/\/media.poblenouurbandistrict.com\/2024\/10\/25080857\/559846-the-social-hub-b-corp-2-0551c5-original-1730130907.jpg","width":2560,"height":1707},{"@type":"BreadcrumbList","@id":"https:\/\/poblenouurbandistrict.com\/ca\/the-social-hub-ha-aconseguit-el-certificat-b-corp\/#breadcrumb","itemListElement":[{"@type":"ListItem","position":1,"name":"Home","item":"https:\/\/poblenouurbandistrict.com\/ca\/"},{"@type":"ListItem","position":2,"name":"The Social Hub ha aconseguit el certificat B-Corp"}]},{"@type":"WebSite","@id":"https:\/\/poblenouurbandistrict.com\/ca\/#website","url":"https:\/\/poblenouurbandistrict.com\/ca\/","name":"Poblenou Urban District","description":"Comunitat Creativa","potentialAction":[{"@type":"SearchAction","target":{"@type":"EntryPoint","urlTemplate":"https:\/\/poblenouurbandistrict.com\/ca\/?s={search_term_string}"},"query-input":{"@type":"PropertyValueSpecification","valueRequired":true,"valueName":"search_term_string"}}],"inLanguage":"ca"},{"@type":"Person","@id":"https:\/\/poblenouurbandistrict.com\/#\/schema\/person\/980a2cf34b399d5218205730acd54a7e","name":"pnud","image":{"@type":"ImageObject","inLanguage":"ca","@id":"https:\/\/secure.gravatar.com\/avatar\/67146597b405ee077a24e519f75c3e2031736596d6ce35af3a34c122c93d0d7b?s=96&d=retro&r=g","url":"https:\/\/secure.gravatar.com\/avatar\/67146597b405ee077a24e519f75c3e2031736596d6ce35af3a34c122c93d0d7b?s=96&d=retro&r=g","contentUrl":"https:\/\/secure.gravatar.com\/avatar\/67146597b405ee077a24e519f75c3e2031736596d6ce35af3a34c122c93d0d7b?s=96&d=retro&r=g","caption":"pnud"}}]}},"_links":{"self":[{"href":"https:\/\/poblenouurbandistrict.com\/ca\/wp-json\/wp\/v2\/posts\/47910","targetHints":{"allow":["GET"]}}],"collection":[{"href":"https:\/\/poblenouurbandistrict.com\/ca\/wp-json\/wp\/v2\/posts"}],"about":[{"href":"https:\/\/poblenouurbandistrict.com\/ca\/wp-json\/wp\/v2\/types\/post"}],"author":[{"embeddable":true,"href":"https:\/\/poblenouurbandistrict.com\/ca\/wp-json\/wp\/v2\/users\/5"}],"replies":[{"embeddable":true,"href":"https:\/\/poblenouurbandistrict.com\/ca\/wp-json\/wp\/v2\/comments?post=47910"}],"version-history":[{"count":9,"href":"https:\/\/poblenouurbandistrict.com\/ca\/wp-json\/wp\/v2\/posts\/47910\/revisions"}],"predecessor-version":[{"id":47996,"href":"https:\/\/poblenouurbandistrict.com\/ca\/wp-json\/wp\/v2\/posts\/47910\/revisions\/47996"}],"wp:featuredmedia":[{"embeddable":true,"href":"https:\/\/poblenouurbandistrict.com\/ca\/wp-json\/wp\/v2\/media\/47913"}],"wp:attachment":[{"href":"https:\/\/poblenouurbandistrict.com\/ca\/wp-json\/wp\/v2\/media?parent=47910"}],"wp:term":[{"taxonomy":"category","embeddable":true,"href":"https:\/\/poblenouurbandistrict.com\/ca\/wp-json\/wp\/v2\/categories?post=47910"},{"taxonomy":"post_tag","embeddable":true,"href":"https:\/\/poblenouurbandistrict.com\/ca\/wp-json\/wp\/v2\/tags?post=47910"}],"curies":[{"name":"wp","href":"https:\/\/api.w.org\/{rel}","templated":true}]}}