{"id":48069,"date":"2024-11-05T13:21:53","date_gmt":"2024-11-05T12:21:53","guid":{"rendered":"https:\/\/poblenouurbandistrict.com\/?p=48069"},"modified":"2024-11-07T18:46:13","modified_gmt":"2024-11-07T17:46:13","slug":"aquesta-tardor-alca-el-vol-amb-onair","status":"publish","type":"post","link":"https:\/\/poblenouurbandistrict.com\/ca\/aquesta-tardor-alca-el-vol-amb-onair\/","title":{"rendered":"Aquesta tardor al\u00e7a el vol amb Onair"},"content":{"rendered":"<p>Onair \u00e9s una escola de dansa a\u00e8ria establerta al cor del Poblenou. Aquest mes de novembre, han organitzat diversos workshops en els quals podr\u00e0s practicar diverses t\u00e8cniques i disciplines:<\/p>\n<p>&#8211;<strong>\u00a0 M\u00e0ster Class Dansa &amp; Moviment &#8211;<\/strong><\/p>\n<p>Treballa amb el teu cos per obrir-te a noves possibilitats, explora nous patrons de moviment, la imperfecci\u00f3, l&#8217;autenticitat, la manera de treure all\u00f2 profund i expressar-ho amb els teus m\u00fasculs, els teus ossos, la teva naturalesa<\/p>\n<p>09\/11 de 10 a 11.30<\/p>\n<p>Professora: Maider Fari\u00f1as<\/p>\n<p><strong>&#8211; Din\u00e0miques en Teles &#8211;<\/strong><\/p>\n<p>Els participants aprendran t\u00e8cniques basades en la biomec\u00e0nica del cos hum\u00e0 per a reduir l&#8217;esfor\u00e7 i optimitzar el momentum en l&#8217;aire, millorant aix\u00ed el seu acompliment en l&#8217;execuci\u00f3 dels moviments din\u00e0mics.<\/p>\n<p>09\/11 de 18 a 21h<br \/>\n10\/11 d&#8217;11 a 14h<br \/>\nNivell: Intermedi \/ avan\u00e7at.<br \/>\nProfessor: Dexter T\u00f3rtola<\/p>\n<p><strong>&#8211; Dansa Vertical, Iniciaci\u00f3 \/ Intermedi &#8211;<\/strong><\/p>\n<p>Els participants prendran contacte amb els nous plans i perspectives que ens ofereix la paret i aix\u00ed descobrir aquest nou element a trav\u00e9s de seq\u00fc\u00e8ncies de moviment i nous vols.<\/p>\n<p>15\/11 de 16 a 18h<br \/>\n16\/11 de 10 a 12h<br \/>\n17\/11 10 a 12h<br \/>\nProfessor: Adri\u00e1n P\u00e9rez<\/p>\n<p><strong>&#8211; Dansa Vertical Avan\u00e7ada &#8211;<\/strong><\/p>\n<p>Des d&#8217;un treball guiat d&#8217;exploraci\u00f3 del moviment propi fins a llegar a l&#8217;estudi de seq\u00fc\u00e8ncies de moviment tancades propostes, passant per la pr\u00e0ctica d&#8217;elements acrob\u00e0tics.<\/p>\n<p>16\/11 de 18 a 20h<br \/>\n17\/11 de 12h a 14h<br \/>\nProfessor: Adri\u00e1n P\u00e9rez<\/p>\n<p><strong>&#8211; Dance Hoop &#8211;<\/strong><\/p>\n<p>La dansa amb Hoop \u00e9s continguda i centr\u00edpeta; el ballar\u00ed es converteix en un sat\u00e8l\u00b7lit de la circumfer\u00e8ncia. Durant aquest workshop treballar\u00e0s amb el Hoop a una altura m\u00e9s baixa de l&#8217;habitual per a poder integrar parts de s\u00f2l, i aix\u00ed poder ballar utilitzant diferents altures.<\/p>\n<p>23\/11 de 19.30 a 21:30h<br \/>\nNivell: Intermedi \/ avan\u00e7at.<br \/>\nProfessor: Daniel Bern\u00e9s<\/p>\n<p>&nbsp;<\/p>\n<p><a href=\"https:\/\/onairbarcelona.com\/formacion-en-danza-aerea\/workshops\/\">M\u00e1s informaci\u00f3 i inscripcions aqu\u00ed<\/a><\/p>","protected":false},"excerpt":{"rendered":"<p>Onair \u00e9s una escola de dansa a\u00e8ria establerta al cor del Poblenou. Aquest mes de novembre, han organitzat diversos workshops&#8230; <a href=\"https:\/\/poblenouurbandistrict.com\/ca\/aquesta-tardor-alca-el-vol-amb-onair\/\">M\u00e9s  \u2192<\/a><\/p>\n","protected":false},"author":5,"featured_media":48073,"comment_status":"closed","ping_status":"closed","sticky":false,"template":"","format":"standard","meta":{"_acf_changed":false,"footnotes":""},"categories":[1],"tags":[],"class_list":["post-48069","post","type-post","status-publish","format-standard","has-post-thumbnail","hentry","category-noticias"],"acf":[],"yoast_head":"<!-- This site is optimized with the Yoast SEO plugin v27.5 - https:\/\/yoast.com\/product\/yoast-seo-wordpress\/ -->\n<title>Aquesta tardor al\u00e7a el vol amb Onair &#8211; Poblenou Urban District<\/title>\n<meta name=\"robots\" content=\"index, follow, max-snippet:-1, max-image-preview:large, max-video-preview:-1\" \/>\n<link rel=\"canonical\" href=\"https:\/\/poblenouurbandistrict.com\/ca\/aquesta-tardor-alca-el-vol-amb-onair\/\" \/>\n<meta property=\"og:locale\" content=\"ca_ES\" \/>\n<meta property=\"og:type\" content=\"article\" \/>\n<meta property=\"og:title\" content=\"Aquesta tardor al\u00e7a el vol amb Onair &#8211; Poblenou Urban District\" \/>\n<meta property=\"og:description\" content=\"Onair \u00e9s una escola de dansa a\u00e8ria establerta al cor del Poblenou. Aquest mes de novembre, han organitzat diversos workshops... M\u00e9s \u2192\" \/>\n<meta property=\"og:url\" content=\"https:\/\/poblenouurbandistrict.com\/ca\/aquesta-tardor-alca-el-vol-amb-onair\/\" \/>\n<meta property=\"og:site_name\" content=\"Poblenou Urban District\" \/>\n<meta property=\"article:published_time\" content=\"2024-11-05T12:21:53+00:00\" \/>\n<meta property=\"article:modified_time\" content=\"2024-11-07T17:46:13+00:00\" \/>\n<meta property=\"og:image\" content=\"https:\/\/poblenouurbandistrict.com\/wp-content\/uploads\/2024\/11\/32409-mtr-4727873124941934489-e1730996225995.jpg\" \/>\n\t<meta property=\"og:image:width\" content=\"1080\" \/>\n\t<meta property=\"og:image:height\" content=\"705\" \/>\n\t<meta property=\"og:image:type\" content=\"image\/jpeg\" \/>\n<meta name=\"author\" content=\"pnud\" \/>\n<meta name=\"twitter:card\" content=\"summary_large_image\" \/>\n<meta name=\"twitter:label1\" content=\"Escrit per\" \/>\n\t<meta name=\"twitter:data1\" content=\"pnud\" \/>\n\t<meta name=\"twitter:label2\" content=\"Temps estimat de lectura\" \/>\n\t<meta name=\"twitter:data2\" content=\"2 minuts\" \/>\n<script type=\"application\/ld+json\" class=\"yoast-schema-graph\">{\"@context\":\"https:\\\/\\\/schema.org\",\"@graph\":[{\"@type\":\"Article\",\"@id\":\"https:\\\/\\\/poblenouurbandistrict.com\\\/aquesta-tardor-alca-el-vol-amb-onair\\\/#article\",\"isPartOf\":{\"@id\":\"https:\\\/\\\/poblenouurbandistrict.com\\\/aquesta-tardor-alca-el-vol-amb-onair\\\/\"},\"author\":{\"name\":\"pnud\",\"@id\":\"https:\\\/\\\/poblenouurbandistrict.com\\\/#\\\/schema\\\/person\\\/980a2cf34b399d5218205730acd54a7e\"},\"headline\":\"Aquesta tardor al\u00e7a el vol amb Onair\",\"datePublished\":\"2024-11-05T12:21:53+00:00\",\"dateModified\":\"2024-11-07T17:46:13+00:00\",\"mainEntityOfPage\":{\"@id\":\"https:\\\/\\\/poblenouurbandistrict.com\\\/aquesta-tardor-alca-el-vol-amb-onair\\\/\"},\"wordCount\":918,\"image\":{\"@id\":\"https:\\\/\\\/poblenouurbandistrict.com\\\/aquesta-tardor-alca-el-vol-amb-onair\\\/#primaryimage\"},\"thumbnailUrl\":\"https:\\\/\\\/media.poblenouurbandistrict.com\\\/2024\\\/11\\\/25081202\\\/32409-mtr-4727873124941934489-e1730996225995.jpg\",\"articleSection\":[\"Est\u00e0 passant\"],\"inLanguage\":\"ca\"},{\"@type\":\"WebPage\",\"@id\":\"https:\\\/\\\/poblenouurbandistrict.com\\\/ca\\\/aquesta-tardor-alca-el-vol-amb-onair\\\/\",\"url\":\"https:\\\/\\\/poblenouurbandistrict.com\\\/ca\\\/aquesta-tardor-alca-el-vol-amb-onair\\\/\",\"name\":\"Aquesta tardor al\u00e7a el vol amb Onair &#8211; Poblenou Urban District\",\"isPartOf\":{\"@id\":\"https:\\\/\\\/poblenouurbandistrict.com\\\/ca\\\/#website\"},\"primaryImageOfPage\":{\"@id\":\"https:\\\/\\\/poblenouurbandistrict.com\\\/ca\\\/aquesta-tardor-alca-el-vol-amb-onair\\\/#primaryimage\"},\"image\":{\"@id\":\"https:\\\/\\\/poblenouurbandistrict.com\\\/aquesta-tardor-alca-el-vol-amb-onair\\\/#primaryimage\"},\"thumbnailUrl\":\"https:\\\/\\\/media.poblenouurbandistrict.com\\\/2024\\\/11\\\/25081202\\\/32409-mtr-4727873124941934489-e1730996225995.jpg\",\"datePublished\":\"2024-11-05T12:21:53+00:00\",\"dateModified\":\"2024-11-07T17:46:13+00:00\",\"author\":{\"@id\":\"https:\\\/\\\/poblenouurbandistrict.com\\\/#\\\/schema\\\/person\\\/980a2cf34b399d5218205730acd54a7e\"},\"breadcrumb\":{\"@id\":\"https:\\\/\\\/poblenouurbandistrict.com\\\/ca\\\/aquesta-tardor-alca-el-vol-amb-onair\\\/#breadcrumb\"},\"inLanguage\":\"ca\",\"potentialAction\":[{\"@type\":\"ReadAction\",\"target\":[[\"https:\\\/\\\/poblenouurbandistrict.com\\\/ca\\\/aquesta-tardor-alca-el-vol-amb-onair\\\/\"]]}]},{\"@type\":\"ImageObject\",\"inLanguage\":\"ca\",\"@id\":\"https:\\\/\\\/poblenouurbandistrict.com\\\/ca\\\/aquesta-tardor-alca-el-vol-amb-onair\\\/#primaryimage\",\"url\":\"https:\\\/\\\/media.poblenouurbandistrict.com\\\/2024\\\/11\\\/25081202\\\/32409-mtr-4727873124941934489-e1730996225995.jpg\",\"contentUrl\":\"https:\\\/\\\/media.poblenouurbandistrict.com\\\/2024\\\/11\\\/25081202\\\/32409-mtr-4727873124941934489-e1730996225995.jpg\",\"width\":1080,\"height\":705},{\"@type\":\"BreadcrumbList\",\"@id\":\"https:\\\/\\\/poblenouurbandistrict.com\\\/ca\\\/aquesta-tardor-alca-el-vol-amb-onair\\\/#breadcrumb\",\"itemListElement\":[{\"@type\":\"ListItem\",\"position\":1,\"name\":\"Home\",\"item\":\"https:\\\/\\\/poblenouurbandistrict.com\\\/ca\\\/\"},{\"@type\":\"ListItem\",\"position\":2,\"name\":\"Aquesta tardor al\u00e7a el vol amb Onair\"}]},{\"@type\":\"WebSite\",\"@id\":\"https:\\\/\\\/poblenouurbandistrict.com\\\/ca\\\/#website\",\"url\":\"https:\\\/\\\/poblenouurbandistrict.com\\\/ca\\\/\",\"name\":\"Poblenou Urban District\",\"description\":\"Comunitat Creativa\",\"potentialAction\":[{\"@type\":\"SearchAction\",\"target\":{\"@type\":\"EntryPoint\",\"urlTemplate\":\"https:\\\/\\\/poblenouurbandistrict.com\\\/ca\\\/?s={search_term_string}\"},\"query-input\":{\"@type\":\"PropertyValueSpecification\",\"valueRequired\":true,\"valueName\":\"search_term_string\"}}],\"inLanguage\":\"ca\"},{\"@type\":\"Person\",\"@id\":\"https:\\\/\\\/poblenouurbandistrict.com\\\/#\\\/schema\\\/person\\\/980a2cf34b399d5218205730acd54a7e\",\"name\":\"pnud\",\"image\":{\"@type\":\"ImageObject\",\"inLanguage\":\"ca\",\"@id\":\"https:\\\/\\\/secure.gravatar.com\\\/avatar\\\/67146597b405ee077a24e519f75c3e2031736596d6ce35af3a34c122c93d0d7b?s=96&d=retro&r=g\",\"url\":\"https:\\\/\\\/secure.gravatar.com\\\/avatar\\\/67146597b405ee077a24e519f75c3e2031736596d6ce35af3a34c122c93d0d7b?s=96&d=retro&r=g\",\"contentUrl\":\"https:\\\/\\\/secure.gravatar.com\\\/avatar\\\/67146597b405ee077a24e519f75c3e2031736596d6ce35af3a34c122c93d0d7b?s=96&d=retro&r=g\",\"caption\":\"pnud\"}}]}<\/script>\n<!-- \/ Yoast SEO plugin. -->","yoast_head_json":{"title":"Aquesta tardor al\u00e7a el vol amb Onair &#8211; Poblenou Urban District","robots":{"index":"index","follow":"follow","max-snippet":"max-snippet:-1","max-image-preview":"max-image-preview:large","max-video-preview":"max-video-preview:-1"},"canonical":"https:\/\/poblenouurbandistrict.com\/ca\/aquesta-tardor-alca-el-vol-amb-onair\/","og_locale":"ca_ES","og_type":"article","og_title":"Aquesta tardor al\u00e7a el vol amb Onair &#8211; Poblenou Urban District","og_description":"Onair \u00e9s una escola de dansa a\u00e8ria establerta al cor del Poblenou. Aquest mes de novembre, han organitzat diversos workshops... M\u00e9s \u2192","og_url":"https:\/\/poblenouurbandistrict.com\/ca\/aquesta-tardor-alca-el-vol-amb-onair\/","og_site_name":"Poblenou Urban District","article_published_time":"2024-11-05T12:21:53+00:00","article_modified_time":"2024-11-07T17:46:13+00:00","og_image":[{"width":1080,"height":705,"url":"https:\/\/poblenouurbandistrict.com\/wp-content\/uploads\/2024\/11\/32409-mtr-4727873124941934489-e1730996225995.jpg","type":"image\/jpeg"}],"author":"pnud","twitter_card":"summary_large_image","twitter_misc":{"Escrit per":"pnud","Temps estimat de lectura":"2 minuts"},"schema":{"@context":"https:\/\/schema.org","@graph":[{"@type":"Article","@id":"https:\/\/poblenouurbandistrict.com\/aquesta-tardor-alca-el-vol-amb-onair\/#article","isPartOf":{"@id":"https:\/\/poblenouurbandistrict.com\/aquesta-tardor-alca-el-vol-amb-onair\/"},"author":{"name":"pnud","@id":"https:\/\/poblenouurbandistrict.com\/#\/schema\/person\/980a2cf34b399d5218205730acd54a7e"},"headline":"Aquesta tardor al\u00e7a el vol amb Onair","datePublished":"2024-11-05T12:21:53+00:00","dateModified":"2024-11-07T17:46:13+00:00","mainEntityOfPage":{"@id":"https:\/\/poblenouurbandistrict.com\/aquesta-tardor-alca-el-vol-amb-onair\/"},"wordCount":918,"image":{"@id":"https:\/\/poblenouurbandistrict.com\/aquesta-tardor-alca-el-vol-amb-onair\/#primaryimage"},"thumbnailUrl":"https:\/\/media.poblenouurbandistrict.com\/2024\/11\/25081202\/32409-mtr-4727873124941934489-e1730996225995.jpg","articleSection":["Est\u00e0 passant"],"inLanguage":"ca"},{"@type":"WebPage","@id":"https:\/\/poblenouurbandistrict.com\/ca\/aquesta-tardor-alca-el-vol-amb-onair\/","url":"https:\/\/poblenouurbandistrict.com\/ca\/aquesta-tardor-alca-el-vol-amb-onair\/","name":"Aquesta tardor al\u00e7a el vol amb Onair &#8211; Poblenou Urban District","isPartOf":{"@id":"https:\/\/poblenouurbandistrict.com\/ca\/#website"},"primaryImageOfPage":{"@id":"https:\/\/poblenouurbandistrict.com\/ca\/aquesta-tardor-alca-el-vol-amb-onair\/#primaryimage"},"image":{"@id":"https:\/\/poblenouurbandistrict.com\/aquesta-tardor-alca-el-vol-amb-onair\/#primaryimage"},"thumbnailUrl":"https:\/\/media.poblenouurbandistrict.com\/2024\/11\/25081202\/32409-mtr-4727873124941934489-e1730996225995.jpg","datePublished":"2024-11-05T12:21:53+00:00","dateModified":"2024-11-07T17:46:13+00:00","author":{"@id":"https:\/\/poblenouurbandistrict.com\/#\/schema\/person\/980a2cf34b399d5218205730acd54a7e"},"breadcrumb":{"@id":"https:\/\/poblenouurbandistrict.com\/ca\/aquesta-tardor-alca-el-vol-amb-onair\/#breadcrumb"},"inLanguage":"ca","potentialAction":[{"@type":"ReadAction","target":[["https:\/\/poblenouurbandistrict.com\/ca\/aquesta-tardor-alca-el-vol-amb-onair\/"]]}]},{"@type":"ImageObject","inLanguage":"ca","@id":"https:\/\/poblenouurbandistrict.com\/ca\/aquesta-tardor-alca-el-vol-amb-onair\/#primaryimage","url":"https:\/\/media.poblenouurbandistrict.com\/2024\/11\/25081202\/32409-mtr-4727873124941934489-e1730996225995.jpg","contentUrl":"https:\/\/media.poblenouurbandistrict.com\/2024\/11\/25081202\/32409-mtr-4727873124941934489-e1730996225995.jpg","width":1080,"height":705},{"@type":"BreadcrumbList","@id":"https:\/\/poblenouurbandistrict.com\/ca\/aquesta-tardor-alca-el-vol-amb-onair\/#breadcrumb","itemListElement":[{"@type":"ListItem","position":1,"name":"Home","item":"https:\/\/poblenouurbandistrict.com\/ca\/"},{"@type":"ListItem","position":2,"name":"Aquesta tardor al\u00e7a el vol amb Onair"}]},{"@type":"WebSite","@id":"https:\/\/poblenouurbandistrict.com\/ca\/#website","url":"https:\/\/poblenouurbandistrict.com\/ca\/","name":"Poblenou Urban District","description":"Comunitat Creativa","potentialAction":[{"@type":"SearchAction","target":{"@type":"EntryPoint","urlTemplate":"https:\/\/poblenouurbandistrict.com\/ca\/?s={search_term_string}"},"query-input":{"@type":"PropertyValueSpecification","valueRequired":true,"valueName":"search_term_string"}}],"inLanguage":"ca"},{"@type":"Person","@id":"https:\/\/poblenouurbandistrict.com\/#\/schema\/person\/980a2cf34b399d5218205730acd54a7e","name":"pnud","image":{"@type":"ImageObject","inLanguage":"ca","@id":"https:\/\/secure.gravatar.com\/avatar\/67146597b405ee077a24e519f75c3e2031736596d6ce35af3a34c122c93d0d7b?s=96&d=retro&r=g","url":"https:\/\/secure.gravatar.com\/avatar\/67146597b405ee077a24e519f75c3e2031736596d6ce35af3a34c122c93d0d7b?s=96&d=retro&r=g","contentUrl":"https:\/\/secure.gravatar.com\/avatar\/67146597b405ee077a24e519f75c3e2031736596d6ce35af3a34c122c93d0d7b?s=96&d=retro&r=g","caption":"pnud"}}]}},"_links":{"self":[{"href":"https:\/\/poblenouurbandistrict.com\/ca\/wp-json\/wp\/v2\/posts\/48069","targetHints":{"allow":["GET"]}}],"collection":[{"href":"https:\/\/poblenouurbandistrict.com\/ca\/wp-json\/wp\/v2\/posts"}],"about":[{"href":"https:\/\/poblenouurbandistrict.com\/ca\/wp-json\/wp\/v2\/types\/post"}],"author":[{"embeddable":true,"href":"https:\/\/poblenouurbandistrict.com\/ca\/wp-json\/wp\/v2\/users\/5"}],"replies":[{"embeddable":true,"href":"https:\/\/poblenouurbandistrict.com\/ca\/wp-json\/wp\/v2\/comments?post=48069"}],"version-history":[{"count":7,"href":"https:\/\/poblenouurbandistrict.com\/ca\/wp-json\/wp\/v2\/posts\/48069\/revisions"}],"predecessor-version":[{"id":48081,"href":"https:\/\/poblenouurbandistrict.com\/ca\/wp-json\/wp\/v2\/posts\/48069\/revisions\/48081"}],"wp:featuredmedia":[{"embeddable":true,"href":"https:\/\/poblenouurbandistrict.com\/ca\/wp-json\/wp\/v2\/media\/48073"}],"wp:attachment":[{"href":"https:\/\/poblenouurbandistrict.com\/ca\/wp-json\/wp\/v2\/media?parent=48069"}],"wp:term":[{"taxonomy":"category","embeddable":true,"href":"https:\/\/poblenouurbandistrict.com\/ca\/wp-json\/wp\/v2\/categories?post=48069"},{"taxonomy":"post_tag","embeddable":true,"href":"https:\/\/poblenouurbandistrict.com\/ca\/wp-json\/wp\/v2\/tags?post=48069"}],"curies":[{"name":"wp","href":"https:\/\/api.w.org\/{rel}","templated":true}]}}