{"id":48212,"date":"2024-11-21T15:28:02","date_gmt":"2024-11-21T14:28:02","guid":{"rendered":"https:\/\/poblenouurbandistrict.com\/?p=48212"},"modified":"2024-11-21T18:29:03","modified_gmt":"2024-11-21T17:29:03","slug":"descobreix-les-concept-stores-botigues-i-showrooms-que-participen-en-el-poblenou-open-night","status":"publish","type":"post","link":"https:\/\/poblenouurbandistrict.com\/ca\/descobreix-les-concept-stores-botigues-i-showrooms-que-participen-en-el-poblenou-open-night\/","title":{"rendered":"Descobreix les concept stores i showrooms que participen en el Poblenou Open Night"},"content":{"rendered":"<p>En aquesta desena edici\u00f3 del Poblenou Open Night, comptem amb la participaci\u00f3 de concept stores, botigues i showrooms que obren les portes amb activitats i promocions especials perqu\u00e8 gaudeixis d&#8217;aquesta data tan assenyalada.<\/p>\n<h3><a href=\"https:\/\/www.casapampa.net\"><b>Casa Pampa<\/b><\/a><\/h3>\n<p>Concept store vegetal amb terraris, plantes i altres productes de decoraci\u00f3 de la llar.\u00a0<strong>Casa Pampa<\/strong>\u00a0\u00e9s una veritable selva al bell mig del Poblenou que no et decebr\u00e0. Per a l\u2019ocasi\u00f3, tenen preus especials 3\u00d72 en plantes i testos, nom\u00e9s per una nit! A m\u00e9s, hi haur\u00e1 DJ sets amb Alocasia.TV de 18h a 23h.<\/p>\n<p style=\"text-align: center;\"><strong>18h \u2013 00h<\/strong><\/p>\n<h4 style=\"text-align: center;\">Pujades, 140<\/h4>\n<hr \/>\n<h3><a href=\"https:\/\/www.feospoblenou.com\"><b>FEOS Poblenou<\/b><\/a><\/h3>\n<div>\n<p>FEOS Poblenou \u00e9s una concept store, estudi de tatuatges i botiga de roba, que ha preparat una nit \u00fanica amb descomptes Open Night en la roba m\u00e9s cool del barri, FLASH DAY de tatuatges,\u00a0bon ambient i DJ\u2019s durant tota la nit.<\/p>\n<p style=\"text-align: center;\"><strong>11h &#8211; 00h<\/strong><\/p>\n<\/div>\n<h4 style=\"text-align: center;\">Almog\u00e0vers, 213<\/h4>\n<hr \/>\n<h3><a href=\"https:\/\/moryarty.es\">Moryarty Posters<\/a><\/h3>\n<p>Botiga de l\u00e0mines vintage i marcs amb una selecci\u00f3 de m\u00e9s de 2.000 p\u00f2sters: fotografia, bot\u00e0nica, travel poster, publicitat antiga, art cl\u00e0ssic, pintures orientals<span class=\"dots\">\u2026<\/span><\/p>\n<p>Per aquest Poblenou Open Night, Moryarty col\u00b7labora amb Casa Pampa per organitzar el DJ set de Alocasia.TV<\/p>\n<p style=\"text-align: center;\"><strong>18h \u2013 23h<\/strong><\/p>\n<h4 style=\"text-align: center;\"><strong>\u00a0Pujades, 140<\/strong><\/h4>\n<hr \/>\n<h3><a href=\"http:\/\/www.noakroom.com\">Noak Room<\/a><\/h3>\n<p>Descobreix la nova col\u00b7lecci\u00f3 de Noak Room, showroom especialitzat en mobiliari i objectes de decoraci\u00f3 vintage escandinaus, s&#8217;ha convertit en un cl\u00e0ssic de la decoraci\u00f3 a Barcelona. Fa una d\u00e8cada que estrenen cada temporada noves col\u00b7leccions de peces ic\u00f2niques: mobles, cadires, llums, taules, etc., de dissenyadors com Ilmari Tapiovaara, Hans Wegner, Bruno Mathsson o Arne Jacobsen.<\/p>\n<h4 style=\"text-align: center;\">19h &#8211; 22h<\/h4>\n<h4 style=\"text-align: center;\">Roc Boronat, 69<\/h4>\n<hr \/>\n<h3><a href=\"https:\/\/unusualconcept.store\/es\/\">Unusual* Concept Store<\/a><\/h3>\n<p>Arriba la Magic Christmas Night. Durant aquest Open Night, reviu la m\u00e1gia del Nadal amb la seva nova col\u00b7lecci\u00f3 de joguines cl\u00e0ssiques, escriu una carta als Reis Mags amb el que m\u00e9s desitgis de Unusual* i inspira\u2019t per brillar aquest Nadal.<\/p>\n<p style=\"text-align: center;\"><strong>18h &#8211; 21:30h<\/strong><\/p>\n<h4 style=\"text-align: center;\"><strong>Ramon Turr\u00f3, 147, Bxs, 1<\/strong><\/h4>\n<p><\/p>","protected":false},"excerpt":{"rendered":"<p>En aquesta desena edici\u00f3 del Poblenou Open Night, comptem amb la participaci\u00f3 de concept stores, botigues i showrooms que obren&#8230; <a href=\"https:\/\/poblenouurbandistrict.com\/ca\/descobreix-les-concept-stores-botigues-i-showrooms-que-participen-en-el-poblenou-open-night\/\">M\u00e9s  \u2192<\/a><\/p>\n","protected":false},"author":5,"featured_media":43024,"comment_status":"closed","ping_status":"closed","sticky":false,"template":"","format":"standard","meta":{"_acf_changed":false,"footnotes":""},"categories":[3526],"tags":[],"class_list":["post-48212","post","type-post","status-publish","format-standard","has-post-thumbnail","hentry","category-open-night"],"acf":[],"yoast_head":"<!-- This site is optimized with the Yoast SEO plugin v27.4 - https:\/\/yoast.com\/product\/yoast-seo-wordpress\/ -->\n<title>Descobreix les concept stores i showrooms que participen en el Poblenou Open Night &#8211; Poblenou Urban District<\/title>\n<meta name=\"robots\" content=\"index, follow, max-snippet:-1, max-image-preview:large, max-video-preview:-1\" \/>\n<link rel=\"canonical\" href=\"https:\/\/poblenouurbandistrict.com\/ca\/descobreix-les-concept-stores-botigues-i-showrooms-que-participen-en-el-poblenou-open-night\/\" \/>\n<meta property=\"og:locale\" content=\"ca_ES\" \/>\n<meta property=\"og:type\" content=\"article\" \/>\n<meta property=\"og:title\" content=\"Descobreix les concept stores i showrooms que participen en el Poblenou Open Night &#8211; Poblenou Urban District\" \/>\n<meta property=\"og:description\" content=\"En aquesta desena edici\u00f3 del Poblenou Open Night, comptem amb la participaci\u00f3 de concept stores, botigues i showrooms que obren... M\u00e9s \u2192\" \/>\n<meta property=\"og:url\" content=\"https:\/\/poblenouurbandistrict.com\/ca\/descobreix-les-concept-stores-botigues-i-showrooms-que-participen-en-el-poblenou-open-night\/\" \/>\n<meta property=\"og:site_name\" content=\"Poblenou Urban District\" \/>\n<meta property=\"article:published_time\" content=\"2024-11-21T14:28:02+00:00\" \/>\n<meta property=\"article:modified_time\" content=\"2024-11-21T17:29:03+00:00\" \/>\n<meta property=\"og:image\" content=\"https:\/\/poblenouurbandistrict.com\/wp-content\/uploads\/2023\/11\/arde-poblenou-x-emidelpiccolo-413-2-2-scaled.jpg\" \/>\n\t<meta property=\"og:image:width\" content=\"2560\" \/>\n\t<meta property=\"og:image:height\" content=\"1709\" \/>\n\t<meta property=\"og:image:type\" content=\"image\/jpeg\" \/>\n<meta name=\"author\" content=\"pnud\" \/>\n<meta name=\"twitter:card\" content=\"summary_large_image\" \/>\n<meta name=\"twitter:label1\" content=\"Escrit per\" \/>\n\t<meta name=\"twitter:data1\" content=\"pnud\" \/>\n\t<meta name=\"twitter:label2\" content=\"Temps estimat de lectura\" \/>\n\t<meta name=\"twitter:data2\" content=\"2 minuts\" \/>\n<script type=\"application\/ld+json\" class=\"yoast-schema-graph\">{\"@context\":\"https:\\\/\\\/schema.org\",\"@graph\":[{\"@type\":\"Article\",\"@id\":\"https:\\\/\\\/poblenouurbandistrict.com\\\/descobreix-les-concept-stores-botigues-i-showrooms-que-participen-en-el-poblenou-open-night\\\/#article\",\"isPartOf\":{\"@id\":\"https:\\\/\\\/poblenouurbandistrict.com\\\/descobreix-les-concept-stores-botigues-i-showrooms-que-participen-en-el-poblenou-open-night\\\/\"},\"author\":{\"name\":\"pnud\",\"@id\":\"https:\\\/\\\/poblenouurbandistrict.com\\\/#\\\/schema\\\/person\\\/980a2cf34b399d5218205730acd54a7e\"},\"headline\":\"Descobreix les concept stores i showrooms que participen en el Poblenou Open Night\",\"datePublished\":\"2024-11-21T14:28:02+00:00\",\"dateModified\":\"2024-11-21T17:29:03+00:00\",\"mainEntityOfPage\":{\"@id\":\"https:\\\/\\\/poblenouurbandistrict.com\\\/descobreix-les-concept-stores-botigues-i-showrooms-que-participen-en-el-poblenou-open-night\\\/\"},\"wordCount\":690,\"image\":{\"@id\":\"https:\\\/\\\/poblenouurbandistrict.com\\\/descobreix-les-concept-stores-botigues-i-showrooms-que-participen-en-el-poblenou-open-night\\\/#primaryimage\"},\"thumbnailUrl\":\"https:\\\/\\\/media.poblenouurbandistrict.com\\\/2023\\\/11\\\/25070241\\\/arde-poblenou-x-emidelpiccolo-413-2-2-scaled.jpg\",\"articleSection\":[\"Open Night\"],\"inLanguage\":\"ca\"},{\"@type\":\"WebPage\",\"@id\":\"https:\\\/\\\/poblenouurbandistrict.com\\\/ca\\\/descobreix-les-concept-stores-botigues-i-showrooms-que-participen-en-el-poblenou-open-night\\\/\",\"url\":\"https:\\\/\\\/poblenouurbandistrict.com\\\/ca\\\/descobreix-les-concept-stores-botigues-i-showrooms-que-participen-en-el-poblenou-open-night\\\/\",\"name\":\"Descobreix les concept stores i showrooms que participen en el Poblenou Open Night &#8211; Poblenou Urban District\",\"isPartOf\":{\"@id\":\"https:\\\/\\\/poblenouurbandistrict.com\\\/ca\\\/#website\"},\"primaryImageOfPage\":{\"@id\":\"https:\\\/\\\/poblenouurbandistrict.com\\\/ca\\\/descobreix-les-concept-stores-botigues-i-showrooms-que-participen-en-el-poblenou-open-night\\\/#primaryimage\"},\"image\":{\"@id\":\"https:\\\/\\\/poblenouurbandistrict.com\\\/descobreix-les-concept-stores-botigues-i-showrooms-que-participen-en-el-poblenou-open-night\\\/#primaryimage\"},\"thumbnailUrl\":\"https:\\\/\\\/media.poblenouurbandistrict.com\\\/2023\\\/11\\\/25070241\\\/arde-poblenou-x-emidelpiccolo-413-2-2-scaled.jpg\",\"datePublished\":\"2024-11-21T14:28:02+00:00\",\"dateModified\":\"2024-11-21T17:29:03+00:00\",\"author\":{\"@id\":\"https:\\\/\\\/poblenouurbandistrict.com\\\/#\\\/schema\\\/person\\\/980a2cf34b399d5218205730acd54a7e\"},\"breadcrumb\":{\"@id\":\"https:\\\/\\\/poblenouurbandistrict.com\\\/ca\\\/descobreix-les-concept-stores-botigues-i-showrooms-que-participen-en-el-poblenou-open-night\\\/#breadcrumb\"},\"inLanguage\":\"ca\",\"potentialAction\":[{\"@type\":\"ReadAction\",\"target\":[[\"https:\\\/\\\/poblenouurbandistrict.com\\\/ca\\\/descobreix-les-concept-stores-botigues-i-showrooms-que-participen-en-el-poblenou-open-night\\\/\"]]}]},{\"@type\":\"ImageObject\",\"inLanguage\":\"ca\",\"@id\":\"https:\\\/\\\/poblenouurbandistrict.com\\\/ca\\\/descobreix-les-concept-stores-botigues-i-showrooms-que-participen-en-el-poblenou-open-night\\\/#primaryimage\",\"url\":\"https:\\\/\\\/media.poblenouurbandistrict.com\\\/2023\\\/11\\\/25070241\\\/arde-poblenou-x-emidelpiccolo-413-2-2-scaled.jpg\",\"contentUrl\":\"https:\\\/\\\/media.poblenouurbandistrict.com\\\/2023\\\/11\\\/25070241\\\/arde-poblenou-x-emidelpiccolo-413-2-2-scaled.jpg\",\"width\":2560,\"height\":1709},{\"@type\":\"BreadcrumbList\",\"@id\":\"https:\\\/\\\/poblenouurbandistrict.com\\\/ca\\\/descobreix-les-concept-stores-botigues-i-showrooms-que-participen-en-el-poblenou-open-night\\\/#breadcrumb\",\"itemListElement\":[{\"@type\":\"ListItem\",\"position\":1,\"name\":\"Home\",\"item\":\"https:\\\/\\\/poblenouurbandistrict.com\\\/ca\\\/\"},{\"@type\":\"ListItem\",\"position\":2,\"name\":\"Descobreix les concept stores i showrooms que participen en el Poblenou Open Night\"}]},{\"@type\":\"WebSite\",\"@id\":\"https:\\\/\\\/poblenouurbandistrict.com\\\/ca\\\/#website\",\"url\":\"https:\\\/\\\/poblenouurbandistrict.com\\\/ca\\\/\",\"name\":\"Poblenou Urban District\",\"description\":\"Comunitat Creativa\",\"potentialAction\":[{\"@type\":\"SearchAction\",\"target\":{\"@type\":\"EntryPoint\",\"urlTemplate\":\"https:\\\/\\\/poblenouurbandistrict.com\\\/ca\\\/?s={search_term_string}\"},\"query-input\":{\"@type\":\"PropertyValueSpecification\",\"valueRequired\":true,\"valueName\":\"search_term_string\"}}],\"inLanguage\":\"ca\"},{\"@type\":\"Person\",\"@id\":\"https:\\\/\\\/poblenouurbandistrict.com\\\/#\\\/schema\\\/person\\\/980a2cf34b399d5218205730acd54a7e\",\"name\":\"pnud\",\"image\":{\"@type\":\"ImageObject\",\"inLanguage\":\"ca\",\"@id\":\"https:\\\/\\\/secure.gravatar.com\\\/avatar\\\/67146597b405ee077a24e519f75c3e2031736596d6ce35af3a34c122c93d0d7b?s=96&d=retro&r=g\",\"url\":\"https:\\\/\\\/secure.gravatar.com\\\/avatar\\\/67146597b405ee077a24e519f75c3e2031736596d6ce35af3a34c122c93d0d7b?s=96&d=retro&r=g\",\"contentUrl\":\"https:\\\/\\\/secure.gravatar.com\\\/avatar\\\/67146597b405ee077a24e519f75c3e2031736596d6ce35af3a34c122c93d0d7b?s=96&d=retro&r=g\",\"caption\":\"pnud\"}}]}<\/script>\n<!-- \/ Yoast SEO plugin. -->","yoast_head_json":{"title":"Descobreix les concept stores i showrooms que participen en el Poblenou Open Night &#8211; Poblenou Urban District","robots":{"index":"index","follow":"follow","max-snippet":"max-snippet:-1","max-image-preview":"max-image-preview:large","max-video-preview":"max-video-preview:-1"},"canonical":"https:\/\/poblenouurbandistrict.com\/ca\/descobreix-les-concept-stores-botigues-i-showrooms-que-participen-en-el-poblenou-open-night\/","og_locale":"ca_ES","og_type":"article","og_title":"Descobreix les concept stores i showrooms que participen en el Poblenou Open Night &#8211; Poblenou Urban District","og_description":"En aquesta desena edici\u00f3 del Poblenou Open Night, comptem amb la participaci\u00f3 de concept stores, botigues i showrooms que obren... M\u00e9s \u2192","og_url":"https:\/\/poblenouurbandistrict.com\/ca\/descobreix-les-concept-stores-botigues-i-showrooms-que-participen-en-el-poblenou-open-night\/","og_site_name":"Poblenou Urban District","article_published_time":"2024-11-21T14:28:02+00:00","article_modified_time":"2024-11-21T17:29:03+00:00","og_image":[{"width":2560,"height":1709,"url":"https:\/\/poblenouurbandistrict.com\/wp-content\/uploads\/2023\/11\/arde-poblenou-x-emidelpiccolo-413-2-2-scaled.jpg","type":"image\/jpeg"}],"author":"pnud","twitter_card":"summary_large_image","twitter_misc":{"Escrit per":"pnud","Temps estimat de lectura":"2 minuts"},"schema":{"@context":"https:\/\/schema.org","@graph":[{"@type":"Article","@id":"https:\/\/poblenouurbandistrict.com\/descobreix-les-concept-stores-botigues-i-showrooms-que-participen-en-el-poblenou-open-night\/#article","isPartOf":{"@id":"https:\/\/poblenouurbandistrict.com\/descobreix-les-concept-stores-botigues-i-showrooms-que-participen-en-el-poblenou-open-night\/"},"author":{"name":"pnud","@id":"https:\/\/poblenouurbandistrict.com\/#\/schema\/person\/980a2cf34b399d5218205730acd54a7e"},"headline":"Descobreix les concept stores i showrooms que participen en el Poblenou Open Night","datePublished":"2024-11-21T14:28:02+00:00","dateModified":"2024-11-21T17:29:03+00:00","mainEntityOfPage":{"@id":"https:\/\/poblenouurbandistrict.com\/descobreix-les-concept-stores-botigues-i-showrooms-que-participen-en-el-poblenou-open-night\/"},"wordCount":690,"image":{"@id":"https:\/\/poblenouurbandistrict.com\/descobreix-les-concept-stores-botigues-i-showrooms-que-participen-en-el-poblenou-open-night\/#primaryimage"},"thumbnailUrl":"https:\/\/media.poblenouurbandistrict.com\/2023\/11\/25070241\/arde-poblenou-x-emidelpiccolo-413-2-2-scaled.jpg","articleSection":["Open Night"],"inLanguage":"ca"},{"@type":"WebPage","@id":"https:\/\/poblenouurbandistrict.com\/ca\/descobreix-les-concept-stores-botigues-i-showrooms-que-participen-en-el-poblenou-open-night\/","url":"https:\/\/poblenouurbandistrict.com\/ca\/descobreix-les-concept-stores-botigues-i-showrooms-que-participen-en-el-poblenou-open-night\/","name":"Descobreix les concept stores i showrooms que participen en el Poblenou Open Night &#8211; Poblenou Urban District","isPartOf":{"@id":"https:\/\/poblenouurbandistrict.com\/ca\/#website"},"primaryImageOfPage":{"@id":"https:\/\/poblenouurbandistrict.com\/ca\/descobreix-les-concept-stores-botigues-i-showrooms-que-participen-en-el-poblenou-open-night\/#primaryimage"},"image":{"@id":"https:\/\/poblenouurbandistrict.com\/descobreix-les-concept-stores-botigues-i-showrooms-que-participen-en-el-poblenou-open-night\/#primaryimage"},"thumbnailUrl":"https:\/\/media.poblenouurbandistrict.com\/2023\/11\/25070241\/arde-poblenou-x-emidelpiccolo-413-2-2-scaled.jpg","datePublished":"2024-11-21T14:28:02+00:00","dateModified":"2024-11-21T17:29:03+00:00","author":{"@id":"https:\/\/poblenouurbandistrict.com\/#\/schema\/person\/980a2cf34b399d5218205730acd54a7e"},"breadcrumb":{"@id":"https:\/\/poblenouurbandistrict.com\/ca\/descobreix-les-concept-stores-botigues-i-showrooms-que-participen-en-el-poblenou-open-night\/#breadcrumb"},"inLanguage":"ca","potentialAction":[{"@type":"ReadAction","target":[["https:\/\/poblenouurbandistrict.com\/ca\/descobreix-les-concept-stores-botigues-i-showrooms-que-participen-en-el-poblenou-open-night\/"]]}]},{"@type":"ImageObject","inLanguage":"ca","@id":"https:\/\/poblenouurbandistrict.com\/ca\/descobreix-les-concept-stores-botigues-i-showrooms-que-participen-en-el-poblenou-open-night\/#primaryimage","url":"https:\/\/media.poblenouurbandistrict.com\/2023\/11\/25070241\/arde-poblenou-x-emidelpiccolo-413-2-2-scaled.jpg","contentUrl":"https:\/\/media.poblenouurbandistrict.com\/2023\/11\/25070241\/arde-poblenou-x-emidelpiccolo-413-2-2-scaled.jpg","width":2560,"height":1709},{"@type":"BreadcrumbList","@id":"https:\/\/poblenouurbandistrict.com\/ca\/descobreix-les-concept-stores-botigues-i-showrooms-que-participen-en-el-poblenou-open-night\/#breadcrumb","itemListElement":[{"@type":"ListItem","position":1,"name":"Home","item":"https:\/\/poblenouurbandistrict.com\/ca\/"},{"@type":"ListItem","position":2,"name":"Descobreix les concept stores i showrooms que participen en el Poblenou Open Night"}]},{"@type":"WebSite","@id":"https:\/\/poblenouurbandistrict.com\/ca\/#website","url":"https:\/\/poblenouurbandistrict.com\/ca\/","name":"Poblenou Urban District","description":"Comunitat Creativa","potentialAction":[{"@type":"SearchAction","target":{"@type":"EntryPoint","urlTemplate":"https:\/\/poblenouurbandistrict.com\/ca\/?s={search_term_string}"},"query-input":{"@type":"PropertyValueSpecification","valueRequired":true,"valueName":"search_term_string"}}],"inLanguage":"ca"},{"@type":"Person","@id":"https:\/\/poblenouurbandistrict.com\/#\/schema\/person\/980a2cf34b399d5218205730acd54a7e","name":"pnud","image":{"@type":"ImageObject","inLanguage":"ca","@id":"https:\/\/secure.gravatar.com\/avatar\/67146597b405ee077a24e519f75c3e2031736596d6ce35af3a34c122c93d0d7b?s=96&d=retro&r=g","url":"https:\/\/secure.gravatar.com\/avatar\/67146597b405ee077a24e519f75c3e2031736596d6ce35af3a34c122c93d0d7b?s=96&d=retro&r=g","contentUrl":"https:\/\/secure.gravatar.com\/avatar\/67146597b405ee077a24e519f75c3e2031736596d6ce35af3a34c122c93d0d7b?s=96&d=retro&r=g","caption":"pnud"}}]}},"_links":{"self":[{"href":"https:\/\/poblenouurbandistrict.com\/ca\/wp-json\/wp\/v2\/posts\/48212","targetHints":{"allow":["GET"]}}],"collection":[{"href":"https:\/\/poblenouurbandistrict.com\/ca\/wp-json\/wp\/v2\/posts"}],"about":[{"href":"https:\/\/poblenouurbandistrict.com\/ca\/wp-json\/wp\/v2\/types\/post"}],"author":[{"embeddable":true,"href":"https:\/\/poblenouurbandistrict.com\/ca\/wp-json\/wp\/v2\/users\/5"}],"replies":[{"embeddable":true,"href":"https:\/\/poblenouurbandistrict.com\/ca\/wp-json\/wp\/v2\/comments?post=48212"}],"version-history":[{"count":2,"href":"https:\/\/poblenouurbandistrict.com\/ca\/wp-json\/wp\/v2\/posts\/48212\/revisions"}],"predecessor-version":[{"id":48462,"href":"https:\/\/poblenouurbandistrict.com\/ca\/wp-json\/wp\/v2\/posts\/48212\/revisions\/48462"}],"wp:featuredmedia":[{"embeddable":true,"href":"https:\/\/poblenouurbandistrict.com\/ca\/wp-json\/wp\/v2\/media\/43024"}],"wp:attachment":[{"href":"https:\/\/poblenouurbandistrict.com\/ca\/wp-json\/wp\/v2\/media?parent=48212"}],"wp:term":[{"taxonomy":"category","embeddable":true,"href":"https:\/\/poblenouurbandistrict.com\/ca\/wp-json\/wp\/v2\/categories?post=48212"},{"taxonomy":"post_tag","embeddable":true,"href":"https:\/\/poblenouurbandistrict.com\/ca\/wp-json\/wp\/v2\/tags?post=48212"}],"curies":[{"name":"wp","href":"https:\/\/api.w.org\/{rel}","templated":true}]}}