{"id":48397,"date":"2024-11-21T17:45:52","date_gmt":"2024-11-21T16:45:52","guid":{"rendered":"https:\/\/poblenouurbandistrict.com\/?p=48397"},"modified":"2024-11-29T11:28:36","modified_gmt":"2024-11-29T10:28:36","slug":"urban-hub-lespai-creatiu-de-poblenou-urban-district-que-fusiona-art-musica-i-gastronomia-per-al-open-night","status":"publish","type":"post","link":"https:\/\/poblenouurbandistrict.com\/ca\/urban-hub-lespai-creatiu-de-poblenou-urban-district-que-fusiona-art-musica-i-gastronomia-per-al-open-night\/","title":{"rendered":"Urban Hub, l&#8217;espai creatiu de Poblenou Urban District que fusiona art, m\u00fasica i gastronomia per al Poblenou Open Night"},"content":{"rendered":"<p>L&#8217;epicentre d&#8217;aquesta onzena edici\u00f3 del <strong>Poblenou Open Night<\/strong> ser\u00e0 l\u2018<strong>Urban Hub<\/strong>, un espai creatiu que fusiona art, m\u00fasica i gastronomia amb l&#8217;objectiu d&#8217;oferir una experi\u00e8ncia cultural diferent. Ubicada al carrer <strong>Badajoz 87-89<\/strong>,\u00a0podr\u00e1s gaudir d&#8217;una edici\u00f3 especial de les <strong>Urban Talks<\/strong>,\u00a0tallers, art market, propostes gastron\u00f2miques, a m\u00e9s d&#8217;actuacions del <a href=\"https:\/\/poblenouurbandistrict.com\/ca\/tota-la-programacio-de-la-4a-edicio-del-music-urban-circuit\/\"><strong>Music Urban Circuit \/ MUC<\/strong><\/a>.<\/p>\n<p>No et perdis l&#8217;oportunitat de celebrar aquesta onzena edici\u00f3 plena d&#8217;art, disseny, tallers, m\u00fasica, festa i molta cultura en el <strong>Districte Creatiu de Barcelona<\/strong>. Una cita obligada per a tot el p\u00fablic interessat en la creativitat i la cultura.<\/p>\n<p>La programaci\u00f3 de l\u2019Urban Hub est\u00e0 vinculada a la creaci\u00f3, podr\u00e0s trobar<strong> tallers de\u00a0serigraf\u00eda amb El Taller dels Edus i il\u00b7lustraci\u00f3 amb Ramon Paris<\/strong>. Tampoc et pots\u00a0perder el <strong>market d&#8217;art <\/strong>amb obres de\u00a0Maestro y Margarita,\u00a0MEDIANERAS,\u00a0El Dios de los Tres,\u00a0Asis Percales i\u00a0Marina Salazar.<\/p>\n<p>A la nau de Badajoz 87-89, hi haur\u00e0 un live painting a c\u00e0rrec de Medianeras i\u00a0una intervenci\u00f3 art\u00edstica a c\u00e0rrec de Marina Salazar. Tamb\u00e9, les actuacions musicals d&#8217;una selecci\u00f3 d&#8217;artistes del <strong>Music Urban Circuit \/ MUC\u00a0<\/strong>amb\u00a0Ren\u00e9 Andrade-Martina,\u00a0Departed b2b Tacchi,\u00a0BOFIRAX i\u00a0Raul Naro a trav\u00e9s d&#8217;una silent disco.<\/p>\n<p>En aquest espai es podr\u00e0 gaudir de la <strong>proposta gastron\u00f2mica<\/strong> de The W\u00f6nder Crew, d&#8217;una banda, Deligotessen: hamburgueses, carn a la brasa i pollastres a l\u2019ast, el millor menjar fresc i casol\u00e0. Tamb\u00e9, hi haur\u00e0 proposades dol\u00e7os amb W\u00f6nder Sweets, xurros amb xocolata per a entrar en calor i crepes per a tots els gustos. A m\u00e9s, no et perdis l&#8217;oportunitat de degustar la millor cervesa del Districte Creatiu de Barcelona amb El \u00c1guila.<\/p>\n<p><a href=\"https:\/\/www.oatly.com\/es-es\/products\"><strong>Oatly<\/strong><\/a> estar\u00e0 present durant el <strong>Poblenou Open Night<\/strong> per a oferir les seves receptes de caf\u00e8 i soft-serve, per\u00f2 tamb\u00e9 c\u00f2ctels creats amb beguda de civada pels seus coctelers, per a gaudir encara m\u00e9s de la nit m\u00e9s creativa de l&#8217;any.<\/p>\n<hr \/>\n<h2 style=\"text-align: center;\"><span style=\"color: #333399;\"><strong>LINE-UP<\/strong><\/span><\/h2>\n<p style=\"text-align: center;\"><strong>17h &#8211; Ren\u00e9 Andrade-Martina<\/strong><\/p>\n<p style=\"text-align: center;\"><strong>18h &#8211; Urban Talks | Special Edition<\/strong><\/p>\n<p style=\"text-align: center;\"><strong>19:30h &#8211; Departed b2b Tacchi<\/strong><\/p>\n<p style=\"text-align: center;\"><strong>20:30h &#8211; Raul Naro<\/strong><\/p>\n<p style=\"text-align: center;\"><strong>22h &#8211; BOFIRAX<\/strong><\/p>\n<hr \/>\n<p>Amb el patrocini de <a href=\"https:\/\/cervezaelaguila.es\/producto\">El \u00c1guila<\/a>\u00a0i la col\u00b7laboracio\u0301 de <a href=\"https:\/\/www.dissenyhub.barcelona\">Disseny Hub Barcelona<\/a>, <a href=\"https:\/\/ajuntament.barcelona.cat\/santmarti\/ca\">Districte de Sant Marti\u0301<\/a>\u00a0y\u00a0<a href=\"https:\/\/beteve.cat\/\">Betev\u00e9<\/a>.<\/p>","protected":false},"excerpt":{"rendered":"<p>L&#8217;epicentre d&#8217;aquesta onzena edici\u00f3 del Poblenou Open Night ser\u00e0 l\u2018Urban Hub, un espai creatiu que fusiona art, m\u00fasica i gastronomia&#8230; <a href=\"https:\/\/poblenouurbandistrict.com\/ca\/urban-hub-lespai-creatiu-de-poblenou-urban-district-que-fusiona-art-musica-i-gastronomia-per-al-open-night\/\">M\u00e9s  \u2192<\/a><\/p>\n","protected":false},"author":5,"featured_media":48493,"comment_status":"closed","ping_status":"closed","sticky":false,"template":"","format":"standard","meta":{"_acf_changed":false,"footnotes":""},"categories":[3526,1],"tags":[],"class_list":["post-48397","post","type-post","status-publish","format-standard","has-post-thumbnail","hentry","category-open-night","category-noticias"],"acf":[],"yoast_head":"<!-- This site is optimized with the Yoast SEO plugin v27.4 - https:\/\/yoast.com\/product\/yoast-seo-wordpress\/ -->\n<title>Urban Hub, l&#039;espai creatiu de Poblenou Urban District que fusiona art, m\u00fasica i gastronomia per al Poblenou Open Night &#8211; Poblenou Urban District<\/title>\n<meta name=\"robots\" content=\"index, follow, max-snippet:-1, max-image-preview:large, max-video-preview:-1\" \/>\n<link rel=\"canonical\" href=\"https:\/\/poblenouurbandistrict.com\/ca\/urban-hub-lespai-creatiu-de-poblenou-urban-district-que-fusiona-art-musica-i-gastronomia-per-al-open-night\/\" \/>\n<meta property=\"og:locale\" content=\"ca_ES\" \/>\n<meta property=\"og:type\" content=\"article\" \/>\n<meta property=\"og:title\" content=\"Urban Hub, l&#039;espai creatiu de Poblenou Urban District que fusiona art, m\u00fasica i gastronomia per al Poblenou Open Night &#8211; Poblenou Urban District\" \/>\n<meta property=\"og:description\" content=\"L&#8217;epicentre d&#8217;aquesta onzena edici\u00f3 del Poblenou Open Night ser\u00e0 l\u2018Urban Hub, un espai creatiu que fusiona art, m\u00fasica i gastronomia... M\u00e9s \u2192\" \/>\n<meta property=\"og:url\" content=\"https:\/\/poblenouurbandistrict.com\/ca\/urban-hub-lespai-creatiu-de-poblenou-urban-district-que-fusiona-art-musica-i-gastronomia-per-al-open-night\/\" \/>\n<meta property=\"og:site_name\" content=\"Poblenou Urban District\" \/>\n<meta property=\"article:published_time\" content=\"2024-11-21T16:45:52+00:00\" \/>\n<meta property=\"article:modified_time\" content=\"2024-11-29T10:28:36+00:00\" \/>\n<meta property=\"og:image\" content=\"https:\/\/poblenouurbandistrict.com\/wp-content\/uploads\/2024\/11\/urbanhub-web-pequeno-blanco.jpg\" \/>\n\t<meta property=\"og:image:width\" content=\"761\" \/>\n\t<meta property=\"og:image:height\" content=\"507\" \/>\n\t<meta property=\"og:image:type\" content=\"image\/jpeg\" \/>\n<meta name=\"author\" content=\"pnud\" \/>\n<meta name=\"twitter:card\" content=\"summary_large_image\" \/>\n<meta name=\"twitter:label1\" content=\"Escrit per\" \/>\n\t<meta name=\"twitter:data1\" content=\"pnud\" \/>\n\t<meta name=\"twitter:label2\" content=\"Temps estimat de lectura\" \/>\n\t<meta name=\"twitter:data2\" content=\"3 minuts\" \/>\n<script type=\"application\/ld+json\" class=\"yoast-schema-graph\">{\"@context\":\"https:\\\/\\\/schema.org\",\"@graph\":[{\"@type\":\"Article\",\"@id\":\"https:\\\/\\\/poblenouurbandistrict.com\\\/urban-hub-lespai-creatiu-de-poblenou-urban-district-que-fusiona-art-musica-i-gastronomia-per-al-open-night\\\/#article\",\"isPartOf\":{\"@id\":\"https:\\\/\\\/poblenouurbandistrict.com\\\/urban-hub-lespai-creatiu-de-poblenou-urban-district-que-fusiona-art-musica-i-gastronomia-per-al-open-night\\\/\"},\"author\":{\"name\":\"pnud\",\"@id\":\"https:\\\/\\\/poblenouurbandistrict.com\\\/#\\\/schema\\\/person\\\/980a2cf34b399d5218205730acd54a7e\"},\"headline\":\"Urban Hub, l&#8217;espai creatiu de Poblenou Urban District que fusiona art, m\u00fasica i gastronomia per al Poblenou Open Night\",\"datePublished\":\"2024-11-21T16:45:52+00:00\",\"dateModified\":\"2024-11-29T10:28:36+00:00\",\"mainEntityOfPage\":{\"@id\":\"https:\\\/\\\/poblenouurbandistrict.com\\\/urban-hub-lespai-creatiu-de-poblenou-urban-district-que-fusiona-art-musica-i-gastronomia-per-al-open-night\\\/\"},\"wordCount\":833,\"image\":{\"@id\":\"https:\\\/\\\/poblenouurbandistrict.com\\\/urban-hub-lespai-creatiu-de-poblenou-urban-district-que-fusiona-art-musica-i-gastronomia-per-al-open-night\\\/#primaryimage\"},\"thumbnailUrl\":\"https:\\\/\\\/media.poblenouurbandistrict.com\\\/2024\\\/11\\\/25081936\\\/urbanhub-web-pequeno-blanco.jpg\",\"articleSection\":[\"Open Night\",\"Est\u00e0 passant\"],\"inLanguage\":\"ca\"},{\"@type\":\"WebPage\",\"@id\":\"https:\\\/\\\/poblenouurbandistrict.com\\\/ca\\\/urban-hub-lespai-creatiu-de-poblenou-urban-district-que-fusiona-art-musica-i-gastronomia-per-al-open-night\\\/\",\"url\":\"https:\\\/\\\/poblenouurbandistrict.com\\\/ca\\\/urban-hub-lespai-creatiu-de-poblenou-urban-district-que-fusiona-art-musica-i-gastronomia-per-al-open-night\\\/\",\"name\":\"Urban Hub, l'espai creatiu de Poblenou Urban District que fusiona art, m\u00fasica i gastronomia per al Poblenou Open Night &#8211; Poblenou Urban District\",\"isPartOf\":{\"@id\":\"https:\\\/\\\/poblenouurbandistrict.com\\\/ca\\\/#website\"},\"primaryImageOfPage\":{\"@id\":\"https:\\\/\\\/poblenouurbandistrict.com\\\/ca\\\/urban-hub-lespai-creatiu-de-poblenou-urban-district-que-fusiona-art-musica-i-gastronomia-per-al-open-night\\\/#primaryimage\"},\"image\":{\"@id\":\"https:\\\/\\\/poblenouurbandistrict.com\\\/urban-hub-lespai-creatiu-de-poblenou-urban-district-que-fusiona-art-musica-i-gastronomia-per-al-open-night\\\/#primaryimage\"},\"thumbnailUrl\":\"https:\\\/\\\/media.poblenouurbandistrict.com\\\/2024\\\/11\\\/25081936\\\/urbanhub-web-pequeno-blanco.jpg\",\"datePublished\":\"2024-11-21T16:45:52+00:00\",\"dateModified\":\"2024-11-29T10:28:36+00:00\",\"author\":{\"@id\":\"https:\\\/\\\/poblenouurbandistrict.com\\\/#\\\/schema\\\/person\\\/980a2cf34b399d5218205730acd54a7e\"},\"breadcrumb\":{\"@id\":\"https:\\\/\\\/poblenouurbandistrict.com\\\/ca\\\/urban-hub-lespai-creatiu-de-poblenou-urban-district-que-fusiona-art-musica-i-gastronomia-per-al-open-night\\\/#breadcrumb\"},\"inLanguage\":\"ca\",\"potentialAction\":[{\"@type\":\"ReadAction\",\"target\":[[\"https:\\\/\\\/poblenouurbandistrict.com\\\/ca\\\/urban-hub-lespai-creatiu-de-poblenou-urban-district-que-fusiona-art-musica-i-gastronomia-per-al-open-night\\\/\"]]}]},{\"@type\":\"ImageObject\",\"inLanguage\":\"ca\",\"@id\":\"https:\\\/\\\/poblenouurbandistrict.com\\\/ca\\\/urban-hub-lespai-creatiu-de-poblenou-urban-district-que-fusiona-art-musica-i-gastronomia-per-al-open-night\\\/#primaryimage\",\"url\":\"https:\\\/\\\/media.poblenouurbandistrict.com\\\/2024\\\/11\\\/25081936\\\/urbanhub-web-pequeno-blanco.jpg\",\"contentUrl\":\"https:\\\/\\\/media.poblenouurbandistrict.com\\\/2024\\\/11\\\/25081936\\\/urbanhub-web-pequeno-blanco.jpg\",\"width\":761,\"height\":507},{\"@type\":\"BreadcrumbList\",\"@id\":\"https:\\\/\\\/poblenouurbandistrict.com\\\/ca\\\/urban-hub-lespai-creatiu-de-poblenou-urban-district-que-fusiona-art-musica-i-gastronomia-per-al-open-night\\\/#breadcrumb\",\"itemListElement\":[{\"@type\":\"ListItem\",\"position\":1,\"name\":\"Home\",\"item\":\"https:\\\/\\\/poblenouurbandistrict.com\\\/ca\\\/\"},{\"@type\":\"ListItem\",\"position\":2,\"name\":\"Urban Hub, l&#8217;espai creatiu de Poblenou Urban District que fusiona art, m\u00fasica i gastronomia per al Poblenou Open Night\"}]},{\"@type\":\"WebSite\",\"@id\":\"https:\\\/\\\/poblenouurbandistrict.com\\\/ca\\\/#website\",\"url\":\"https:\\\/\\\/poblenouurbandistrict.com\\\/ca\\\/\",\"name\":\"Poblenou Urban District\",\"description\":\"Comunitat Creativa\",\"potentialAction\":[{\"@type\":\"SearchAction\",\"target\":{\"@type\":\"EntryPoint\",\"urlTemplate\":\"https:\\\/\\\/poblenouurbandistrict.com\\\/ca\\\/?s={search_term_string}\"},\"query-input\":{\"@type\":\"PropertyValueSpecification\",\"valueRequired\":true,\"valueName\":\"search_term_string\"}}],\"inLanguage\":\"ca\"},{\"@type\":\"Person\",\"@id\":\"https:\\\/\\\/poblenouurbandistrict.com\\\/#\\\/schema\\\/person\\\/980a2cf34b399d5218205730acd54a7e\",\"name\":\"pnud\",\"image\":{\"@type\":\"ImageObject\",\"inLanguage\":\"ca\",\"@id\":\"https:\\\/\\\/secure.gravatar.com\\\/avatar\\\/67146597b405ee077a24e519f75c3e2031736596d6ce35af3a34c122c93d0d7b?s=96&d=retro&r=g\",\"url\":\"https:\\\/\\\/secure.gravatar.com\\\/avatar\\\/67146597b405ee077a24e519f75c3e2031736596d6ce35af3a34c122c93d0d7b?s=96&d=retro&r=g\",\"contentUrl\":\"https:\\\/\\\/secure.gravatar.com\\\/avatar\\\/67146597b405ee077a24e519f75c3e2031736596d6ce35af3a34c122c93d0d7b?s=96&d=retro&r=g\",\"caption\":\"pnud\"}}]}<\/script>\n<!-- \/ Yoast SEO plugin. -->","yoast_head_json":{"title":"Urban Hub, l'espai creatiu de Poblenou Urban District que fusiona art, m\u00fasica i gastronomia per al Poblenou Open Night &#8211; Poblenou Urban District","robots":{"index":"index","follow":"follow","max-snippet":"max-snippet:-1","max-image-preview":"max-image-preview:large","max-video-preview":"max-video-preview:-1"},"canonical":"https:\/\/poblenouurbandistrict.com\/ca\/urban-hub-lespai-creatiu-de-poblenou-urban-district-que-fusiona-art-musica-i-gastronomia-per-al-open-night\/","og_locale":"ca_ES","og_type":"article","og_title":"Urban Hub, l'espai creatiu de Poblenou Urban District que fusiona art, m\u00fasica i gastronomia per al Poblenou Open Night &#8211; Poblenou Urban District","og_description":"L&#8217;epicentre d&#8217;aquesta onzena edici\u00f3 del Poblenou Open Night ser\u00e0 l\u2018Urban Hub, un espai creatiu que fusiona art, m\u00fasica i gastronomia... M\u00e9s \u2192","og_url":"https:\/\/poblenouurbandistrict.com\/ca\/urban-hub-lespai-creatiu-de-poblenou-urban-district-que-fusiona-art-musica-i-gastronomia-per-al-open-night\/","og_site_name":"Poblenou Urban District","article_published_time":"2024-11-21T16:45:52+00:00","article_modified_time":"2024-11-29T10:28:36+00:00","og_image":[{"width":761,"height":507,"url":"https:\/\/poblenouurbandistrict.com\/wp-content\/uploads\/2024\/11\/urbanhub-web-pequeno-blanco.jpg","type":"image\/jpeg"}],"author":"pnud","twitter_card":"summary_large_image","twitter_misc":{"Escrit per":"pnud","Temps estimat de lectura":"3 minuts"},"schema":{"@context":"https:\/\/schema.org","@graph":[{"@type":"Article","@id":"https:\/\/poblenouurbandistrict.com\/urban-hub-lespai-creatiu-de-poblenou-urban-district-que-fusiona-art-musica-i-gastronomia-per-al-open-night\/#article","isPartOf":{"@id":"https:\/\/poblenouurbandistrict.com\/urban-hub-lespai-creatiu-de-poblenou-urban-district-que-fusiona-art-musica-i-gastronomia-per-al-open-night\/"},"author":{"name":"pnud","@id":"https:\/\/poblenouurbandistrict.com\/#\/schema\/person\/980a2cf34b399d5218205730acd54a7e"},"headline":"Urban Hub, l&#8217;espai creatiu de Poblenou Urban District que fusiona art, m\u00fasica i gastronomia per al Poblenou Open Night","datePublished":"2024-11-21T16:45:52+00:00","dateModified":"2024-11-29T10:28:36+00:00","mainEntityOfPage":{"@id":"https:\/\/poblenouurbandistrict.com\/urban-hub-lespai-creatiu-de-poblenou-urban-district-que-fusiona-art-musica-i-gastronomia-per-al-open-night\/"},"wordCount":833,"image":{"@id":"https:\/\/poblenouurbandistrict.com\/urban-hub-lespai-creatiu-de-poblenou-urban-district-que-fusiona-art-musica-i-gastronomia-per-al-open-night\/#primaryimage"},"thumbnailUrl":"https:\/\/media.poblenouurbandistrict.com\/2024\/11\/25081936\/urbanhub-web-pequeno-blanco.jpg","articleSection":["Open Night","Est\u00e0 passant"],"inLanguage":"ca"},{"@type":"WebPage","@id":"https:\/\/poblenouurbandistrict.com\/ca\/urban-hub-lespai-creatiu-de-poblenou-urban-district-que-fusiona-art-musica-i-gastronomia-per-al-open-night\/","url":"https:\/\/poblenouurbandistrict.com\/ca\/urban-hub-lespai-creatiu-de-poblenou-urban-district-que-fusiona-art-musica-i-gastronomia-per-al-open-night\/","name":"Urban Hub, l'espai creatiu de Poblenou Urban District que fusiona art, m\u00fasica i gastronomia per al Poblenou Open Night &#8211; Poblenou Urban District","isPartOf":{"@id":"https:\/\/poblenouurbandistrict.com\/ca\/#website"},"primaryImageOfPage":{"@id":"https:\/\/poblenouurbandistrict.com\/ca\/urban-hub-lespai-creatiu-de-poblenou-urban-district-que-fusiona-art-musica-i-gastronomia-per-al-open-night\/#primaryimage"},"image":{"@id":"https:\/\/poblenouurbandistrict.com\/urban-hub-lespai-creatiu-de-poblenou-urban-district-que-fusiona-art-musica-i-gastronomia-per-al-open-night\/#primaryimage"},"thumbnailUrl":"https:\/\/media.poblenouurbandistrict.com\/2024\/11\/25081936\/urbanhub-web-pequeno-blanco.jpg","datePublished":"2024-11-21T16:45:52+00:00","dateModified":"2024-11-29T10:28:36+00:00","author":{"@id":"https:\/\/poblenouurbandistrict.com\/#\/schema\/person\/980a2cf34b399d5218205730acd54a7e"},"breadcrumb":{"@id":"https:\/\/poblenouurbandistrict.com\/ca\/urban-hub-lespai-creatiu-de-poblenou-urban-district-que-fusiona-art-musica-i-gastronomia-per-al-open-night\/#breadcrumb"},"inLanguage":"ca","potentialAction":[{"@type":"ReadAction","target":[["https:\/\/poblenouurbandistrict.com\/ca\/urban-hub-lespai-creatiu-de-poblenou-urban-district-que-fusiona-art-musica-i-gastronomia-per-al-open-night\/"]]}]},{"@type":"ImageObject","inLanguage":"ca","@id":"https:\/\/poblenouurbandistrict.com\/ca\/urban-hub-lespai-creatiu-de-poblenou-urban-district-que-fusiona-art-musica-i-gastronomia-per-al-open-night\/#primaryimage","url":"https:\/\/media.poblenouurbandistrict.com\/2024\/11\/25081936\/urbanhub-web-pequeno-blanco.jpg","contentUrl":"https:\/\/media.poblenouurbandistrict.com\/2024\/11\/25081936\/urbanhub-web-pequeno-blanco.jpg","width":761,"height":507},{"@type":"BreadcrumbList","@id":"https:\/\/poblenouurbandistrict.com\/ca\/urban-hub-lespai-creatiu-de-poblenou-urban-district-que-fusiona-art-musica-i-gastronomia-per-al-open-night\/#breadcrumb","itemListElement":[{"@type":"ListItem","position":1,"name":"Home","item":"https:\/\/poblenouurbandistrict.com\/ca\/"},{"@type":"ListItem","position":2,"name":"Urban Hub, l&#8217;espai creatiu de Poblenou Urban District que fusiona art, m\u00fasica i gastronomia per al Poblenou Open Night"}]},{"@type":"WebSite","@id":"https:\/\/poblenouurbandistrict.com\/ca\/#website","url":"https:\/\/poblenouurbandistrict.com\/ca\/","name":"Poblenou Urban District","description":"Comunitat Creativa","potentialAction":[{"@type":"SearchAction","target":{"@type":"EntryPoint","urlTemplate":"https:\/\/poblenouurbandistrict.com\/ca\/?s={search_term_string}"},"query-input":{"@type":"PropertyValueSpecification","valueRequired":true,"valueName":"search_term_string"}}],"inLanguage":"ca"},{"@type":"Person","@id":"https:\/\/poblenouurbandistrict.com\/#\/schema\/person\/980a2cf34b399d5218205730acd54a7e","name":"pnud","image":{"@type":"ImageObject","inLanguage":"ca","@id":"https:\/\/secure.gravatar.com\/avatar\/67146597b405ee077a24e519f75c3e2031736596d6ce35af3a34c122c93d0d7b?s=96&d=retro&r=g","url":"https:\/\/secure.gravatar.com\/avatar\/67146597b405ee077a24e519f75c3e2031736596d6ce35af3a34c122c93d0d7b?s=96&d=retro&r=g","contentUrl":"https:\/\/secure.gravatar.com\/avatar\/67146597b405ee077a24e519f75c3e2031736596d6ce35af3a34c122c93d0d7b?s=96&d=retro&r=g","caption":"pnud"}}]}},"_links":{"self":[{"href":"https:\/\/poblenouurbandistrict.com\/ca\/wp-json\/wp\/v2\/posts\/48397","targetHints":{"allow":["GET"]}}],"collection":[{"href":"https:\/\/poblenouurbandistrict.com\/ca\/wp-json\/wp\/v2\/posts"}],"about":[{"href":"https:\/\/poblenouurbandistrict.com\/ca\/wp-json\/wp\/v2\/types\/post"}],"author":[{"embeddable":true,"href":"https:\/\/poblenouurbandistrict.com\/ca\/wp-json\/wp\/v2\/users\/5"}],"replies":[{"embeddable":true,"href":"https:\/\/poblenouurbandistrict.com\/ca\/wp-json\/wp\/v2\/comments?post=48397"}],"version-history":[{"count":15,"href":"https:\/\/poblenouurbandistrict.com\/ca\/wp-json\/wp\/v2\/posts\/48397\/revisions"}],"predecessor-version":[{"id":48554,"href":"https:\/\/poblenouurbandistrict.com\/ca\/wp-json\/wp\/v2\/posts\/48397\/revisions\/48554"}],"wp:featuredmedia":[{"embeddable":true,"href":"https:\/\/poblenouurbandistrict.com\/ca\/wp-json\/wp\/v2\/media\/48493"}],"wp:attachment":[{"href":"https:\/\/poblenouurbandistrict.com\/ca\/wp-json\/wp\/v2\/media?parent=48397"}],"wp:term":[{"taxonomy":"category","embeddable":true,"href":"https:\/\/poblenouurbandistrict.com\/ca\/wp-json\/wp\/v2\/categories?post=48397"},{"taxonomy":"post_tag","embeddable":true,"href":"https:\/\/poblenouurbandistrict.com\/ca\/wp-json\/wp\/v2\/tags?post=48397"}],"curies":[{"name":"wp","href":"https:\/\/api.w.org\/{rel}","templated":true}]}}