{"id":48630,"date":"2024-12-05T17:33:16","date_gmt":"2024-12-05T16:33:16","guid":{"rendered":"https:\/\/poblenouurbandistrict.com\/?p=48630"},"modified":"2024-12-05T18:29:55","modified_gmt":"2024-12-05T17:29:55","slug":"el-poblenou-open-night-va-brillar-un-any-mes-en-la-seva-11a-edicio","status":"publish","type":"post","link":"https:\/\/poblenouurbandistrict.com\/ca\/el-poblenou-open-night-va-brillar-un-any-mes-en-la-seva-11a-edicio\/","title":{"rendered":"El Poblenou Open Night va brillar un any m\u00e9s en la seva 11a edici\u00f3"},"content":{"rendered":"<p>Ja han passat onze anys des que vam comen\u00e7ar a celebrar el Poblenou <a href=\"https:\/\/poblenouurbandistrict.com\/ca\/poblenou-open-night\/\">Open Night<\/a> a Poblenou, un dels esdeveniments vertebradors de Poblenou Urban District. Gr\u00e0cies a tots els que us vau apropar l&#8217;\u00faltim divendres de novembre per gaudir de tota la programaci\u00f3 que ofereix el Districte Creatiu de Barcelona i gaudir de la nit m\u00e9s creativa de l&#8217;any.<\/p>\n<p>El passat 29 de novembre, durant sis hores ininterrompudes, m\u00e9s de cinquanta espais del <strong>Districte Creatiu<\/strong> van obrir les seves portes: museus, showrooms, galeries d\u2019art, centres de formaci\u00f3 en disseny i arquitectura, ag\u00e8ncies de comunicaci\u00f3 i publicitat, centres de cotreball i hubs, sales de concerts, teatres, concept stores, showrooms, espais gastron\u00f2mics i hotels.<\/p>\n<p>Els espais del\u00a0<strong>Districte Creatiu<\/strong> van oferir un ampli programa d\u2019activitats culturals relacionades amb l\u2019art, el disseny, la m\u00fasica, l\u2019interiorisme, la fotografia, la tecnologia, la il\u00b7lustraci\u00f3 i la gastronomia. El <strong>Districte Creatiu<\/strong>\u00a0s\u2019ha convertit en un gran exemple de projecte de ciutat, aix\u00ed com un referent internacional de dinamitzaci\u00f3 cultural que obre les seves portes per a celebrar el\u00a0<strong>Poblenou Open Night<\/strong>.<\/p>\n<p>A m\u00e9s el <strong>Music Urban Circuit<\/strong> va arribar amb la seva <strong>4a edici\u00f3<\/strong> amb m\u00e9s de 30 actuacions en diferents espais de la Comunitat Creativa, on es va poder gaudir dels projectes de la nova generaci\u00f3 de m\u00fasics de la ciutat. Va ser la ocasi\u00f3 perfecta per descobrir i ballar al ritme del millor talent musical de Barcelona.<\/p>\n<h3><strong>Urban Hub<\/strong><\/h3>\n<p><strong>Poblenou Urban District<\/strong> va activar la nau del carrer Badajoz, 87-89 i la va convertir en l&#8217;<strong>Urban Hub<\/strong>, un espai creatiu que va fusionar art, m\u00fasica i gastronomia amb l\u2019objectiu d\u2019oferir una experi\u00e8ncia cultural diferent: amb les actuacions musicals d\u2019una selecci\u00f3 d\u2019artistes del\u00a0<strong>Music Urban Circuit \/ MUC\u00a0<\/strong>amb Ren\u00e9 Andrade-Martina, Departed b2b Tacchi, BOFIRAX i Raul Naro a trav\u00e9s d\u2019una silent disco. Una intervenci\u00f3 art\u00edstica en directe de <strong>Marina Salazar (No queda tinte)<\/strong> i el pasteup de <strong>Rockaxon<\/strong>. L&#8217;obra de gran format de MEDIANERAS i un <strong>market d\u2019art\u00a0<\/strong>amb obres de Maestro y Margarita, MEDIANERAS, El Dios de los Tres, Asis Percales i Marina Salazar.<\/p>\n<p>Tot aix\u00f2, maridat amb els gelats i els coctels d&#8217;<strong>Oatly<\/strong> i la gastronomia y dol\u00e7os de <strong>The W\u00f6nder Crew<\/strong>.<\/p>\n<h3><strong>Urban Block Party<\/strong><\/h3>\n<p>La millor m\u00fasica nom\u00e9s pot sonar a trav\u00e9s del millor sound system, per aix\u00f2, la <strong>Urban Block Party<\/strong> celebrada al Parc del Poblenou va ser un \u00e8xit. <strong>The Sound Society<\/strong> juntament amb <strong>Poblenou Urban District<\/strong> va proporcionar emocions auditives immillorables, ball i la cultura de club.<\/p>\n<hr \/>\n<p>Volem donar les gr\u00e0cies a la nostra <strong>Comunitat Creativa<\/strong> per vincularse amb el territori i promoure la cultura amb una programaci\u00f3 que es supera cada any! Tamb\u00e9, als artistes del <strong>Music Urban Circuit<\/strong> per animar la festa amb les seves espectaculars propostes.<\/p>\n<p>Com sempre, volem enviar un agra\u00efment especial al nostre patrocinador <a href=\"https:\/\/cervezaelaguila.es\">El \u00c1guila<\/a> per confiar en el projecte.<\/p>\n<p>Un agra\u00efment especial a l&#8217;<a href=\"https:\/\/www.barcelona.cat\/ca\">Ajuntament de Barcelona<\/a>, <a href=\"https:\/\/ajuntament.barcelona.cat\/santmarti\/ca\">Districte de Sant Mart\u00ed<\/a>\u00a0i\u00a0<a href=\"https:\/\/beteve.cat\">Betev\u00e9.<\/a><\/p>\n<p><strong>Ens veiem l&#8217;any vinent, nosaltres ja en tenim moltes ganes!<\/strong><\/p>","protected":false},"excerpt":{"rendered":"<p>Ja han passat onze anys des que vam comen\u00e7ar a celebrar el Poblenou Open Night a Poblenou, un dels esdeveniments&#8230; <a href=\"https:\/\/poblenouurbandistrict.com\/ca\/el-poblenou-open-night-va-brillar-un-any-mes-en-la-seva-11a-edicio\/\">M\u00e9s  \u2192<\/a><\/p>\n","protected":false},"author":5,"featured_media":48653,"comment_status":"closed","ping_status":"closed","sticky":false,"template":"","format":"standard","meta":{"_acf_changed":false,"footnotes":""},"categories":[3526],"tags":[],"class_list":["post-48630","post","type-post","status-publish","format-standard","has-post-thumbnail","hentry","category-open-night"],"acf":[],"yoast_head":"<!-- This site is optimized with the Yoast SEO plugin v27.4 - https:\/\/yoast.com\/product\/yoast-seo-wordpress\/ -->\n<title>El Poblenou Open Night va brillar un any m\u00e9s en la seva 11a edici\u00f3 &#8211; Poblenou Urban District<\/title>\n<meta name=\"robots\" content=\"index, follow, max-snippet:-1, max-image-preview:large, max-video-preview:-1\" \/>\n<link rel=\"canonical\" href=\"https:\/\/poblenouurbandistrict.com\/ca\/el-poblenou-open-night-va-brillar-un-any-mes-en-la-seva-11a-edicio\/\" \/>\n<meta property=\"og:locale\" content=\"ca_ES\" \/>\n<meta property=\"og:type\" content=\"article\" \/>\n<meta property=\"og:title\" content=\"El Poblenou Open Night va brillar un any m\u00e9s en la seva 11a edici\u00f3 &#8211; Poblenou Urban District\" \/>\n<meta property=\"og:description\" content=\"Ja han passat onze anys des que vam comen\u00e7ar a celebrar el Poblenou Open Night a Poblenou, un dels esdeveniments... M\u00e9s \u2192\" \/>\n<meta property=\"og:url\" content=\"https:\/\/poblenouurbandistrict.com\/ca\/el-poblenou-open-night-va-brillar-un-any-mes-en-la-seva-11a-edicio\/\" \/>\n<meta property=\"og:site_name\" content=\"Poblenou Urban District\" \/>\n<meta property=\"article:published_time\" content=\"2024-12-05T16:33:16+00:00\" \/>\n<meta property=\"article:modified_time\" content=\"2024-12-05T17:29:55+00:00\" \/>\n<meta property=\"og:image\" content=\"https:\/\/poblenouurbandistrict.com\/wp-content\/uploads\/2024\/12\/img-6574-1.jpg\" \/>\n\t<meta property=\"og:image:width\" content=\"2560\" \/>\n\t<meta property=\"og:image:height\" content=\"1707\" \/>\n\t<meta property=\"og:image:type\" content=\"image\/jpeg\" \/>\n<meta name=\"author\" content=\"pnud\" \/>\n<meta name=\"twitter:card\" content=\"summary_large_image\" \/>\n<meta name=\"twitter:label1\" content=\"Escrit per\" \/>\n\t<meta name=\"twitter:data1\" content=\"pnud\" \/>\n\t<meta name=\"twitter:label2\" content=\"Temps estimat de lectura\" \/>\n\t<meta name=\"twitter:data2\" content=\"3 minuts\" \/>\n<script type=\"application\/ld+json\" class=\"yoast-schema-graph\">{\"@context\":\"https:\\\/\\\/schema.org\",\"@graph\":[{\"@type\":\"Article\",\"@id\":\"https:\\\/\\\/poblenouurbandistrict.com\\\/el-poblenou-open-night-va-brillar-un-any-mes-en-la-seva-11a-edicio\\\/#article\",\"isPartOf\":{\"@id\":\"https:\\\/\\\/poblenouurbandistrict.com\\\/el-poblenou-open-night-va-brillar-un-any-mes-en-la-seva-11a-edicio\\\/\"},\"author\":{\"name\":\"pnud\",\"@id\":\"https:\\\/\\\/poblenouurbandistrict.com\\\/#\\\/schema\\\/person\\\/980a2cf34b399d5218205730acd54a7e\"},\"headline\":\"El Poblenou Open Night va brillar un any m\u00e9s en la seva 11a edici\u00f3\",\"datePublished\":\"2024-12-05T16:33:16+00:00\",\"dateModified\":\"2024-12-05T17:29:55+00:00\",\"mainEntityOfPage\":{\"@id\":\"https:\\\/\\\/poblenouurbandistrict.com\\\/el-poblenou-open-night-va-brillar-un-any-mes-en-la-seva-11a-edicio\\\/\"},\"wordCount\":1088,\"image\":{\"@id\":\"https:\\\/\\\/poblenouurbandistrict.com\\\/el-poblenou-open-night-va-brillar-un-any-mes-en-la-seva-11a-edicio\\\/#primaryimage\"},\"thumbnailUrl\":\"https:\\\/\\\/media.poblenouurbandistrict.com\\\/2024\\\/12\\\/25082146\\\/img-6574-1.jpg\",\"articleSection\":[\"Open Night\"],\"inLanguage\":\"ca\"},{\"@type\":\"WebPage\",\"@id\":\"https:\\\/\\\/poblenouurbandistrict.com\\\/ca\\\/el-poblenou-open-night-va-brillar-un-any-mes-en-la-seva-11a-edicio\\\/\",\"url\":\"https:\\\/\\\/poblenouurbandistrict.com\\\/ca\\\/el-poblenou-open-night-va-brillar-un-any-mes-en-la-seva-11a-edicio\\\/\",\"name\":\"El Poblenou Open Night va brillar un any m\u00e9s en la seva 11a edici\u00f3 &#8211; Poblenou Urban District\",\"isPartOf\":{\"@id\":\"https:\\\/\\\/poblenouurbandistrict.com\\\/ca\\\/#website\"},\"primaryImageOfPage\":{\"@id\":\"https:\\\/\\\/poblenouurbandistrict.com\\\/ca\\\/el-poblenou-open-night-va-brillar-un-any-mes-en-la-seva-11a-edicio\\\/#primaryimage\"},\"image\":{\"@id\":\"https:\\\/\\\/poblenouurbandistrict.com\\\/el-poblenou-open-night-va-brillar-un-any-mes-en-la-seva-11a-edicio\\\/#primaryimage\"},\"thumbnailUrl\":\"https:\\\/\\\/media.poblenouurbandistrict.com\\\/2024\\\/12\\\/25082146\\\/img-6574-1.jpg\",\"datePublished\":\"2024-12-05T16:33:16+00:00\",\"dateModified\":\"2024-12-05T17:29:55+00:00\",\"author\":{\"@id\":\"https:\\\/\\\/poblenouurbandistrict.com\\\/#\\\/schema\\\/person\\\/980a2cf34b399d5218205730acd54a7e\"},\"breadcrumb\":{\"@id\":\"https:\\\/\\\/poblenouurbandistrict.com\\\/ca\\\/el-poblenou-open-night-va-brillar-un-any-mes-en-la-seva-11a-edicio\\\/#breadcrumb\"},\"inLanguage\":\"ca\",\"potentialAction\":[{\"@type\":\"ReadAction\",\"target\":[[\"https:\\\/\\\/poblenouurbandistrict.com\\\/ca\\\/el-poblenou-open-night-va-brillar-un-any-mes-en-la-seva-11a-edicio\\\/\"]]}]},{\"@type\":\"ImageObject\",\"inLanguage\":\"ca\",\"@id\":\"https:\\\/\\\/poblenouurbandistrict.com\\\/ca\\\/el-poblenou-open-night-va-brillar-un-any-mes-en-la-seva-11a-edicio\\\/#primaryimage\",\"url\":\"https:\\\/\\\/media.poblenouurbandistrict.com\\\/2024\\\/12\\\/25082146\\\/img-6574-1.jpg\",\"contentUrl\":\"https:\\\/\\\/media.poblenouurbandistrict.com\\\/2024\\\/12\\\/25082146\\\/img-6574-1.jpg\",\"width\":2560,\"height\":1707},{\"@type\":\"BreadcrumbList\",\"@id\":\"https:\\\/\\\/poblenouurbandistrict.com\\\/ca\\\/el-poblenou-open-night-va-brillar-un-any-mes-en-la-seva-11a-edicio\\\/#breadcrumb\",\"itemListElement\":[{\"@type\":\"ListItem\",\"position\":1,\"name\":\"Home\",\"item\":\"https:\\\/\\\/poblenouurbandistrict.com\\\/ca\\\/\"},{\"@type\":\"ListItem\",\"position\":2,\"name\":\"El Poblenou Open Night va brillar un any m\u00e9s en la seva 11a edici\u00f3\"}]},{\"@type\":\"WebSite\",\"@id\":\"https:\\\/\\\/poblenouurbandistrict.com\\\/ca\\\/#website\",\"url\":\"https:\\\/\\\/poblenouurbandistrict.com\\\/ca\\\/\",\"name\":\"Poblenou Urban District\",\"description\":\"Comunitat Creativa\",\"potentialAction\":[{\"@type\":\"SearchAction\",\"target\":{\"@type\":\"EntryPoint\",\"urlTemplate\":\"https:\\\/\\\/poblenouurbandistrict.com\\\/ca\\\/?s={search_term_string}\"},\"query-input\":{\"@type\":\"PropertyValueSpecification\",\"valueRequired\":true,\"valueName\":\"search_term_string\"}}],\"inLanguage\":\"ca\"},{\"@type\":\"Person\",\"@id\":\"https:\\\/\\\/poblenouurbandistrict.com\\\/#\\\/schema\\\/person\\\/980a2cf34b399d5218205730acd54a7e\",\"name\":\"pnud\",\"image\":{\"@type\":\"ImageObject\",\"inLanguage\":\"ca\",\"@id\":\"https:\\\/\\\/secure.gravatar.com\\\/avatar\\\/67146597b405ee077a24e519f75c3e2031736596d6ce35af3a34c122c93d0d7b?s=96&d=retro&r=g\",\"url\":\"https:\\\/\\\/secure.gravatar.com\\\/avatar\\\/67146597b405ee077a24e519f75c3e2031736596d6ce35af3a34c122c93d0d7b?s=96&d=retro&r=g\",\"contentUrl\":\"https:\\\/\\\/secure.gravatar.com\\\/avatar\\\/67146597b405ee077a24e519f75c3e2031736596d6ce35af3a34c122c93d0d7b?s=96&d=retro&r=g\",\"caption\":\"pnud\"}}]}<\/script>\n<!-- \/ Yoast SEO plugin. -->","yoast_head_json":{"title":"El Poblenou Open Night va brillar un any m\u00e9s en la seva 11a edici\u00f3 &#8211; Poblenou Urban District","robots":{"index":"index","follow":"follow","max-snippet":"max-snippet:-1","max-image-preview":"max-image-preview:large","max-video-preview":"max-video-preview:-1"},"canonical":"https:\/\/poblenouurbandistrict.com\/ca\/el-poblenou-open-night-va-brillar-un-any-mes-en-la-seva-11a-edicio\/","og_locale":"ca_ES","og_type":"article","og_title":"El Poblenou Open Night va brillar un any m\u00e9s en la seva 11a edici\u00f3 &#8211; Poblenou Urban District","og_description":"Ja han passat onze anys des que vam comen\u00e7ar a celebrar el Poblenou Open Night a Poblenou, un dels esdeveniments... M\u00e9s \u2192","og_url":"https:\/\/poblenouurbandistrict.com\/ca\/el-poblenou-open-night-va-brillar-un-any-mes-en-la-seva-11a-edicio\/","og_site_name":"Poblenou Urban District","article_published_time":"2024-12-05T16:33:16+00:00","article_modified_time":"2024-12-05T17:29:55+00:00","og_image":[{"width":2560,"height":1707,"url":"https:\/\/poblenouurbandistrict.com\/wp-content\/uploads\/2024\/12\/img-6574-1.jpg","type":"image\/jpeg"}],"author":"pnud","twitter_card":"summary_large_image","twitter_misc":{"Escrit per":"pnud","Temps estimat de lectura":"3 minuts"},"schema":{"@context":"https:\/\/schema.org","@graph":[{"@type":"Article","@id":"https:\/\/poblenouurbandistrict.com\/el-poblenou-open-night-va-brillar-un-any-mes-en-la-seva-11a-edicio\/#article","isPartOf":{"@id":"https:\/\/poblenouurbandistrict.com\/el-poblenou-open-night-va-brillar-un-any-mes-en-la-seva-11a-edicio\/"},"author":{"name":"pnud","@id":"https:\/\/poblenouurbandistrict.com\/#\/schema\/person\/980a2cf34b399d5218205730acd54a7e"},"headline":"El Poblenou Open Night va brillar un any m\u00e9s en la seva 11a edici\u00f3","datePublished":"2024-12-05T16:33:16+00:00","dateModified":"2024-12-05T17:29:55+00:00","mainEntityOfPage":{"@id":"https:\/\/poblenouurbandistrict.com\/el-poblenou-open-night-va-brillar-un-any-mes-en-la-seva-11a-edicio\/"},"wordCount":1088,"image":{"@id":"https:\/\/poblenouurbandistrict.com\/el-poblenou-open-night-va-brillar-un-any-mes-en-la-seva-11a-edicio\/#primaryimage"},"thumbnailUrl":"https:\/\/media.poblenouurbandistrict.com\/2024\/12\/25082146\/img-6574-1.jpg","articleSection":["Open Night"],"inLanguage":"ca"},{"@type":"WebPage","@id":"https:\/\/poblenouurbandistrict.com\/ca\/el-poblenou-open-night-va-brillar-un-any-mes-en-la-seva-11a-edicio\/","url":"https:\/\/poblenouurbandistrict.com\/ca\/el-poblenou-open-night-va-brillar-un-any-mes-en-la-seva-11a-edicio\/","name":"El Poblenou Open Night va brillar un any m\u00e9s en la seva 11a edici\u00f3 &#8211; Poblenou Urban District","isPartOf":{"@id":"https:\/\/poblenouurbandistrict.com\/ca\/#website"},"primaryImageOfPage":{"@id":"https:\/\/poblenouurbandistrict.com\/ca\/el-poblenou-open-night-va-brillar-un-any-mes-en-la-seva-11a-edicio\/#primaryimage"},"image":{"@id":"https:\/\/poblenouurbandistrict.com\/el-poblenou-open-night-va-brillar-un-any-mes-en-la-seva-11a-edicio\/#primaryimage"},"thumbnailUrl":"https:\/\/media.poblenouurbandistrict.com\/2024\/12\/25082146\/img-6574-1.jpg","datePublished":"2024-12-05T16:33:16+00:00","dateModified":"2024-12-05T17:29:55+00:00","author":{"@id":"https:\/\/poblenouurbandistrict.com\/#\/schema\/person\/980a2cf34b399d5218205730acd54a7e"},"breadcrumb":{"@id":"https:\/\/poblenouurbandistrict.com\/ca\/el-poblenou-open-night-va-brillar-un-any-mes-en-la-seva-11a-edicio\/#breadcrumb"},"inLanguage":"ca","potentialAction":[{"@type":"ReadAction","target":[["https:\/\/poblenouurbandistrict.com\/ca\/el-poblenou-open-night-va-brillar-un-any-mes-en-la-seva-11a-edicio\/"]]}]},{"@type":"ImageObject","inLanguage":"ca","@id":"https:\/\/poblenouurbandistrict.com\/ca\/el-poblenou-open-night-va-brillar-un-any-mes-en-la-seva-11a-edicio\/#primaryimage","url":"https:\/\/media.poblenouurbandistrict.com\/2024\/12\/25082146\/img-6574-1.jpg","contentUrl":"https:\/\/media.poblenouurbandistrict.com\/2024\/12\/25082146\/img-6574-1.jpg","width":2560,"height":1707},{"@type":"BreadcrumbList","@id":"https:\/\/poblenouurbandistrict.com\/ca\/el-poblenou-open-night-va-brillar-un-any-mes-en-la-seva-11a-edicio\/#breadcrumb","itemListElement":[{"@type":"ListItem","position":1,"name":"Home","item":"https:\/\/poblenouurbandistrict.com\/ca\/"},{"@type":"ListItem","position":2,"name":"El Poblenou Open Night va brillar un any m\u00e9s en la seva 11a edici\u00f3"}]},{"@type":"WebSite","@id":"https:\/\/poblenouurbandistrict.com\/ca\/#website","url":"https:\/\/poblenouurbandistrict.com\/ca\/","name":"Poblenou Urban District","description":"Comunitat Creativa","potentialAction":[{"@type":"SearchAction","target":{"@type":"EntryPoint","urlTemplate":"https:\/\/poblenouurbandistrict.com\/ca\/?s={search_term_string}"},"query-input":{"@type":"PropertyValueSpecification","valueRequired":true,"valueName":"search_term_string"}}],"inLanguage":"ca"},{"@type":"Person","@id":"https:\/\/poblenouurbandistrict.com\/#\/schema\/person\/980a2cf34b399d5218205730acd54a7e","name":"pnud","image":{"@type":"ImageObject","inLanguage":"ca","@id":"https:\/\/secure.gravatar.com\/avatar\/67146597b405ee077a24e519f75c3e2031736596d6ce35af3a34c122c93d0d7b?s=96&d=retro&r=g","url":"https:\/\/secure.gravatar.com\/avatar\/67146597b405ee077a24e519f75c3e2031736596d6ce35af3a34c122c93d0d7b?s=96&d=retro&r=g","contentUrl":"https:\/\/secure.gravatar.com\/avatar\/67146597b405ee077a24e519f75c3e2031736596d6ce35af3a34c122c93d0d7b?s=96&d=retro&r=g","caption":"pnud"}}]}},"_links":{"self":[{"href":"https:\/\/poblenouurbandistrict.com\/ca\/wp-json\/wp\/v2\/posts\/48630","targetHints":{"allow":["GET"]}}],"collection":[{"href":"https:\/\/poblenouurbandistrict.com\/ca\/wp-json\/wp\/v2\/posts"}],"about":[{"href":"https:\/\/poblenouurbandistrict.com\/ca\/wp-json\/wp\/v2\/types\/post"}],"author":[{"embeddable":true,"href":"https:\/\/poblenouurbandistrict.com\/ca\/wp-json\/wp\/v2\/users\/5"}],"replies":[{"embeddable":true,"href":"https:\/\/poblenouurbandistrict.com\/ca\/wp-json\/wp\/v2\/comments?post=48630"}],"version-history":[{"count":7,"href":"https:\/\/poblenouurbandistrict.com\/ca\/wp-json\/wp\/v2\/posts\/48630\/revisions"}],"predecessor-version":[{"id":48669,"href":"https:\/\/poblenouurbandistrict.com\/ca\/wp-json\/wp\/v2\/posts\/48630\/revisions\/48669"}],"wp:featuredmedia":[{"embeddable":true,"href":"https:\/\/poblenouurbandistrict.com\/ca\/wp-json\/wp\/v2\/media\/48653"}],"wp:attachment":[{"href":"https:\/\/poblenouurbandistrict.com\/ca\/wp-json\/wp\/v2\/media?parent=48630"}],"wp:term":[{"taxonomy":"category","embeddable":true,"href":"https:\/\/poblenouurbandistrict.com\/ca\/wp-json\/wp\/v2\/categories?post=48630"},{"taxonomy":"post_tag","embeddable":true,"href":"https:\/\/poblenouurbandistrict.com\/ca\/wp-json\/wp\/v2\/tags?post=48630"}],"curies":[{"name":"wp","href":"https:\/\/api.w.org\/{rel}","templated":true}]}}