{"id":48803,"date":"2024-12-19T14:11:20","date_gmt":"2024-12-19T13:11:20","guid":{"rendered":"https:\/\/poblenouurbandistrict.com\/?p=48803"},"modified":"2024-12-19T14:12:53","modified_gmt":"2024-12-19T13:12:53","slug":"dinars-de-nadal-i-sopars-de-cap-dany-al-districte-creatiu","status":"publish","type":"post","link":"https:\/\/poblenouurbandistrict.com\/ca\/dinars-de-nadal-i-sopars-de-cap-dany-al-districte-creatiu\/","title":{"rendered":"Dinars de Nadal i sopars de Cap d&#8217;Any al Districte Creatiu"},"content":{"rendered":"<p>Les festes s\u00f3n l&#8217;ocasi\u00f3 perfecta per envoltar-te dels teus \u00e9ssers estimats, i a on millor que al voltant duna taula plena de plats deliciosos? Aqu\u00ed tens un recull de les propostes gastron\u00f2miques de la comunitat de socis de Poblenou Urban District per a Nadal i Cap d&#8217;Any:<\/p>\n<h3><a href=\"https:\/\/www.instagram.com\/cuadrobcn\/?hl=es\">CUADRO<\/a><\/h3>\n<p>El restaurant especialitzat en vins i formatges ha preparat un delici\u00f3s men\u00fa de Nadal. El podreu gaudir el 24, 25 i 26 de desembre a la nit.<\/p>\n<p>I aix\u00f3 no \u00e9s tot! La nit del 31 faran una festa amb un men\u00fa per donar la benvinguda al nou any de la millor manera.<\/p>\n<p>Imprescindible reserva previa.<\/p>\n<hr \/>\n<h3><a href=\"http:\/\/hotelbarcelonaprincess.com\/\">Hotel Barcelona Princess<\/a><\/h3>\n<p>Gaudeix de la fusi\u00f3 de gastronomia i m\u00fasica aquesta nit de cap d\u2019any a Dagma.<\/p>\n<p>Els xefs Pedro Montolio i David Bourg ens delectaran amb un men\u00fa molt especial que amalgama sabors tradicionals del nadal amb sorprenents tocs d\u2019avantguarda i influ\u00e8ncia de cuines internacionals. Per a obrir boca s\u2019oferiran 4 petits aperitius regats amb un cava Brut Gran Reserva de bombolla fina.<\/p>\n<p>Despr\u00e9s d\u2019aquestes tastets s\u2019iniciar\u00e0 una degustaci\u00f3 formada per sis plats espectaculars que comen\u00e7aran amb un T\u00e0rtar de Bou de mar amb melmelada de tom\u00e0quet i acabar\u00e0 amb un contundent Llom de c\u00e9rvol amb figues en papillote.<\/p>\n<p>La recta final del men\u00fa comen\u00e7ar\u00e0 amb unes pre postres digestives formades per un Sorbet d\u2019api i llima amb maduixots seguit de les postres de la nit, l\u2019inoblidable Poma-canyella-vainilla.<\/p>\n<p>Durant la degustaci\u00f3 se serviran tres vins seleccionats amb cura per Miquel Molina, director i sommelier de Dagma.<\/p>\n<p>Des de les 23.30 els comensals gaudiran de la m\u00fasica en viu del duo format per Suzanna &amp; Vittersweet, que far\u00e0 una breu pausa perqu\u00e8 tots puguin seguir les campanades i prendre el ra\u00efm de la sort abans de continuar la festa fins a les 2h al ritme de les seves propostes funk, urban i pop.<\/p>\n<hr \/>\n<h3><a href=\"https:\/\/www.melia.com\/es\/hoteles\/espana\/barcelona\/melia-barcelona-sky?esl-k=sem-google%7Cng%7Cc675418135668%7Cmp%7Ckmelia%20barcelona%20sky%7Cp%7Ct%7Cdc%7Ca134023297572%7Cg14891489977&amp;&amp;gad_source=1&amp;gclid=Cj0KCQiAsOq6BhDuARIsAGQ4-zgAGLTQvSwgqKu_NBbCZwbOnnQA3ZcPc9ST_x1HLkB4QajSpoZ_Xv4aApIGEALw_wcB&amp;gclsrc=aw.ds\">Meli\u00e1 Barcelona Sky<\/a><\/h3>\n<p>Celebra la melodia i el sabor del Nadal a Meli\u00e1 amb els men\u00fas especials que han preparat. Gaudeix amb familiars i amics del Sopar de Nadal, el Dinar de Nadal, el Dinar de Sant Esteve, i el Sopar de Cap d\u2019Any amb el delici\u00f3s menjar de Meli\u00e1.<\/p>\n<hr \/>\n<h3><a href=\"https:\/\/www.thesocialhub.co\/es\/barcelona-poblenou\/\">Four Corners<\/a><\/h3>\n<p>Els especials de la temporada inspirats en les tradicions per\u00f2 amb el seu <em>twist<\/em>\u00a0italoameric\u00e0. I et\u00a0 conviden una copa de xampany Veuve Clicquot!<\/p>\n<ul>\n<li><strong>Del 23 de desembre al 5 de gener: <\/strong>Pollastre farcit a l\u2019estil de l\u2019avia de Don Davide, cols de Brusel\u00b7les, salsa gravy i compota de grosella; Xocolata Hox, <em>nubes,\u00a0<\/em>escuma de tiramis\u00fa; Cheescake de carabassa estil NY.<\/li>\n<\/ul>\n<ul>\n<li><strong>Especial de\u00a0 Nadal \u2013 25 de desembre: <\/strong>Escudella Italoamericana<\/li>\n<li><strong>Dia de Sant Esteve \u2013 26 de desembre: <\/strong>Canelons de rostit a l\u2019estil italoameric\u00e0.<\/li>\n<\/ul>\n<h3><a href=\"https:\/\/www.eventbrite.es\/e\/1098775118959?aff=oddtdtcreator\">Sopar de Cap d\u2019Any a Four Corners<\/a><\/h3>\n<p>Dona la benvinguda al 2025 amb un fest\u00ed inoblidable. Comptaran amb una proposta italoamericana molt especial i dos torns \u2013 a les 18h i a les 20:30h \u2013 per a que gaudeixis d\u2019un men\u00fa deli, deli.<\/p>\n<p>I despr\u00e9s del sopar, arriben les campanades! Menja el ra\u00efm a Hoxton per atreure la millor sort pel 2025.<\/p>\n<p><a href=\"https:\/\/www.eventbrite.es\/e\/1098775118959?aff=oddtdtcreator\">Reserva el teu lloc abans que s\u2019esgotin!<\/a><\/p>","protected":false},"excerpt":{"rendered":"<p>Les festes s\u00f3n l&#8217;ocasi\u00f3 perfecta per envoltar-te dels teus \u00e9ssers estimats, i a on millor que al voltant duna taula&#8230; <a href=\"https:\/\/poblenouurbandistrict.com\/ca\/dinars-de-nadal-i-sopars-de-cap-dany-al-districte-creatiu\/\">M\u00e9s  \u2192<\/a><\/p>\n","protected":false},"author":5,"featured_media":48759,"comment_status":"closed","ping_status":"closed","sticky":false,"template":"","format":"standard","meta":{"_acf_changed":false,"footnotes":""},"categories":[3353],"tags":[],"class_list":["post-48803","post","type-post","status-publish","format-standard","has-post-thumbnail","hentry","category-gastronomia"],"acf":[],"yoast_head":"<!-- This site is optimized with the Yoast SEO plugin v27.4 - https:\/\/yoast.com\/product\/yoast-seo-wordpress\/ -->\n<title>Dinars de Nadal i sopars de Cap d&#039;Any al Districte Creatiu &#8211; Poblenou Urban District<\/title>\n<meta name=\"robots\" content=\"index, follow, max-snippet:-1, max-image-preview:large, max-video-preview:-1\" \/>\n<link rel=\"canonical\" href=\"https:\/\/poblenouurbandistrict.com\/ca\/dinars-de-nadal-i-sopars-de-cap-dany-al-districte-creatiu\/\" \/>\n<meta property=\"og:locale\" content=\"ca_ES\" \/>\n<meta property=\"og:type\" content=\"article\" \/>\n<meta property=\"og:title\" content=\"Dinars de Nadal i sopars de Cap d&#039;Any al Districte Creatiu &#8211; Poblenou Urban District\" \/>\n<meta property=\"og:description\" content=\"Les festes s\u00f3n l&#8217;ocasi\u00f3 perfecta per envoltar-te dels teus \u00e9ssers estimats, i a on millor que al voltant duna taula... M\u00e9s \u2192\" \/>\n<meta property=\"og:url\" content=\"https:\/\/poblenouurbandistrict.com\/ca\/dinars-de-nadal-i-sopars-de-cap-dany-al-districte-creatiu\/\" \/>\n<meta property=\"og:site_name\" content=\"Poblenou Urban District\" \/>\n<meta property=\"article:published_time\" content=\"2024-12-19T13:11:20+00:00\" \/>\n<meta property=\"article:modified_time\" content=\"2024-12-19T13:12:53+00:00\" \/>\n<meta property=\"og:image\" content=\"https:\/\/poblenouurbandistrict.com\/wp-content\/uploads\/2024\/12\/469816616-1015062573982397-377309426046176703-n-e1734000882211.jpg\" \/>\n\t<meta property=\"og:image:width\" content=\"1080\" \/>\n\t<meta property=\"og:image:height\" content=\"783\" \/>\n\t<meta property=\"og:image:type\" content=\"image\/jpeg\" \/>\n<meta name=\"author\" content=\"pnud\" \/>\n<meta name=\"twitter:card\" content=\"summary_large_image\" \/>\n<meta name=\"twitter:label1\" content=\"Escrit per\" \/>\n\t<meta name=\"twitter:data1\" content=\"pnud\" \/>\n\t<meta name=\"twitter:label2\" content=\"Temps estimat de lectura\" \/>\n\t<meta name=\"twitter:data2\" content=\"3 minuts\" \/>\n<script type=\"application\/ld+json\" class=\"yoast-schema-graph\">{\"@context\":\"https:\\\/\\\/schema.org\",\"@graph\":[{\"@type\":\"Article\",\"@id\":\"https:\\\/\\\/poblenouurbandistrict.com\\\/dinars-de-nadal-i-sopars-de-cap-dany-al-districte-creatiu\\\/#article\",\"isPartOf\":{\"@id\":\"https:\\\/\\\/poblenouurbandistrict.com\\\/dinars-de-nadal-i-sopars-de-cap-dany-al-districte-creatiu\\\/\"},\"author\":{\"name\":\"pnud\",\"@id\":\"https:\\\/\\\/poblenouurbandistrict.com\\\/#\\\/schema\\\/person\\\/980a2cf34b399d5218205730acd54a7e\"},\"headline\":\"Dinars de Nadal i sopars de Cap d&#8217;Any al Districte Creatiu\",\"datePublished\":\"2024-12-19T13:11:20+00:00\",\"dateModified\":\"2024-12-19T13:12:53+00:00\",\"mainEntityOfPage\":{\"@id\":\"https:\\\/\\\/poblenouurbandistrict.com\\\/dinars-de-nadal-i-sopars-de-cap-dany-al-districte-creatiu\\\/\"},\"wordCount\":1090,\"image\":{\"@id\":\"https:\\\/\\\/poblenouurbandistrict.com\\\/dinars-de-nadal-i-sopars-de-cap-dany-al-districte-creatiu\\\/#primaryimage\"},\"thumbnailUrl\":\"https:\\\/\\\/media.poblenouurbandistrict.com\\\/2024\\\/12\\\/25082420\\\/469816616-1015062573982397-377309426046176703-n-e1734000882211.jpg\",\"articleSection\":[\"Gastronomia\"],\"inLanguage\":\"ca\"},{\"@type\":\"WebPage\",\"@id\":\"https:\\\/\\\/poblenouurbandistrict.com\\\/ca\\\/dinars-de-nadal-i-sopars-de-cap-dany-al-districte-creatiu\\\/\",\"url\":\"https:\\\/\\\/poblenouurbandistrict.com\\\/ca\\\/dinars-de-nadal-i-sopars-de-cap-dany-al-districte-creatiu\\\/\",\"name\":\"Dinars de Nadal i sopars de Cap d'Any al Districte Creatiu &#8211; Poblenou Urban District\",\"isPartOf\":{\"@id\":\"https:\\\/\\\/poblenouurbandistrict.com\\\/ca\\\/#website\"},\"primaryImageOfPage\":{\"@id\":\"https:\\\/\\\/poblenouurbandistrict.com\\\/ca\\\/dinars-de-nadal-i-sopars-de-cap-dany-al-districte-creatiu\\\/#primaryimage\"},\"image\":{\"@id\":\"https:\\\/\\\/poblenouurbandistrict.com\\\/dinars-de-nadal-i-sopars-de-cap-dany-al-districte-creatiu\\\/#primaryimage\"},\"thumbnailUrl\":\"https:\\\/\\\/media.poblenouurbandistrict.com\\\/2024\\\/12\\\/25082420\\\/469816616-1015062573982397-377309426046176703-n-e1734000882211.jpg\",\"datePublished\":\"2024-12-19T13:11:20+00:00\",\"dateModified\":\"2024-12-19T13:12:53+00:00\",\"author\":{\"@id\":\"https:\\\/\\\/poblenouurbandistrict.com\\\/#\\\/schema\\\/person\\\/980a2cf34b399d5218205730acd54a7e\"},\"breadcrumb\":{\"@id\":\"https:\\\/\\\/poblenouurbandistrict.com\\\/ca\\\/dinars-de-nadal-i-sopars-de-cap-dany-al-districte-creatiu\\\/#breadcrumb\"},\"inLanguage\":\"ca\",\"potentialAction\":[{\"@type\":\"ReadAction\",\"target\":[[\"https:\\\/\\\/poblenouurbandistrict.com\\\/ca\\\/dinars-de-nadal-i-sopars-de-cap-dany-al-districte-creatiu\\\/\"]]}]},{\"@type\":\"ImageObject\",\"inLanguage\":\"ca\",\"@id\":\"https:\\\/\\\/poblenouurbandistrict.com\\\/ca\\\/dinars-de-nadal-i-sopars-de-cap-dany-al-districte-creatiu\\\/#primaryimage\",\"url\":\"https:\\\/\\\/media.poblenouurbandistrict.com\\\/2024\\\/12\\\/25082420\\\/469816616-1015062573982397-377309426046176703-n-e1734000882211.jpg\",\"contentUrl\":\"https:\\\/\\\/media.poblenouurbandistrict.com\\\/2024\\\/12\\\/25082420\\\/469816616-1015062573982397-377309426046176703-n-e1734000882211.jpg\",\"width\":1080,\"height\":783},{\"@type\":\"BreadcrumbList\",\"@id\":\"https:\\\/\\\/poblenouurbandistrict.com\\\/ca\\\/dinars-de-nadal-i-sopars-de-cap-dany-al-districte-creatiu\\\/#breadcrumb\",\"itemListElement\":[{\"@type\":\"ListItem\",\"position\":1,\"name\":\"Home\",\"item\":\"https:\\\/\\\/poblenouurbandistrict.com\\\/ca\\\/\"},{\"@type\":\"ListItem\",\"position\":2,\"name\":\"Dinars de Nadal i sopars de Cap d&#8217;Any al Districte Creatiu\"}]},{\"@type\":\"WebSite\",\"@id\":\"https:\\\/\\\/poblenouurbandistrict.com\\\/ca\\\/#website\",\"url\":\"https:\\\/\\\/poblenouurbandistrict.com\\\/ca\\\/\",\"name\":\"Poblenou Urban District\",\"description\":\"Comunitat Creativa\",\"potentialAction\":[{\"@type\":\"SearchAction\",\"target\":{\"@type\":\"EntryPoint\",\"urlTemplate\":\"https:\\\/\\\/poblenouurbandistrict.com\\\/ca\\\/?s={search_term_string}\"},\"query-input\":{\"@type\":\"PropertyValueSpecification\",\"valueRequired\":true,\"valueName\":\"search_term_string\"}}],\"inLanguage\":\"ca\"},{\"@type\":\"Person\",\"@id\":\"https:\\\/\\\/poblenouurbandistrict.com\\\/#\\\/schema\\\/person\\\/980a2cf34b399d5218205730acd54a7e\",\"name\":\"pnud\",\"image\":{\"@type\":\"ImageObject\",\"inLanguage\":\"ca\",\"@id\":\"https:\\\/\\\/secure.gravatar.com\\\/avatar\\\/67146597b405ee077a24e519f75c3e2031736596d6ce35af3a34c122c93d0d7b?s=96&d=retro&r=g\",\"url\":\"https:\\\/\\\/secure.gravatar.com\\\/avatar\\\/67146597b405ee077a24e519f75c3e2031736596d6ce35af3a34c122c93d0d7b?s=96&d=retro&r=g\",\"contentUrl\":\"https:\\\/\\\/secure.gravatar.com\\\/avatar\\\/67146597b405ee077a24e519f75c3e2031736596d6ce35af3a34c122c93d0d7b?s=96&d=retro&r=g\",\"caption\":\"pnud\"}}]}<\/script>\n<!-- \/ Yoast SEO plugin. -->","yoast_head_json":{"title":"Dinars de Nadal i sopars de Cap d'Any al Districte Creatiu &#8211; Poblenou Urban District","robots":{"index":"index","follow":"follow","max-snippet":"max-snippet:-1","max-image-preview":"max-image-preview:large","max-video-preview":"max-video-preview:-1"},"canonical":"https:\/\/poblenouurbandistrict.com\/ca\/dinars-de-nadal-i-sopars-de-cap-dany-al-districte-creatiu\/","og_locale":"ca_ES","og_type":"article","og_title":"Dinars de Nadal i sopars de Cap d'Any al Districte Creatiu &#8211; Poblenou Urban District","og_description":"Les festes s\u00f3n l&#8217;ocasi\u00f3 perfecta per envoltar-te dels teus \u00e9ssers estimats, i a on millor que al voltant duna taula... M\u00e9s \u2192","og_url":"https:\/\/poblenouurbandistrict.com\/ca\/dinars-de-nadal-i-sopars-de-cap-dany-al-districte-creatiu\/","og_site_name":"Poblenou Urban District","article_published_time":"2024-12-19T13:11:20+00:00","article_modified_time":"2024-12-19T13:12:53+00:00","og_image":[{"width":1080,"height":783,"url":"https:\/\/poblenouurbandistrict.com\/wp-content\/uploads\/2024\/12\/469816616-1015062573982397-377309426046176703-n-e1734000882211.jpg","type":"image\/jpeg"}],"author":"pnud","twitter_card":"summary_large_image","twitter_misc":{"Escrit per":"pnud","Temps estimat de lectura":"3 minuts"},"schema":{"@context":"https:\/\/schema.org","@graph":[{"@type":"Article","@id":"https:\/\/poblenouurbandistrict.com\/dinars-de-nadal-i-sopars-de-cap-dany-al-districte-creatiu\/#article","isPartOf":{"@id":"https:\/\/poblenouurbandistrict.com\/dinars-de-nadal-i-sopars-de-cap-dany-al-districte-creatiu\/"},"author":{"name":"pnud","@id":"https:\/\/poblenouurbandistrict.com\/#\/schema\/person\/980a2cf34b399d5218205730acd54a7e"},"headline":"Dinars de Nadal i sopars de Cap d&#8217;Any al Districte Creatiu","datePublished":"2024-12-19T13:11:20+00:00","dateModified":"2024-12-19T13:12:53+00:00","mainEntityOfPage":{"@id":"https:\/\/poblenouurbandistrict.com\/dinars-de-nadal-i-sopars-de-cap-dany-al-districte-creatiu\/"},"wordCount":1090,"image":{"@id":"https:\/\/poblenouurbandistrict.com\/dinars-de-nadal-i-sopars-de-cap-dany-al-districte-creatiu\/#primaryimage"},"thumbnailUrl":"https:\/\/media.poblenouurbandistrict.com\/2024\/12\/25082420\/469816616-1015062573982397-377309426046176703-n-e1734000882211.jpg","articleSection":["Gastronomia"],"inLanguage":"ca"},{"@type":"WebPage","@id":"https:\/\/poblenouurbandistrict.com\/ca\/dinars-de-nadal-i-sopars-de-cap-dany-al-districte-creatiu\/","url":"https:\/\/poblenouurbandistrict.com\/ca\/dinars-de-nadal-i-sopars-de-cap-dany-al-districte-creatiu\/","name":"Dinars de Nadal i sopars de Cap d'Any al Districte Creatiu &#8211; Poblenou Urban District","isPartOf":{"@id":"https:\/\/poblenouurbandistrict.com\/ca\/#website"},"primaryImageOfPage":{"@id":"https:\/\/poblenouurbandistrict.com\/ca\/dinars-de-nadal-i-sopars-de-cap-dany-al-districte-creatiu\/#primaryimage"},"image":{"@id":"https:\/\/poblenouurbandistrict.com\/dinars-de-nadal-i-sopars-de-cap-dany-al-districte-creatiu\/#primaryimage"},"thumbnailUrl":"https:\/\/media.poblenouurbandistrict.com\/2024\/12\/25082420\/469816616-1015062573982397-377309426046176703-n-e1734000882211.jpg","datePublished":"2024-12-19T13:11:20+00:00","dateModified":"2024-12-19T13:12:53+00:00","author":{"@id":"https:\/\/poblenouurbandistrict.com\/#\/schema\/person\/980a2cf34b399d5218205730acd54a7e"},"breadcrumb":{"@id":"https:\/\/poblenouurbandistrict.com\/ca\/dinars-de-nadal-i-sopars-de-cap-dany-al-districte-creatiu\/#breadcrumb"},"inLanguage":"ca","potentialAction":[{"@type":"ReadAction","target":[["https:\/\/poblenouurbandistrict.com\/ca\/dinars-de-nadal-i-sopars-de-cap-dany-al-districte-creatiu\/"]]}]},{"@type":"ImageObject","inLanguage":"ca","@id":"https:\/\/poblenouurbandistrict.com\/ca\/dinars-de-nadal-i-sopars-de-cap-dany-al-districte-creatiu\/#primaryimage","url":"https:\/\/media.poblenouurbandistrict.com\/2024\/12\/25082420\/469816616-1015062573982397-377309426046176703-n-e1734000882211.jpg","contentUrl":"https:\/\/media.poblenouurbandistrict.com\/2024\/12\/25082420\/469816616-1015062573982397-377309426046176703-n-e1734000882211.jpg","width":1080,"height":783},{"@type":"BreadcrumbList","@id":"https:\/\/poblenouurbandistrict.com\/ca\/dinars-de-nadal-i-sopars-de-cap-dany-al-districte-creatiu\/#breadcrumb","itemListElement":[{"@type":"ListItem","position":1,"name":"Home","item":"https:\/\/poblenouurbandistrict.com\/ca\/"},{"@type":"ListItem","position":2,"name":"Dinars de Nadal i sopars de Cap d&#8217;Any al Districte Creatiu"}]},{"@type":"WebSite","@id":"https:\/\/poblenouurbandistrict.com\/ca\/#website","url":"https:\/\/poblenouurbandistrict.com\/ca\/","name":"Poblenou Urban District","description":"Comunitat Creativa","potentialAction":[{"@type":"SearchAction","target":{"@type":"EntryPoint","urlTemplate":"https:\/\/poblenouurbandistrict.com\/ca\/?s={search_term_string}"},"query-input":{"@type":"PropertyValueSpecification","valueRequired":true,"valueName":"search_term_string"}}],"inLanguage":"ca"},{"@type":"Person","@id":"https:\/\/poblenouurbandistrict.com\/#\/schema\/person\/980a2cf34b399d5218205730acd54a7e","name":"pnud","image":{"@type":"ImageObject","inLanguage":"ca","@id":"https:\/\/secure.gravatar.com\/avatar\/67146597b405ee077a24e519f75c3e2031736596d6ce35af3a34c122c93d0d7b?s=96&d=retro&r=g","url":"https:\/\/secure.gravatar.com\/avatar\/67146597b405ee077a24e519f75c3e2031736596d6ce35af3a34c122c93d0d7b?s=96&d=retro&r=g","contentUrl":"https:\/\/secure.gravatar.com\/avatar\/67146597b405ee077a24e519f75c3e2031736596d6ce35af3a34c122c93d0d7b?s=96&d=retro&r=g","caption":"pnud"}}]}},"_links":{"self":[{"href":"https:\/\/poblenouurbandistrict.com\/ca\/wp-json\/wp\/v2\/posts\/48803","targetHints":{"allow":["GET"]}}],"collection":[{"href":"https:\/\/poblenouurbandistrict.com\/ca\/wp-json\/wp\/v2\/posts"}],"about":[{"href":"https:\/\/poblenouurbandistrict.com\/ca\/wp-json\/wp\/v2\/types\/post"}],"author":[{"embeddable":true,"href":"https:\/\/poblenouurbandistrict.com\/ca\/wp-json\/wp\/v2\/users\/5"}],"replies":[{"embeddable":true,"href":"https:\/\/poblenouurbandistrict.com\/ca\/wp-json\/wp\/v2\/comments?post=48803"}],"version-history":[{"count":2,"href":"https:\/\/poblenouurbandistrict.com\/ca\/wp-json\/wp\/v2\/posts\/48803\/revisions"}],"predecessor-version":[{"id":48806,"href":"https:\/\/poblenouurbandistrict.com\/ca\/wp-json\/wp\/v2\/posts\/48803\/revisions\/48806"}],"wp:featuredmedia":[{"embeddable":true,"href":"https:\/\/poblenouurbandistrict.com\/ca\/wp-json\/wp\/v2\/media\/48759"}],"wp:attachment":[{"href":"https:\/\/poblenouurbandistrict.com\/ca\/wp-json\/wp\/v2\/media?parent=48803"}],"wp:term":[{"taxonomy":"category","embeddable":true,"href":"https:\/\/poblenouurbandistrict.com\/ca\/wp-json\/wp\/v2\/categories?post=48803"},{"taxonomy":"post_tag","embeddable":true,"href":"https:\/\/poblenouurbandistrict.com\/ca\/wp-json\/wp\/v2\/tags?post=48803"}],"curies":[{"name":"wp","href":"https:\/\/api.w.org\/{rel}","templated":true}]}}