{"id":48852,"date":"2025-01-08T11:10:32","date_gmt":"2025-01-08T10:10:32","guid":{"rendered":"https:\/\/poblenouurbandistrict.com\/?p=48852"},"modified":"2025-01-10T18:19:40","modified_gmt":"2025-01-10T17:19:40","slug":"programacio-teatres","status":"publish","type":"post","link":"https:\/\/poblenouurbandistrict.com\/ca\/programacio-teatres\/","title":{"rendered":"Comen\u00e7a el 2025 als teatres del Districte Creatiu"},"content":{"rendered":"<p>Comen\u00e7a el 2025 amb teatre! Els teatres del districte creatiu al\u00e7en el tel\u00f3 del nou any amb\u00a0 una programaci\u00f3 molt variada.<\/p>\n<h3><a href=\"https:\/\/www.salabeckett.cat\/\"><strong>Sala Beckett<\/strong><\/a><\/h3>\n<ul>\n<li><a href=\"https:\/\/www.salabeckett.cat\/espectacle\/el-blues-de-lesgarip\/\"><strong>EL BLUES DE L&#8217;ESGARIP<\/strong><\/a><\/li>\n<\/ul>\n<p>Despr\u00e9s de molts anys de recitar poesia amb guitarra o a p\u00e8l, Francesc Bomb\u00ed-Vilaseca presenta un espectacle basat en el seu primer poemari,\u00a0<em>Febre amb gel<\/em>, en el qual fa un recorregut per un bon grapat dels seus poemes, farcits d\u2019homenatges a m\u00fasics com Lou Reed, Nick Cave o Jeff Buckley.<\/p>\n<p><strong>14\/01<\/strong><\/p>\n<ul>\n<li><a href=\"https:\/\/www.salabeckett.cat\/activitat-resta\/brakehernew\/\"><strong>Lectura dramatitzada: Break her new<\/strong><\/a><\/li>\n<\/ul>\n<p>Aquest any la Sala Beckett comen\u00e7a un cicle de lecutures dramatitzades internacionals. La primera proposta ser\u00e0 aquest thriller de la dramaturga noruega Karoline Una Moen.<\/p>\n<p><em>Break Her New\u00a0<\/em>\u00e9s una obra sobre\u00a0sobre el dolor i la vulnerabilitat que explora\u00a0les maneres com el m\u00f3n que ens envolta pot comen\u00e7ar a anar-se\u2019n en orris arran d\u2019una p\u00e8rdua traum\u00e0tica. Qu\u00e8 fem quan res \u00e9s com semblava i no ens reconeixem a nosaltres mateixos?<\/p>\n<p><strong>28\/01<\/strong><\/p>\n<hr \/>\n<ul>\n<li><a href=\"https:\/\/www.salabeckett.cat\/espectacle\/tres-porques\/\"><strong>Tres Porques<\/strong><\/a><\/li>\n<\/ul>\n<p>D&#8217;El Eje, Pau Masal\u00f3 i Carla Tovias. Direcci\u00f3 de Eric Balb\u00e0s i Carla Tovias.<\/p>\n<p><em>Tres porques\u00a0<\/em>\u00e9s la deriva perversa d\u2019un conte infantil, una visi\u00f3 \u00e0cida sobre la desconnexi\u00f3 entre l\u2019alegria del consum inconscient i la brutalitat dels processos de producci\u00f3.<\/p>\n<p><strong>Del 22\/01 <\/strong><strong>al 16\/02<\/strong><\/p>\n<p>A m\u00e9s el\u00a0<strong>29\/01 <\/strong>hi haur\u00e1 un col\u00b7loqui postfunci\u00f3 amb El Eje<strong>,<\/strong> companyia redisent d&#8217;aquesta temporada a la Beckett, i l&#8217;equip art\u00edstic de l&#8217;espectacle.<\/p>\n<hr \/>\n<ul>\n<li><a href=\"https:\/\/www.salabeckett.cat\/espectacle\/cacophony-2\/\"><strong>Cacophony<\/strong><\/a><\/li>\n<\/ul>\n<p>De Molly Taylor. Direcci\u00f3 d&#8217;Anna Serrano Gatell.<\/p>\n<p>Recuperem aquesta hist\u00f2ria amb sorolls i llum pr\u00f2pia. Xarxes socials, amistat, comprom\u00eds, cancel\u00b7laci\u00f3&#8230; \u00c9s l\u00edcita la impostura en pro d\u2019una causa noble?<\/p>\n<p><strong>Del 23\/01 al 16\/02<\/strong><\/p>\n<hr \/>\n<ul>\n<li><a href=\"https:\/\/www.salabeckett.cat\/espectacle\/bartleby\/\">\u00a0<strong>Bartleby<\/strong><\/a><\/li>\n<\/ul>\n<p>De Herman Melville. Adaptaci\u00f3 i direcci\u00f3 de Ll\u00e0tzer Garcia<\/p>\n<p>Ll\u00e0tzer Garcia torna a la Beckett amb una adaptaci\u00f3 del cl\u00e0ssic\u00a0<em>Bartleby l\u2019escrivent<\/em>, de Herman Melville.\u00a0El \u201cpreferiria no fer-ho\u201d de Bartleby ha esdevingut paradigma de la ren\u00fancia volunt\u00e0ria a l\u2019acci\u00f3; sempre amb bones maneres, aix\u00f2 s\u00ed.<\/p>\n<p><strong>Del 20\/02\u00a0al 09\/03<\/strong><\/p>\n<hr \/>\n<p>&nbsp;<\/p>\n<hr \/>\n<h3><a href=\"https:\/\/www.tnc.cat\/\">Teatre Nacional de Catalunya<\/a><\/h3>\n<ul>\n<li><a href=\"https:\/\/www.tnc.cat\/ca\/massa-brillant\"><strong>Massa Brillant<\/strong><\/a><\/li>\n<\/ul>\n<p>Autoria i direcci\u00f3 d&#8217;Oriol Puig Grau.<\/p>\n<p>Una nit que ser\u00e0 moltes nits alhora. La nit promet ser inoblidable. El millor amic del xicot del Guillem ha dedicat mesos a la creaci\u00f3 d&#8217;un vestit espectacular amb el qual aspira a guanyar el premi del p\u00fablic al Sarao Drag de Futuroa. El que el Guillem no s&#8217;espera \u00e9s que aquest mateix vestit li provoqui una reacci\u00f3 al\u00b7l\u00e8rgica severa i el submergeixi en un viatge inici\u00e0tic marcat per al\u00b7lucinacions intenses.<\/p>\n<p><strong>16\/01 al 02\/02 &#8211; Sala Petita<\/strong><\/p>\n<hr \/>\n<ul>\n<li><a href=\"https:\/\/www.tnc.cat\/ca\/els-contrabandistes-de-llibres\"><strong>Els contrabandistes de llibres de Darayya<\/strong><\/a><\/li>\n<\/ul>\n<p>Un projecte de la companyia Dau al Sec. Autoria Delphine Minoui. Direcci\u00f3 Iban Beltran.<\/p>\n<p>Un acte de resist\u00e8ncia col\u00b7lectiva contra el r\u00e8gim i la censura. <em>Els<\/em>\u00a0<em>contrabandistes de llibres de Darayya<\/em>\u00a0\u00e9s un espectacle que dona fe de la viol\u00e8ncia exercida des del poder per aturar la imaginaci\u00f3 i la vitalitat d\u2019un poble, en privar-lo de llegir i pensar.<\/p>\n<p><strong>23\/01\u00a0 al 09\/02 &#8211; Sala Tallers<\/strong><\/p>\n<hr \/>\n<h3><a href=\"https:\/\/casinoalianca.cat\/esdeveniments\/\">Casino L&#8217;Alian\u00e7a del Poblenou<\/a><\/h3>\n<ul>\n<li><a href=\"https:\/\/casinoalianca.cat\/cicle-de-cobla-a-barcelona-presentacio-cd-fa-660-anys\/\"><strong>Fa 660 Anys<\/strong><\/a><\/li>\n<\/ul>\n<p>En el marc del Cicle de Cobla de Barcelona, la Cobla Sant Jordi &#8211; Ciutat de Barcelona presenta el seu nou disc, &#8220;Fa 660 Anys&#8221; de la m\u00e0 de Salvador Brotons.<\/p>\n<p><strong>13\/01<\/strong><\/p>\n<hr \/>\n<ul>\n<li><a href=\"https:\/\/casinoalianca.cat\/cicle-de-cobla-a-barcelona-dilluns-20-de-gener-de-2025-a-les-1900-grans-conjunts\/\"><strong>Grans conjunts<\/strong><\/a><\/li>\n<\/ul>\n<p>En el marc del Cicle de Cobla de Barcelona, la cobla d&#8217;alumnes de l\u2019Escola Superior de M\u00fasica de Catalunya actuen en el seu concert final del primer quadrimestre.<\/p>\n<p><strong>20\/01\u00a0<\/strong><\/p>\n<hr \/>\n<ul>\n<li><a href=\"https:\/\/casinoalianca.cat\/ballet-dissabte-18-i-diumenge-19-de-gener-de-2025-el-trencanous-ballet-de-barcelona\/\"><strong>El Trencanous\u00a0<\/strong><\/a><\/li>\n<\/ul>\n<p>El Ballet de Barcelona torna un any m\u00e9s amb el seu aclamat Trencanous. Un viatge de somnis on la nostra protagonista troba la seva for\u00e7a interior que desconeixia tenir. El plaer m\u00e9s dol\u00e7 d\u2019aquestes festes!<\/p>\n<p><strong>18\/01 i 19\/01<\/strong><\/p>\n<hr \/>\n<ul>\n<li><a href=\"https:\/\/casinoalianca.cat\/cinema-dijous-23-de-gener-de-2025-a-les-1800h-cicle-cinema-gaudi-un-lugar-comun\/\"><strong>Cicle Cinema Gaud\u00ed: Un Lugar Com\u00fan<\/strong><\/a><\/li>\n<\/ul>\n<p>La Pilar (Eva Llorach) \u00e9s una mare entregada i la infermera m\u00e9s respectada de la cl\u00ednica on treballa. O, com a m\u00ednim, aix\u00f2 pensa ella fins al dia que, de sobte, \u00e9s acomiadada. Desubicada davant aquest sobtat buit, s\u2019aferra desesperadament al que sempre ha fet: tenir cura de la fam\u00edlia. Per\u00f2 en aquesta deriva, a estones maldestre i inc\u00f2moda, descobrir\u00e0 que potser pot explorar i trobar una nova Pilar.<\/p>\n<p><strong>23\/01<\/strong><\/p>\n<hr \/>\n<ul>\n<li><a href=\"https:\/\/casinoalianca.cat\/diumenge-3-de-novembre-a-les-1800h-la-boheme-novaria-artists\/\"><strong>La Boh\u00eame\u00a0<\/strong><\/a><\/li>\n<\/ul>\n<p>Nov\u00e0ria Artists interpreta la \u00f2pera de Giaccomo Puccini en aquesta versi\u00f3 escenificada de dues hores. Orquestra simf\u00f3nica, solistes, cor, vestuari. M\u00e9s de 70 artistes a escena!<\/p>\n<p><strong>24\/01<\/strong><\/p>\n<p>&nbsp;<\/p>\n<p>&nbsp;<\/p>","protected":false},"excerpt":{"rendered":"<p>Comen\u00e7a el 2025 amb teatre! Els teatres del districte creatiu al\u00e7en el tel\u00f3 del nou any amb\u00a0 una programaci\u00f3 molt&#8230; <a href=\"https:\/\/poblenouurbandistrict.com\/ca\/programacio-teatres\/\">M\u00e9s  \u2192<\/a><\/p>\n","protected":false},"author":5,"featured_media":48914,"comment_status":"closed","ping_status":"closed","sticky":false,"template":"","format":"standard","meta":{"_acf_changed":false,"footnotes":""},"categories":[3560],"tags":[],"class_list":["post-48852","post","type-post","status-publish","format-standard","has-post-thumbnail","hentry","category-teatre"],"acf":[],"yoast_head":"<!-- This site is optimized with the Yoast SEO plugin v27.5 - https:\/\/yoast.com\/product\/yoast-seo-wordpress\/ -->\n<title>Comen\u00e7a el 2025 als teatres del Districte Creatiu &#8211; Poblenou Urban District<\/title>\n<meta name=\"robots\" content=\"index, follow, max-snippet:-1, max-image-preview:large, max-video-preview:-1\" \/>\n<link rel=\"canonical\" href=\"https:\/\/poblenouurbandistrict.com\/ca\/programacio-teatres\/\" \/>\n<meta property=\"og:locale\" content=\"ca_ES\" \/>\n<meta property=\"og:type\" content=\"article\" \/>\n<meta property=\"og:title\" content=\"Comen\u00e7a el 2025 als teatres del Districte Creatiu &#8211; Poblenou Urban District\" \/>\n<meta property=\"og:description\" content=\"Comen\u00e7a el 2025 amb teatre! Els teatres del districte creatiu al\u00e7en el tel\u00f3 del nou any amb\u00a0 una programaci\u00f3 molt... M\u00e9s \u2192\" \/>\n<meta property=\"og:url\" content=\"https:\/\/poblenouurbandistrict.com\/ca\/programacio-teatres\/\" \/>\n<meta property=\"og:site_name\" content=\"Poblenou Urban District\" \/>\n<meta property=\"article:published_time\" content=\"2025-01-08T10:10:32+00:00\" \/>\n<meta property=\"article:modified_time\" content=\"2025-01-10T17:19:40+00:00\" \/>\n<meta property=\"og:image\" content=\"https:\/\/poblenouurbandistrict.com\/wp-content\/uploads\/2025\/01\/cacophony-7-scaled-1.jpg\" \/>\n\t<meta property=\"og:image:width\" content=\"2560\" \/>\n\t<meta property=\"og:image:height\" content=\"1708\" \/>\n\t<meta property=\"og:image:type\" content=\"image\/jpeg\" \/>\n<meta name=\"author\" content=\"pnud\" \/>\n<meta name=\"twitter:card\" content=\"summary_large_image\" \/>\n<meta name=\"twitter:label1\" content=\"Escrit per\" \/>\n\t<meta name=\"twitter:data1\" content=\"pnud\" \/>\n\t<meta name=\"twitter:label2\" content=\"Temps estimat de lectura\" \/>\n\t<meta name=\"twitter:data2\" content=\"4 minuts\" \/>\n<script type=\"application\/ld+json\" class=\"yoast-schema-graph\">{\"@context\":\"https:\\\/\\\/schema.org\",\"@graph\":[{\"@type\":\"Article\",\"@id\":\"https:\\\/\\\/poblenouurbandistrict.com\\\/programacio-teatres\\\/#article\",\"isPartOf\":{\"@id\":\"https:\\\/\\\/poblenouurbandistrict.com\\\/programacio-teatres\\\/\"},\"author\":{\"name\":\"pnud\",\"@id\":\"https:\\\/\\\/poblenouurbandistrict.com\\\/#\\\/schema\\\/person\\\/980a2cf34b399d5218205730acd54a7e\"},\"headline\":\"Comen\u00e7a el 2025 als teatres del Districte Creatiu\",\"datePublished\":\"2025-01-08T10:10:32+00:00\",\"dateModified\":\"2025-01-10T17:19:40+00:00\",\"mainEntityOfPage\":{\"@id\":\"https:\\\/\\\/poblenouurbandistrict.com\\\/programacio-teatres\\\/\"},\"wordCount\":1487,\"image\":{\"@id\":\"https:\\\/\\\/poblenouurbandistrict.com\\\/programacio-teatres\\\/#primaryimage\"},\"thumbnailUrl\":\"https:\\\/\\\/media.poblenouurbandistrict.com\\\/2025\\\/01\\\/25082559\\\/cacophony-7-scaled-1.jpg\",\"articleSection\":[\"Teatre\"],\"inLanguage\":\"ca\"},{\"@type\":\"WebPage\",\"@id\":\"https:\\\/\\\/poblenouurbandistrict.com\\\/ca\\\/programacio-teatres\\\/\",\"url\":\"https:\\\/\\\/poblenouurbandistrict.com\\\/ca\\\/programacio-teatres\\\/\",\"name\":\"Comen\u00e7a el 2025 als teatres del Districte Creatiu &#8211; Poblenou Urban District\",\"isPartOf\":{\"@id\":\"https:\\\/\\\/poblenouurbandistrict.com\\\/ca\\\/#website\"},\"primaryImageOfPage\":{\"@id\":\"https:\\\/\\\/poblenouurbandistrict.com\\\/ca\\\/programacio-teatres\\\/#primaryimage\"},\"image\":{\"@id\":\"https:\\\/\\\/poblenouurbandistrict.com\\\/programacio-teatres\\\/#primaryimage\"},\"thumbnailUrl\":\"https:\\\/\\\/media.poblenouurbandistrict.com\\\/2025\\\/01\\\/25082559\\\/cacophony-7-scaled-1.jpg\",\"datePublished\":\"2025-01-08T10:10:32+00:00\",\"dateModified\":\"2025-01-10T17:19:40+00:00\",\"author\":{\"@id\":\"https:\\\/\\\/poblenouurbandistrict.com\\\/#\\\/schema\\\/person\\\/980a2cf34b399d5218205730acd54a7e\"},\"breadcrumb\":{\"@id\":\"https:\\\/\\\/poblenouurbandistrict.com\\\/ca\\\/programacio-teatres\\\/#breadcrumb\"},\"inLanguage\":\"ca\",\"potentialAction\":[{\"@type\":\"ReadAction\",\"target\":[[\"https:\\\/\\\/poblenouurbandistrict.com\\\/ca\\\/programacio-teatres\\\/\"]]}]},{\"@type\":\"ImageObject\",\"inLanguage\":\"ca\",\"@id\":\"https:\\\/\\\/poblenouurbandistrict.com\\\/ca\\\/programacio-teatres\\\/#primaryimage\",\"url\":\"https:\\\/\\\/media.poblenouurbandistrict.com\\\/2025\\\/01\\\/25082559\\\/cacophony-7-scaled-1.jpg\",\"contentUrl\":\"https:\\\/\\\/media.poblenouurbandistrict.com\\\/2025\\\/01\\\/25082559\\\/cacophony-7-scaled-1.jpg\",\"width\":2560,\"height\":1708},{\"@type\":\"BreadcrumbList\",\"@id\":\"https:\\\/\\\/poblenouurbandistrict.com\\\/ca\\\/programacio-teatres\\\/#breadcrumb\",\"itemListElement\":[{\"@type\":\"ListItem\",\"position\":1,\"name\":\"Home\",\"item\":\"https:\\\/\\\/poblenouurbandistrict.com\\\/ca\\\/\"},{\"@type\":\"ListItem\",\"position\":2,\"name\":\"Comen\u00e7a el 2025 als teatres del Districte Creatiu\"}]},{\"@type\":\"WebSite\",\"@id\":\"https:\\\/\\\/poblenouurbandistrict.com\\\/ca\\\/#website\",\"url\":\"https:\\\/\\\/poblenouurbandistrict.com\\\/ca\\\/\",\"name\":\"Poblenou Urban District\",\"description\":\"Comunitat Creativa\",\"potentialAction\":[{\"@type\":\"SearchAction\",\"target\":{\"@type\":\"EntryPoint\",\"urlTemplate\":\"https:\\\/\\\/poblenouurbandistrict.com\\\/ca\\\/?s={search_term_string}\"},\"query-input\":{\"@type\":\"PropertyValueSpecification\",\"valueRequired\":true,\"valueName\":\"search_term_string\"}}],\"inLanguage\":\"ca\"},{\"@type\":\"Person\",\"@id\":\"https:\\\/\\\/poblenouurbandistrict.com\\\/#\\\/schema\\\/person\\\/980a2cf34b399d5218205730acd54a7e\",\"name\":\"pnud\",\"image\":{\"@type\":\"ImageObject\",\"inLanguage\":\"ca\",\"@id\":\"https:\\\/\\\/secure.gravatar.com\\\/avatar\\\/67146597b405ee077a24e519f75c3e2031736596d6ce35af3a34c122c93d0d7b?s=96&d=retro&r=g\",\"url\":\"https:\\\/\\\/secure.gravatar.com\\\/avatar\\\/67146597b405ee077a24e519f75c3e2031736596d6ce35af3a34c122c93d0d7b?s=96&d=retro&r=g\",\"contentUrl\":\"https:\\\/\\\/secure.gravatar.com\\\/avatar\\\/67146597b405ee077a24e519f75c3e2031736596d6ce35af3a34c122c93d0d7b?s=96&d=retro&r=g\",\"caption\":\"pnud\"}}]}<\/script>\n<!-- \/ Yoast SEO plugin. -->","yoast_head_json":{"title":"Comen\u00e7a el 2025 als teatres del Districte Creatiu &#8211; Poblenou Urban District","robots":{"index":"index","follow":"follow","max-snippet":"max-snippet:-1","max-image-preview":"max-image-preview:large","max-video-preview":"max-video-preview:-1"},"canonical":"https:\/\/poblenouurbandistrict.com\/ca\/programacio-teatres\/","og_locale":"ca_ES","og_type":"article","og_title":"Comen\u00e7a el 2025 als teatres del Districte Creatiu &#8211; Poblenou Urban District","og_description":"Comen\u00e7a el 2025 amb teatre! Els teatres del districte creatiu al\u00e7en el tel\u00f3 del nou any amb\u00a0 una programaci\u00f3 molt... M\u00e9s \u2192","og_url":"https:\/\/poblenouurbandistrict.com\/ca\/programacio-teatres\/","og_site_name":"Poblenou Urban District","article_published_time":"2025-01-08T10:10:32+00:00","article_modified_time":"2025-01-10T17:19:40+00:00","og_image":[{"width":2560,"height":1708,"url":"https:\/\/poblenouurbandistrict.com\/wp-content\/uploads\/2025\/01\/cacophony-7-scaled-1.jpg","type":"image\/jpeg"}],"author":"pnud","twitter_card":"summary_large_image","twitter_misc":{"Escrit per":"pnud","Temps estimat de lectura":"4 minuts"},"schema":{"@context":"https:\/\/schema.org","@graph":[{"@type":"Article","@id":"https:\/\/poblenouurbandistrict.com\/programacio-teatres\/#article","isPartOf":{"@id":"https:\/\/poblenouurbandistrict.com\/programacio-teatres\/"},"author":{"name":"pnud","@id":"https:\/\/poblenouurbandistrict.com\/#\/schema\/person\/980a2cf34b399d5218205730acd54a7e"},"headline":"Comen\u00e7a el 2025 als teatres del Districte Creatiu","datePublished":"2025-01-08T10:10:32+00:00","dateModified":"2025-01-10T17:19:40+00:00","mainEntityOfPage":{"@id":"https:\/\/poblenouurbandistrict.com\/programacio-teatres\/"},"wordCount":1487,"image":{"@id":"https:\/\/poblenouurbandistrict.com\/programacio-teatres\/#primaryimage"},"thumbnailUrl":"https:\/\/media.poblenouurbandistrict.com\/2025\/01\/25082559\/cacophony-7-scaled-1.jpg","articleSection":["Teatre"],"inLanguage":"ca"},{"@type":"WebPage","@id":"https:\/\/poblenouurbandistrict.com\/ca\/programacio-teatres\/","url":"https:\/\/poblenouurbandistrict.com\/ca\/programacio-teatres\/","name":"Comen\u00e7a el 2025 als teatres del Districte Creatiu &#8211; Poblenou Urban District","isPartOf":{"@id":"https:\/\/poblenouurbandistrict.com\/ca\/#website"},"primaryImageOfPage":{"@id":"https:\/\/poblenouurbandistrict.com\/ca\/programacio-teatres\/#primaryimage"},"image":{"@id":"https:\/\/poblenouurbandistrict.com\/programacio-teatres\/#primaryimage"},"thumbnailUrl":"https:\/\/media.poblenouurbandistrict.com\/2025\/01\/25082559\/cacophony-7-scaled-1.jpg","datePublished":"2025-01-08T10:10:32+00:00","dateModified":"2025-01-10T17:19:40+00:00","author":{"@id":"https:\/\/poblenouurbandistrict.com\/#\/schema\/person\/980a2cf34b399d5218205730acd54a7e"},"breadcrumb":{"@id":"https:\/\/poblenouurbandistrict.com\/ca\/programacio-teatres\/#breadcrumb"},"inLanguage":"ca","potentialAction":[{"@type":"ReadAction","target":[["https:\/\/poblenouurbandistrict.com\/ca\/programacio-teatres\/"]]}]},{"@type":"ImageObject","inLanguage":"ca","@id":"https:\/\/poblenouurbandistrict.com\/ca\/programacio-teatres\/#primaryimage","url":"https:\/\/media.poblenouurbandistrict.com\/2025\/01\/25082559\/cacophony-7-scaled-1.jpg","contentUrl":"https:\/\/media.poblenouurbandistrict.com\/2025\/01\/25082559\/cacophony-7-scaled-1.jpg","width":2560,"height":1708},{"@type":"BreadcrumbList","@id":"https:\/\/poblenouurbandistrict.com\/ca\/programacio-teatres\/#breadcrumb","itemListElement":[{"@type":"ListItem","position":1,"name":"Home","item":"https:\/\/poblenouurbandistrict.com\/ca\/"},{"@type":"ListItem","position":2,"name":"Comen\u00e7a el 2025 als teatres del Districte Creatiu"}]},{"@type":"WebSite","@id":"https:\/\/poblenouurbandistrict.com\/ca\/#website","url":"https:\/\/poblenouurbandistrict.com\/ca\/","name":"Poblenou Urban District","description":"Comunitat Creativa","potentialAction":[{"@type":"SearchAction","target":{"@type":"EntryPoint","urlTemplate":"https:\/\/poblenouurbandistrict.com\/ca\/?s={search_term_string}"},"query-input":{"@type":"PropertyValueSpecification","valueRequired":true,"valueName":"search_term_string"}}],"inLanguage":"ca"},{"@type":"Person","@id":"https:\/\/poblenouurbandistrict.com\/#\/schema\/person\/980a2cf34b399d5218205730acd54a7e","name":"pnud","image":{"@type":"ImageObject","inLanguage":"ca","@id":"https:\/\/secure.gravatar.com\/avatar\/67146597b405ee077a24e519f75c3e2031736596d6ce35af3a34c122c93d0d7b?s=96&d=retro&r=g","url":"https:\/\/secure.gravatar.com\/avatar\/67146597b405ee077a24e519f75c3e2031736596d6ce35af3a34c122c93d0d7b?s=96&d=retro&r=g","contentUrl":"https:\/\/secure.gravatar.com\/avatar\/67146597b405ee077a24e519f75c3e2031736596d6ce35af3a34c122c93d0d7b?s=96&d=retro&r=g","caption":"pnud"}}]}},"_links":{"self":[{"href":"https:\/\/poblenouurbandistrict.com\/ca\/wp-json\/wp\/v2\/posts\/48852","targetHints":{"allow":["GET"]}}],"collection":[{"href":"https:\/\/poblenouurbandistrict.com\/ca\/wp-json\/wp\/v2\/posts"}],"about":[{"href":"https:\/\/poblenouurbandistrict.com\/ca\/wp-json\/wp\/v2\/types\/post"}],"author":[{"embeddable":true,"href":"https:\/\/poblenouurbandistrict.com\/ca\/wp-json\/wp\/v2\/users\/5"}],"replies":[{"embeddable":true,"href":"https:\/\/poblenouurbandistrict.com\/ca\/wp-json\/wp\/v2\/comments?post=48852"}],"version-history":[{"count":8,"href":"https:\/\/poblenouurbandistrict.com\/ca\/wp-json\/wp\/v2\/posts\/48852\/revisions"}],"predecessor-version":[{"id":48953,"href":"https:\/\/poblenouurbandistrict.com\/ca\/wp-json\/wp\/v2\/posts\/48852\/revisions\/48953"}],"wp:featuredmedia":[{"embeddable":true,"href":"https:\/\/poblenouurbandistrict.com\/ca\/wp-json\/wp\/v2\/media\/48914"}],"wp:attachment":[{"href":"https:\/\/poblenouurbandistrict.com\/ca\/wp-json\/wp\/v2\/media?parent=48852"}],"wp:term":[{"taxonomy":"category","embeddable":true,"href":"https:\/\/poblenouurbandistrict.com\/ca\/wp-json\/wp\/v2\/categories?post=48852"},{"taxonomy":"post_tag","embeddable":true,"href":"https:\/\/poblenouurbandistrict.com\/ca\/wp-json\/wp\/v2\/tags?post=48852"}],"curies":[{"name":"wp","href":"https:\/\/api.w.org\/{rel}","templated":true}]}}