{"id":48945,"date":"2025-01-09T18:04:42","date_gmt":"2025-01-09T17:04:42","guid":{"rendered":"https:\/\/poblenouurbandistrict.com\/?p=48945"},"modified":"2025-01-09T18:10:44","modified_gmt":"2025-01-09T17:10:44","slug":"razzmatazz-celebra-25-anys-connectant-musica-i-ciutat","status":"publish","type":"post","link":"https:\/\/poblenouurbandistrict.com\/ca\/razzmatazz-celebra-25-anys-connectant-musica-i-ciutat\/","title":{"rendered":"Razzmatazz celebra 25 anys connectant m\u00fasica i ciutat"},"content":{"rendered":"<p><span style=\"color: #000000;\">Un dijous 14 de desembre del 2000, Razzmatazz\u00a0obria les seves portes a Barcelona amb l&#8217;actuaci\u00f3 de la banda anglesa The FlamingLips. 25 anys despr\u00e9s, Razzmatazz continua mantenint intacta la il\u00b7lusi\u00f3 del primer dia i la mateixa energia per a continuar dinamitzant la ciutat des d&#8217;una perspectiva cultural i social.<\/span><\/p>\n<p><span style=\"color: #000000;\">Per a aquesta festa tan especial han preparat una s\u00e8rie de sorpreses i accions: &#8220;<em>Cada mes de l&#8217;any celebrarem la festa del directe conjuntament amb artistes i promotors estretament lligats a la sala o que han estat clau, o ho seran,\u00a0en la construcci\u00f3 de la nostra identitat. A m\u00e9s, oferirem una s\u00e8rie de xerrades o panels amb alguns dels principals actors culturals de Barcelona, amb especial \u00e8mfasi en els referents del sector musical. La festa arrenca amb els dos esperats concerts consecutius de Love of Lesbian, els pr\u00f2xims 10 i 11 de gener<\/em>&#8220;<\/span><\/p>\n<p><span style=\"color: #000000;\">Enguany, a m\u00e9s, llan\u00e7aran un nou projecte: un\u00a0hub creatiu\u00a0que es convertir\u00e0 en un punt de trobada per a artistes, DJs i creadors culturals, amb l&#8217;objectiu de generar continguts exclusius que reflecteixin la diversitat musical de Razzmatazz. Aquest espai funcionar\u00e0 com un estudi de creaci\u00f3 que donar\u00e0 forma a diversos continguts en diferents formats audiovisuals, dins d&#8217;una graella de programaci\u00f3 mensual.<\/span><\/p>\n<p>No et perdis tota la informaci\u00f3 aqu\u00ed:<\/p>\n<blockquote class=\"instagram-media\" style=\"background: #FFF; border: 0; border-radius: 3px; box-shadow: 0 0 1px 0 rgba(0,0,0,0.5),0 1px 10px 0 rgba(0,0,0,0.15); margin: 1px; max-width: 540px; min-width: 326px; padding: 0; width: calc(100% - 2px);\" data-instgrm-captioned=\"\" data-instgrm-permalink=\"https:\/\/www.instagram.com\/reel\/DEm-KzcqOZU\/?utm_source=ig_embed&amp;utm_campaign=loading\" data-instgrm-version=\"14\">\n<div style=\"padding: 16px;\">\n<p>&nbsp;<\/p>\n<div style=\"display: flex; flex-direction: row; align-items: center;\">\n<div style=\"background-color: #f4f4f4; border-radius: 50%; flex-grow: 0; height: 40px; margin-right: 14px; width: 40px;\"><\/div>\n<div style=\"display: flex; flex-direction: column; flex-grow: 1; justify-content: center;\">\n<div style=\"background-color: #f4f4f4; border-radius: 4px; flex-grow: 0; height: 14px; margin-bottom: 6px; width: 100px;\"><\/div>\n<div style=\"background-color: #f4f4f4; border-radius: 4px; flex-grow: 0; height: 14px; width: 60px;\"><\/div>\n<\/div>\n<\/div>\n<div style=\"padding: 19% 0;\"><\/div>\n<div style=\"display: block; height: 50px; margin: 0 auto 12px; width: 50px;\"><\/div>\n<div style=\"padding-top: 8px;\">\n<div style=\"color: #3897f0; font-family: Arial,sans-serif; font-size: 14px; font-style: normal; font-weight: 550; line-height: 18px;\">Ver esta publicaci\u00f3n en Instagram<\/div>\n<\/div>\n<div style=\"padding: 12.5% 0;\"><\/div>\n<div style=\"display: flex; flex-direction: row; margin-bottom: 14px; align-items: center;\">\n<div>\n<div style=\"background-color: #f4f4f4; border-radius: 50%; height: 12.5px; width: 12.5px; transform: translateX(0px) translateY(7px);\"><\/div>\n<div style=\"background-color: #f4f4f4; height: 12.5px; transform: rotate(-45deg) translateX(3px) translateY(1px); width: 12.5px; flex-grow: 0; margin-right: 14px; margin-left: 2px;\"><\/div>\n<div style=\"background-color: #f4f4f4; border-radius: 50%; height: 12.5px; width: 12.5px; transform: translateX(9px) translateY(-18px);\"><\/div>\n<\/div>\n<div style=\"margin-left: 8px;\">\n<div style=\"background-color: #f4f4f4; border-radius: 50%; flex-grow: 0; height: 20px; width: 20px;\"><\/div>\n<div style=\"width: 0; height: 0; border-top: 2px solid transparent; border-left: 6px solid #f4f4f4; border-bottom: 2px solid transparent; transform: translateX(16px) translateY(-4px) rotate(30deg);\"><\/div>\n<\/div>\n<div style=\"margin-left: auto;\">\n<div style=\"width: 0px; border-top: 8px solid #F4F4F4; border-right: 8px solid transparent; transform: translateY(16px);\"><\/div>\n<div style=\"background-color: #f4f4f4; flex-grow: 0; height: 12px; width: 16px; transform: translateY(-4px);\"><\/div>\n<div style=\"width: 0; height: 0; border-top: 8px solid #F4F4F4; border-left: 8px solid transparent; transform: translateY(-4px) translateX(8px);\"><\/div>\n<\/div>\n<\/div>\n<div style=\"display: flex; flex-direction: column; flex-grow: 1; justify-content: center; margin-bottom: 24px;\">\n<div style=\"background-color: #f4f4f4; border-radius: 4px; flex-grow: 0; height: 14px; margin-bottom: 6px; width: 224px;\"><\/div>\n<div style=\"background-color: #f4f4f4; border-radius: 4px; flex-grow: 0; height: 14px; width: 144px;\"><\/div>\n<\/div>\n<p>&nbsp;<\/p>\n<p style=\"color: #c9c8cd; font-family: Arial,sans-serif; font-size: 14px; line-height: 17px; margin-bottom: 0; margin-top: 8px; overflow: hidden; padding: 8px 0 7px; text-align: center; text-overflow: ellipsis; white-space: nowrap;\"><a style=\"color: #c9c8cd; font-family: Arial,sans-serif; font-size: 14px; font-style: normal; font-weight: normal; line-height: 17px; text-decoration: none;\" href=\"https:\/\/www.instagram.com\/reel\/DEm-KzcqOZU\/?utm_source=ig_embed&amp;utm_campaign=loading\" target=\"_blank\" rel=\"noopener\">Una publicaci\u00f3n compartida de Razzmatazz Clubs (@razzmatazzclubs)<\/a><\/p>\n<\/div>\n<\/blockquote>\n<p><script src=\"\/\/www.instagram.com\/embed.js\" async=\"\"><\/script><\/p>","protected":false},"excerpt":{"rendered":"<p>Un dijous 14 de desembre del 2000, Razzmatazz\u00a0obria les seves portes a Barcelona amb l&#8217;actuaci\u00f3 de la banda anglesa The&#8230; <a href=\"https:\/\/poblenouurbandistrict.com\/ca\/razzmatazz-celebra-25-anys-connectant-musica-i-ciutat\/\">M\u00e9s  \u2192<\/a><\/p>\n","protected":false},"author":5,"featured_media":47036,"comment_status":"closed","ping_status":"closed","sticky":false,"template":"","format":"standard","meta":{"_acf_changed":false,"footnotes":""},"categories":[3348],"tags":[],"class_list":["post-48945","post","type-post","status-publish","format-standard","has-post-thumbnail","hentry","category-musica"],"acf":[],"yoast_head":"<!-- This site is optimized with the Yoast SEO plugin v27.5 - https:\/\/yoast.com\/product\/yoast-seo-wordpress\/ -->\n<title>Razzmatazz celebra 25 anys connectant m\u00fasica i ciutat &#8211; Poblenou Urban District<\/title>\n<meta name=\"robots\" content=\"index, follow, max-snippet:-1, max-image-preview:large, max-video-preview:-1\" \/>\n<link rel=\"canonical\" href=\"https:\/\/poblenouurbandistrict.com\/ca\/razzmatazz-celebra-25-anys-connectant-musica-i-ciutat\/\" \/>\n<meta property=\"og:locale\" content=\"ca_ES\" \/>\n<meta property=\"og:type\" content=\"article\" \/>\n<meta property=\"og:title\" content=\"Razzmatazz celebra 25 anys connectant m\u00fasica i ciutat &#8211; Poblenou Urban District\" \/>\n<meta property=\"og:description\" content=\"Un dijous 14 de desembre del 2000, Razzmatazz\u00a0obria les seves portes a Barcelona amb l&#8217;actuaci\u00f3 de la banda anglesa The... M\u00e9s \u2192\" \/>\n<meta property=\"og:url\" content=\"https:\/\/poblenouurbandistrict.com\/ca\/razzmatazz-celebra-25-anys-connectant-musica-i-ciutat\/\" \/>\n<meta property=\"og:site_name\" content=\"Poblenou Urban District\" \/>\n<meta property=\"article:published_time\" content=\"2025-01-09T17:04:42+00:00\" \/>\n<meta property=\"article:modified_time\" content=\"2025-01-09T17:10:44+00:00\" \/>\n<meta property=\"og:image\" content=\"https:\/\/poblenouurbandistrict.com\/wp-content\/uploads\/2024\/09\/razzmatazz.jpg\" \/>\n\t<meta property=\"og:image:width\" content=\"1677\" \/>\n\t<meta property=\"og:image:height\" content=\"1085\" \/>\n\t<meta property=\"og:image:type\" content=\"image\/jpeg\" \/>\n<meta name=\"author\" content=\"pnud\" \/>\n<meta name=\"twitter:card\" content=\"summary_large_image\" \/>\n<meta name=\"twitter:label1\" content=\"Escrit per\" \/>\n\t<meta name=\"twitter:data1\" content=\"pnud\" \/>\n\t<meta name=\"twitter:label2\" content=\"Temps estimat de lectura\" \/>\n\t<meta name=\"twitter:data2\" content=\"2 minuts\" \/>\n<script type=\"application\/ld+json\" class=\"yoast-schema-graph\">{\"@context\":\"https:\\\/\\\/schema.org\",\"@graph\":[{\"@type\":\"Article\",\"@id\":\"https:\\\/\\\/poblenouurbandistrict.com\\\/razzmatazz-celebra-25-anys-connectant-musica-i-ciutat\\\/#article\",\"isPartOf\":{\"@id\":\"https:\\\/\\\/poblenouurbandistrict.com\\\/razzmatazz-celebra-25-anys-connectant-musica-i-ciutat\\\/\"},\"author\":{\"name\":\"pnud\",\"@id\":\"https:\\\/\\\/poblenouurbandistrict.com\\\/#\\\/schema\\\/person\\\/980a2cf34b399d5218205730acd54a7e\"},\"headline\":\"Razzmatazz celebra 25 anys connectant m\u00fasica i ciutat\",\"datePublished\":\"2025-01-09T17:04:42+00:00\",\"dateModified\":\"2025-01-09T17:10:44+00:00\",\"mainEntityOfPage\":{\"@id\":\"https:\\\/\\\/poblenouurbandistrict.com\\\/razzmatazz-celebra-25-anys-connectant-musica-i-ciutat\\\/\"},\"wordCount\":499,\"image\":{\"@id\":\"https:\\\/\\\/poblenouurbandistrict.com\\\/razzmatazz-celebra-25-anys-connectant-musica-i-ciutat\\\/#primaryimage\"},\"thumbnailUrl\":\"https:\\\/\\\/media.poblenouurbandistrict.com\\\/2024\\\/09\\\/25075447\\\/razzmatazz.jpg\",\"articleSection\":[\"M\u00fasica\"],\"inLanguage\":\"ca\"},{\"@type\":\"WebPage\",\"@id\":\"https:\\\/\\\/poblenouurbandistrict.com\\\/ca\\\/razzmatazz-celebra-25-anys-connectant-musica-i-ciutat\\\/\",\"url\":\"https:\\\/\\\/poblenouurbandistrict.com\\\/ca\\\/razzmatazz-celebra-25-anys-connectant-musica-i-ciutat\\\/\",\"name\":\"Razzmatazz celebra 25 anys connectant m\u00fasica i ciutat &#8211; Poblenou Urban District\",\"isPartOf\":{\"@id\":\"https:\\\/\\\/poblenouurbandistrict.com\\\/ca\\\/#website\"},\"primaryImageOfPage\":{\"@id\":\"https:\\\/\\\/poblenouurbandistrict.com\\\/ca\\\/razzmatazz-celebra-25-anys-connectant-musica-i-ciutat\\\/#primaryimage\"},\"image\":{\"@id\":\"https:\\\/\\\/poblenouurbandistrict.com\\\/razzmatazz-celebra-25-anys-connectant-musica-i-ciutat\\\/#primaryimage\"},\"thumbnailUrl\":\"https:\\\/\\\/media.poblenouurbandistrict.com\\\/2024\\\/09\\\/25075447\\\/razzmatazz.jpg\",\"datePublished\":\"2025-01-09T17:04:42+00:00\",\"dateModified\":\"2025-01-09T17:10:44+00:00\",\"author\":{\"@id\":\"https:\\\/\\\/poblenouurbandistrict.com\\\/#\\\/schema\\\/person\\\/980a2cf34b399d5218205730acd54a7e\"},\"breadcrumb\":{\"@id\":\"https:\\\/\\\/poblenouurbandistrict.com\\\/ca\\\/razzmatazz-celebra-25-anys-connectant-musica-i-ciutat\\\/#breadcrumb\"},\"inLanguage\":\"ca\",\"potentialAction\":[{\"@type\":\"ReadAction\",\"target\":[[\"https:\\\/\\\/poblenouurbandistrict.com\\\/ca\\\/razzmatazz-celebra-25-anys-connectant-musica-i-ciutat\\\/\"]]}]},{\"@type\":\"ImageObject\",\"inLanguage\":\"ca\",\"@id\":\"https:\\\/\\\/poblenouurbandistrict.com\\\/ca\\\/razzmatazz-celebra-25-anys-connectant-musica-i-ciutat\\\/#primaryimage\",\"url\":\"https:\\\/\\\/media.poblenouurbandistrict.com\\\/2024\\\/09\\\/25075447\\\/razzmatazz.jpg\",\"contentUrl\":\"https:\\\/\\\/media.poblenouurbandistrict.com\\\/2024\\\/09\\\/25075447\\\/razzmatazz.jpg\",\"width\":1677,\"height\":1085},{\"@type\":\"BreadcrumbList\",\"@id\":\"https:\\\/\\\/poblenouurbandistrict.com\\\/ca\\\/razzmatazz-celebra-25-anys-connectant-musica-i-ciutat\\\/#breadcrumb\",\"itemListElement\":[{\"@type\":\"ListItem\",\"position\":1,\"name\":\"Home\",\"item\":\"https:\\\/\\\/poblenouurbandistrict.com\\\/ca\\\/\"},{\"@type\":\"ListItem\",\"position\":2,\"name\":\"Razzmatazz celebra 25 anys connectant m\u00fasica i ciutat\"}]},{\"@type\":\"WebSite\",\"@id\":\"https:\\\/\\\/poblenouurbandistrict.com\\\/ca\\\/#website\",\"url\":\"https:\\\/\\\/poblenouurbandistrict.com\\\/ca\\\/\",\"name\":\"Poblenou Urban District\",\"description\":\"Comunitat Creativa\",\"potentialAction\":[{\"@type\":\"SearchAction\",\"target\":{\"@type\":\"EntryPoint\",\"urlTemplate\":\"https:\\\/\\\/poblenouurbandistrict.com\\\/ca\\\/?s={search_term_string}\"},\"query-input\":{\"@type\":\"PropertyValueSpecification\",\"valueRequired\":true,\"valueName\":\"search_term_string\"}}],\"inLanguage\":\"ca\"},{\"@type\":\"Person\",\"@id\":\"https:\\\/\\\/poblenouurbandistrict.com\\\/#\\\/schema\\\/person\\\/980a2cf34b399d5218205730acd54a7e\",\"name\":\"pnud\",\"image\":{\"@type\":\"ImageObject\",\"inLanguage\":\"ca\",\"@id\":\"https:\\\/\\\/secure.gravatar.com\\\/avatar\\\/67146597b405ee077a24e519f75c3e2031736596d6ce35af3a34c122c93d0d7b?s=96&d=retro&r=g\",\"url\":\"https:\\\/\\\/secure.gravatar.com\\\/avatar\\\/67146597b405ee077a24e519f75c3e2031736596d6ce35af3a34c122c93d0d7b?s=96&d=retro&r=g\",\"contentUrl\":\"https:\\\/\\\/secure.gravatar.com\\\/avatar\\\/67146597b405ee077a24e519f75c3e2031736596d6ce35af3a34c122c93d0d7b?s=96&d=retro&r=g\",\"caption\":\"pnud\"}}]}<\/script>\n<!-- \/ Yoast SEO plugin. -->","yoast_head_json":{"title":"Razzmatazz celebra 25 anys connectant m\u00fasica i ciutat &#8211; Poblenou Urban District","robots":{"index":"index","follow":"follow","max-snippet":"max-snippet:-1","max-image-preview":"max-image-preview:large","max-video-preview":"max-video-preview:-1"},"canonical":"https:\/\/poblenouurbandistrict.com\/ca\/razzmatazz-celebra-25-anys-connectant-musica-i-ciutat\/","og_locale":"ca_ES","og_type":"article","og_title":"Razzmatazz celebra 25 anys connectant m\u00fasica i ciutat &#8211; Poblenou Urban District","og_description":"Un dijous 14 de desembre del 2000, Razzmatazz\u00a0obria les seves portes a Barcelona amb l&#8217;actuaci\u00f3 de la banda anglesa The... M\u00e9s \u2192","og_url":"https:\/\/poblenouurbandistrict.com\/ca\/razzmatazz-celebra-25-anys-connectant-musica-i-ciutat\/","og_site_name":"Poblenou Urban District","article_published_time":"2025-01-09T17:04:42+00:00","article_modified_time":"2025-01-09T17:10:44+00:00","og_image":[{"width":1677,"height":1085,"url":"https:\/\/poblenouurbandistrict.com\/wp-content\/uploads\/2024\/09\/razzmatazz.jpg","type":"image\/jpeg"}],"author":"pnud","twitter_card":"summary_large_image","twitter_misc":{"Escrit per":"pnud","Temps estimat de lectura":"2 minuts"},"schema":{"@context":"https:\/\/schema.org","@graph":[{"@type":"Article","@id":"https:\/\/poblenouurbandistrict.com\/razzmatazz-celebra-25-anys-connectant-musica-i-ciutat\/#article","isPartOf":{"@id":"https:\/\/poblenouurbandistrict.com\/razzmatazz-celebra-25-anys-connectant-musica-i-ciutat\/"},"author":{"name":"pnud","@id":"https:\/\/poblenouurbandistrict.com\/#\/schema\/person\/980a2cf34b399d5218205730acd54a7e"},"headline":"Razzmatazz celebra 25 anys connectant m\u00fasica i ciutat","datePublished":"2025-01-09T17:04:42+00:00","dateModified":"2025-01-09T17:10:44+00:00","mainEntityOfPage":{"@id":"https:\/\/poblenouurbandistrict.com\/razzmatazz-celebra-25-anys-connectant-musica-i-ciutat\/"},"wordCount":499,"image":{"@id":"https:\/\/poblenouurbandistrict.com\/razzmatazz-celebra-25-anys-connectant-musica-i-ciutat\/#primaryimage"},"thumbnailUrl":"https:\/\/media.poblenouurbandistrict.com\/2024\/09\/25075447\/razzmatazz.jpg","articleSection":["M\u00fasica"],"inLanguage":"ca"},{"@type":"WebPage","@id":"https:\/\/poblenouurbandistrict.com\/ca\/razzmatazz-celebra-25-anys-connectant-musica-i-ciutat\/","url":"https:\/\/poblenouurbandistrict.com\/ca\/razzmatazz-celebra-25-anys-connectant-musica-i-ciutat\/","name":"Razzmatazz celebra 25 anys connectant m\u00fasica i ciutat &#8211; Poblenou Urban District","isPartOf":{"@id":"https:\/\/poblenouurbandistrict.com\/ca\/#website"},"primaryImageOfPage":{"@id":"https:\/\/poblenouurbandistrict.com\/ca\/razzmatazz-celebra-25-anys-connectant-musica-i-ciutat\/#primaryimage"},"image":{"@id":"https:\/\/poblenouurbandistrict.com\/razzmatazz-celebra-25-anys-connectant-musica-i-ciutat\/#primaryimage"},"thumbnailUrl":"https:\/\/media.poblenouurbandistrict.com\/2024\/09\/25075447\/razzmatazz.jpg","datePublished":"2025-01-09T17:04:42+00:00","dateModified":"2025-01-09T17:10:44+00:00","author":{"@id":"https:\/\/poblenouurbandistrict.com\/#\/schema\/person\/980a2cf34b399d5218205730acd54a7e"},"breadcrumb":{"@id":"https:\/\/poblenouurbandistrict.com\/ca\/razzmatazz-celebra-25-anys-connectant-musica-i-ciutat\/#breadcrumb"},"inLanguage":"ca","potentialAction":[{"@type":"ReadAction","target":[["https:\/\/poblenouurbandistrict.com\/ca\/razzmatazz-celebra-25-anys-connectant-musica-i-ciutat\/"]]}]},{"@type":"ImageObject","inLanguage":"ca","@id":"https:\/\/poblenouurbandistrict.com\/ca\/razzmatazz-celebra-25-anys-connectant-musica-i-ciutat\/#primaryimage","url":"https:\/\/media.poblenouurbandistrict.com\/2024\/09\/25075447\/razzmatazz.jpg","contentUrl":"https:\/\/media.poblenouurbandistrict.com\/2024\/09\/25075447\/razzmatazz.jpg","width":1677,"height":1085},{"@type":"BreadcrumbList","@id":"https:\/\/poblenouurbandistrict.com\/ca\/razzmatazz-celebra-25-anys-connectant-musica-i-ciutat\/#breadcrumb","itemListElement":[{"@type":"ListItem","position":1,"name":"Home","item":"https:\/\/poblenouurbandistrict.com\/ca\/"},{"@type":"ListItem","position":2,"name":"Razzmatazz celebra 25 anys connectant m\u00fasica i ciutat"}]},{"@type":"WebSite","@id":"https:\/\/poblenouurbandistrict.com\/ca\/#website","url":"https:\/\/poblenouurbandistrict.com\/ca\/","name":"Poblenou Urban District","description":"Comunitat Creativa","potentialAction":[{"@type":"SearchAction","target":{"@type":"EntryPoint","urlTemplate":"https:\/\/poblenouurbandistrict.com\/ca\/?s={search_term_string}"},"query-input":{"@type":"PropertyValueSpecification","valueRequired":true,"valueName":"search_term_string"}}],"inLanguage":"ca"},{"@type":"Person","@id":"https:\/\/poblenouurbandistrict.com\/#\/schema\/person\/980a2cf34b399d5218205730acd54a7e","name":"pnud","image":{"@type":"ImageObject","inLanguage":"ca","@id":"https:\/\/secure.gravatar.com\/avatar\/67146597b405ee077a24e519f75c3e2031736596d6ce35af3a34c122c93d0d7b?s=96&d=retro&r=g","url":"https:\/\/secure.gravatar.com\/avatar\/67146597b405ee077a24e519f75c3e2031736596d6ce35af3a34c122c93d0d7b?s=96&d=retro&r=g","contentUrl":"https:\/\/secure.gravatar.com\/avatar\/67146597b405ee077a24e519f75c3e2031736596d6ce35af3a34c122c93d0d7b?s=96&d=retro&r=g","caption":"pnud"}}]}},"_links":{"self":[{"href":"https:\/\/poblenouurbandistrict.com\/ca\/wp-json\/wp\/v2\/posts\/48945","targetHints":{"allow":["GET"]}}],"collection":[{"href":"https:\/\/poblenouurbandistrict.com\/ca\/wp-json\/wp\/v2\/posts"}],"about":[{"href":"https:\/\/poblenouurbandistrict.com\/ca\/wp-json\/wp\/v2\/types\/post"}],"author":[{"embeddable":true,"href":"https:\/\/poblenouurbandistrict.com\/ca\/wp-json\/wp\/v2\/users\/5"}],"replies":[{"embeddable":true,"href":"https:\/\/poblenouurbandistrict.com\/ca\/wp-json\/wp\/v2\/comments?post=48945"}],"version-history":[{"count":2,"href":"https:\/\/poblenouurbandistrict.com\/ca\/wp-json\/wp\/v2\/posts\/48945\/revisions"}],"predecessor-version":[{"id":48951,"href":"https:\/\/poblenouurbandistrict.com\/ca\/wp-json\/wp\/v2\/posts\/48945\/revisions\/48951"}],"wp:featuredmedia":[{"embeddable":true,"href":"https:\/\/poblenouurbandistrict.com\/ca\/wp-json\/wp\/v2\/media\/47036"}],"wp:attachment":[{"href":"https:\/\/poblenouurbandistrict.com\/ca\/wp-json\/wp\/v2\/media?parent=48945"}],"wp:term":[{"taxonomy":"category","embeddable":true,"href":"https:\/\/poblenouurbandistrict.com\/ca\/wp-json\/wp\/v2\/categories?post=48945"},{"taxonomy":"post_tag","embeddable":true,"href":"https:\/\/poblenouurbandistrict.com\/ca\/wp-json\/wp\/v2\/tags?post=48945"}],"curies":[{"name":"wp","href":"https:\/\/api.w.org\/{rel}","templated":true}]}}