{"id":49092,"date":"2025-01-16T11:58:32","date_gmt":"2025-01-16T10:58:32","guid":{"rendered":"https:\/\/poblenouurbandistrict.com\/?p=49092"},"modified":"2025-01-20T19:34:36","modified_gmt":"2025-01-20T18:34:36","slug":"no-et-perdis-les-activitats-de-gener-a-can-framis","status":"publish","type":"post","link":"https:\/\/poblenouurbandistrict.com\/ca\/no-et-perdis-les-activitats-de-gener-a-can-framis\/","title":{"rendered":"No et perdis les activitats de gener a Can Framis"},"content":{"rendered":"<p><\/p>\n<p data-pm-slice=\"1 1 []\">Al <a href=\"https:\/\/www.fundaciovilacasas.com\/ca\/museu\/museu-can-framis-barcelona\" target=\"_blank\" rel=\"noopener noreferrer nofollow\"><strong>Museu Can Framis<\/strong><\/a> sempre hi ha alguna activitat en marxa. Aqu\u00ed teniu les activitats que han preparat per a aquest mes de gener.<\/p>\n<ul>\n<li><a href=\"https:\/\/www.fundaciovilacasas.com\/ca\/a\/jornada-i-de-formacio-per-a-professorat-secundaria-i-batxillerat\" target=\"_blank\" rel=\"noopener noreferrer nofollow\"><strong>Jornada I de Formaci\u00f3 per a Professorat: Secund\u00e0ria i Batxillerat<\/strong><\/a><\/li>\n<\/ul>\n<p><strong>18 de gener, de 10:00 a 14:00 h<\/strong><\/p>\n<p>Eines per integrar la pr\u00e0ctica art\u00edstica a la doc\u00e8ncia de manera transversal.<\/p>\n<p>Sensibilitzar i equipar el personal docent amb les eines necess\u00e0ries per integrar l&#8217;art a la seva doc\u00e8ncia, fomentant un ambient d&#8217;aprenentatge creatiu i enriquidor. Ser\u00e0 un espai per analitzar, debatre i explorar com els llenguatges art\u00edstics poden impulsar l&#8217;aprenentatge competencial i el creixement personal de l&#8217;alumnat.<\/p>\n<p>Aquesta jornada ser\u00e0 impartida per<strong>\u00a0#3Art<\/strong>\u00a0amb\u00a0el Toni Vila, el Dimas F\u00e0bregas i el Marco Fragoso.<\/p>\n<p>Informaci\u00f3 pr\u00e0ctica:<\/p>\n<p><strong>\u2022 P\u00fablic: Docents de Secund\u00e0ria i Batxillerat de totes les \u00e0rees<\/strong><br \/>\n<strong>\u2022 Data: 18 de gener, de 10:00 a 14:00 h<\/strong><br \/>\n<strong>\u2022 Lloc: Museu Can Framis<\/strong><br \/>\n<strong>\u2022 Durada: 4 hores<\/strong><\/p>\n<p>Per a poder participar en aquestes jornades,\u00a0<strong>\u00e9s imprescindible presentar el carnet de docent<\/strong>.<\/p>\n<p><a href=\"https:\/\/www.fundaciovilacasas.com\/ca\/a\/activitat-familiar-transportem-lart\" target=\"_blank\" rel=\"noopener noreferrer nofollow\"><strong>Imprescindible reserva pr\u00e8via.<\/strong><\/a><\/p>\n<hr \/>\n<ul>\n<li><a href=\"https:\/\/www.fundaciovilacasas.com\/ca\/a\/activitat-familiar-transportem-lart\" target=\"_blank\" rel=\"noopener noreferrer nofollow\"><strong>Activitat familiar: Transportem l&#8217;art!<\/strong><\/a><\/li>\n<\/ul>\n<p><strong>Dissabte 25 de gener, 11:30h<\/strong><\/p>\n<p>Un objecte d\u2019\u00fas quotidi\u00e0 s\u2019amaga en algunes obres del museu. Per descobrir-lo, les fam\u00edlies hauran de deixar-se emportar ppelcolor, les formes i les textures de les obres i visitar llocs insospitats. Despr\u00e9s del recorregut guiat per l\u2019exposici\u00f3 permanent, adults i infants posaran en pr\u00e0ctica els seus descobriments tot creant la seva pr\u00f2pia obra.<\/p>\n<p><a href=\"https:\/\/www.fundaciovilacasas.com\/ca\/a\/activitat-familiar-transportem-lart\" target=\"_blank\" rel=\"noopener noreferrer nofollow\"><strong>Reserva la teva pla\u00e7a.<\/strong><\/a><\/p>\n<p>&nbsp;<\/p>","protected":false},"excerpt":{"rendered":"<p>Al Museu Can Framis sempre hi ha alguna activitat en marxa. Aqu\u00ed teniu les activitats que han preparat per a&#8230; <a href=\"https:\/\/poblenouurbandistrict.com\/ca\/no-et-perdis-les-activitats-de-gener-a-can-framis\/\">M\u00e9s  \u2192<\/a><\/p>\n","protected":false},"author":5,"featured_media":49097,"comment_status":"closed","ping_status":"closed","sticky":false,"template":"","format":"standard","meta":{"_acf_changed":false,"footnotes":""},"categories":[3342],"tags":[],"class_list":["post-49092","post","type-post","status-publish","format-standard","has-post-thumbnail","hentry","category-art"],"acf":[],"yoast_head":"<!-- This site is optimized with the Yoast SEO plugin v27.5 - https:\/\/yoast.com\/product\/yoast-seo-wordpress\/ -->\n<title>No et perdis les activitats de gener a Can Framis &#8211; Poblenou Urban District<\/title>\n<meta name=\"robots\" content=\"index, follow, max-snippet:-1, max-image-preview:large, max-video-preview:-1\" \/>\n<link rel=\"canonical\" href=\"https:\/\/poblenouurbandistrict.com\/ca\/no-et-perdis-les-activitats-de-gener-a-can-framis\/\" \/>\n<meta property=\"og:locale\" content=\"ca_ES\" \/>\n<meta property=\"og:type\" content=\"article\" \/>\n<meta property=\"og:title\" content=\"No et perdis les activitats de gener a Can Framis &#8211; Poblenou Urban District\" \/>\n<meta property=\"og:description\" content=\"Al Museu Can Framis sempre hi ha alguna activitat en marxa. Aqu\u00ed teniu les activitats que han preparat per a... M\u00e9s \u2192\" \/>\n<meta property=\"og:url\" content=\"https:\/\/poblenouurbandistrict.com\/ca\/no-et-perdis-les-activitats-de-gener-a-can-framis\/\" \/>\n<meta property=\"og:site_name\" content=\"Poblenou Urban District\" \/>\n<meta property=\"article:published_time\" content=\"2025-01-16T10:58:32+00:00\" \/>\n<meta property=\"article:modified_time\" content=\"2025-01-20T18:34:36+00:00\" \/>\n<meta property=\"og:image\" content=\"https:\/\/poblenouurbandistrict.com\/wp-content\/uploads\/2025\/01\/arde-oct-203.jpg\" \/>\n\t<meta property=\"og:image:width\" content=\"2560\" \/>\n\t<meta property=\"og:image:height\" content=\"1703\" \/>\n\t<meta property=\"og:image:type\" content=\"image\/jpeg\" \/>\n<meta name=\"author\" content=\"pnud\" \/>\n<meta name=\"twitter:card\" content=\"summary_large_image\" \/>\n<meta name=\"twitter:label1\" content=\"Escrit per\" \/>\n\t<meta name=\"twitter:data1\" content=\"pnud\" \/>\n\t<meta name=\"twitter:label2\" content=\"Temps estimat de lectura\" \/>\n\t<meta name=\"twitter:data2\" content=\"2 minuts\" \/>\n<script type=\"application\/ld+json\" class=\"yoast-schema-graph\">{\"@context\":\"https:\\\/\\\/schema.org\",\"@graph\":[{\"@type\":\"Article\",\"@id\":\"https:\\\/\\\/poblenouurbandistrict.com\\\/no-et-perdis-les-activitats-de-gener-a-can-framis\\\/#article\",\"isPartOf\":{\"@id\":\"https:\\\/\\\/poblenouurbandistrict.com\\\/no-et-perdis-les-activitats-de-gener-a-can-framis\\\/\"},\"author\":{\"name\":\"pnud\",\"@id\":\"https:\\\/\\\/poblenouurbandistrict.com\\\/#\\\/schema\\\/person\\\/980a2cf34b399d5218205730acd54a7e\"},\"headline\":\"No et perdis les activitats de gener a Can Framis\",\"datePublished\":\"2025-01-16T10:58:32+00:00\",\"dateModified\":\"2025-01-20T18:34:36+00:00\",\"mainEntityOfPage\":{\"@id\":\"https:\\\/\\\/poblenouurbandistrict.com\\\/no-et-perdis-les-activitats-de-gener-a-can-framis\\\/\"},\"wordCount\":718,\"image\":{\"@id\":\"https:\\\/\\\/poblenouurbandistrict.com\\\/no-et-perdis-les-activitats-de-gener-a-can-framis\\\/#primaryimage\"},\"thumbnailUrl\":\"https:\\\/\\\/media.poblenouurbandistrict.com\\\/2025\\\/01\\\/25083016\\\/arde-oct-203.jpg\",\"articleSection\":[\"Art\"],\"inLanguage\":\"ca\"},{\"@type\":\"WebPage\",\"@id\":\"https:\\\/\\\/poblenouurbandistrict.com\\\/ca\\\/no-et-perdis-les-activitats-de-gener-a-can-framis\\\/\",\"url\":\"https:\\\/\\\/poblenouurbandistrict.com\\\/ca\\\/no-et-perdis-les-activitats-de-gener-a-can-framis\\\/\",\"name\":\"No et perdis les activitats de gener a Can Framis &#8211; Poblenou Urban District\",\"isPartOf\":{\"@id\":\"https:\\\/\\\/poblenouurbandistrict.com\\\/ca\\\/#website\"},\"primaryImageOfPage\":{\"@id\":\"https:\\\/\\\/poblenouurbandistrict.com\\\/ca\\\/no-et-perdis-les-activitats-de-gener-a-can-framis\\\/#primaryimage\"},\"image\":{\"@id\":\"https:\\\/\\\/poblenouurbandistrict.com\\\/no-et-perdis-les-activitats-de-gener-a-can-framis\\\/#primaryimage\"},\"thumbnailUrl\":\"https:\\\/\\\/media.poblenouurbandistrict.com\\\/2025\\\/01\\\/25083016\\\/arde-oct-203.jpg\",\"datePublished\":\"2025-01-16T10:58:32+00:00\",\"dateModified\":\"2025-01-20T18:34:36+00:00\",\"author\":{\"@id\":\"https:\\\/\\\/poblenouurbandistrict.com\\\/#\\\/schema\\\/person\\\/980a2cf34b399d5218205730acd54a7e\"},\"breadcrumb\":{\"@id\":\"https:\\\/\\\/poblenouurbandistrict.com\\\/ca\\\/no-et-perdis-les-activitats-de-gener-a-can-framis\\\/#breadcrumb\"},\"inLanguage\":\"ca\",\"potentialAction\":[{\"@type\":\"ReadAction\",\"target\":[[\"https:\\\/\\\/poblenouurbandistrict.com\\\/ca\\\/no-et-perdis-les-activitats-de-gener-a-can-framis\\\/\"]]}]},{\"@type\":\"ImageObject\",\"inLanguage\":\"ca\",\"@id\":\"https:\\\/\\\/poblenouurbandistrict.com\\\/ca\\\/no-et-perdis-les-activitats-de-gener-a-can-framis\\\/#primaryimage\",\"url\":\"https:\\\/\\\/media.poblenouurbandistrict.com\\\/2025\\\/01\\\/25083016\\\/arde-oct-203.jpg\",\"contentUrl\":\"https:\\\/\\\/media.poblenouurbandistrict.com\\\/2025\\\/01\\\/25083016\\\/arde-oct-203.jpg\",\"width\":2560,\"height\":1703},{\"@type\":\"BreadcrumbList\",\"@id\":\"https:\\\/\\\/poblenouurbandistrict.com\\\/ca\\\/no-et-perdis-les-activitats-de-gener-a-can-framis\\\/#breadcrumb\",\"itemListElement\":[{\"@type\":\"ListItem\",\"position\":1,\"name\":\"Home\",\"item\":\"https:\\\/\\\/poblenouurbandistrict.com\\\/ca\\\/\"},{\"@type\":\"ListItem\",\"position\":2,\"name\":\"No et perdis les activitats de gener a Can Framis\"}]},{\"@type\":\"WebSite\",\"@id\":\"https:\\\/\\\/poblenouurbandistrict.com\\\/ca\\\/#website\",\"url\":\"https:\\\/\\\/poblenouurbandistrict.com\\\/ca\\\/\",\"name\":\"Poblenou Urban District\",\"description\":\"Comunitat Creativa\",\"potentialAction\":[{\"@type\":\"SearchAction\",\"target\":{\"@type\":\"EntryPoint\",\"urlTemplate\":\"https:\\\/\\\/poblenouurbandistrict.com\\\/ca\\\/?s={search_term_string}\"},\"query-input\":{\"@type\":\"PropertyValueSpecification\",\"valueRequired\":true,\"valueName\":\"search_term_string\"}}],\"inLanguage\":\"ca\"},{\"@type\":\"Person\",\"@id\":\"https:\\\/\\\/poblenouurbandistrict.com\\\/#\\\/schema\\\/person\\\/980a2cf34b399d5218205730acd54a7e\",\"name\":\"pnud\",\"image\":{\"@type\":\"ImageObject\",\"inLanguage\":\"ca\",\"@id\":\"https:\\\/\\\/secure.gravatar.com\\\/avatar\\\/67146597b405ee077a24e519f75c3e2031736596d6ce35af3a34c122c93d0d7b?s=96&d=retro&r=g\",\"url\":\"https:\\\/\\\/secure.gravatar.com\\\/avatar\\\/67146597b405ee077a24e519f75c3e2031736596d6ce35af3a34c122c93d0d7b?s=96&d=retro&r=g\",\"contentUrl\":\"https:\\\/\\\/secure.gravatar.com\\\/avatar\\\/67146597b405ee077a24e519f75c3e2031736596d6ce35af3a34c122c93d0d7b?s=96&d=retro&r=g\",\"caption\":\"pnud\"}}]}<\/script>\n<!-- \/ Yoast SEO plugin. -->","yoast_head_json":{"title":"No et perdis les activitats de gener a Can Framis &#8211; Poblenou Urban District","robots":{"index":"index","follow":"follow","max-snippet":"max-snippet:-1","max-image-preview":"max-image-preview:large","max-video-preview":"max-video-preview:-1"},"canonical":"https:\/\/poblenouurbandistrict.com\/ca\/no-et-perdis-les-activitats-de-gener-a-can-framis\/","og_locale":"ca_ES","og_type":"article","og_title":"No et perdis les activitats de gener a Can Framis &#8211; Poblenou Urban District","og_description":"Al Museu Can Framis sempre hi ha alguna activitat en marxa. Aqu\u00ed teniu les activitats que han preparat per a... M\u00e9s \u2192","og_url":"https:\/\/poblenouurbandistrict.com\/ca\/no-et-perdis-les-activitats-de-gener-a-can-framis\/","og_site_name":"Poblenou Urban District","article_published_time":"2025-01-16T10:58:32+00:00","article_modified_time":"2025-01-20T18:34:36+00:00","og_image":[{"width":2560,"height":1703,"url":"https:\/\/poblenouurbandistrict.com\/wp-content\/uploads\/2025\/01\/arde-oct-203.jpg","type":"image\/jpeg"}],"author":"pnud","twitter_card":"summary_large_image","twitter_misc":{"Escrit per":"pnud","Temps estimat de lectura":"2 minuts"},"schema":{"@context":"https:\/\/schema.org","@graph":[{"@type":"Article","@id":"https:\/\/poblenouurbandistrict.com\/no-et-perdis-les-activitats-de-gener-a-can-framis\/#article","isPartOf":{"@id":"https:\/\/poblenouurbandistrict.com\/no-et-perdis-les-activitats-de-gener-a-can-framis\/"},"author":{"name":"pnud","@id":"https:\/\/poblenouurbandistrict.com\/#\/schema\/person\/980a2cf34b399d5218205730acd54a7e"},"headline":"No et perdis les activitats de gener a Can Framis","datePublished":"2025-01-16T10:58:32+00:00","dateModified":"2025-01-20T18:34:36+00:00","mainEntityOfPage":{"@id":"https:\/\/poblenouurbandistrict.com\/no-et-perdis-les-activitats-de-gener-a-can-framis\/"},"wordCount":718,"image":{"@id":"https:\/\/poblenouurbandistrict.com\/no-et-perdis-les-activitats-de-gener-a-can-framis\/#primaryimage"},"thumbnailUrl":"https:\/\/media.poblenouurbandistrict.com\/2025\/01\/25083016\/arde-oct-203.jpg","articleSection":["Art"],"inLanguage":"ca"},{"@type":"WebPage","@id":"https:\/\/poblenouurbandistrict.com\/ca\/no-et-perdis-les-activitats-de-gener-a-can-framis\/","url":"https:\/\/poblenouurbandistrict.com\/ca\/no-et-perdis-les-activitats-de-gener-a-can-framis\/","name":"No et perdis les activitats de gener a Can Framis &#8211; Poblenou Urban District","isPartOf":{"@id":"https:\/\/poblenouurbandistrict.com\/ca\/#website"},"primaryImageOfPage":{"@id":"https:\/\/poblenouurbandistrict.com\/ca\/no-et-perdis-les-activitats-de-gener-a-can-framis\/#primaryimage"},"image":{"@id":"https:\/\/poblenouurbandistrict.com\/no-et-perdis-les-activitats-de-gener-a-can-framis\/#primaryimage"},"thumbnailUrl":"https:\/\/media.poblenouurbandistrict.com\/2025\/01\/25083016\/arde-oct-203.jpg","datePublished":"2025-01-16T10:58:32+00:00","dateModified":"2025-01-20T18:34:36+00:00","author":{"@id":"https:\/\/poblenouurbandistrict.com\/#\/schema\/person\/980a2cf34b399d5218205730acd54a7e"},"breadcrumb":{"@id":"https:\/\/poblenouurbandistrict.com\/ca\/no-et-perdis-les-activitats-de-gener-a-can-framis\/#breadcrumb"},"inLanguage":"ca","potentialAction":[{"@type":"ReadAction","target":[["https:\/\/poblenouurbandistrict.com\/ca\/no-et-perdis-les-activitats-de-gener-a-can-framis\/"]]}]},{"@type":"ImageObject","inLanguage":"ca","@id":"https:\/\/poblenouurbandistrict.com\/ca\/no-et-perdis-les-activitats-de-gener-a-can-framis\/#primaryimage","url":"https:\/\/media.poblenouurbandistrict.com\/2025\/01\/25083016\/arde-oct-203.jpg","contentUrl":"https:\/\/media.poblenouurbandistrict.com\/2025\/01\/25083016\/arde-oct-203.jpg","width":2560,"height":1703},{"@type":"BreadcrumbList","@id":"https:\/\/poblenouurbandistrict.com\/ca\/no-et-perdis-les-activitats-de-gener-a-can-framis\/#breadcrumb","itemListElement":[{"@type":"ListItem","position":1,"name":"Home","item":"https:\/\/poblenouurbandistrict.com\/ca\/"},{"@type":"ListItem","position":2,"name":"No et perdis les activitats de gener a Can Framis"}]},{"@type":"WebSite","@id":"https:\/\/poblenouurbandistrict.com\/ca\/#website","url":"https:\/\/poblenouurbandistrict.com\/ca\/","name":"Poblenou Urban District","description":"Comunitat Creativa","potentialAction":[{"@type":"SearchAction","target":{"@type":"EntryPoint","urlTemplate":"https:\/\/poblenouurbandistrict.com\/ca\/?s={search_term_string}"},"query-input":{"@type":"PropertyValueSpecification","valueRequired":true,"valueName":"search_term_string"}}],"inLanguage":"ca"},{"@type":"Person","@id":"https:\/\/poblenouurbandistrict.com\/#\/schema\/person\/980a2cf34b399d5218205730acd54a7e","name":"pnud","image":{"@type":"ImageObject","inLanguage":"ca","@id":"https:\/\/secure.gravatar.com\/avatar\/67146597b405ee077a24e519f75c3e2031736596d6ce35af3a34c122c93d0d7b?s=96&d=retro&r=g","url":"https:\/\/secure.gravatar.com\/avatar\/67146597b405ee077a24e519f75c3e2031736596d6ce35af3a34c122c93d0d7b?s=96&d=retro&r=g","contentUrl":"https:\/\/secure.gravatar.com\/avatar\/67146597b405ee077a24e519f75c3e2031736596d6ce35af3a34c122c93d0d7b?s=96&d=retro&r=g","caption":"pnud"}}]}},"_links":{"self":[{"href":"https:\/\/poblenouurbandistrict.com\/ca\/wp-json\/wp\/v2\/posts\/49092","targetHints":{"allow":["GET"]}}],"collection":[{"href":"https:\/\/poblenouurbandistrict.com\/ca\/wp-json\/wp\/v2\/posts"}],"about":[{"href":"https:\/\/poblenouurbandistrict.com\/ca\/wp-json\/wp\/v2\/types\/post"}],"author":[{"embeddable":true,"href":"https:\/\/poblenouurbandistrict.com\/ca\/wp-json\/wp\/v2\/users\/5"}],"replies":[{"embeddable":true,"href":"https:\/\/poblenouurbandistrict.com\/ca\/wp-json\/wp\/v2\/comments?post=49092"}],"version-history":[{"count":2,"href":"https:\/\/poblenouurbandistrict.com\/ca\/wp-json\/wp\/v2\/posts\/49092\/revisions"}],"predecessor-version":[{"id":49099,"href":"https:\/\/poblenouurbandistrict.com\/ca\/wp-json\/wp\/v2\/posts\/49092\/revisions\/49099"}],"wp:featuredmedia":[{"embeddable":true,"href":"https:\/\/poblenouurbandistrict.com\/ca\/wp-json\/wp\/v2\/media\/49097"}],"wp:attachment":[{"href":"https:\/\/poblenouurbandistrict.com\/ca\/wp-json\/wp\/v2\/media?parent=49092"}],"wp:term":[{"taxonomy":"category","embeddable":true,"href":"https:\/\/poblenouurbandistrict.com\/ca\/wp-json\/wp\/v2\/categories?post=49092"},{"taxonomy":"post_tag","embeddable":true,"href":"https:\/\/poblenouurbandistrict.com\/ca\/wp-json\/wp\/v2\/tags?post=49092"}],"curies":[{"name":"wp","href":"https:\/\/api.w.org\/{rel}","templated":true}]}}