{"id":49718,"date":"2025-02-13T16:09:59","date_gmt":"2025-02-13T15:09:59","guid":{"rendered":"https:\/\/poblenouurbandistrict.com\/?p=49718"},"modified":"2025-02-13T16:11:11","modified_gmt":"2025-02-13T15:11:11","slug":"aquest-cap-de-setmana-taller-de-jo-tambe-vaig-al-tnc-amb-laranya","status":"publish","type":"post","link":"https:\/\/poblenouurbandistrict.com\/ca\/aquest-cap-de-setmana-taller-de-jo-tambe-vaig-al-tnc-amb-laranya\/","title":{"rendered":"Aquest cap de setmana taller de &#8220;Jo tamb\u00e9 vaig al TNC&#8221; amb &#8220;L&#8217;aranya&#8221;"},"content":{"rendered":"<p>Aquest dissabte 15 i diumenge 16 de febrer, mentre els adults assisteixen a la funci\u00f3 de <em><strong>L&#8217;aranya<\/strong>\u00a0<\/em>els m\u00e9s menuts podran gaudir d\u2019un taller l\u00fadic relacionat amb \u00c0ngel Guimer\u00e0.<\/p>\n<p>L&#8217;activitat va dirigida a infants de 5 a 11 anys, i tindr\u00e0 lloc al mateix vest\u00edbul de la Sala Gran del TNC, t\u00e9 la mateixa durada que l&#8217;espectacle. L&#8217;objectiu dels tallers &#8220;Jo tamb\u00e9 vaig al TNC&#8221; \u00e9s facilitar l&#8217;anada al teatre en fam\u00edlia i, a m\u00e9s a m\u00e9s, \u00e9s una manera diferent i enriquidora d\u2019apropar-se al teatre amb els infants.<\/p>\n<p><strong>&#8220;Jo tamb\u00e9 vaig al TNC&#8221; amb\u00a0<\/strong><em><strong>L&#8217;aranya<\/strong><\/em><strong>:<\/strong><\/p>\n<p>\u2013\u00a0Taller &#8216;Us presentem l&#8217;\u00c0ngel&#8217;:\u00a0\u00c0ngel Guimer\u00e0 va escriure<em>\u00a0L&#8217;aranya<\/em>. Per\u00f2 sabeu qui \u00e9s l&#8217;\u00c0ngel? Els m\u00e9s menuts jugaran amb les seves hist\u00f2ries i la seva vida, i estiraran els fils per no quedar-nos atrapats en una teranyina. <strong>Dissabte 15 de febrer (a les 19 h) i diumenge 16 de febrer (a les 18 h).\u00a0<\/strong><\/p>\n<p><strong><a href=\"https:\/\/entrades.tnc.cat\/ca\/laranya?_ga=2.173654243.1369344086.1739458961-1984146683.1739458961&amp;_gl=1%2A9i8x1w%2A_gcl_au%2ANjk0Nzc1NS4xNzM5NDU4OTYw%2A_ga%2AMTk4NDE0NjY4My4xNzM5NDU4OTYx%2A_ga_6EBZ4BH179%2AMTczOTQ1ODk2MC4xLjEuMTczOTQ1OTEzNC42MC4wLjA.\">Compra aqu\u00ed les teves entrades!<\/a><\/strong><\/p>","protected":false},"excerpt":{"rendered":"<p>Aquest dissabte 15 i diumenge 16 de febrer, mentre els adults assisteixen a la funci\u00f3 de L&#8217;aranya\u00a0els m\u00e9s menuts podran&#8230; <a href=\"https:\/\/poblenouurbandistrict.com\/ca\/aquest-cap-de-setmana-taller-de-jo-tambe-vaig-al-tnc-amb-laranya\/\">M\u00e9s  \u2192<\/a><\/p>\n","protected":false},"author":5,"featured_media":49719,"comment_status":"closed","ping_status":"closed","sticky":false,"template":"","format":"standard","meta":{"_acf_changed":false,"footnotes":""},"categories":[3560],"tags":[],"class_list":["post-49718","post","type-post","status-publish","format-standard","has-post-thumbnail","hentry","category-teatre"],"acf":[],"yoast_head":"<!-- This site is optimized with the Yoast SEO plugin v27.5 - https:\/\/yoast.com\/product\/yoast-seo-wordpress\/ -->\n<title>Aquest cap de setmana taller de &quot;Jo tamb\u00e9 vaig al TNC&quot; amb &quot;L&#039;aranya&quot; &#8211; Poblenou Urban District<\/title>\n<meta name=\"robots\" content=\"index, follow, max-snippet:-1, max-image-preview:large, max-video-preview:-1\" \/>\n<link rel=\"canonical\" href=\"https:\/\/poblenouurbandistrict.com\/ca\/aquest-cap-de-setmana-taller-de-jo-tambe-vaig-al-tnc-amb-laranya\/\" \/>\n<meta property=\"og:locale\" content=\"ca_ES\" \/>\n<meta property=\"og:type\" content=\"article\" \/>\n<meta property=\"og:title\" content=\"Aquest cap de setmana taller de &quot;Jo tamb\u00e9 vaig al TNC&quot; amb &quot;L&#039;aranya&quot; &#8211; Poblenou Urban District\" \/>\n<meta property=\"og:description\" content=\"Aquest dissabte 15 i diumenge 16 de febrer, mentre els adults assisteixen a la funci\u00f3 de L&#8217;aranya\u00a0els m\u00e9s menuts podran... M\u00e9s \u2192\" \/>\n<meta property=\"og:url\" content=\"https:\/\/poblenouurbandistrict.com\/ca\/aquest-cap-de-setmana-taller-de-jo-tambe-vaig-al-tnc-amb-laranya\/\" \/>\n<meta property=\"og:site_name\" content=\"Poblenou Urban District\" \/>\n<meta property=\"article:published_time\" content=\"2025-02-13T15:09:59+00:00\" \/>\n<meta property=\"article:modified_time\" content=\"2025-02-13T15:11:11+00:00\" \/>\n<meta property=\"og:image\" content=\"https:\/\/poblenouurbandistrict.com\/wp-content\/uploads\/2025\/02\/t25-l-aranya-11.jpg\" \/>\n\t<meta property=\"og:image:width\" content=\"2560\" \/>\n\t<meta property=\"og:image:height\" content=\"1638\" \/>\n\t<meta property=\"og:image:type\" content=\"image\/jpeg\" \/>\n<meta name=\"author\" content=\"pnud\" \/>\n<meta name=\"twitter:card\" content=\"summary_large_image\" \/>\n<meta name=\"twitter:label1\" content=\"Escrit per\" \/>\n\t<meta name=\"twitter:data1\" content=\"pnud\" \/>\n\t<meta name=\"twitter:label2\" content=\"Temps estimat de lectura\" \/>\n\t<meta name=\"twitter:data2\" content=\"2 minuts\" \/>\n<script type=\"application\/ld+json\" class=\"yoast-schema-graph\">{\"@context\":\"https:\\\/\\\/schema.org\",\"@graph\":[{\"@type\":\"Article\",\"@id\":\"https:\\\/\\\/poblenouurbandistrict.com\\\/aquest-cap-de-setmana-taller-de-jo-tambe-vaig-al-tnc-amb-laranya\\\/#article\",\"isPartOf\":{\"@id\":\"https:\\\/\\\/poblenouurbandistrict.com\\\/aquest-cap-de-setmana-taller-de-jo-tambe-vaig-al-tnc-amb-laranya\\\/\"},\"author\":{\"name\":\"pnud\",\"@id\":\"https:\\\/\\\/poblenouurbandistrict.com\\\/#\\\/schema\\\/person\\\/980a2cf34b399d5218205730acd54a7e\"},\"headline\":\"Aquest cap de setmana taller de &#8220;Jo tamb\u00e9 vaig al TNC&#8221; amb &#8220;L&#8217;aranya&#8221;\",\"datePublished\":\"2025-02-13T15:09:59+00:00\",\"dateModified\":\"2025-02-13T15:11:11+00:00\",\"mainEntityOfPage\":{\"@id\":\"https:\\\/\\\/poblenouurbandistrict.com\\\/aquest-cap-de-setmana-taller-de-jo-tambe-vaig-al-tnc-amb-laranya\\\/\"},\"wordCount\":372,\"image\":{\"@id\":\"https:\\\/\\\/poblenouurbandistrict.com\\\/aquest-cap-de-setmana-taller-de-jo-tambe-vaig-al-tnc-amb-laranya\\\/#primaryimage\"},\"thumbnailUrl\":\"https:\\\/\\\/media.poblenouurbandistrict.com\\\/2025\\\/02\\\/25083846\\\/t25-l-aranya-11.jpg\",\"articleSection\":[\"Teatre\"],\"inLanguage\":\"ca\"},{\"@type\":\"WebPage\",\"@id\":\"https:\\\/\\\/poblenouurbandistrict.com\\\/ca\\\/aquest-cap-de-setmana-taller-de-jo-tambe-vaig-al-tnc-amb-laranya\\\/\",\"url\":\"https:\\\/\\\/poblenouurbandistrict.com\\\/ca\\\/aquest-cap-de-setmana-taller-de-jo-tambe-vaig-al-tnc-amb-laranya\\\/\",\"name\":\"Aquest cap de setmana taller de \\\"Jo tamb\u00e9 vaig al TNC\\\" amb \\\"L'aranya\\\" &#8211; Poblenou Urban District\",\"isPartOf\":{\"@id\":\"https:\\\/\\\/poblenouurbandistrict.com\\\/ca\\\/#website\"},\"primaryImageOfPage\":{\"@id\":\"https:\\\/\\\/poblenouurbandistrict.com\\\/ca\\\/aquest-cap-de-setmana-taller-de-jo-tambe-vaig-al-tnc-amb-laranya\\\/#primaryimage\"},\"image\":{\"@id\":\"https:\\\/\\\/poblenouurbandistrict.com\\\/aquest-cap-de-setmana-taller-de-jo-tambe-vaig-al-tnc-amb-laranya\\\/#primaryimage\"},\"thumbnailUrl\":\"https:\\\/\\\/media.poblenouurbandistrict.com\\\/2025\\\/02\\\/25083846\\\/t25-l-aranya-11.jpg\",\"datePublished\":\"2025-02-13T15:09:59+00:00\",\"dateModified\":\"2025-02-13T15:11:11+00:00\",\"author\":{\"@id\":\"https:\\\/\\\/poblenouurbandistrict.com\\\/#\\\/schema\\\/person\\\/980a2cf34b399d5218205730acd54a7e\"},\"breadcrumb\":{\"@id\":\"https:\\\/\\\/poblenouurbandistrict.com\\\/ca\\\/aquest-cap-de-setmana-taller-de-jo-tambe-vaig-al-tnc-amb-laranya\\\/#breadcrumb\"},\"inLanguage\":\"ca\",\"potentialAction\":[{\"@type\":\"ReadAction\",\"target\":[[\"https:\\\/\\\/poblenouurbandistrict.com\\\/ca\\\/aquest-cap-de-setmana-taller-de-jo-tambe-vaig-al-tnc-amb-laranya\\\/\"]]}]},{\"@type\":\"ImageObject\",\"inLanguage\":\"ca\",\"@id\":\"https:\\\/\\\/poblenouurbandistrict.com\\\/ca\\\/aquest-cap-de-setmana-taller-de-jo-tambe-vaig-al-tnc-amb-laranya\\\/#primaryimage\",\"url\":\"https:\\\/\\\/media.poblenouurbandistrict.com\\\/2025\\\/02\\\/25083846\\\/t25-l-aranya-11.jpg\",\"contentUrl\":\"https:\\\/\\\/media.poblenouurbandistrict.com\\\/2025\\\/02\\\/25083846\\\/t25-l-aranya-11.jpg\",\"width\":2560,\"height\":1638},{\"@type\":\"BreadcrumbList\",\"@id\":\"https:\\\/\\\/poblenouurbandistrict.com\\\/ca\\\/aquest-cap-de-setmana-taller-de-jo-tambe-vaig-al-tnc-amb-laranya\\\/#breadcrumb\",\"itemListElement\":[{\"@type\":\"ListItem\",\"position\":1,\"name\":\"Home\",\"item\":\"https:\\\/\\\/poblenouurbandistrict.com\\\/ca\\\/\"},{\"@type\":\"ListItem\",\"position\":2,\"name\":\"Aquest cap de setmana taller de &#8220;Jo tamb\u00e9 vaig al TNC&#8221; amb &#8220;L&#8217;aranya&#8221;\"}]},{\"@type\":\"WebSite\",\"@id\":\"https:\\\/\\\/poblenouurbandistrict.com\\\/ca\\\/#website\",\"url\":\"https:\\\/\\\/poblenouurbandistrict.com\\\/ca\\\/\",\"name\":\"Poblenou Urban District\",\"description\":\"Comunitat Creativa\",\"potentialAction\":[{\"@type\":\"SearchAction\",\"target\":{\"@type\":\"EntryPoint\",\"urlTemplate\":\"https:\\\/\\\/poblenouurbandistrict.com\\\/ca\\\/?s={search_term_string}\"},\"query-input\":{\"@type\":\"PropertyValueSpecification\",\"valueRequired\":true,\"valueName\":\"search_term_string\"}}],\"inLanguage\":\"ca\"},{\"@type\":\"Person\",\"@id\":\"https:\\\/\\\/poblenouurbandistrict.com\\\/#\\\/schema\\\/person\\\/980a2cf34b399d5218205730acd54a7e\",\"name\":\"pnud\",\"image\":{\"@type\":\"ImageObject\",\"inLanguage\":\"ca\",\"@id\":\"https:\\\/\\\/secure.gravatar.com\\\/avatar\\\/67146597b405ee077a24e519f75c3e2031736596d6ce35af3a34c122c93d0d7b?s=96&d=retro&r=g\",\"url\":\"https:\\\/\\\/secure.gravatar.com\\\/avatar\\\/67146597b405ee077a24e519f75c3e2031736596d6ce35af3a34c122c93d0d7b?s=96&d=retro&r=g\",\"contentUrl\":\"https:\\\/\\\/secure.gravatar.com\\\/avatar\\\/67146597b405ee077a24e519f75c3e2031736596d6ce35af3a34c122c93d0d7b?s=96&d=retro&r=g\",\"caption\":\"pnud\"}}]}<\/script>\n<!-- \/ Yoast SEO plugin. -->","yoast_head_json":{"title":"Aquest cap de setmana taller de \"Jo tamb\u00e9 vaig al TNC\" amb \"L'aranya\" &#8211; Poblenou Urban District","robots":{"index":"index","follow":"follow","max-snippet":"max-snippet:-1","max-image-preview":"max-image-preview:large","max-video-preview":"max-video-preview:-1"},"canonical":"https:\/\/poblenouurbandistrict.com\/ca\/aquest-cap-de-setmana-taller-de-jo-tambe-vaig-al-tnc-amb-laranya\/","og_locale":"ca_ES","og_type":"article","og_title":"Aquest cap de setmana taller de \"Jo tamb\u00e9 vaig al TNC\" amb \"L'aranya\" &#8211; Poblenou Urban District","og_description":"Aquest dissabte 15 i diumenge 16 de febrer, mentre els adults assisteixen a la funci\u00f3 de L&#8217;aranya\u00a0els m\u00e9s menuts podran... M\u00e9s \u2192","og_url":"https:\/\/poblenouurbandistrict.com\/ca\/aquest-cap-de-setmana-taller-de-jo-tambe-vaig-al-tnc-amb-laranya\/","og_site_name":"Poblenou Urban District","article_published_time":"2025-02-13T15:09:59+00:00","article_modified_time":"2025-02-13T15:11:11+00:00","og_image":[{"width":2560,"height":1638,"url":"https:\/\/poblenouurbandistrict.com\/wp-content\/uploads\/2025\/02\/t25-l-aranya-11.jpg","type":"image\/jpeg"}],"author":"pnud","twitter_card":"summary_large_image","twitter_misc":{"Escrit per":"pnud","Temps estimat de lectura":"2 minuts"},"schema":{"@context":"https:\/\/schema.org","@graph":[{"@type":"Article","@id":"https:\/\/poblenouurbandistrict.com\/aquest-cap-de-setmana-taller-de-jo-tambe-vaig-al-tnc-amb-laranya\/#article","isPartOf":{"@id":"https:\/\/poblenouurbandistrict.com\/aquest-cap-de-setmana-taller-de-jo-tambe-vaig-al-tnc-amb-laranya\/"},"author":{"name":"pnud","@id":"https:\/\/poblenouurbandistrict.com\/#\/schema\/person\/980a2cf34b399d5218205730acd54a7e"},"headline":"Aquest cap de setmana taller de &#8220;Jo tamb\u00e9 vaig al TNC&#8221; amb &#8220;L&#8217;aranya&#8221;","datePublished":"2025-02-13T15:09:59+00:00","dateModified":"2025-02-13T15:11:11+00:00","mainEntityOfPage":{"@id":"https:\/\/poblenouurbandistrict.com\/aquest-cap-de-setmana-taller-de-jo-tambe-vaig-al-tnc-amb-laranya\/"},"wordCount":372,"image":{"@id":"https:\/\/poblenouurbandistrict.com\/aquest-cap-de-setmana-taller-de-jo-tambe-vaig-al-tnc-amb-laranya\/#primaryimage"},"thumbnailUrl":"https:\/\/media.poblenouurbandistrict.com\/2025\/02\/25083846\/t25-l-aranya-11.jpg","articleSection":["Teatre"],"inLanguage":"ca"},{"@type":"WebPage","@id":"https:\/\/poblenouurbandistrict.com\/ca\/aquest-cap-de-setmana-taller-de-jo-tambe-vaig-al-tnc-amb-laranya\/","url":"https:\/\/poblenouurbandistrict.com\/ca\/aquest-cap-de-setmana-taller-de-jo-tambe-vaig-al-tnc-amb-laranya\/","name":"Aquest cap de setmana taller de \"Jo tamb\u00e9 vaig al TNC\" amb \"L'aranya\" &#8211; Poblenou Urban District","isPartOf":{"@id":"https:\/\/poblenouurbandistrict.com\/ca\/#website"},"primaryImageOfPage":{"@id":"https:\/\/poblenouurbandistrict.com\/ca\/aquest-cap-de-setmana-taller-de-jo-tambe-vaig-al-tnc-amb-laranya\/#primaryimage"},"image":{"@id":"https:\/\/poblenouurbandistrict.com\/aquest-cap-de-setmana-taller-de-jo-tambe-vaig-al-tnc-amb-laranya\/#primaryimage"},"thumbnailUrl":"https:\/\/media.poblenouurbandistrict.com\/2025\/02\/25083846\/t25-l-aranya-11.jpg","datePublished":"2025-02-13T15:09:59+00:00","dateModified":"2025-02-13T15:11:11+00:00","author":{"@id":"https:\/\/poblenouurbandistrict.com\/#\/schema\/person\/980a2cf34b399d5218205730acd54a7e"},"breadcrumb":{"@id":"https:\/\/poblenouurbandistrict.com\/ca\/aquest-cap-de-setmana-taller-de-jo-tambe-vaig-al-tnc-amb-laranya\/#breadcrumb"},"inLanguage":"ca","potentialAction":[{"@type":"ReadAction","target":[["https:\/\/poblenouurbandistrict.com\/ca\/aquest-cap-de-setmana-taller-de-jo-tambe-vaig-al-tnc-amb-laranya\/"]]}]},{"@type":"ImageObject","inLanguage":"ca","@id":"https:\/\/poblenouurbandistrict.com\/ca\/aquest-cap-de-setmana-taller-de-jo-tambe-vaig-al-tnc-amb-laranya\/#primaryimage","url":"https:\/\/media.poblenouurbandistrict.com\/2025\/02\/25083846\/t25-l-aranya-11.jpg","contentUrl":"https:\/\/media.poblenouurbandistrict.com\/2025\/02\/25083846\/t25-l-aranya-11.jpg","width":2560,"height":1638},{"@type":"BreadcrumbList","@id":"https:\/\/poblenouurbandistrict.com\/ca\/aquest-cap-de-setmana-taller-de-jo-tambe-vaig-al-tnc-amb-laranya\/#breadcrumb","itemListElement":[{"@type":"ListItem","position":1,"name":"Home","item":"https:\/\/poblenouurbandistrict.com\/ca\/"},{"@type":"ListItem","position":2,"name":"Aquest cap de setmana taller de &#8220;Jo tamb\u00e9 vaig al TNC&#8221; amb &#8220;L&#8217;aranya&#8221;"}]},{"@type":"WebSite","@id":"https:\/\/poblenouurbandistrict.com\/ca\/#website","url":"https:\/\/poblenouurbandistrict.com\/ca\/","name":"Poblenou Urban District","description":"Comunitat Creativa","potentialAction":[{"@type":"SearchAction","target":{"@type":"EntryPoint","urlTemplate":"https:\/\/poblenouurbandistrict.com\/ca\/?s={search_term_string}"},"query-input":{"@type":"PropertyValueSpecification","valueRequired":true,"valueName":"search_term_string"}}],"inLanguage":"ca"},{"@type":"Person","@id":"https:\/\/poblenouurbandistrict.com\/#\/schema\/person\/980a2cf34b399d5218205730acd54a7e","name":"pnud","image":{"@type":"ImageObject","inLanguage":"ca","@id":"https:\/\/secure.gravatar.com\/avatar\/67146597b405ee077a24e519f75c3e2031736596d6ce35af3a34c122c93d0d7b?s=96&d=retro&r=g","url":"https:\/\/secure.gravatar.com\/avatar\/67146597b405ee077a24e519f75c3e2031736596d6ce35af3a34c122c93d0d7b?s=96&d=retro&r=g","contentUrl":"https:\/\/secure.gravatar.com\/avatar\/67146597b405ee077a24e519f75c3e2031736596d6ce35af3a34c122c93d0d7b?s=96&d=retro&r=g","caption":"pnud"}}]}},"_links":{"self":[{"href":"https:\/\/poblenouurbandistrict.com\/ca\/wp-json\/wp\/v2\/posts\/49718","targetHints":{"allow":["GET"]}}],"collection":[{"href":"https:\/\/poblenouurbandistrict.com\/ca\/wp-json\/wp\/v2\/posts"}],"about":[{"href":"https:\/\/poblenouurbandistrict.com\/ca\/wp-json\/wp\/v2\/types\/post"}],"author":[{"embeddable":true,"href":"https:\/\/poblenouurbandistrict.com\/ca\/wp-json\/wp\/v2\/users\/5"}],"replies":[{"embeddable":true,"href":"https:\/\/poblenouurbandistrict.com\/ca\/wp-json\/wp\/v2\/comments?post=49718"}],"version-history":[{"count":1,"href":"https:\/\/poblenouurbandistrict.com\/ca\/wp-json\/wp\/v2\/posts\/49718\/revisions"}],"predecessor-version":[{"id":49720,"href":"https:\/\/poblenouurbandistrict.com\/ca\/wp-json\/wp\/v2\/posts\/49718\/revisions\/49720"}],"wp:featuredmedia":[{"embeddable":true,"href":"https:\/\/poblenouurbandistrict.com\/ca\/wp-json\/wp\/v2\/media\/49719"}],"wp:attachment":[{"href":"https:\/\/poblenouurbandistrict.com\/ca\/wp-json\/wp\/v2\/media?parent=49718"}],"wp:term":[{"taxonomy":"category","embeddable":true,"href":"https:\/\/poblenouurbandistrict.com\/ca\/wp-json\/wp\/v2\/categories?post=49718"},{"taxonomy":"post_tag","embeddable":true,"href":"https:\/\/poblenouurbandistrict.com\/ca\/wp-json\/wp\/v2\/tags?post=49718"}],"curies":[{"name":"wp","href":"https:\/\/api.w.org\/{rel}","templated":true}]}}