{"id":49805,"date":"2025-02-20T11:54:53","date_gmt":"2025-02-20T10:54:53","guid":{"rendered":"https:\/\/poblenouurbandistrict.com\/?p=49805"},"modified":"2025-02-20T12:10:59","modified_gmt":"2025-02-20T11:10:59","slug":"activitats-als-teatres-del-districte-creatiu","status":"publish","type":"post","link":"https:\/\/poblenouurbandistrict.com\/ca\/activitats-als-teatres-del-districte-creatiu\/","title":{"rendered":"Activitats als teatres del Districte Creatiu"},"content":{"rendered":"<p><\/p>\n<article class=\"w-full text-token-text-primary focus-visible:outline-2 focus-visible:outline-offset-[-4px]\" dir=\"auto\" data-testid=\"conversation-turn-21\" data-scroll-anchor=\"false\">\n<div class=\"m-auto text-base py-[18px] px-6\">\n<div class=\"mx-auto flex flex-1 text-base gap-4 md:gap-5 lg:gap-6 md:max-w-3xl lg:max-w-[40rem] xl:max-w-[48rem]\">\n<div class=\"group\/conversation-turn relative flex w-full min-w-0 flex-col agent-turn @xs\/thread:px-0 @sm\/thread:px-1.5 @md\/thread:px-4\">\n<div class=\"flex-col gap-1 md:gap-3\">\n<div class=\"flex max-w-full flex-col flex-grow\">\n<div class=\"min-h-8 text-message flex w-full flex-col items-end gap-2 whitespace-normal break-words text-start [.text-message+&amp;]:mt-5\" dir=\"auto\" data-message-author-role=\"assistant\" data-message-id=\"183e1a0c-799e-4431-9960-0a83b17b05d4\" data-message-model-slug=\"gpt-4o\">\n<div class=\"flex w-full flex-col gap-1 empty:hidden first:pt-[3px]\">\n<div class=\"markdown prose w-full break-words dark:prose-invert dark\"><strong>Us portem un recull de les activitats i espectacles que es podran veure els pr\u00f2xims dies als teatres del Districte Creatiu.\u00a0<\/strong><\/div>\n<\/div>\n<\/div>\n<\/div>\n<\/div>\n<\/div>\n<\/div>\n<\/div>\n<\/article>\n<p>&nbsp;<\/p>\n<h3><a href=\"https:\/\/www.salabeckett.cat\/\"><strong>Sala Beckett:\u00a0<\/strong><\/a><\/h3>\n<ul>\n<li><a href=\"https:\/\/www.salabeckett.cat\/espectacle\/bartleby\/\"><strong>Bartleby<\/strong><\/a><\/li>\n<\/ul>\n<p>De Herman Melville. Adaptaci\u00f3 i direcci\u00f3 de Ll\u00e0tzer Garcia<\/p>\n<p>Ll\u00e0tzer Garcia torna a la Beckett amb una adaptaci\u00f3 del cl\u00e0ssic\u00a0<em>Bartleby l\u2019escrivent<\/em>, de Herman Melville.\u00a0 L\u2019emblem\u00e0tica hist\u00f2ria d\u2019un advocat i el seu escrivent enigm\u00e0tic. El \u201cpreferiria no fer-ho\u201d de Bartleby ha esdevingut paradigma de la ren\u00fancia volunt\u00e0ria a l\u2019acci\u00f3; sempre amb bones maneres, aix\u00f2 s\u00ed.<\/p>\n<p><strong>Del 20\/02\/25\u00a0 al 09\/03\/25<\/strong><\/p>\n<hr \/>\n<hr \/>\n<h3><a href=\"https:\/\/www.tnc.cat\/\"><strong>Teatre Nacional de Catalunya<\/strong><\/a><\/h3>\n<ul>\n<li><a href=\"https:\/\/entrades.tnc.cat\/?id_temporada=5621&amp;_gl=1%2A15ojnbe%2A_gcl_au%2AMTI3NTM4NDQyMS4xNzIxNzMxOTE3%2A_ga%2AMTEyMTIxNTc1My4xNzE3MTUzMzQy%2A_ga_6EBZ4BH179%2AMTcyODMwNjgwNy4yNTYuMS4xNzI4MzA4MDY2LjcuMC4w&amp;_ga=2.135008633.90910590.1740043215-756823563.1740043215&amp;_gac=1.149798340.1736249480.Cj0KCQiAvvO7BhC-ARIsAGFyToWz6lPS0sorOYuB_cOViyIqkMyXpFeVRxtXWwSIGEvo8qQm56tkNt8aAnxeEALw_wcB\"><strong>Descobrim el TNC<\/strong><\/a><\/li>\n<\/ul>\n<p>Una visita guiada interessant per a tota la familia. Acompanyeu en Sham i la Mila en l\u2019aventura de crear un espectacle des de zero!i descobriu els racons m\u00e9s amagats del teatre. \u00c9s una activitat adaptada a totes les edats on els m\u00e9s petits gaudiran de diferents jocs i els adults podreu resoldre dubtes i curiositats.<\/p>\n<p><span style=\"text-decoration: underline;\">Properes dates:<\/span><strong> 23\/02\/25 i o9\/03\/25\u00a0 a les 11h<br \/>\n<\/strong><\/p>\n<hr \/>\n<ul>\n<li><a href=\"https:\/\/tnc.us6.list-manage.com\/track\/click?u=dd90c2cbe183bb0335a941b06&amp;id=89457492b7&amp;e=2f3ad61dfc\"><strong>L&#8217;aranya<\/strong><\/a><\/li>\n<\/ul>\n<p>D&#8217;\u00c0ngel Guimer\u00e0. Dramat\u00fargia i direcci\u00f3 de Jordi Prat i Coll.<\/p>\n<p>\u00daltims dies per veure a la Sala Gran una de les obres encara per descobrir de Guimer\u00e0. L&#8217;aranya retrata les il\u00b7lusions i els desenganys, amors i desamors, fidelitats i tra\u00efcions d\u2019una parella amb la incapacitat d\u2019engendrar un fill. Una obra inc\u00f2moda carregada de tensions en qu\u00e8 una botiga de queviures \u00e9s l\u2019escenari on conviuen els desitjos m\u00e9s ocults i les pressions socials d\u2019una societat tancada.<\/p>\n<p>A la Sala Gran <strong>fins el\u00a009\/03\/25<\/strong><\/p>\n<p>Despr\u00e9s de les funcions al TNC,\u00a0<em>L&#8217;aranya\u00a0<\/em>se n&#8217;anir\u00e1 de gira arreu del territori catal\u00e0. El TNC surt de gira \u00e9s una iniciativa conjunta del TNC i el Departament de Cultura de la Generalitat de Catalunya per fer arribar el teatre a nous p\u00fablics i contribuir a la descentralitzaci\u00f3 cultural.<\/p>\n<hr \/>\n<hr \/>\n<h3><strong><a href=\"https:\/\/casinoalianca.cat\/esdeveniments\/\">Casino L&#8217;Alian\u00e7a del Poblenou<\/a><\/strong><\/h3>\n<ul>\n<li><a href=\"https:\/\/casinoalianca.cat\/dissabte-21-de-desembre-2024-i-divendres-21-de-febrer-2025-madama-butterfly-novaria-artists\/\"><strong>Madama Butterfly<\/strong><\/a><\/li>\n<\/ul>\n<p>De Giacomo Puccini.<\/p>\n<p>Madama Butterfly \u00e9s una de les \u00f2peres m\u00e9s aclamades i freq\u00fcentment representades internacionalment. Basada en el drama teatral de David Belasco, la seva meravellosa orquestaci\u00f3 i inspiraci\u00f3 mel\u00f3dica, ex\u00f2tica i extremadament passional, han fet d&#8217;ella una de les hist\u00f2ries m\u00e9s tr\u00e0giques i alhora m\u00e9s penetrants i emotives de tots els temps.<\/p>\n<p>En aquesta versi\u00f3 escenificada en dos actes s&#8217;aprofien les caracter\u00edstiques especials del Teatre Casino l&#8217;Alian\u00e7a del Poblenou per integrar l&#8217;orquestra simf\u00f2nica a l&#8217;espectacle i presentar un muntatge t\u00e8cnic \u00fanic.<\/p>\n<p><strong>21\/02\/25<\/strong><\/p>\n<hr \/>\n<ul>\n<li><a href=\"https:\/\/casinoalianca.cat\/dilluns-24-de-febrer-a-les-2000h-leo-lins-novo-show\/\"><strong>L\u00e9o Lins &#8211; Novo Show<\/strong><\/a><\/li>\n<\/ul>\n<p>L\u00e9o Lins, un dels humoristes m\u00e9s provocadors i irreverents del Brasil, torna a Europa amb un nou espectacle que promet desafiar els l\u00edmits i provocar rialles amb el seu humor \u00e0cid i pol\u00e9mic.<\/p>\n<p><strong>24\/02\/25<\/strong><\/p>\n<hr \/>\n<hr \/>\n<h3><a href=\"https:\/\/www.auditori.cat\/ca\/\">L&#8217;Auditori<\/a><\/h3>\n<ul>\n<li><a href=\"https:\/\/www.auditori.cat\/ca\/esdeveniment\/concert-obc-stabat-mater-de-poulenc\/\"><strong><em>Stabat Mater<\/em> de Francis Poulenc<\/strong><\/a><\/li>\n<\/ul>\n<p>Stephanie Childress dirigeix L&#8217;Orquestra Simf\u00f2nica de Barcelona i Nacional de Catalunya en un repertori de grans compositors del segle XX.<\/p>\n<p>Aquestes s\u00f3n obres que s&#8217;interpretar\u00e0n:\u00a0 Set<em> can\u00e7ons populars, <\/em>de Manuel Falla, que comptar\u00e0 amb la veu de la soprano Alexandra Lowe;\u00a0 <em>Four Sea Interludes,\u00a0<\/em>de Benjamin Britten;\u00a0<em>The Lamb <\/em>de John Taverner; i el plat fort del concert, <em>Stabat Mater\u00a0<\/em>de Francis Poulenc.<\/p>\n<p><strong>22\/02\/25\u00a0 i 23\/02\/25<\/strong><\/p>\n<hr \/>\n<ul>\n<li><a href=\"https:\/\/www.auditori.cat\/ca\/esdeveniment\/concert-ibercamera-cinquena-txaikovski\/\"><strong>Cinquena de Txaikovski<\/strong><\/a><\/li>\n<\/ul>\n<p>En el marc d&#8217;Ibercamera, l&#8217;Orquestra Simf\u00f2nica WDR Col\u00f2nia, dirigida per Andr\u00e9s Orozco-Estrada, arriba a Barcelona.<\/p>\n<p>El repertori inclour\u00e0 la\u00a0<em>Cinquena simfonia de\u00a0<\/em>Piotr Ilitx Txaikovski, precedida per l&#8217;<em>Obertura d&#8217;Egmont<\/em> de Ludwig van Beethoven i el Concert per a violoncel de Robert Schumann, interpretat pel prodigi del violoncel Pablo Ferr\u00e1ndez.<\/p>\n<p><strong>24\/02\/25<\/strong><\/p>","protected":false},"excerpt":{"rendered":"<p>Us portem un recull de les activitats i espectacles que es podran veure els pr\u00f2xims dies als teatres del Districte&#8230; <a href=\"https:\/\/poblenouurbandistrict.com\/ca\/activitats-als-teatres-del-districte-creatiu\/\">M\u00e9s  \u2192<\/a><\/p>\n","protected":false},"author":5,"featured_media":49823,"comment_status":"closed","ping_status":"closed","sticky":false,"template":"","format":"standard","meta":{"_acf_changed":false,"footnotes":""},"categories":[1],"tags":[],"class_list":["post-49805","post","type-post","status-publish","format-standard","has-post-thumbnail","hentry","category-noticias"],"acf":[],"yoast_head":"<!-- This site is optimized with the Yoast SEO plugin v27.5 - https:\/\/yoast.com\/product\/yoast-seo-wordpress\/ -->\n<title>Activitats als teatres del Districte Creatiu &#8211; Poblenou Urban District<\/title>\n<meta name=\"robots\" content=\"index, follow, max-snippet:-1, max-image-preview:large, max-video-preview:-1\" \/>\n<link rel=\"canonical\" href=\"https:\/\/poblenouurbandistrict.com\/ca\/activitats-als-teatres-del-districte-creatiu\/\" \/>\n<meta property=\"og:locale\" content=\"ca_ES\" \/>\n<meta property=\"og:type\" content=\"article\" \/>\n<meta property=\"og:title\" content=\"Activitats als teatres del Districte Creatiu &#8211; Poblenou Urban District\" \/>\n<meta property=\"og:description\" content=\"Us portem un recull de les activitats i espectacles que es podran veure els pr\u00f2xims dies als teatres del Districte... M\u00e9s \u2192\" \/>\n<meta property=\"og:url\" content=\"https:\/\/poblenouurbandistrict.com\/ca\/activitats-als-teatres-del-districte-creatiu\/\" \/>\n<meta property=\"og:site_name\" content=\"Poblenou Urban District\" \/>\n<meta property=\"article:published_time\" content=\"2025-02-20T10:54:53+00:00\" \/>\n<meta property=\"article:modified_time\" content=\"2025-02-20T11:10:59+00:00\" \/>\n<meta property=\"og:image\" content=\"https:\/\/poblenouurbandistrict.com\/wp-content\/uploads\/2025\/02\/bartleby-1000x600-bona.jpg\" \/>\n\t<meta property=\"og:image:width\" content=\"1000\" \/>\n\t<meta property=\"og:image:height\" content=\"600\" \/>\n\t<meta property=\"og:image:type\" content=\"image\/jpeg\" \/>\n<meta name=\"author\" content=\"pnud\" \/>\n<meta name=\"twitter:card\" content=\"summary_large_image\" \/>\n<meta name=\"twitter:label1\" content=\"Escrit per\" \/>\n\t<meta name=\"twitter:data1\" content=\"pnud\" \/>\n\t<meta name=\"twitter:label2\" content=\"Temps estimat de lectura\" \/>\n\t<meta name=\"twitter:data2\" content=\"4 minuts\" \/>\n<script type=\"application\/ld+json\" class=\"yoast-schema-graph\">{\"@context\":\"https:\\\/\\\/schema.org\",\"@graph\":[{\"@type\":\"Article\",\"@id\":\"https:\\\/\\\/poblenouurbandistrict.com\\\/activitats-als-teatres-del-districte-creatiu\\\/#article\",\"isPartOf\":{\"@id\":\"https:\\\/\\\/poblenouurbandistrict.com\\\/activitats-als-teatres-del-districte-creatiu\\\/\"},\"author\":{\"name\":\"pnud\",\"@id\":\"https:\\\/\\\/poblenouurbandistrict.com\\\/#\\\/schema\\\/person\\\/980a2cf34b399d5218205730acd54a7e\"},\"headline\":\"Activitats als teatres del Districte Creatiu\",\"datePublished\":\"2025-02-20T10:54:53+00:00\",\"dateModified\":\"2025-02-20T11:10:59+00:00\",\"mainEntityOfPage\":{\"@id\":\"https:\\\/\\\/poblenouurbandistrict.com\\\/activitats-als-teatres-del-districte-creatiu\\\/\"},\"wordCount\":1775,\"image\":{\"@id\":\"https:\\\/\\\/poblenouurbandistrict.com\\\/activitats-als-teatres-del-districte-creatiu\\\/#primaryimage\"},\"thumbnailUrl\":\"https:\\\/\\\/media.poblenouurbandistrict.com\\\/2025\\\/02\\\/25083927\\\/bartleby-1000x600-bona.jpg\",\"articleSection\":[\"Est\u00e0 passant\"],\"inLanguage\":\"ca\"},{\"@type\":\"WebPage\",\"@id\":\"https:\\\/\\\/poblenouurbandistrict.com\\\/ca\\\/activitats-als-teatres-del-districte-creatiu\\\/\",\"url\":\"https:\\\/\\\/poblenouurbandistrict.com\\\/ca\\\/activitats-als-teatres-del-districte-creatiu\\\/\",\"name\":\"Activitats als teatres del Districte Creatiu &#8211; Poblenou Urban District\",\"isPartOf\":{\"@id\":\"https:\\\/\\\/poblenouurbandistrict.com\\\/ca\\\/#website\"},\"primaryImageOfPage\":{\"@id\":\"https:\\\/\\\/poblenouurbandistrict.com\\\/ca\\\/activitats-als-teatres-del-districte-creatiu\\\/#primaryimage\"},\"image\":{\"@id\":\"https:\\\/\\\/poblenouurbandistrict.com\\\/activitats-als-teatres-del-districte-creatiu\\\/#primaryimage\"},\"thumbnailUrl\":\"https:\\\/\\\/media.poblenouurbandistrict.com\\\/2025\\\/02\\\/25083927\\\/bartleby-1000x600-bona.jpg\",\"datePublished\":\"2025-02-20T10:54:53+00:00\",\"dateModified\":\"2025-02-20T11:10:59+00:00\",\"author\":{\"@id\":\"https:\\\/\\\/poblenouurbandistrict.com\\\/#\\\/schema\\\/person\\\/980a2cf34b399d5218205730acd54a7e\"},\"breadcrumb\":{\"@id\":\"https:\\\/\\\/poblenouurbandistrict.com\\\/ca\\\/activitats-als-teatres-del-districte-creatiu\\\/#breadcrumb\"},\"inLanguage\":\"ca\",\"potentialAction\":[{\"@type\":\"ReadAction\",\"target\":[[\"https:\\\/\\\/poblenouurbandistrict.com\\\/ca\\\/activitats-als-teatres-del-districte-creatiu\\\/\"]]}]},{\"@type\":\"ImageObject\",\"inLanguage\":\"ca\",\"@id\":\"https:\\\/\\\/poblenouurbandistrict.com\\\/ca\\\/activitats-als-teatres-del-districte-creatiu\\\/#primaryimage\",\"url\":\"https:\\\/\\\/media.poblenouurbandistrict.com\\\/2025\\\/02\\\/25083927\\\/bartleby-1000x600-bona.jpg\",\"contentUrl\":\"https:\\\/\\\/media.poblenouurbandistrict.com\\\/2025\\\/02\\\/25083927\\\/bartleby-1000x600-bona.jpg\",\"width\":1000,\"height\":600},{\"@type\":\"BreadcrumbList\",\"@id\":\"https:\\\/\\\/poblenouurbandistrict.com\\\/ca\\\/activitats-als-teatres-del-districte-creatiu\\\/#breadcrumb\",\"itemListElement\":[{\"@type\":\"ListItem\",\"position\":1,\"name\":\"Home\",\"item\":\"https:\\\/\\\/poblenouurbandistrict.com\\\/ca\\\/\"},{\"@type\":\"ListItem\",\"position\":2,\"name\":\"Activitats als teatres del Districte Creatiu\"}]},{\"@type\":\"WebSite\",\"@id\":\"https:\\\/\\\/poblenouurbandistrict.com\\\/ca\\\/#website\",\"url\":\"https:\\\/\\\/poblenouurbandistrict.com\\\/ca\\\/\",\"name\":\"Poblenou Urban District\",\"description\":\"Comunitat Creativa\",\"potentialAction\":[{\"@type\":\"SearchAction\",\"target\":{\"@type\":\"EntryPoint\",\"urlTemplate\":\"https:\\\/\\\/poblenouurbandistrict.com\\\/ca\\\/?s={search_term_string}\"},\"query-input\":{\"@type\":\"PropertyValueSpecification\",\"valueRequired\":true,\"valueName\":\"search_term_string\"}}],\"inLanguage\":\"ca\"},{\"@type\":\"Person\",\"@id\":\"https:\\\/\\\/poblenouurbandistrict.com\\\/#\\\/schema\\\/person\\\/980a2cf34b399d5218205730acd54a7e\",\"name\":\"pnud\",\"image\":{\"@type\":\"ImageObject\",\"inLanguage\":\"ca\",\"@id\":\"https:\\\/\\\/secure.gravatar.com\\\/avatar\\\/67146597b405ee077a24e519f75c3e2031736596d6ce35af3a34c122c93d0d7b?s=96&d=retro&r=g\",\"url\":\"https:\\\/\\\/secure.gravatar.com\\\/avatar\\\/67146597b405ee077a24e519f75c3e2031736596d6ce35af3a34c122c93d0d7b?s=96&d=retro&r=g\",\"contentUrl\":\"https:\\\/\\\/secure.gravatar.com\\\/avatar\\\/67146597b405ee077a24e519f75c3e2031736596d6ce35af3a34c122c93d0d7b?s=96&d=retro&r=g\",\"caption\":\"pnud\"}}]}<\/script>\n<!-- \/ Yoast SEO plugin. -->","yoast_head_json":{"title":"Activitats als teatres del Districte Creatiu &#8211; Poblenou Urban District","robots":{"index":"index","follow":"follow","max-snippet":"max-snippet:-1","max-image-preview":"max-image-preview:large","max-video-preview":"max-video-preview:-1"},"canonical":"https:\/\/poblenouurbandistrict.com\/ca\/activitats-als-teatres-del-districte-creatiu\/","og_locale":"ca_ES","og_type":"article","og_title":"Activitats als teatres del Districte Creatiu &#8211; Poblenou Urban District","og_description":"Us portem un recull de les activitats i espectacles que es podran veure els pr\u00f2xims dies als teatres del Districte... M\u00e9s \u2192","og_url":"https:\/\/poblenouurbandistrict.com\/ca\/activitats-als-teatres-del-districte-creatiu\/","og_site_name":"Poblenou Urban District","article_published_time":"2025-02-20T10:54:53+00:00","article_modified_time":"2025-02-20T11:10:59+00:00","og_image":[{"width":1000,"height":600,"url":"https:\/\/poblenouurbandistrict.com\/wp-content\/uploads\/2025\/02\/bartleby-1000x600-bona.jpg","type":"image\/jpeg"}],"author":"pnud","twitter_card":"summary_large_image","twitter_misc":{"Escrit per":"pnud","Temps estimat de lectura":"4 minuts"},"schema":{"@context":"https:\/\/schema.org","@graph":[{"@type":"Article","@id":"https:\/\/poblenouurbandistrict.com\/activitats-als-teatres-del-districte-creatiu\/#article","isPartOf":{"@id":"https:\/\/poblenouurbandistrict.com\/activitats-als-teatres-del-districte-creatiu\/"},"author":{"name":"pnud","@id":"https:\/\/poblenouurbandistrict.com\/#\/schema\/person\/980a2cf34b399d5218205730acd54a7e"},"headline":"Activitats als teatres del Districte Creatiu","datePublished":"2025-02-20T10:54:53+00:00","dateModified":"2025-02-20T11:10:59+00:00","mainEntityOfPage":{"@id":"https:\/\/poblenouurbandistrict.com\/activitats-als-teatres-del-districte-creatiu\/"},"wordCount":1775,"image":{"@id":"https:\/\/poblenouurbandistrict.com\/activitats-als-teatres-del-districte-creatiu\/#primaryimage"},"thumbnailUrl":"https:\/\/media.poblenouurbandistrict.com\/2025\/02\/25083927\/bartleby-1000x600-bona.jpg","articleSection":["Est\u00e0 passant"],"inLanguage":"ca"},{"@type":"WebPage","@id":"https:\/\/poblenouurbandistrict.com\/ca\/activitats-als-teatres-del-districte-creatiu\/","url":"https:\/\/poblenouurbandistrict.com\/ca\/activitats-als-teatres-del-districte-creatiu\/","name":"Activitats als teatres del Districte Creatiu &#8211; Poblenou Urban District","isPartOf":{"@id":"https:\/\/poblenouurbandistrict.com\/ca\/#website"},"primaryImageOfPage":{"@id":"https:\/\/poblenouurbandistrict.com\/ca\/activitats-als-teatres-del-districte-creatiu\/#primaryimage"},"image":{"@id":"https:\/\/poblenouurbandistrict.com\/activitats-als-teatres-del-districte-creatiu\/#primaryimage"},"thumbnailUrl":"https:\/\/media.poblenouurbandistrict.com\/2025\/02\/25083927\/bartleby-1000x600-bona.jpg","datePublished":"2025-02-20T10:54:53+00:00","dateModified":"2025-02-20T11:10:59+00:00","author":{"@id":"https:\/\/poblenouurbandistrict.com\/#\/schema\/person\/980a2cf34b399d5218205730acd54a7e"},"breadcrumb":{"@id":"https:\/\/poblenouurbandistrict.com\/ca\/activitats-als-teatres-del-districte-creatiu\/#breadcrumb"},"inLanguage":"ca","potentialAction":[{"@type":"ReadAction","target":[["https:\/\/poblenouurbandistrict.com\/ca\/activitats-als-teatres-del-districte-creatiu\/"]]}]},{"@type":"ImageObject","inLanguage":"ca","@id":"https:\/\/poblenouurbandistrict.com\/ca\/activitats-als-teatres-del-districte-creatiu\/#primaryimage","url":"https:\/\/media.poblenouurbandistrict.com\/2025\/02\/25083927\/bartleby-1000x600-bona.jpg","contentUrl":"https:\/\/media.poblenouurbandistrict.com\/2025\/02\/25083927\/bartleby-1000x600-bona.jpg","width":1000,"height":600},{"@type":"BreadcrumbList","@id":"https:\/\/poblenouurbandistrict.com\/ca\/activitats-als-teatres-del-districte-creatiu\/#breadcrumb","itemListElement":[{"@type":"ListItem","position":1,"name":"Home","item":"https:\/\/poblenouurbandistrict.com\/ca\/"},{"@type":"ListItem","position":2,"name":"Activitats als teatres del Districte Creatiu"}]},{"@type":"WebSite","@id":"https:\/\/poblenouurbandistrict.com\/ca\/#website","url":"https:\/\/poblenouurbandistrict.com\/ca\/","name":"Poblenou Urban District","description":"Comunitat Creativa","potentialAction":[{"@type":"SearchAction","target":{"@type":"EntryPoint","urlTemplate":"https:\/\/poblenouurbandistrict.com\/ca\/?s={search_term_string}"},"query-input":{"@type":"PropertyValueSpecification","valueRequired":true,"valueName":"search_term_string"}}],"inLanguage":"ca"},{"@type":"Person","@id":"https:\/\/poblenouurbandistrict.com\/#\/schema\/person\/980a2cf34b399d5218205730acd54a7e","name":"pnud","image":{"@type":"ImageObject","inLanguage":"ca","@id":"https:\/\/secure.gravatar.com\/avatar\/67146597b405ee077a24e519f75c3e2031736596d6ce35af3a34c122c93d0d7b?s=96&d=retro&r=g","url":"https:\/\/secure.gravatar.com\/avatar\/67146597b405ee077a24e519f75c3e2031736596d6ce35af3a34c122c93d0d7b?s=96&d=retro&r=g","contentUrl":"https:\/\/secure.gravatar.com\/avatar\/67146597b405ee077a24e519f75c3e2031736596d6ce35af3a34c122c93d0d7b?s=96&d=retro&r=g","caption":"pnud"}}]}},"_links":{"self":[{"href":"https:\/\/poblenouurbandistrict.com\/ca\/wp-json\/wp\/v2\/posts\/49805","targetHints":{"allow":["GET"]}}],"collection":[{"href":"https:\/\/poblenouurbandistrict.com\/ca\/wp-json\/wp\/v2\/posts"}],"about":[{"href":"https:\/\/poblenouurbandistrict.com\/ca\/wp-json\/wp\/v2\/types\/post"}],"author":[{"embeddable":true,"href":"https:\/\/poblenouurbandistrict.com\/ca\/wp-json\/wp\/v2\/users\/5"}],"replies":[{"embeddable":true,"href":"https:\/\/poblenouurbandistrict.com\/ca\/wp-json\/wp\/v2\/comments?post=49805"}],"version-history":[{"count":13,"href":"https:\/\/poblenouurbandistrict.com\/ca\/wp-json\/wp\/v2\/posts\/49805\/revisions"}],"predecessor-version":[{"id":49824,"href":"https:\/\/poblenouurbandistrict.com\/ca\/wp-json\/wp\/v2\/posts\/49805\/revisions\/49824"}],"wp:featuredmedia":[{"embeddable":true,"href":"https:\/\/poblenouurbandistrict.com\/ca\/wp-json\/wp\/v2\/media\/49823"}],"wp:attachment":[{"href":"https:\/\/poblenouurbandistrict.com\/ca\/wp-json\/wp\/v2\/media?parent=49805"}],"wp:term":[{"taxonomy":"category","embeddable":true,"href":"https:\/\/poblenouurbandistrict.com\/ca\/wp-json\/wp\/v2\/categories?post=49805"},{"taxonomy":"post_tag","embeddable":true,"href":"https:\/\/poblenouurbandistrict.com\/ca\/wp-json\/wp\/v2\/tags?post=49805"}],"curies":[{"name":"wp","href":"https:\/\/api.w.org\/{rel}","templated":true}]}}