{"id":49883,"date":"2025-02-26T14:32:22","date_gmt":"2025-02-26T13:32:22","guid":{"rendered":"https:\/\/poblenouurbandistrict.com\/?p=49883"},"modified":"2025-02-26T16:15:23","modified_gmt":"2025-02-26T15:15:23","slug":"viu-el-carnaval-al-districte-creatiu","status":"publish","type":"post","link":"https:\/\/poblenouurbandistrict.com\/ca\/viu-el-carnaval-al-districte-creatiu\/","title":{"rendered":"Viu el Carnaval al Districte Creatiu"},"content":{"rendered":"<p>La comunitat creativa de Poblenou Urban District celebra el Carnaval, <span style=\"font-weight: 400;\">l&#8217;ocasi\u00f3 perfecta per disfressar-se i gaudir amb amics i familiars. Aqu\u00ed et portem diverses opcions per gaudir de la festa al Districte Creatiu.<\/span><\/p>\n<h3><a href=\"https:\/\/lanaubarcelona.es\/\">La Nau<\/a><\/h3>\n<p>Sent el ritme de la festa amb el Carnaval Salsero! El divendres 28,\u00a0 partir de les 21:30 La Nau s&#8217;omplir\u00e0 de m\u00fasica amb orquestres de salsa, dj sets i animacions. Posa&#8217;t la millor disfressa i passa la nit de carnaval ballant.<\/p>\n<p style=\"text-align: center;\"><strong>\u00c0laba, 30<\/strong><\/p>\n<hr \/>\n<h3><a href=\"https:\/\/www.salarazzmatazz.com\/\">Razzmatazz<\/a><\/h3>\n<p>A Razzmatazz saben que el Carnaval va sobretot de passar-ho b\u00e9. Per aquest motiu han programat tres concerts per tal que el divendres 28 tothom gaudeixi de la festa.<\/p>\n<ul>\n<li><strong>Cari\u00f1o &#8211; TPH Cari\u00f1o Tours :\u00a0<\/strong>Sala 1 &#8211; 19:30<\/li>\n<li><strong>The Pains of Being Pure at Heart: Cristina Quesada:\u00a0<\/strong>Sala 2 &#8211; 19:30<\/li>\n<li><strong>Alex Wall:\u00a0<\/strong>Sala 3 &#8211; 20:00<\/li>\n<\/ul>\n<p style=\"text-align: center;\"><strong>Pamplona, 88<\/strong><\/p>\n<hr \/>\n<h3><a href=\"https:\/\/wolfbarcelona.com\/\">Sala Wolf<\/a><\/h3>\n<p>A Wolf els agrada tant el Carnaval que el celebren per partida triple. Hi ha festa el dijous 27\/02,\u00a0 el diventres 28\/02\u00a0 i el dissabte 01\/03 . Aquest any la tem\u00e0tica \u00e9s el Mont Olimp. Balla grans hits inernacionals de la m\u00e0 de AIIVIIK i recorda els millors temes de la dels 2000&#8217;s. La disfressa m\u00e9s espectacular s&#8217;emportar\u00e0 un premi en met\u00e0l\u00b7lic. Dijous i divendres el concurs \u00e9s individual, i el dissabte \u00e9s grupal. La votaci\u00f3 es far\u00e0 a trav\u00e9s d&#8217;Instagram.<\/p>\n<h4 style=\"text-align: center;\">Almog\u00e0vers, 88<\/h4>\n<hr \/>\n<h3><a href=\"https:\/\/www.bartrikini.com\/?fbclid=PAZXh0bgNhZW0CMTEAAaaC-FLNdFaGmPLT1JhBDEL352oVPxOTPFXm45kjyv7RKXdPVFfTBDtSlPQ_aem_qeNepxNO68-ujxMwI7mUQw\">Bar Trikini<\/a><\/h3>\n<p>El divendres 28 de febrer, el DJ Max W\u00e5gberg punxar\u00e0 els millors temes per acompanyar els deliciosos entrepans de Trikini.<\/p>\n<p style=\"text-align: center;\"><strong>Pujades, 226<\/strong><\/p>\n<hr \/>\n<h3><a href=\"https:\/\/lemuriacontinente.com\/\"><strong>LeMURia<\/strong><\/a><\/h3>\n<p>Celebra el Carnaval d&#8217;una forma diferent\u00a0 visitant el Creative Market! Trobar\u00e0s art, cultura, artesan\u00eda, m\u00fasica&#8230; i sobretot molt bon ambient.<\/p>\n<p style=\"text-align: center;\"><strong>Mari\u00e0 Aguil\u00f3 113<\/strong><\/p>\n<hr \/>\n<h3><strong>Rua de Carnaval del Poblenou<\/strong><\/h3>\n<p>Llueix la teva disfessa a la Rua de Carnaval del Poblenou. El dissabte 1 de mar\u00e7 a partir de les 16h els carrers del barri del Poblenou s&#8217;omplir\u00e0n de colors i diversi\u00f3 amb la Rua de Carnaval del Poblenou.<\/p>\n<p style=\"text-align: center;\"><strong>Inici a Rambla del Poblenou amb Pere IV<\/strong><\/p>\n<p>&nbsp;<\/p>","protected":false},"excerpt":{"rendered":"<p>La comunitat creativa de Poblenou Urban District celebra el Carnaval, l&#8217;ocasi\u00f3 perfecta per disfressar-se i gaudir amb amics i familiars&#8230;. <a href=\"https:\/\/poblenouurbandistrict.com\/ca\/viu-el-carnaval-al-districte-creatiu\/\">M\u00e9s  \u2192<\/a><\/p>\n","protected":false},"author":5,"featured_media":49890,"comment_status":"closed","ping_status":"closed","sticky":false,"template":"","format":"standard","meta":{"_acf_changed":false,"footnotes":""},"categories":[1],"tags":[],"class_list":["post-49883","post","type-post","status-publish","format-standard","has-post-thumbnail","hentry","category-noticias"],"acf":[],"yoast_head":"<!-- This site is optimized with the Yoast SEO plugin v27.5 - https:\/\/yoast.com\/product\/yoast-seo-wordpress\/ -->\n<title>Viu el Carnaval al Districte Creatiu &#8211; Poblenou Urban District<\/title>\n<meta name=\"robots\" content=\"index, follow, max-snippet:-1, max-image-preview:large, max-video-preview:-1\" \/>\n<link rel=\"canonical\" href=\"https:\/\/poblenouurbandistrict.com\/ca\/viu-el-carnaval-al-districte-creatiu\/\" \/>\n<meta property=\"og:locale\" content=\"ca_ES\" \/>\n<meta property=\"og:type\" content=\"article\" \/>\n<meta property=\"og:title\" content=\"Viu el Carnaval al Districte Creatiu &#8211; Poblenou Urban District\" \/>\n<meta property=\"og:description\" content=\"La comunitat creativa de Poblenou Urban District celebra el Carnaval, l&#8217;ocasi\u00f3 perfecta per disfressar-se i gaudir amb amics i familiars.... M\u00e9s \u2192\" \/>\n<meta property=\"og:url\" content=\"https:\/\/poblenouurbandistrict.com\/ca\/viu-el-carnaval-al-districte-creatiu\/\" \/>\n<meta property=\"og:site_name\" content=\"Poblenou Urban District\" \/>\n<meta property=\"article:published_time\" content=\"2025-02-26T13:32:22+00:00\" \/>\n<meta property=\"article:modified_time\" content=\"2025-02-26T15:15:23+00:00\" \/>\n<meta property=\"og:image\" content=\"https:\/\/poblenouurbandistrict.com\/wp-content\/uploads\/2025\/02\/open-day-x-emidelpiccolo-389.jpg\" \/>\n\t<meta property=\"og:image:width\" content=\"2560\" \/>\n\t<meta property=\"og:image:height\" content=\"1709\" \/>\n\t<meta property=\"og:image:type\" content=\"image\/jpeg\" \/>\n<meta name=\"author\" content=\"pnud\" \/>\n<meta name=\"twitter:card\" content=\"summary_large_image\" \/>\n<meta name=\"twitter:label1\" content=\"Escrit per\" \/>\n\t<meta name=\"twitter:data1\" content=\"pnud\" \/>\n\t<meta name=\"twitter:label2\" content=\"Temps estimat de lectura\" \/>\n\t<meta name=\"twitter:data2\" content=\"2 minuts\" \/>\n<script type=\"application\/ld+json\" class=\"yoast-schema-graph\">{\"@context\":\"https:\\\/\\\/schema.org\",\"@graph\":[{\"@type\":\"Article\",\"@id\":\"https:\\\/\\\/poblenouurbandistrict.com\\\/viu-el-carnaval-al-districte-creatiu\\\/#article\",\"isPartOf\":{\"@id\":\"https:\\\/\\\/poblenouurbandistrict.com\\\/viu-el-carnaval-al-districte-creatiu\\\/\"},\"author\":{\"name\":\"pnud\",\"@id\":\"https:\\\/\\\/poblenouurbandistrict.com\\\/#\\\/schema\\\/person\\\/980a2cf34b399d5218205730acd54a7e\"},\"headline\":\"Viu el Carnaval al Districte Creatiu\",\"datePublished\":\"2025-02-26T13:32:22+00:00\",\"dateModified\":\"2025-02-26T15:15:23+00:00\",\"mainEntityOfPage\":{\"@id\":\"https:\\\/\\\/poblenouurbandistrict.com\\\/viu-el-carnaval-al-districte-creatiu\\\/\"},\"wordCount\":983,\"image\":{\"@id\":\"https:\\\/\\\/poblenouurbandistrict.com\\\/viu-el-carnaval-al-districte-creatiu\\\/#primaryimage\"},\"thumbnailUrl\":\"https:\\\/\\\/media.poblenouurbandistrict.com\\\/2025\\\/02\\\/25084023\\\/open-day-x-emidelpiccolo-389.jpg\",\"articleSection\":[\"Est\u00e0 passant\"],\"inLanguage\":\"ca\"},{\"@type\":\"WebPage\",\"@id\":\"https:\\\/\\\/poblenouurbandistrict.com\\\/ca\\\/viu-el-carnaval-al-districte-creatiu\\\/\",\"url\":\"https:\\\/\\\/poblenouurbandistrict.com\\\/ca\\\/viu-el-carnaval-al-districte-creatiu\\\/\",\"name\":\"Viu el Carnaval al Districte Creatiu &#8211; Poblenou Urban District\",\"isPartOf\":{\"@id\":\"https:\\\/\\\/poblenouurbandistrict.com\\\/ca\\\/#website\"},\"primaryImageOfPage\":{\"@id\":\"https:\\\/\\\/poblenouurbandistrict.com\\\/ca\\\/viu-el-carnaval-al-districte-creatiu\\\/#primaryimage\"},\"image\":{\"@id\":\"https:\\\/\\\/poblenouurbandistrict.com\\\/viu-el-carnaval-al-districte-creatiu\\\/#primaryimage\"},\"thumbnailUrl\":\"https:\\\/\\\/media.poblenouurbandistrict.com\\\/2025\\\/02\\\/25084023\\\/open-day-x-emidelpiccolo-389.jpg\",\"datePublished\":\"2025-02-26T13:32:22+00:00\",\"dateModified\":\"2025-02-26T15:15:23+00:00\",\"author\":{\"@id\":\"https:\\\/\\\/poblenouurbandistrict.com\\\/#\\\/schema\\\/person\\\/980a2cf34b399d5218205730acd54a7e\"},\"breadcrumb\":{\"@id\":\"https:\\\/\\\/poblenouurbandistrict.com\\\/ca\\\/viu-el-carnaval-al-districte-creatiu\\\/#breadcrumb\"},\"inLanguage\":\"ca\",\"potentialAction\":[{\"@type\":\"ReadAction\",\"target\":[[\"https:\\\/\\\/poblenouurbandistrict.com\\\/ca\\\/viu-el-carnaval-al-districte-creatiu\\\/\"]]}]},{\"@type\":\"ImageObject\",\"inLanguage\":\"ca\",\"@id\":\"https:\\\/\\\/poblenouurbandistrict.com\\\/ca\\\/viu-el-carnaval-al-districte-creatiu\\\/#primaryimage\",\"url\":\"https:\\\/\\\/media.poblenouurbandistrict.com\\\/2025\\\/02\\\/25084023\\\/open-day-x-emidelpiccolo-389.jpg\",\"contentUrl\":\"https:\\\/\\\/media.poblenouurbandistrict.com\\\/2025\\\/02\\\/25084023\\\/open-day-x-emidelpiccolo-389.jpg\",\"width\":2560,\"height\":1709},{\"@type\":\"BreadcrumbList\",\"@id\":\"https:\\\/\\\/poblenouurbandistrict.com\\\/ca\\\/viu-el-carnaval-al-districte-creatiu\\\/#breadcrumb\",\"itemListElement\":[{\"@type\":\"ListItem\",\"position\":1,\"name\":\"Home\",\"item\":\"https:\\\/\\\/poblenouurbandistrict.com\\\/ca\\\/\"},{\"@type\":\"ListItem\",\"position\":2,\"name\":\"Viu el Carnaval al Districte Creatiu\"}]},{\"@type\":\"WebSite\",\"@id\":\"https:\\\/\\\/poblenouurbandistrict.com\\\/ca\\\/#website\",\"url\":\"https:\\\/\\\/poblenouurbandistrict.com\\\/ca\\\/\",\"name\":\"Poblenou Urban District\",\"description\":\"Comunitat Creativa\",\"potentialAction\":[{\"@type\":\"SearchAction\",\"target\":{\"@type\":\"EntryPoint\",\"urlTemplate\":\"https:\\\/\\\/poblenouurbandistrict.com\\\/ca\\\/?s={search_term_string}\"},\"query-input\":{\"@type\":\"PropertyValueSpecification\",\"valueRequired\":true,\"valueName\":\"search_term_string\"}}],\"inLanguage\":\"ca\"},{\"@type\":\"Person\",\"@id\":\"https:\\\/\\\/poblenouurbandistrict.com\\\/#\\\/schema\\\/person\\\/980a2cf34b399d5218205730acd54a7e\",\"name\":\"pnud\",\"image\":{\"@type\":\"ImageObject\",\"inLanguage\":\"ca\",\"@id\":\"https:\\\/\\\/secure.gravatar.com\\\/avatar\\\/67146597b405ee077a24e519f75c3e2031736596d6ce35af3a34c122c93d0d7b?s=96&d=retro&r=g\",\"url\":\"https:\\\/\\\/secure.gravatar.com\\\/avatar\\\/67146597b405ee077a24e519f75c3e2031736596d6ce35af3a34c122c93d0d7b?s=96&d=retro&r=g\",\"contentUrl\":\"https:\\\/\\\/secure.gravatar.com\\\/avatar\\\/67146597b405ee077a24e519f75c3e2031736596d6ce35af3a34c122c93d0d7b?s=96&d=retro&r=g\",\"caption\":\"pnud\"}}]}<\/script>\n<!-- \/ Yoast SEO plugin. -->","yoast_head_json":{"title":"Viu el Carnaval al Districte Creatiu &#8211; Poblenou Urban District","robots":{"index":"index","follow":"follow","max-snippet":"max-snippet:-1","max-image-preview":"max-image-preview:large","max-video-preview":"max-video-preview:-1"},"canonical":"https:\/\/poblenouurbandistrict.com\/ca\/viu-el-carnaval-al-districte-creatiu\/","og_locale":"ca_ES","og_type":"article","og_title":"Viu el Carnaval al Districte Creatiu &#8211; Poblenou Urban District","og_description":"La comunitat creativa de Poblenou Urban District celebra el Carnaval, l&#8217;ocasi\u00f3 perfecta per disfressar-se i gaudir amb amics i familiars.... M\u00e9s \u2192","og_url":"https:\/\/poblenouurbandistrict.com\/ca\/viu-el-carnaval-al-districte-creatiu\/","og_site_name":"Poblenou Urban District","article_published_time":"2025-02-26T13:32:22+00:00","article_modified_time":"2025-02-26T15:15:23+00:00","og_image":[{"width":2560,"height":1709,"url":"https:\/\/poblenouurbandistrict.com\/wp-content\/uploads\/2025\/02\/open-day-x-emidelpiccolo-389.jpg","type":"image\/jpeg"}],"author":"pnud","twitter_card":"summary_large_image","twitter_misc":{"Escrit per":"pnud","Temps estimat de lectura":"2 minuts"},"schema":{"@context":"https:\/\/schema.org","@graph":[{"@type":"Article","@id":"https:\/\/poblenouurbandistrict.com\/viu-el-carnaval-al-districte-creatiu\/#article","isPartOf":{"@id":"https:\/\/poblenouurbandistrict.com\/viu-el-carnaval-al-districte-creatiu\/"},"author":{"name":"pnud","@id":"https:\/\/poblenouurbandistrict.com\/#\/schema\/person\/980a2cf34b399d5218205730acd54a7e"},"headline":"Viu el Carnaval al Districte Creatiu","datePublished":"2025-02-26T13:32:22+00:00","dateModified":"2025-02-26T15:15:23+00:00","mainEntityOfPage":{"@id":"https:\/\/poblenouurbandistrict.com\/viu-el-carnaval-al-districte-creatiu\/"},"wordCount":983,"image":{"@id":"https:\/\/poblenouurbandistrict.com\/viu-el-carnaval-al-districte-creatiu\/#primaryimage"},"thumbnailUrl":"https:\/\/media.poblenouurbandistrict.com\/2025\/02\/25084023\/open-day-x-emidelpiccolo-389.jpg","articleSection":["Est\u00e0 passant"],"inLanguage":"ca"},{"@type":"WebPage","@id":"https:\/\/poblenouurbandistrict.com\/ca\/viu-el-carnaval-al-districte-creatiu\/","url":"https:\/\/poblenouurbandistrict.com\/ca\/viu-el-carnaval-al-districte-creatiu\/","name":"Viu el Carnaval al Districte Creatiu &#8211; Poblenou Urban District","isPartOf":{"@id":"https:\/\/poblenouurbandistrict.com\/ca\/#website"},"primaryImageOfPage":{"@id":"https:\/\/poblenouurbandistrict.com\/ca\/viu-el-carnaval-al-districte-creatiu\/#primaryimage"},"image":{"@id":"https:\/\/poblenouurbandistrict.com\/viu-el-carnaval-al-districte-creatiu\/#primaryimage"},"thumbnailUrl":"https:\/\/media.poblenouurbandistrict.com\/2025\/02\/25084023\/open-day-x-emidelpiccolo-389.jpg","datePublished":"2025-02-26T13:32:22+00:00","dateModified":"2025-02-26T15:15:23+00:00","author":{"@id":"https:\/\/poblenouurbandistrict.com\/#\/schema\/person\/980a2cf34b399d5218205730acd54a7e"},"breadcrumb":{"@id":"https:\/\/poblenouurbandistrict.com\/ca\/viu-el-carnaval-al-districte-creatiu\/#breadcrumb"},"inLanguage":"ca","potentialAction":[{"@type":"ReadAction","target":[["https:\/\/poblenouurbandistrict.com\/ca\/viu-el-carnaval-al-districte-creatiu\/"]]}]},{"@type":"ImageObject","inLanguage":"ca","@id":"https:\/\/poblenouurbandistrict.com\/ca\/viu-el-carnaval-al-districte-creatiu\/#primaryimage","url":"https:\/\/media.poblenouurbandistrict.com\/2025\/02\/25084023\/open-day-x-emidelpiccolo-389.jpg","contentUrl":"https:\/\/media.poblenouurbandistrict.com\/2025\/02\/25084023\/open-day-x-emidelpiccolo-389.jpg","width":2560,"height":1709},{"@type":"BreadcrumbList","@id":"https:\/\/poblenouurbandistrict.com\/ca\/viu-el-carnaval-al-districte-creatiu\/#breadcrumb","itemListElement":[{"@type":"ListItem","position":1,"name":"Home","item":"https:\/\/poblenouurbandistrict.com\/ca\/"},{"@type":"ListItem","position":2,"name":"Viu el Carnaval al Districte Creatiu"}]},{"@type":"WebSite","@id":"https:\/\/poblenouurbandistrict.com\/ca\/#website","url":"https:\/\/poblenouurbandistrict.com\/ca\/","name":"Poblenou Urban District","description":"Comunitat Creativa","potentialAction":[{"@type":"SearchAction","target":{"@type":"EntryPoint","urlTemplate":"https:\/\/poblenouurbandistrict.com\/ca\/?s={search_term_string}"},"query-input":{"@type":"PropertyValueSpecification","valueRequired":true,"valueName":"search_term_string"}}],"inLanguage":"ca"},{"@type":"Person","@id":"https:\/\/poblenouurbandistrict.com\/#\/schema\/person\/980a2cf34b399d5218205730acd54a7e","name":"pnud","image":{"@type":"ImageObject","inLanguage":"ca","@id":"https:\/\/secure.gravatar.com\/avatar\/67146597b405ee077a24e519f75c3e2031736596d6ce35af3a34c122c93d0d7b?s=96&d=retro&r=g","url":"https:\/\/secure.gravatar.com\/avatar\/67146597b405ee077a24e519f75c3e2031736596d6ce35af3a34c122c93d0d7b?s=96&d=retro&r=g","contentUrl":"https:\/\/secure.gravatar.com\/avatar\/67146597b405ee077a24e519f75c3e2031736596d6ce35af3a34c122c93d0d7b?s=96&d=retro&r=g","caption":"pnud"}}]}},"_links":{"self":[{"href":"https:\/\/poblenouurbandistrict.com\/ca\/wp-json\/wp\/v2\/posts\/49883","targetHints":{"allow":["GET"]}}],"collection":[{"href":"https:\/\/poblenouurbandistrict.com\/ca\/wp-json\/wp\/v2\/posts"}],"about":[{"href":"https:\/\/poblenouurbandistrict.com\/ca\/wp-json\/wp\/v2\/types\/post"}],"author":[{"embeddable":true,"href":"https:\/\/poblenouurbandistrict.com\/ca\/wp-json\/wp\/v2\/users\/5"}],"replies":[{"embeddable":true,"href":"https:\/\/poblenouurbandistrict.com\/ca\/wp-json\/wp\/v2\/comments?post=49883"}],"version-history":[{"count":7,"href":"https:\/\/poblenouurbandistrict.com\/ca\/wp-json\/wp\/v2\/posts\/49883\/revisions"}],"predecessor-version":[{"id":49906,"href":"https:\/\/poblenouurbandistrict.com\/ca\/wp-json\/wp\/v2\/posts\/49883\/revisions\/49906"}],"wp:featuredmedia":[{"embeddable":true,"href":"https:\/\/poblenouurbandistrict.com\/ca\/wp-json\/wp\/v2\/media\/49890"}],"wp:attachment":[{"href":"https:\/\/poblenouurbandistrict.com\/ca\/wp-json\/wp\/v2\/media?parent=49883"}],"wp:term":[{"taxonomy":"category","embeddable":true,"href":"https:\/\/poblenouurbandistrict.com\/ca\/wp-json\/wp\/v2\/categories?post=49883"},{"taxonomy":"post_tag","embeddable":true,"href":"https:\/\/poblenouurbandistrict.com\/ca\/wp-json\/wp\/v2\/tags?post=49883"}],"curies":[{"name":"wp","href":"https:\/\/api.w.org\/{rel}","templated":true}]}}