{"id":49916,"date":"2025-03-18T16:57:06","date_gmt":"2025-03-18T15:57:06","guid":{"rendered":"https:\/\/poblenouurbandistrict.com\/?p=49916"},"modified":"2025-03-26T10:41:57","modified_gmt":"2025-03-26T09:41:57","slug":"open-call-busquem-artistes-multidisciplinaris-per-participar-en-el-windows-art-circuit","status":"publish","type":"post","link":"https:\/\/poblenouurbandistrict.com\/ca\/open-call-busquem-artistes-multidisciplinaris-per-participar-en-el-windows-art-circuit\/","title":{"rendered":"Open Call! Presenta&#8217;t a la convocat\u00f2ria del Windows Art Circuit 2025"},"content":{"rendered":"<p><\/p>\n<h2>Convocat\u00f2ria oberta per a la 10a edici\u00f3 del Windows Art Circuit (WAC)!<\/h2>\n<p>El WAC celebrar\u00e0 la seva desena edici\u00f3 el 10 de maig de 2025. Si ets artista \u2014muralista, pintor\/a, fot\u00f2graf\/a, escultor\/a, videoartista o il\u00b7lustrador\/a\u2014 aquesta \u00e9s la teva oportunitat per a presentar un projecte i formar part d&#8217;aquest circuit, dissenyat per a impulsar i reivindicar el talent de l&#8217;art emergent.<\/p>\n<p>Aquest esdeveniment es dur\u00e0 a terme en una selecci\u00f3 d&#8217;espais de la Comunitat Creativa de Poblenou Urban District, on els artistes tindran l&#8217;oportunitat de participar en exposicions col\u00b7lectives i intervencions en directe. L&#8217;associaci\u00f3 facilitar\u00e0 l&#8217;assessorament necessari per a la correcta realitzaci\u00f3 de les exposicions i intervencions en els espais participants.<\/p>\n<p>En aquesta desena edici\u00f3, celebrem els assoliments d&#8217;un projecte que des dels seus inicis ha tingut com a objectiu crear una plataforma de difusi\u00f3 per als artistes dins de la ciutat, brindant-los els recursos materials i t\u00e8cnics necessaris per a desenvolupar els projectes presentats en la convocat\u00f2ria. Els artistes seleccionats formaran part de la campanya global del Open Day i tindran visibilitat a trav\u00e9s de la seva difusi\u00f3, amb l&#8217;oportunitat de mostrar el seu treball a un p\u00fablic ampli.<\/p>\n<p>La data l\u00edmit per a presentar les candidatures \u00e9s el 3 d&#8217;abril a les 23.59 h. Podeu inscriure-us a trav\u00e9s d&#8217;<a href=\"https:\/\/forms.gle\/8jLxNUpo5PGGx7p2A\"><strong>aquest formulari<\/strong><\/a> i consultar m\u00e9s detalls en les <a href=\"https:\/\/drive.google.com\/file\/d\/1ZIGy0nUssbw2mHSAYJKCA54uwXYNCnBa\/view?usp=drive_link\"><strong>bases legals<\/strong><\/a>.<\/p>\n<p>Les propostes seleccionades es presentaran en diferents espais dins del circuit del WAC i formaran part del Open Day, una jornada dedicada a descobrir l&#8217;oferta cultural del Districte Creatiu, que enguany se celebrar\u00e0 el 10 de maig.<\/p>\n<p data-start=\"992\" data-end=\"1165\" data-is-last-node=\"\" data-is-only-node=\"\">El jurat d&#8217;aquesta desena edici\u00f3 est\u00e0 format per:<\/p>\n<ul>\n<li>Jordi Solsona, direcci\u00f3, disseny i comisariat del Gargar Festival.<\/li>\n<li>Xavi Ballaz, direcci\u00f3 art\u00edstica de B-Murals.<\/li>\n<li>Ana Manaia, coordinadora de B-Murals.<\/li>\n<li>Jordi Bohigas, director de Piramid\u00f3n, Centre d&#8217;Art Contemporani.<\/li>\n<li>Ricard Casals, coordinador de Piramid\u00f3n, Centre d&#8217;Art Contemporani.<\/li>\n<li>L\u00faa Coderch, cap d&#8217;estudis del Grau en Belles Arts.<\/li>\n<li>Claudia Costa, direcci\u00f3 creativa de Poblenou Urban District.<\/li>\n<li>Agata Ko\u0142oma\u0144ska, gesti\u00f3 de projectes de Poblenou Urban District.<\/li>\n<li>Edgar Go\u00e1s WEDO, artista muralista.<\/li>\n<\/ul>\n<p><\/p>","protected":false},"excerpt":{"rendered":"<p>Convocat\u00f2ria oberta per a la 10a edici\u00f3 del Windows Art Circuit (WAC)! El WAC celebrar\u00e0 la seva desena edici\u00f3 el&#8230; <a href=\"https:\/\/poblenouurbandistrict.com\/ca\/open-call-busquem-artistes-multidisciplinaris-per-participar-en-el-windows-art-circuit\/\">M\u00e9s  \u2192<\/a><\/p>\n","protected":false},"author":5,"featured_media":37528,"comment_status":"closed","ping_status":"closed","sticky":false,"template":"","format":"standard","meta":{"_acf_changed":false,"footnotes":""},"categories":[3558],"tags":[],"class_list":["post-49916","post","type-post","status-publish","format-standard","has-post-thumbnail","hentry","category-wac"],"acf":[],"yoast_head":"<!-- This site is optimized with the Yoast SEO plugin v27.4 - https:\/\/yoast.com\/product\/yoast-seo-wordpress\/ -->\n<title>Open Call! Presenta&#039;t a la convocat\u00f2ria del Windows Art Circuit 2025 &#8211; Poblenou Urban District<\/title>\n<meta name=\"robots\" content=\"index, follow, max-snippet:-1, max-image-preview:large, max-video-preview:-1\" \/>\n<link rel=\"canonical\" href=\"https:\/\/poblenouurbandistrict.com\/ca\/open-call-busquem-artistes-multidisciplinaris-per-participar-en-el-windows-art-circuit\/\" \/>\n<meta property=\"og:locale\" content=\"ca_ES\" \/>\n<meta property=\"og:type\" content=\"article\" \/>\n<meta property=\"og:title\" content=\"Open Call! Presenta&#039;t a la convocat\u00f2ria del Windows Art Circuit 2025 &#8211; Poblenou Urban District\" \/>\n<meta property=\"og:description\" content=\"Convocat\u00f2ria oberta per a la 10a edici\u00f3 del Windows Art Circuit (WAC)! El WAC celebrar\u00e0 la seva desena edici\u00f3 el... M\u00e9s \u2192\" \/>\n<meta property=\"og:url\" content=\"https:\/\/poblenouurbandistrict.com\/ca\/open-call-busquem-artistes-multidisciplinaris-per-participar-en-el-windows-art-circuit\/\" \/>\n<meta property=\"og:site_name\" content=\"Poblenou Urban District\" \/>\n<meta property=\"article:published_time\" content=\"2025-03-18T15:57:06+00:00\" \/>\n<meta property=\"article:modified_time\" content=\"2025-03-26T09:41:57+00:00\" \/>\n<meta property=\"og:image\" content=\"https:\/\/poblenouurbandistrict.com\/wp-content\/uploads\/2023\/03\/wac-1500x1000-01-1-scaled.jpg\" \/>\n\t<meta property=\"og:image:width\" content=\"2560\" \/>\n\t<meta property=\"og:image:height\" content=\"1707\" \/>\n\t<meta property=\"og:image:type\" content=\"image\/jpeg\" \/>\n<meta name=\"author\" content=\"pnud\" \/>\n<meta name=\"twitter:card\" content=\"summary_large_image\" \/>\n<meta name=\"twitter:label1\" content=\"Escrit per\" \/>\n\t<meta name=\"twitter:data1\" content=\"pnud\" \/>\n\t<meta name=\"twitter:label2\" content=\"Temps estimat de lectura\" \/>\n\t<meta name=\"twitter:data2\" content=\"1 minut\" \/>\n<script type=\"application\/ld+json\" class=\"yoast-schema-graph\">{\"@context\":\"https:\\\/\\\/schema.org\",\"@graph\":[{\"@type\":\"Article\",\"@id\":\"https:\\\/\\\/poblenouurbandistrict.com\\\/open-call-busquem-artistes-multidisciplinaris-per-participar-en-el-windows-art-circuit\\\/#article\",\"isPartOf\":{\"@id\":\"https:\\\/\\\/poblenouurbandistrict.com\\\/open-call-busquem-artistes-multidisciplinaris-per-participar-en-el-windows-art-circuit\\\/\"},\"author\":{\"name\":\"pnud\",\"@id\":\"https:\\\/\\\/poblenouurbandistrict.com\\\/#\\\/schema\\\/person\\\/980a2cf34b399d5218205730acd54a7e\"},\"headline\":\"Open Call! Presenta&#8217;t a la convocat\u00f2ria del Windows Art Circuit 2025\",\"datePublished\":\"2025-03-18T15:57:06+00:00\",\"dateModified\":\"2025-03-26T09:41:57+00:00\",\"mainEntityOfPage\":{\"@id\":\"https:\\\/\\\/poblenouurbandistrict.com\\\/open-call-busquem-artistes-multidisciplinaris-per-participar-en-el-windows-art-circuit\\\/\"},\"wordCount\":766,\"image\":{\"@id\":\"https:\\\/\\\/poblenouurbandistrict.com\\\/open-call-busquem-artistes-multidisciplinaris-per-participar-en-el-windows-art-circuit\\\/#primaryimage\"},\"thumbnailUrl\":\"https:\\\/\\\/media.poblenouurbandistrict.com\\\/2023\\\/03\\\/25060901\\\/wac-1500x1000-01-1-scaled.jpg\",\"articleSection\":[\"WAC\"],\"inLanguage\":\"ca\"},{\"@type\":\"WebPage\",\"@id\":\"https:\\\/\\\/poblenouurbandistrict.com\\\/ca\\\/open-call-busquem-artistes-multidisciplinaris-per-participar-en-el-windows-art-circuit\\\/\",\"url\":\"https:\\\/\\\/poblenouurbandistrict.com\\\/ca\\\/open-call-busquem-artistes-multidisciplinaris-per-participar-en-el-windows-art-circuit\\\/\",\"name\":\"Open Call! Presenta't a la convocat\u00f2ria del Windows Art Circuit 2025 &#8211; Poblenou Urban District\",\"isPartOf\":{\"@id\":\"https:\\\/\\\/poblenouurbandistrict.com\\\/ca\\\/#website\"},\"primaryImageOfPage\":{\"@id\":\"https:\\\/\\\/poblenouurbandistrict.com\\\/ca\\\/open-call-busquem-artistes-multidisciplinaris-per-participar-en-el-windows-art-circuit\\\/#primaryimage\"},\"image\":{\"@id\":\"https:\\\/\\\/poblenouurbandistrict.com\\\/open-call-busquem-artistes-multidisciplinaris-per-participar-en-el-windows-art-circuit\\\/#primaryimage\"},\"thumbnailUrl\":\"https:\\\/\\\/media.poblenouurbandistrict.com\\\/2023\\\/03\\\/25060901\\\/wac-1500x1000-01-1-scaled.jpg\",\"datePublished\":\"2025-03-18T15:57:06+00:00\",\"dateModified\":\"2025-03-26T09:41:57+00:00\",\"author\":{\"@id\":\"https:\\\/\\\/poblenouurbandistrict.com\\\/#\\\/schema\\\/person\\\/980a2cf34b399d5218205730acd54a7e\"},\"breadcrumb\":{\"@id\":\"https:\\\/\\\/poblenouurbandistrict.com\\\/ca\\\/open-call-busquem-artistes-multidisciplinaris-per-participar-en-el-windows-art-circuit\\\/#breadcrumb\"},\"inLanguage\":\"ca\",\"potentialAction\":[{\"@type\":\"ReadAction\",\"target\":[[\"https:\\\/\\\/poblenouurbandistrict.com\\\/ca\\\/open-call-busquem-artistes-multidisciplinaris-per-participar-en-el-windows-art-circuit\\\/\"]]}]},{\"@type\":\"ImageObject\",\"inLanguage\":\"ca\",\"@id\":\"https:\\\/\\\/poblenouurbandistrict.com\\\/ca\\\/open-call-busquem-artistes-multidisciplinaris-per-participar-en-el-windows-art-circuit\\\/#primaryimage\",\"url\":\"https:\\\/\\\/media.poblenouurbandistrict.com\\\/2023\\\/03\\\/25060901\\\/wac-1500x1000-01-1-scaled.jpg\",\"contentUrl\":\"https:\\\/\\\/media.poblenouurbandistrict.com\\\/2023\\\/03\\\/25060901\\\/wac-1500x1000-01-1-scaled.jpg\",\"width\":2560,\"height\":1707},{\"@type\":\"BreadcrumbList\",\"@id\":\"https:\\\/\\\/poblenouurbandistrict.com\\\/ca\\\/open-call-busquem-artistes-multidisciplinaris-per-participar-en-el-windows-art-circuit\\\/#breadcrumb\",\"itemListElement\":[{\"@type\":\"ListItem\",\"position\":1,\"name\":\"Home\",\"item\":\"https:\\\/\\\/poblenouurbandistrict.com\\\/ca\\\/\"},{\"@type\":\"ListItem\",\"position\":2,\"name\":\"Open Call! Presenta&#8217;t a la convocat\u00f2ria del Windows Art Circuit 2025\"}]},{\"@type\":\"WebSite\",\"@id\":\"https:\\\/\\\/poblenouurbandistrict.com\\\/ca\\\/#website\",\"url\":\"https:\\\/\\\/poblenouurbandistrict.com\\\/ca\\\/\",\"name\":\"Poblenou Urban District\",\"description\":\"Comunitat Creativa\",\"potentialAction\":[{\"@type\":\"SearchAction\",\"target\":{\"@type\":\"EntryPoint\",\"urlTemplate\":\"https:\\\/\\\/poblenouurbandistrict.com\\\/ca\\\/?s={search_term_string}\"},\"query-input\":{\"@type\":\"PropertyValueSpecification\",\"valueRequired\":true,\"valueName\":\"search_term_string\"}}],\"inLanguage\":\"ca\"},{\"@type\":\"Person\",\"@id\":\"https:\\\/\\\/poblenouurbandistrict.com\\\/#\\\/schema\\\/person\\\/980a2cf34b399d5218205730acd54a7e\",\"name\":\"pnud\",\"image\":{\"@type\":\"ImageObject\",\"inLanguage\":\"ca\",\"@id\":\"https:\\\/\\\/secure.gravatar.com\\\/avatar\\\/67146597b405ee077a24e519f75c3e2031736596d6ce35af3a34c122c93d0d7b?s=96&d=retro&r=g\",\"url\":\"https:\\\/\\\/secure.gravatar.com\\\/avatar\\\/67146597b405ee077a24e519f75c3e2031736596d6ce35af3a34c122c93d0d7b?s=96&d=retro&r=g\",\"contentUrl\":\"https:\\\/\\\/secure.gravatar.com\\\/avatar\\\/67146597b405ee077a24e519f75c3e2031736596d6ce35af3a34c122c93d0d7b?s=96&d=retro&r=g\",\"caption\":\"pnud\"}}]}<\/script>\n<!-- \/ Yoast SEO plugin. -->","yoast_head_json":{"title":"Open Call! Presenta't a la convocat\u00f2ria del Windows Art Circuit 2025 &#8211; Poblenou Urban District","robots":{"index":"index","follow":"follow","max-snippet":"max-snippet:-1","max-image-preview":"max-image-preview:large","max-video-preview":"max-video-preview:-1"},"canonical":"https:\/\/poblenouurbandistrict.com\/ca\/open-call-busquem-artistes-multidisciplinaris-per-participar-en-el-windows-art-circuit\/","og_locale":"ca_ES","og_type":"article","og_title":"Open Call! Presenta't a la convocat\u00f2ria del Windows Art Circuit 2025 &#8211; Poblenou Urban District","og_description":"Convocat\u00f2ria oberta per a la 10a edici\u00f3 del Windows Art Circuit (WAC)! El WAC celebrar\u00e0 la seva desena edici\u00f3 el... M\u00e9s \u2192","og_url":"https:\/\/poblenouurbandistrict.com\/ca\/open-call-busquem-artistes-multidisciplinaris-per-participar-en-el-windows-art-circuit\/","og_site_name":"Poblenou Urban District","article_published_time":"2025-03-18T15:57:06+00:00","article_modified_time":"2025-03-26T09:41:57+00:00","og_image":[{"width":2560,"height":1707,"url":"https:\/\/poblenouurbandistrict.com\/wp-content\/uploads\/2023\/03\/wac-1500x1000-01-1-scaled.jpg","type":"image\/jpeg"}],"author":"pnud","twitter_card":"summary_large_image","twitter_misc":{"Escrit per":"pnud","Temps estimat de lectura":"1 minut"},"schema":{"@context":"https:\/\/schema.org","@graph":[{"@type":"Article","@id":"https:\/\/poblenouurbandistrict.com\/open-call-busquem-artistes-multidisciplinaris-per-participar-en-el-windows-art-circuit\/#article","isPartOf":{"@id":"https:\/\/poblenouurbandistrict.com\/open-call-busquem-artistes-multidisciplinaris-per-participar-en-el-windows-art-circuit\/"},"author":{"name":"pnud","@id":"https:\/\/poblenouurbandistrict.com\/#\/schema\/person\/980a2cf34b399d5218205730acd54a7e"},"headline":"Open Call! Presenta&#8217;t a la convocat\u00f2ria del Windows Art Circuit 2025","datePublished":"2025-03-18T15:57:06+00:00","dateModified":"2025-03-26T09:41:57+00:00","mainEntityOfPage":{"@id":"https:\/\/poblenouurbandistrict.com\/open-call-busquem-artistes-multidisciplinaris-per-participar-en-el-windows-art-circuit\/"},"wordCount":766,"image":{"@id":"https:\/\/poblenouurbandistrict.com\/open-call-busquem-artistes-multidisciplinaris-per-participar-en-el-windows-art-circuit\/#primaryimage"},"thumbnailUrl":"https:\/\/media.poblenouurbandistrict.com\/2023\/03\/25060901\/wac-1500x1000-01-1-scaled.jpg","articleSection":["WAC"],"inLanguage":"ca"},{"@type":"WebPage","@id":"https:\/\/poblenouurbandistrict.com\/ca\/open-call-busquem-artistes-multidisciplinaris-per-participar-en-el-windows-art-circuit\/","url":"https:\/\/poblenouurbandistrict.com\/ca\/open-call-busquem-artistes-multidisciplinaris-per-participar-en-el-windows-art-circuit\/","name":"Open Call! Presenta't a la convocat\u00f2ria del Windows Art Circuit 2025 &#8211; Poblenou Urban District","isPartOf":{"@id":"https:\/\/poblenouurbandistrict.com\/ca\/#website"},"primaryImageOfPage":{"@id":"https:\/\/poblenouurbandistrict.com\/ca\/open-call-busquem-artistes-multidisciplinaris-per-participar-en-el-windows-art-circuit\/#primaryimage"},"image":{"@id":"https:\/\/poblenouurbandistrict.com\/open-call-busquem-artistes-multidisciplinaris-per-participar-en-el-windows-art-circuit\/#primaryimage"},"thumbnailUrl":"https:\/\/media.poblenouurbandistrict.com\/2023\/03\/25060901\/wac-1500x1000-01-1-scaled.jpg","datePublished":"2025-03-18T15:57:06+00:00","dateModified":"2025-03-26T09:41:57+00:00","author":{"@id":"https:\/\/poblenouurbandistrict.com\/#\/schema\/person\/980a2cf34b399d5218205730acd54a7e"},"breadcrumb":{"@id":"https:\/\/poblenouurbandistrict.com\/ca\/open-call-busquem-artistes-multidisciplinaris-per-participar-en-el-windows-art-circuit\/#breadcrumb"},"inLanguage":"ca","potentialAction":[{"@type":"ReadAction","target":[["https:\/\/poblenouurbandistrict.com\/ca\/open-call-busquem-artistes-multidisciplinaris-per-participar-en-el-windows-art-circuit\/"]]}]},{"@type":"ImageObject","inLanguage":"ca","@id":"https:\/\/poblenouurbandistrict.com\/ca\/open-call-busquem-artistes-multidisciplinaris-per-participar-en-el-windows-art-circuit\/#primaryimage","url":"https:\/\/media.poblenouurbandistrict.com\/2023\/03\/25060901\/wac-1500x1000-01-1-scaled.jpg","contentUrl":"https:\/\/media.poblenouurbandistrict.com\/2023\/03\/25060901\/wac-1500x1000-01-1-scaled.jpg","width":2560,"height":1707},{"@type":"BreadcrumbList","@id":"https:\/\/poblenouurbandistrict.com\/ca\/open-call-busquem-artistes-multidisciplinaris-per-participar-en-el-windows-art-circuit\/#breadcrumb","itemListElement":[{"@type":"ListItem","position":1,"name":"Home","item":"https:\/\/poblenouurbandistrict.com\/ca\/"},{"@type":"ListItem","position":2,"name":"Open Call! Presenta&#8217;t a la convocat\u00f2ria del Windows Art Circuit 2025"}]},{"@type":"WebSite","@id":"https:\/\/poblenouurbandistrict.com\/ca\/#website","url":"https:\/\/poblenouurbandistrict.com\/ca\/","name":"Poblenou Urban District","description":"Comunitat Creativa","potentialAction":[{"@type":"SearchAction","target":{"@type":"EntryPoint","urlTemplate":"https:\/\/poblenouurbandistrict.com\/ca\/?s={search_term_string}"},"query-input":{"@type":"PropertyValueSpecification","valueRequired":true,"valueName":"search_term_string"}}],"inLanguage":"ca"},{"@type":"Person","@id":"https:\/\/poblenouurbandistrict.com\/#\/schema\/person\/980a2cf34b399d5218205730acd54a7e","name":"pnud","image":{"@type":"ImageObject","inLanguage":"ca","@id":"https:\/\/secure.gravatar.com\/avatar\/67146597b405ee077a24e519f75c3e2031736596d6ce35af3a34c122c93d0d7b?s=96&d=retro&r=g","url":"https:\/\/secure.gravatar.com\/avatar\/67146597b405ee077a24e519f75c3e2031736596d6ce35af3a34c122c93d0d7b?s=96&d=retro&r=g","contentUrl":"https:\/\/secure.gravatar.com\/avatar\/67146597b405ee077a24e519f75c3e2031736596d6ce35af3a34c122c93d0d7b?s=96&d=retro&r=g","caption":"pnud"}}]}},"_links":{"self":[{"href":"https:\/\/poblenouurbandistrict.com\/ca\/wp-json\/wp\/v2\/posts\/49916","targetHints":{"allow":["GET"]}}],"collection":[{"href":"https:\/\/poblenouurbandistrict.com\/ca\/wp-json\/wp\/v2\/posts"}],"about":[{"href":"https:\/\/poblenouurbandistrict.com\/ca\/wp-json\/wp\/v2\/types\/post"}],"author":[{"embeddable":true,"href":"https:\/\/poblenouurbandistrict.com\/ca\/wp-json\/wp\/v2\/users\/5"}],"replies":[{"embeddable":true,"href":"https:\/\/poblenouurbandistrict.com\/ca\/wp-json\/wp\/v2\/comments?post=49916"}],"version-history":[{"count":20,"href":"https:\/\/poblenouurbandistrict.com\/ca\/wp-json\/wp\/v2\/posts\/49916\/revisions"}],"predecessor-version":[{"id":50396,"href":"https:\/\/poblenouurbandistrict.com\/ca\/wp-json\/wp\/v2\/posts\/49916\/revisions\/50396"}],"wp:featuredmedia":[{"embeddable":true,"href":"https:\/\/poblenouurbandistrict.com\/ca\/wp-json\/wp\/v2\/media\/37528"}],"wp:attachment":[{"href":"https:\/\/poblenouurbandistrict.com\/ca\/wp-json\/wp\/v2\/media?parent=49916"}],"wp:term":[{"taxonomy":"category","embeddable":true,"href":"https:\/\/poblenouurbandistrict.com\/ca\/wp-json\/wp\/v2\/categories?post=49916"},{"taxonomy":"post_tag","embeddable":true,"href":"https:\/\/poblenouurbandistrict.com\/ca\/wp-json\/wp\/v2\/tags?post=49916"}],"curies":[{"name":"wp","href":"https:\/\/api.w.org\/{rel}","templated":true}]}}