{"id":50463,"date":"2025-04-03T11:09:11","date_gmt":"2025-04-03T09:09:11","guid":{"rendered":"https:\/\/poblenouurbandistrict.com\/?p=50463"},"modified":"2025-04-03T11:48:43","modified_gmt":"2025-04-03T09:48:43","slug":"recupera-les-xerrades-de-las-8-urban-talks","status":"publish","type":"post","link":"https:\/\/poblenouurbandistrict.com\/ca\/recupera-les-xerrades-de-las-8-urban-talks\/","title":{"rendered":"Et vas perdre la 8a edici\u00f3 de les Urban Talks? Aqu\u00ed les pots veure!"},"content":{"rendered":"<p>El passat 29 de mar\u00e7 vam celebrar la <strong>8a edici\u00f3 de les Urban Talks<\/strong>, el cicle de xerrades itinerants organitzat per Poblenou Urban District i La Plataforma, que van portar per t\u00edtol &#8220;<strong>La transformaci\u00f3 del territori a trav\u00e9s de l&#8217;art, la creativitat i la tecnologia&#8221;.<\/strong><\/p>\n<p>La jornada d&#8217;enguany centrada en el di\u00e0leg entre els professionals i el p\u00fablic per explorar diverses perspectives sobre la creativitiat i l&#8217;art en l&#8217;entorn urb\u00e0, es va estructurar en tres taules rodones, moderades per l&#8217;artista i investigador Enrique Radigales.<\/p>\n<p>A la primera, els membres de l&#8217;equip d<a href=\"https:\/\/www.indissoluble.com\/\">&#8216;Indissoluble<\/a> &#8211; Juan Roberto V\u00e1squez, Ricard Campeny i Arturo Fuentes &#8211;\u00a0 van parlar sobre <strong>&#8220;Experi\u00e8ncies expositives. De l&#8217;ef\u00edmer al permanent&#8221;<\/strong>. A la segona, l&#8217;artista Alexander Grahovsky, fundador de <a href=\"https:\/\/swab.es\/es\/\">Swab Barcelona<\/a>, Joaqu\u00edn D\u00edez-Casc\u00f3n, i el director de <a href=\"https:\/\/www.piramidon.com\/es\/\">Piramid\u00f3n, Centre d&#8217;Art Contemporani<\/a> Jordi Bohigas\u00a0 van conversar sobre <strong>&#8220;Nous relats del col\u00b7leccionisme<\/strong>. A la tercera, El dios de los tres, Alberto Le\u00f3n i Medianeras van reflexionar sobre <strong>&#8220;Art i Territori&#8221;.<\/strong><\/p>\n<p>Moltes gr\u00e0cies a tots per participar-hi!<\/p>\n<p>Volem extendre el nostre agraiment a<a href=\"https:\/\/www.instagram.com\/esquebcn\/\"> Es que Caf\u00e9 y Bar<\/a> i a <a href=\"https:\/\/www.instagram.com\/sin.amor.no\/?hl=es\">Sin Amor No<\/a> per col\u00b7laborar a aquest cicle de xerrades amb les seves delicioses creacions.<\/p>\n<p>Podeu veure l&#8217;<em>streaming\u00a0<\/em>complet de l&#8217;acte en aquest <a href=\"https:\/\/www.youtube.com\/live\/fS1InAbIXDc?si=yvm9HcwgNd7jpzhh\">enlla\u00e7<\/a>.<\/p>","protected":false},"excerpt":{"rendered":"<p>El passat 29 de mar\u00e7 vam celebrar la 8a edici\u00f3 de les Urban Talks, el cicle de xerrades itinerants organitzat&#8230; <a href=\"https:\/\/poblenouurbandistrict.com\/ca\/recupera-les-xerrades-de-las-8-urban-talks\/\">M\u00e9s  \u2192<\/a><\/p>\n","protected":false},"author":5,"featured_media":50493,"comment_status":"closed","ping_status":"closed","sticky":false,"template":"","format":"standard","meta":{"_acf_changed":false,"footnotes":""},"categories":[1],"tags":[],"class_list":["post-50463","post","type-post","status-publish","format-standard","has-post-thumbnail","hentry","category-noticias"],"acf":[],"yoast_head":"<!-- This site is optimized with the Yoast SEO plugin v27.5 - https:\/\/yoast.com\/product\/yoast-seo-wordpress\/ -->\n<title>Et vas perdre la 8a edici\u00f3 de les Urban Talks? Aqu\u00ed les pots veure! &#8211; Poblenou Urban District<\/title>\n<meta name=\"robots\" content=\"index, follow, max-snippet:-1, max-image-preview:large, max-video-preview:-1\" \/>\n<link rel=\"canonical\" href=\"https:\/\/poblenouurbandistrict.com\/ca\/recupera-les-xerrades-de-las-8-urban-talks\/\" \/>\n<meta property=\"og:locale\" content=\"ca_ES\" \/>\n<meta property=\"og:type\" content=\"article\" \/>\n<meta property=\"og:title\" content=\"Et vas perdre la 8a edici\u00f3 de les Urban Talks? Aqu\u00ed les pots veure! &#8211; Poblenou Urban District\" \/>\n<meta property=\"og:description\" content=\"El passat 29 de mar\u00e7 vam celebrar la 8a edici\u00f3 de les Urban Talks, el cicle de xerrades itinerants organitzat... M\u00e9s \u2192\" \/>\n<meta property=\"og:url\" content=\"https:\/\/poblenouurbandistrict.com\/ca\/recupera-les-xerrades-de-las-8-urban-talks\/\" \/>\n<meta property=\"og:site_name\" content=\"Poblenou Urban District\" \/>\n<meta property=\"article:published_time\" content=\"2025-04-03T09:09:11+00:00\" \/>\n<meta property=\"article:modified_time\" content=\"2025-04-03T09:48:43+00:00\" \/>\n<meta property=\"og:image\" content=\"https:\/\/poblenouurbandistrict.com\/wp-content\/uploads\/2025\/04\/002-e1743673716489.jpg\" \/>\n\t<meta property=\"og:image:width\" content=\"2197\" \/>\n\t<meta property=\"og:image:height\" content=\"1557\" \/>\n\t<meta property=\"og:image:type\" content=\"image\/jpeg\" \/>\n<meta name=\"author\" content=\"pnud\" \/>\n<meta name=\"twitter:card\" content=\"summary_large_image\" \/>\n<meta name=\"twitter:label1\" content=\"Escrit per\" \/>\n\t<meta name=\"twitter:data1\" content=\"pnud\" \/>\n\t<meta name=\"twitter:label2\" content=\"Temps estimat de lectura\" \/>\n\t<meta name=\"twitter:data2\" content=\"2 minuts\" \/>\n<script type=\"application\/ld+json\" class=\"yoast-schema-graph\">{\"@context\":\"https:\\\/\\\/schema.org\",\"@graph\":[{\"@type\":\"Article\",\"@id\":\"https:\\\/\\\/poblenouurbandistrict.com\\\/recupera-les-xerrades-de-las-8-urban-talks\\\/#article\",\"isPartOf\":{\"@id\":\"https:\\\/\\\/poblenouurbandistrict.com\\\/recupera-les-xerrades-de-las-8-urban-talks\\\/\"},\"author\":{\"name\":\"pnud\",\"@id\":\"https:\\\/\\\/poblenouurbandistrict.com\\\/#\\\/schema\\\/person\\\/980a2cf34b399d5218205730acd54a7e\"},\"headline\":\"Et vas perdre la 8a edici\u00f3 de les Urban Talks? Aqu\u00ed les pots veure!\",\"datePublished\":\"2025-04-03T09:09:11+00:00\",\"dateModified\":\"2025-04-03T09:48:43+00:00\",\"mainEntityOfPage\":{\"@id\":\"https:\\\/\\\/poblenouurbandistrict.com\\\/recupera-les-xerrades-de-las-8-urban-talks\\\/\"},\"wordCount\":681,\"image\":{\"@id\":\"https:\\\/\\\/poblenouurbandistrict.com\\\/recupera-les-xerrades-de-las-8-urban-talks\\\/#primaryimage\"},\"thumbnailUrl\":\"https:\\\/\\\/media.poblenouurbandistrict.com\\\/2025\\\/04\\\/25085045\\\/002-e1743673716489.jpg\",\"articleSection\":[\"Est\u00e0 passant\"],\"inLanguage\":\"ca\"},{\"@type\":\"WebPage\",\"@id\":\"https:\\\/\\\/poblenouurbandistrict.com\\\/ca\\\/recupera-les-xerrades-de-las-8-urban-talks\\\/\",\"url\":\"https:\\\/\\\/poblenouurbandistrict.com\\\/ca\\\/recupera-les-xerrades-de-las-8-urban-talks\\\/\",\"name\":\"Et vas perdre la 8a edici\u00f3 de les Urban Talks? Aqu\u00ed les pots veure! &#8211; Poblenou Urban District\",\"isPartOf\":{\"@id\":\"https:\\\/\\\/poblenouurbandistrict.com\\\/ca\\\/#website\"},\"primaryImageOfPage\":{\"@id\":\"https:\\\/\\\/poblenouurbandistrict.com\\\/ca\\\/recupera-les-xerrades-de-las-8-urban-talks\\\/#primaryimage\"},\"image\":{\"@id\":\"https:\\\/\\\/poblenouurbandistrict.com\\\/recupera-les-xerrades-de-las-8-urban-talks\\\/#primaryimage\"},\"thumbnailUrl\":\"https:\\\/\\\/media.poblenouurbandistrict.com\\\/2025\\\/04\\\/25085045\\\/002-e1743673716489.jpg\",\"datePublished\":\"2025-04-03T09:09:11+00:00\",\"dateModified\":\"2025-04-03T09:48:43+00:00\",\"author\":{\"@id\":\"https:\\\/\\\/poblenouurbandistrict.com\\\/#\\\/schema\\\/person\\\/980a2cf34b399d5218205730acd54a7e\"},\"breadcrumb\":{\"@id\":\"https:\\\/\\\/poblenouurbandistrict.com\\\/ca\\\/recupera-les-xerrades-de-las-8-urban-talks\\\/#breadcrumb\"},\"inLanguage\":\"ca\",\"potentialAction\":[{\"@type\":\"ReadAction\",\"target\":[[\"https:\\\/\\\/poblenouurbandistrict.com\\\/ca\\\/recupera-les-xerrades-de-las-8-urban-talks\\\/\"]]}]},{\"@type\":\"ImageObject\",\"inLanguage\":\"ca\",\"@id\":\"https:\\\/\\\/poblenouurbandistrict.com\\\/ca\\\/recupera-les-xerrades-de-las-8-urban-talks\\\/#primaryimage\",\"url\":\"https:\\\/\\\/media.poblenouurbandistrict.com\\\/2025\\\/04\\\/25085045\\\/002-e1743673716489.jpg\",\"contentUrl\":\"https:\\\/\\\/media.poblenouurbandistrict.com\\\/2025\\\/04\\\/25085045\\\/002-e1743673716489.jpg\",\"width\":2197,\"height\":1557},{\"@type\":\"BreadcrumbList\",\"@id\":\"https:\\\/\\\/poblenouurbandistrict.com\\\/ca\\\/recupera-les-xerrades-de-las-8-urban-talks\\\/#breadcrumb\",\"itemListElement\":[{\"@type\":\"ListItem\",\"position\":1,\"name\":\"Home\",\"item\":\"https:\\\/\\\/poblenouurbandistrict.com\\\/ca\\\/\"},{\"@type\":\"ListItem\",\"position\":2,\"name\":\"Et vas perdre la 8a edici\u00f3 de les Urban Talks? Aqu\u00ed les pots veure!\"}]},{\"@type\":\"WebSite\",\"@id\":\"https:\\\/\\\/poblenouurbandistrict.com\\\/ca\\\/#website\",\"url\":\"https:\\\/\\\/poblenouurbandistrict.com\\\/ca\\\/\",\"name\":\"Poblenou Urban District\",\"description\":\"Comunitat Creativa\",\"potentialAction\":[{\"@type\":\"SearchAction\",\"target\":{\"@type\":\"EntryPoint\",\"urlTemplate\":\"https:\\\/\\\/poblenouurbandistrict.com\\\/ca\\\/?s={search_term_string}\"},\"query-input\":{\"@type\":\"PropertyValueSpecification\",\"valueRequired\":true,\"valueName\":\"search_term_string\"}}],\"inLanguage\":\"ca\"},{\"@type\":\"Person\",\"@id\":\"https:\\\/\\\/poblenouurbandistrict.com\\\/#\\\/schema\\\/person\\\/980a2cf34b399d5218205730acd54a7e\",\"name\":\"pnud\",\"image\":{\"@type\":\"ImageObject\",\"inLanguage\":\"ca\",\"@id\":\"https:\\\/\\\/secure.gravatar.com\\\/avatar\\\/67146597b405ee077a24e519f75c3e2031736596d6ce35af3a34c122c93d0d7b?s=96&d=retro&r=g\",\"url\":\"https:\\\/\\\/secure.gravatar.com\\\/avatar\\\/67146597b405ee077a24e519f75c3e2031736596d6ce35af3a34c122c93d0d7b?s=96&d=retro&r=g\",\"contentUrl\":\"https:\\\/\\\/secure.gravatar.com\\\/avatar\\\/67146597b405ee077a24e519f75c3e2031736596d6ce35af3a34c122c93d0d7b?s=96&d=retro&r=g\",\"caption\":\"pnud\"}}]}<\/script>\n<!-- \/ Yoast SEO plugin. -->","yoast_head_json":{"title":"Et vas perdre la 8a edici\u00f3 de les Urban Talks? Aqu\u00ed les pots veure! &#8211; Poblenou Urban District","robots":{"index":"index","follow":"follow","max-snippet":"max-snippet:-1","max-image-preview":"max-image-preview:large","max-video-preview":"max-video-preview:-1"},"canonical":"https:\/\/poblenouurbandistrict.com\/ca\/recupera-les-xerrades-de-las-8-urban-talks\/","og_locale":"ca_ES","og_type":"article","og_title":"Et vas perdre la 8a edici\u00f3 de les Urban Talks? Aqu\u00ed les pots veure! &#8211; Poblenou Urban District","og_description":"El passat 29 de mar\u00e7 vam celebrar la 8a edici\u00f3 de les Urban Talks, el cicle de xerrades itinerants organitzat... M\u00e9s \u2192","og_url":"https:\/\/poblenouurbandistrict.com\/ca\/recupera-les-xerrades-de-las-8-urban-talks\/","og_site_name":"Poblenou Urban District","article_published_time":"2025-04-03T09:09:11+00:00","article_modified_time":"2025-04-03T09:48:43+00:00","og_image":[{"width":2197,"height":1557,"url":"https:\/\/poblenouurbandistrict.com\/wp-content\/uploads\/2025\/04\/002-e1743673716489.jpg","type":"image\/jpeg"}],"author":"pnud","twitter_card":"summary_large_image","twitter_misc":{"Escrit per":"pnud","Temps estimat de lectura":"2 minuts"},"schema":{"@context":"https:\/\/schema.org","@graph":[{"@type":"Article","@id":"https:\/\/poblenouurbandistrict.com\/recupera-les-xerrades-de-las-8-urban-talks\/#article","isPartOf":{"@id":"https:\/\/poblenouurbandistrict.com\/recupera-les-xerrades-de-las-8-urban-talks\/"},"author":{"name":"pnud","@id":"https:\/\/poblenouurbandistrict.com\/#\/schema\/person\/980a2cf34b399d5218205730acd54a7e"},"headline":"Et vas perdre la 8a edici\u00f3 de les Urban Talks? Aqu\u00ed les pots veure!","datePublished":"2025-04-03T09:09:11+00:00","dateModified":"2025-04-03T09:48:43+00:00","mainEntityOfPage":{"@id":"https:\/\/poblenouurbandistrict.com\/recupera-les-xerrades-de-las-8-urban-talks\/"},"wordCount":681,"image":{"@id":"https:\/\/poblenouurbandistrict.com\/recupera-les-xerrades-de-las-8-urban-talks\/#primaryimage"},"thumbnailUrl":"https:\/\/media.poblenouurbandistrict.com\/2025\/04\/25085045\/002-e1743673716489.jpg","articleSection":["Est\u00e0 passant"],"inLanguage":"ca"},{"@type":"WebPage","@id":"https:\/\/poblenouurbandistrict.com\/ca\/recupera-les-xerrades-de-las-8-urban-talks\/","url":"https:\/\/poblenouurbandistrict.com\/ca\/recupera-les-xerrades-de-las-8-urban-talks\/","name":"Et vas perdre la 8a edici\u00f3 de les Urban Talks? Aqu\u00ed les pots veure! &#8211; Poblenou Urban District","isPartOf":{"@id":"https:\/\/poblenouurbandistrict.com\/ca\/#website"},"primaryImageOfPage":{"@id":"https:\/\/poblenouurbandistrict.com\/ca\/recupera-les-xerrades-de-las-8-urban-talks\/#primaryimage"},"image":{"@id":"https:\/\/poblenouurbandistrict.com\/recupera-les-xerrades-de-las-8-urban-talks\/#primaryimage"},"thumbnailUrl":"https:\/\/media.poblenouurbandistrict.com\/2025\/04\/25085045\/002-e1743673716489.jpg","datePublished":"2025-04-03T09:09:11+00:00","dateModified":"2025-04-03T09:48:43+00:00","author":{"@id":"https:\/\/poblenouurbandistrict.com\/#\/schema\/person\/980a2cf34b399d5218205730acd54a7e"},"breadcrumb":{"@id":"https:\/\/poblenouurbandistrict.com\/ca\/recupera-les-xerrades-de-las-8-urban-talks\/#breadcrumb"},"inLanguage":"ca","potentialAction":[{"@type":"ReadAction","target":[["https:\/\/poblenouurbandistrict.com\/ca\/recupera-les-xerrades-de-las-8-urban-talks\/"]]}]},{"@type":"ImageObject","inLanguage":"ca","@id":"https:\/\/poblenouurbandistrict.com\/ca\/recupera-les-xerrades-de-las-8-urban-talks\/#primaryimage","url":"https:\/\/media.poblenouurbandistrict.com\/2025\/04\/25085045\/002-e1743673716489.jpg","contentUrl":"https:\/\/media.poblenouurbandistrict.com\/2025\/04\/25085045\/002-e1743673716489.jpg","width":2197,"height":1557},{"@type":"BreadcrumbList","@id":"https:\/\/poblenouurbandistrict.com\/ca\/recupera-les-xerrades-de-las-8-urban-talks\/#breadcrumb","itemListElement":[{"@type":"ListItem","position":1,"name":"Home","item":"https:\/\/poblenouurbandistrict.com\/ca\/"},{"@type":"ListItem","position":2,"name":"Et vas perdre la 8a edici\u00f3 de les Urban Talks? Aqu\u00ed les pots veure!"}]},{"@type":"WebSite","@id":"https:\/\/poblenouurbandistrict.com\/ca\/#website","url":"https:\/\/poblenouurbandistrict.com\/ca\/","name":"Poblenou Urban District","description":"Comunitat Creativa","potentialAction":[{"@type":"SearchAction","target":{"@type":"EntryPoint","urlTemplate":"https:\/\/poblenouurbandistrict.com\/ca\/?s={search_term_string}"},"query-input":{"@type":"PropertyValueSpecification","valueRequired":true,"valueName":"search_term_string"}}],"inLanguage":"ca"},{"@type":"Person","@id":"https:\/\/poblenouurbandistrict.com\/#\/schema\/person\/980a2cf34b399d5218205730acd54a7e","name":"pnud","image":{"@type":"ImageObject","inLanguage":"ca","@id":"https:\/\/secure.gravatar.com\/avatar\/67146597b405ee077a24e519f75c3e2031736596d6ce35af3a34c122c93d0d7b?s=96&d=retro&r=g","url":"https:\/\/secure.gravatar.com\/avatar\/67146597b405ee077a24e519f75c3e2031736596d6ce35af3a34c122c93d0d7b?s=96&d=retro&r=g","contentUrl":"https:\/\/secure.gravatar.com\/avatar\/67146597b405ee077a24e519f75c3e2031736596d6ce35af3a34c122c93d0d7b?s=96&d=retro&r=g","caption":"pnud"}}]}},"_links":{"self":[{"href":"https:\/\/poblenouurbandistrict.com\/ca\/wp-json\/wp\/v2\/posts\/50463","targetHints":{"allow":["GET"]}}],"collection":[{"href":"https:\/\/poblenouurbandistrict.com\/ca\/wp-json\/wp\/v2\/posts"}],"about":[{"href":"https:\/\/poblenouurbandistrict.com\/ca\/wp-json\/wp\/v2\/types\/post"}],"author":[{"embeddable":true,"href":"https:\/\/poblenouurbandistrict.com\/ca\/wp-json\/wp\/v2\/users\/5"}],"replies":[{"embeddable":true,"href":"https:\/\/poblenouurbandistrict.com\/ca\/wp-json\/wp\/v2\/comments?post=50463"}],"version-history":[{"count":6,"href":"https:\/\/poblenouurbandistrict.com\/ca\/wp-json\/wp\/v2\/posts\/50463\/revisions"}],"predecessor-version":[{"id":50494,"href":"https:\/\/poblenouurbandistrict.com\/ca\/wp-json\/wp\/v2\/posts\/50463\/revisions\/50494"}],"wp:featuredmedia":[{"embeddable":true,"href":"https:\/\/poblenouurbandistrict.com\/ca\/wp-json\/wp\/v2\/media\/50493"}],"wp:attachment":[{"href":"https:\/\/poblenouurbandistrict.com\/ca\/wp-json\/wp\/v2\/media?parent=50463"}],"wp:term":[{"taxonomy":"category","embeddable":true,"href":"https:\/\/poblenouurbandistrict.com\/ca\/wp-json\/wp\/v2\/categories?post=50463"},{"taxonomy":"post_tag","embeddable":true,"href":"https:\/\/poblenouurbandistrict.com\/ca\/wp-json\/wp\/v2\/tags?post=50463"}],"curies":[{"name":"wp","href":"https:\/\/api.w.org\/{rel}","templated":true}]}}