{"id":50578,"date":"2025-04-09T12:28:54","date_gmt":"2025-04-09T10:28:54","guid":{"rendered":"https:\/\/poblenouurbandistrict.com\/?p=50578"},"modified":"2025-04-09T12:29:51","modified_gmt":"2025-04-09T10:29:51","slug":"indissoluble-compleix-20-anys","status":"publish","type":"post","link":"https:\/\/poblenouurbandistrict.com\/ca\/indissoluble-compleix-20-anys\/","title":{"rendered":"Indissoluble celebra el seu 20\u00e9 aniversari!"},"content":{"rendered":"<p><\/p>\n<p data-pm-slice=\"0 0 []\">El 23 d&#8217;abril de 2025, <strong><a href=\"https:\/\/www.indissoluble.com\/\">Indissoluble, The Exhibition Factory<\/a><\/strong> compleix 20 anys plens de creativitat i innovaci\u00f3. Des de 2005 a Indissoluble dissenyen i creen espais que expliquen hist\u00f2ries i transmeten el car\u00e0cter \u00fanic dels seus clients a trav\u00e9s d&#8217;experi\u00e8ncies interactives i sensorials.<\/p>\n<p>Des de la digitalitzaci\u00f3 de la Cloaca Massima de Roma fins a la instal\u00b7laci\u00f3 permanent al CERN a Ginebra, els m\u00e9s 300 projectes completats per tot el m\u00f3n avalen la qualitat del seu treball.<\/p>\n<p><strong>Els secrets del seu \u00e8xit?<\/strong><\/p>\n<p>El seu equip \u00e9s 100% multidisciplinari format per arquitectes, grafistes, creatius de v\u00eddeo, periodistes, ferrers, fusters, i t\u00e8cnics. Treballen conjuntament amb un concepte sense l\u00edmits entre disciplines.<\/p>\n<p>Gr\u00e0cies a aquesta filosofia i a l&#8217;aposta per la innovaci\u00f3 constant, s\u00f3n capa\u00e7os de desenvolupar tot el proc\u00e9s creatiu de les instal\u00b7lacions, des del concepte fins a la producci\u00f3 final, per oferir un servei integral.<\/p>\n<p>Amb vint anys de traject\u00f2ria, Indissoluble continua demostrant que la creativitat no t\u00e9 fronteres quan es combina amb passi\u00f3, talent i una mirada innovadora. Aquest aniversari no nom\u00e9s celebra dues d\u00e8cades d\u2019\u00e8xits, sin\u00f3 que tamb\u00e9 mira cap al futur amb l\u2019ambici\u00f3 de seguir transformant espais en experi\u00e8ncies memorables.<\/p>","protected":false},"excerpt":{"rendered":"<p>El 23 d&#8217;abril de 2025, Indissoluble, The Exhibition Factory compleix 20 anys plens de creativitat i innovaci\u00f3. Des de 2005&#8230; <a href=\"https:\/\/poblenouurbandistrict.com\/ca\/indissoluble-compleix-20-anys\/\">M\u00e9s  \u2192<\/a><\/p>\n","protected":false},"author":5,"featured_media":50581,"comment_status":"closed","ping_status":"closed","sticky":false,"template":"","format":"standard","meta":{"_acf_changed":false,"footnotes":""},"categories":[1],"tags":[],"class_list":["post-50578","post","type-post","status-publish","format-standard","has-post-thumbnail","hentry","category-noticias"],"acf":[],"yoast_head":"<!-- This site is optimized with the Yoast SEO plugin v27.5 - https:\/\/yoast.com\/product\/yoast-seo-wordpress\/ -->\n<title>Indissoluble celebra el seu 20\u00e9 aniversari! &#8211; Poblenou Urban District<\/title>\n<meta name=\"robots\" content=\"index, follow, max-snippet:-1, max-image-preview:large, max-video-preview:-1\" \/>\n<link rel=\"canonical\" href=\"https:\/\/poblenouurbandistrict.com\/ca\/indissoluble-compleix-20-anys\/\" \/>\n<meta property=\"og:locale\" content=\"ca_ES\" \/>\n<meta property=\"og:type\" content=\"article\" \/>\n<meta property=\"og:title\" content=\"Indissoluble celebra el seu 20\u00e9 aniversari! &#8211; Poblenou Urban District\" \/>\n<meta property=\"og:description\" content=\"El 23 d&#8217;abril de 2025, Indissoluble, The Exhibition Factory compleix 20 anys plens de creativitat i innovaci\u00f3. Des de 2005... M\u00e9s \u2192\" \/>\n<meta property=\"og:url\" content=\"https:\/\/poblenouurbandistrict.com\/ca\/indissoluble-compleix-20-anys\/\" \/>\n<meta property=\"og:site_name\" content=\"Poblenou Urban District\" \/>\n<meta property=\"article:published_time\" content=\"2025-04-09T10:28:54+00:00\" \/>\n<meta property=\"article:modified_time\" content=\"2025-04-09T10:29:51+00:00\" \/>\n<meta property=\"og:image\" content=\"https:\/\/poblenouurbandistrict.com\/wp-content\/uploads\/2025\/04\/interactive-exhibition-alice-cern-image-16.jpeg\" \/>\n\t<meta property=\"og:image:width\" content=\"2560\" \/>\n\t<meta property=\"og:image:height\" content=\"1463\" \/>\n\t<meta property=\"og:image:type\" content=\"image\/jpeg\" \/>\n<meta name=\"author\" content=\"pnud\" \/>\n<meta name=\"twitter:card\" content=\"summary_large_image\" \/>\n<meta name=\"twitter:label1\" content=\"Escrit per\" \/>\n\t<meta name=\"twitter:data1\" content=\"pnud\" \/>\n\t<meta name=\"twitter:label2\" content=\"Temps estimat de lectura\" \/>\n\t<meta name=\"twitter:data2\" content=\"2 minuts\" \/>\n<script type=\"application\/ld+json\" class=\"yoast-schema-graph\">{\"@context\":\"https:\\\/\\\/schema.org\",\"@graph\":[{\"@type\":\"Article\",\"@id\":\"https:\\\/\\\/poblenouurbandistrict.com\\\/indissoluble-compleix-20-anys\\\/#article\",\"isPartOf\":{\"@id\":\"https:\\\/\\\/poblenouurbandistrict.com\\\/indissoluble-compleix-20-anys\\\/\"},\"author\":{\"name\":\"pnud\",\"@id\":\"https:\\\/\\\/poblenouurbandistrict.com\\\/#\\\/schema\\\/person\\\/980a2cf34b399d5218205730acd54a7e\"},\"headline\":\"Indissoluble celebra el seu 20\u00e9 aniversari!\",\"datePublished\":\"2025-04-09T10:28:54+00:00\",\"dateModified\":\"2025-04-09T10:29:51+00:00\",\"mainEntityOfPage\":{\"@id\":\"https:\\\/\\\/poblenouurbandistrict.com\\\/indissoluble-compleix-20-anys\\\/\"},\"wordCount\":617,\"image\":{\"@id\":\"https:\\\/\\\/poblenouurbandistrict.com\\\/indissoluble-compleix-20-anys\\\/#primaryimage\"},\"thumbnailUrl\":\"https:\\\/\\\/media.poblenouurbandistrict.com\\\/2025\\\/04\\\/25085211\\\/interactive-exhibition-alice-cern-image-16.jpeg\",\"articleSection\":[\"Est\u00e0 passant\"],\"inLanguage\":\"ca\"},{\"@type\":\"WebPage\",\"@id\":\"https:\\\/\\\/poblenouurbandistrict.com\\\/ca\\\/indissoluble-compleix-20-anys\\\/\",\"url\":\"https:\\\/\\\/poblenouurbandistrict.com\\\/ca\\\/indissoluble-compleix-20-anys\\\/\",\"name\":\"Indissoluble celebra el seu 20\u00e9 aniversari! &#8211; Poblenou Urban District\",\"isPartOf\":{\"@id\":\"https:\\\/\\\/poblenouurbandistrict.com\\\/ca\\\/#website\"},\"primaryImageOfPage\":{\"@id\":\"https:\\\/\\\/poblenouurbandistrict.com\\\/ca\\\/indissoluble-compleix-20-anys\\\/#primaryimage\"},\"image\":{\"@id\":\"https:\\\/\\\/poblenouurbandistrict.com\\\/indissoluble-compleix-20-anys\\\/#primaryimage\"},\"thumbnailUrl\":\"https:\\\/\\\/media.poblenouurbandistrict.com\\\/2025\\\/04\\\/25085211\\\/interactive-exhibition-alice-cern-image-16.jpeg\",\"datePublished\":\"2025-04-09T10:28:54+00:00\",\"dateModified\":\"2025-04-09T10:29:51+00:00\",\"author\":{\"@id\":\"https:\\\/\\\/poblenouurbandistrict.com\\\/#\\\/schema\\\/person\\\/980a2cf34b399d5218205730acd54a7e\"},\"breadcrumb\":{\"@id\":\"https:\\\/\\\/poblenouurbandistrict.com\\\/ca\\\/indissoluble-compleix-20-anys\\\/#breadcrumb\"},\"inLanguage\":\"ca\",\"potentialAction\":[{\"@type\":\"ReadAction\",\"target\":[[\"https:\\\/\\\/poblenouurbandistrict.com\\\/ca\\\/indissoluble-compleix-20-anys\\\/\"]]}]},{\"@type\":\"ImageObject\",\"inLanguage\":\"ca\",\"@id\":\"https:\\\/\\\/poblenouurbandistrict.com\\\/ca\\\/indissoluble-compleix-20-anys\\\/#primaryimage\",\"url\":\"https:\\\/\\\/media.poblenouurbandistrict.com\\\/2025\\\/04\\\/25085211\\\/interactive-exhibition-alice-cern-image-16.jpeg\",\"contentUrl\":\"https:\\\/\\\/media.poblenouurbandistrict.com\\\/2025\\\/04\\\/25085211\\\/interactive-exhibition-alice-cern-image-16.jpeg\",\"width\":2560,\"height\":1463},{\"@type\":\"BreadcrumbList\",\"@id\":\"https:\\\/\\\/poblenouurbandistrict.com\\\/ca\\\/indissoluble-compleix-20-anys\\\/#breadcrumb\",\"itemListElement\":[{\"@type\":\"ListItem\",\"position\":1,\"name\":\"Home\",\"item\":\"https:\\\/\\\/poblenouurbandistrict.com\\\/ca\\\/\"},{\"@type\":\"ListItem\",\"position\":2,\"name\":\"Indissoluble celebra el seu 20\u00e9 aniversari!\"}]},{\"@type\":\"WebSite\",\"@id\":\"https:\\\/\\\/poblenouurbandistrict.com\\\/ca\\\/#website\",\"url\":\"https:\\\/\\\/poblenouurbandistrict.com\\\/ca\\\/\",\"name\":\"Poblenou Urban District\",\"description\":\"Comunitat Creativa\",\"potentialAction\":[{\"@type\":\"SearchAction\",\"target\":{\"@type\":\"EntryPoint\",\"urlTemplate\":\"https:\\\/\\\/poblenouurbandistrict.com\\\/ca\\\/?s={search_term_string}\"},\"query-input\":{\"@type\":\"PropertyValueSpecification\",\"valueRequired\":true,\"valueName\":\"search_term_string\"}}],\"inLanguage\":\"ca\"},{\"@type\":\"Person\",\"@id\":\"https:\\\/\\\/poblenouurbandistrict.com\\\/#\\\/schema\\\/person\\\/980a2cf34b399d5218205730acd54a7e\",\"name\":\"pnud\",\"image\":{\"@type\":\"ImageObject\",\"inLanguage\":\"ca\",\"@id\":\"https:\\\/\\\/secure.gravatar.com\\\/avatar\\\/67146597b405ee077a24e519f75c3e2031736596d6ce35af3a34c122c93d0d7b?s=96&d=retro&r=g\",\"url\":\"https:\\\/\\\/secure.gravatar.com\\\/avatar\\\/67146597b405ee077a24e519f75c3e2031736596d6ce35af3a34c122c93d0d7b?s=96&d=retro&r=g\",\"contentUrl\":\"https:\\\/\\\/secure.gravatar.com\\\/avatar\\\/67146597b405ee077a24e519f75c3e2031736596d6ce35af3a34c122c93d0d7b?s=96&d=retro&r=g\",\"caption\":\"pnud\"}}]}<\/script>\n<!-- \/ Yoast SEO plugin. -->","yoast_head_json":{"title":"Indissoluble celebra el seu 20\u00e9 aniversari! &#8211; Poblenou Urban District","robots":{"index":"index","follow":"follow","max-snippet":"max-snippet:-1","max-image-preview":"max-image-preview:large","max-video-preview":"max-video-preview:-1"},"canonical":"https:\/\/poblenouurbandistrict.com\/ca\/indissoluble-compleix-20-anys\/","og_locale":"ca_ES","og_type":"article","og_title":"Indissoluble celebra el seu 20\u00e9 aniversari! &#8211; Poblenou Urban District","og_description":"El 23 d&#8217;abril de 2025, Indissoluble, The Exhibition Factory compleix 20 anys plens de creativitat i innovaci\u00f3. Des de 2005... M\u00e9s \u2192","og_url":"https:\/\/poblenouurbandistrict.com\/ca\/indissoluble-compleix-20-anys\/","og_site_name":"Poblenou Urban District","article_published_time":"2025-04-09T10:28:54+00:00","article_modified_time":"2025-04-09T10:29:51+00:00","og_image":[{"width":2560,"height":1463,"url":"https:\/\/poblenouurbandistrict.com\/wp-content\/uploads\/2025\/04\/interactive-exhibition-alice-cern-image-16.jpeg","type":"image\/jpeg"}],"author":"pnud","twitter_card":"summary_large_image","twitter_misc":{"Escrit per":"pnud","Temps estimat de lectura":"2 minuts"},"schema":{"@context":"https:\/\/schema.org","@graph":[{"@type":"Article","@id":"https:\/\/poblenouurbandistrict.com\/indissoluble-compleix-20-anys\/#article","isPartOf":{"@id":"https:\/\/poblenouurbandistrict.com\/indissoluble-compleix-20-anys\/"},"author":{"name":"pnud","@id":"https:\/\/poblenouurbandistrict.com\/#\/schema\/person\/980a2cf34b399d5218205730acd54a7e"},"headline":"Indissoluble celebra el seu 20\u00e9 aniversari!","datePublished":"2025-04-09T10:28:54+00:00","dateModified":"2025-04-09T10:29:51+00:00","mainEntityOfPage":{"@id":"https:\/\/poblenouurbandistrict.com\/indissoluble-compleix-20-anys\/"},"wordCount":617,"image":{"@id":"https:\/\/poblenouurbandistrict.com\/indissoluble-compleix-20-anys\/#primaryimage"},"thumbnailUrl":"https:\/\/media.poblenouurbandistrict.com\/2025\/04\/25085211\/interactive-exhibition-alice-cern-image-16.jpeg","articleSection":["Est\u00e0 passant"],"inLanguage":"ca"},{"@type":"WebPage","@id":"https:\/\/poblenouurbandistrict.com\/ca\/indissoluble-compleix-20-anys\/","url":"https:\/\/poblenouurbandistrict.com\/ca\/indissoluble-compleix-20-anys\/","name":"Indissoluble celebra el seu 20\u00e9 aniversari! &#8211; Poblenou Urban District","isPartOf":{"@id":"https:\/\/poblenouurbandistrict.com\/ca\/#website"},"primaryImageOfPage":{"@id":"https:\/\/poblenouurbandistrict.com\/ca\/indissoluble-compleix-20-anys\/#primaryimage"},"image":{"@id":"https:\/\/poblenouurbandistrict.com\/indissoluble-compleix-20-anys\/#primaryimage"},"thumbnailUrl":"https:\/\/media.poblenouurbandistrict.com\/2025\/04\/25085211\/interactive-exhibition-alice-cern-image-16.jpeg","datePublished":"2025-04-09T10:28:54+00:00","dateModified":"2025-04-09T10:29:51+00:00","author":{"@id":"https:\/\/poblenouurbandistrict.com\/#\/schema\/person\/980a2cf34b399d5218205730acd54a7e"},"breadcrumb":{"@id":"https:\/\/poblenouurbandistrict.com\/ca\/indissoluble-compleix-20-anys\/#breadcrumb"},"inLanguage":"ca","potentialAction":[{"@type":"ReadAction","target":[["https:\/\/poblenouurbandistrict.com\/ca\/indissoluble-compleix-20-anys\/"]]}]},{"@type":"ImageObject","inLanguage":"ca","@id":"https:\/\/poblenouurbandistrict.com\/ca\/indissoluble-compleix-20-anys\/#primaryimage","url":"https:\/\/media.poblenouurbandistrict.com\/2025\/04\/25085211\/interactive-exhibition-alice-cern-image-16.jpeg","contentUrl":"https:\/\/media.poblenouurbandistrict.com\/2025\/04\/25085211\/interactive-exhibition-alice-cern-image-16.jpeg","width":2560,"height":1463},{"@type":"BreadcrumbList","@id":"https:\/\/poblenouurbandistrict.com\/ca\/indissoluble-compleix-20-anys\/#breadcrumb","itemListElement":[{"@type":"ListItem","position":1,"name":"Home","item":"https:\/\/poblenouurbandistrict.com\/ca\/"},{"@type":"ListItem","position":2,"name":"Indissoluble celebra el seu 20\u00e9 aniversari!"}]},{"@type":"WebSite","@id":"https:\/\/poblenouurbandistrict.com\/ca\/#website","url":"https:\/\/poblenouurbandistrict.com\/ca\/","name":"Poblenou Urban District","description":"Comunitat Creativa","potentialAction":[{"@type":"SearchAction","target":{"@type":"EntryPoint","urlTemplate":"https:\/\/poblenouurbandistrict.com\/ca\/?s={search_term_string}"},"query-input":{"@type":"PropertyValueSpecification","valueRequired":true,"valueName":"search_term_string"}}],"inLanguage":"ca"},{"@type":"Person","@id":"https:\/\/poblenouurbandistrict.com\/#\/schema\/person\/980a2cf34b399d5218205730acd54a7e","name":"pnud","image":{"@type":"ImageObject","inLanguage":"ca","@id":"https:\/\/secure.gravatar.com\/avatar\/67146597b405ee077a24e519f75c3e2031736596d6ce35af3a34c122c93d0d7b?s=96&d=retro&r=g","url":"https:\/\/secure.gravatar.com\/avatar\/67146597b405ee077a24e519f75c3e2031736596d6ce35af3a34c122c93d0d7b?s=96&d=retro&r=g","contentUrl":"https:\/\/secure.gravatar.com\/avatar\/67146597b405ee077a24e519f75c3e2031736596d6ce35af3a34c122c93d0d7b?s=96&d=retro&r=g","caption":"pnud"}}]}},"_links":{"self":[{"href":"https:\/\/poblenouurbandistrict.com\/ca\/wp-json\/wp\/v2\/posts\/50578","targetHints":{"allow":["GET"]}}],"collection":[{"href":"https:\/\/poblenouurbandistrict.com\/ca\/wp-json\/wp\/v2\/posts"}],"about":[{"href":"https:\/\/poblenouurbandistrict.com\/ca\/wp-json\/wp\/v2\/types\/post"}],"author":[{"embeddable":true,"href":"https:\/\/poblenouurbandistrict.com\/ca\/wp-json\/wp\/v2\/users\/5"}],"replies":[{"embeddable":true,"href":"https:\/\/poblenouurbandistrict.com\/ca\/wp-json\/wp\/v2\/comments?post=50578"}],"version-history":[{"count":3,"href":"https:\/\/poblenouurbandistrict.com\/ca\/wp-json\/wp\/v2\/posts\/50578\/revisions"}],"predecessor-version":[{"id":50598,"href":"https:\/\/poblenouurbandistrict.com\/ca\/wp-json\/wp\/v2\/posts\/50578\/revisions\/50598"}],"wp:featuredmedia":[{"embeddable":true,"href":"https:\/\/poblenouurbandistrict.com\/ca\/wp-json\/wp\/v2\/media\/50581"}],"wp:attachment":[{"href":"https:\/\/poblenouurbandistrict.com\/ca\/wp-json\/wp\/v2\/media?parent=50578"}],"wp:term":[{"taxonomy":"category","embeddable":true,"href":"https:\/\/poblenouurbandistrict.com\/ca\/wp-json\/wp\/v2\/categories?post=50578"},{"taxonomy":"post_tag","embeddable":true,"href":"https:\/\/poblenouurbandistrict.com\/ca\/wp-json\/wp\/v2\/tags?post=50578"}],"curies":[{"name":"wp","href":"https:\/\/api.w.org\/{rel}","templated":true}]}}