{"id":50819,"date":"2025-04-17T13:27:09","date_gmt":"2025-04-17T11:27:09","guid":{"rendered":"https:\/\/poblenouurbandistrict.com\/?p=50819"},"modified":"2025-04-24T12:24:47","modified_gmt":"2025-04-24T10:24:47","slug":"pren-nota-aqui-tens-un-avanc-de-la-programacio-del-poblenou-open-day","status":"publish","type":"post","link":"https:\/\/poblenouurbandistrict.com\/ca\/pren-nota-aqui-tens-un-avanc-de-la-programacio-del-poblenou-open-day\/","title":{"rendered":"Pren nota: aqu\u00ed tens un avan\u00e7 de la programaci\u00f3 del Poblenou Open Day"},"content":{"rendered":"<p><\/p>\n<p class=\"\" data-start=\"46\" data-end=\"357\"><strong data-start=\"46\" data-end=\"113\">Dissabte 10 de maig, de 11 h a 22 h, torna el Poblenou Open Day<\/strong>, l\u2019esdeveniment cultural m\u00e9s esperat de l\u2019any. Onze hores de programaci\u00f3 cultural ininterrompuda i\u00a0 gratu\u00efta als espais del Districte Creatiu: teatre, m\u00fasica, gastronomia, art mural i pl\u00e0stic, tallers, xerrades&#8230; un dia ple de creativitat, art i cultura.<\/p>\n<p class=\"\" style=\"text-align: center;\" data-start=\"359\" data-end=\"458\"><a href=\"https:\/\/poblenouurbandistrict.com\/ca\/open-day\/\"><strong data-start=\"359\" data-end=\"458\">Pots consultar aqu\u00ed els primers espais participants al Poblenou Open Day i la seva programaci\u00f3.<\/strong><\/a><\/p>\n<hr class=\"\" data-start=\"460\" data-end=\"463\" \/>\n<h2 data-start=\"465\" data-end=\"494\"><strong data-start=\"465\" data-end=\"494\">Windows Art Circuit \/ WAC<\/strong><\/h2>\n<p class=\"\" data-start=\"496\" data-end=\"931\">El <strong data-start=\"499\" data-end=\"522\">Windows Art Circuit<\/strong> \u00e9s una de les activitats destacades dins del Poblenou Open Day i permet al p\u00fablic experimentar en directe el proc\u00e9s complet de creaci\u00f3 d\u2019art mural sobre suports no convencionals com vitralls, persianes i murs d\u2019espais del <strong data-start=\"745\" data-end=\"779\">Districte Creatiu de Barcelona<\/strong>. Les intervencions es faran en directe per artistes pl\u00e0stics, construint aix\u00ed un mapa pict\u00f2ric que dona visibilitat a artistes emergents i consolidats.<\/p>\n<hr class=\"\" data-start=\"933\" data-end=\"936\" \/>\n<h2 data-start=\"938\" data-end=\"950\"><strong data-start=\"938\" data-end=\"950\">El SOLAR<\/strong><\/h2>\n<p class=\"\" data-start=\"952\" data-end=\"1515\"><strong data-start=\"952\" data-end=\"964\">El Solar<\/strong> ser\u00e0 un espai on hi haur\u00e0 un munt d\u2019activitats culturals durant el Poblenou Open Day. La joia de la corona seran les intervencions murals de diferents artistes, seleccionats en la convocat\u00f2ria del WAC, que experimentaran i provaran noves t\u00e8cniques i materials. A m\u00e9s, comptar\u00e0 amb la participaci\u00f3 d\u2019artistes per celebrar els deu anys del Windows Art Circuit. Tota aquesta proposta mural conviur\u00e0 amb sessions de DJs, tallers, venda d\u2019art emergent i gastronomia, creant un esdeveniment interdisciplinari en un dels solars m\u00e9s emblem\u00e0tics del Poblenou.<\/p>\n<p class=\"\" data-start=\"1517\" data-end=\"1541\"><strong data-start=\"1517\" data-end=\"1541\">C\/ de Llull, 126-128<\/strong><\/p>\n<p><\/p>","protected":false},"excerpt":{"rendered":"<p>Dissabte 10 de maig, de 11 h a 22 h, torna el Poblenou Open Day, l\u2019esdeveniment cultural m\u00e9s esperat de&#8230; <a href=\"https:\/\/poblenouurbandistrict.com\/ca\/pren-nota-aqui-tens-un-avanc-de-la-programacio-del-poblenou-open-day\/\">M\u00e9s  \u2192<\/a><\/p>\n","protected":false},"author":5,"featured_media":50859,"comment_status":"closed","ping_status":"closed","sticky":false,"template":"","format":"standard","meta":{"_acf_changed":false,"footnotes":""},"categories":[3567],"tags":[],"class_list":["post-50819","post","type-post","status-publish","format-standard","has-post-thumbnail","hentry","category-poblenou-open-day-2"],"acf":[],"yoast_head":"<!-- This site is optimized with the Yoast SEO plugin v27.5 - https:\/\/yoast.com\/product\/yoast-seo-wordpress\/ -->\n<title>Pren nota: aqu\u00ed tens un avan\u00e7 de la programaci\u00f3 del Poblenou Open Day &#8211; Poblenou Urban District<\/title>\n<meta name=\"robots\" content=\"index, follow, max-snippet:-1, max-image-preview:large, max-video-preview:-1\" \/>\n<link rel=\"canonical\" href=\"https:\/\/poblenouurbandistrict.com\/ca\/pren-nota-aqui-tens-un-avanc-de-la-programacio-del-poblenou-open-day\/\" \/>\n<meta property=\"og:locale\" content=\"ca_ES\" \/>\n<meta property=\"og:type\" content=\"article\" \/>\n<meta property=\"og:title\" content=\"Pren nota: aqu\u00ed tens un avan\u00e7 de la programaci\u00f3 del Poblenou Open Day &#8211; Poblenou Urban District\" \/>\n<meta property=\"og:description\" content=\"Dissabte 10 de maig, de 11 h a 22 h, torna el Poblenou Open Day, l\u2019esdeveniment cultural m\u00e9s esperat de... M\u00e9s \u2192\" \/>\n<meta property=\"og:url\" content=\"https:\/\/poblenouurbandistrict.com\/ca\/pren-nota-aqui-tens-un-avanc-de-la-programacio-del-poblenou-open-day\/\" \/>\n<meta property=\"og:site_name\" content=\"Poblenou Urban District\" \/>\n<meta property=\"article:published_time\" content=\"2025-04-17T11:27:09+00:00\" \/>\n<meta property=\"article:modified_time\" content=\"2025-04-24T10:24:47+00:00\" \/>\n<meta property=\"og:image\" content=\"https:\/\/poblenouurbandistrict.com\/wp-content\/uploads\/2025\/04\/open-day-x-emidelpiccolo-301.jpg\" \/>\n\t<meta property=\"og:image:width\" content=\"2560\" \/>\n\t<meta property=\"og:image:height\" content=\"1709\" \/>\n\t<meta property=\"og:image:type\" content=\"image\/jpeg\" \/>\n<meta name=\"author\" content=\"pnud\" \/>\n<meta name=\"twitter:card\" content=\"summary_large_image\" \/>\n<meta name=\"twitter:label1\" content=\"Escrit per\" \/>\n\t<meta name=\"twitter:data1\" content=\"pnud\" \/>\n\t<meta name=\"twitter:label2\" content=\"Temps estimat de lectura\" \/>\n\t<meta name=\"twitter:data2\" content=\"2 minuts\" \/>\n<script type=\"application\/ld+json\" class=\"yoast-schema-graph\">{\"@context\":\"https:\\\/\\\/schema.org\",\"@graph\":[{\"@type\":\"Article\",\"@id\":\"https:\\\/\\\/poblenouurbandistrict.com\\\/pren-nota-aqui-tens-un-avanc-de-la-programacio-del-poblenou-open-day\\\/#article\",\"isPartOf\":{\"@id\":\"https:\\\/\\\/poblenouurbandistrict.com\\\/pren-nota-aqui-tens-un-avanc-de-la-programacio-del-poblenou-open-day\\\/\"},\"author\":{\"name\":\"pnud\",\"@id\":\"https:\\\/\\\/poblenouurbandistrict.com\\\/#\\\/schema\\\/person\\\/980a2cf34b399d5218205730acd54a7e\"},\"headline\":\"Pren nota: aqu\u00ed tens un avan\u00e7 de la programaci\u00f3 del Poblenou Open Day\",\"datePublished\":\"2025-04-17T11:27:09+00:00\",\"dateModified\":\"2025-04-24T10:24:47+00:00\",\"mainEntityOfPage\":{\"@id\":\"https:\\\/\\\/poblenouurbandistrict.com\\\/pren-nota-aqui-tens-un-avanc-de-la-programacio-del-poblenou-open-day\\\/\"},\"wordCount\":537,\"image\":{\"@id\":\"https:\\\/\\\/poblenouurbandistrict.com\\\/pren-nota-aqui-tens-un-avanc-de-la-programacio-del-poblenou-open-day\\\/#primaryimage\"},\"thumbnailUrl\":\"https:\\\/\\\/media.poblenouurbandistrict.com\\\/2025\\\/04\\\/25085930\\\/open-day-x-emidelpiccolo-301.jpg\",\"articleSection\":[\"Poblenou Open Day\"],\"inLanguage\":\"ca\"},{\"@type\":\"WebPage\",\"@id\":\"https:\\\/\\\/poblenouurbandistrict.com\\\/ca\\\/pren-nota-aqui-tens-un-avanc-de-la-programacio-del-poblenou-open-day\\\/\",\"url\":\"https:\\\/\\\/poblenouurbandistrict.com\\\/ca\\\/pren-nota-aqui-tens-un-avanc-de-la-programacio-del-poblenou-open-day\\\/\",\"name\":\"Pren nota: aqu\u00ed tens un avan\u00e7 de la programaci\u00f3 del Poblenou Open Day &#8211; Poblenou Urban District\",\"isPartOf\":{\"@id\":\"https:\\\/\\\/poblenouurbandistrict.com\\\/ca\\\/#website\"},\"primaryImageOfPage\":{\"@id\":\"https:\\\/\\\/poblenouurbandistrict.com\\\/ca\\\/pren-nota-aqui-tens-un-avanc-de-la-programacio-del-poblenou-open-day\\\/#primaryimage\"},\"image\":{\"@id\":\"https:\\\/\\\/poblenouurbandistrict.com\\\/pren-nota-aqui-tens-un-avanc-de-la-programacio-del-poblenou-open-day\\\/#primaryimage\"},\"thumbnailUrl\":\"https:\\\/\\\/media.poblenouurbandistrict.com\\\/2025\\\/04\\\/25085930\\\/open-day-x-emidelpiccolo-301.jpg\",\"datePublished\":\"2025-04-17T11:27:09+00:00\",\"dateModified\":\"2025-04-24T10:24:47+00:00\",\"author\":{\"@id\":\"https:\\\/\\\/poblenouurbandistrict.com\\\/#\\\/schema\\\/person\\\/980a2cf34b399d5218205730acd54a7e\"},\"breadcrumb\":{\"@id\":\"https:\\\/\\\/poblenouurbandistrict.com\\\/ca\\\/pren-nota-aqui-tens-un-avanc-de-la-programacio-del-poblenou-open-day\\\/#breadcrumb\"},\"inLanguage\":\"ca\",\"potentialAction\":[{\"@type\":\"ReadAction\",\"target\":[[\"https:\\\/\\\/poblenouurbandistrict.com\\\/ca\\\/pren-nota-aqui-tens-un-avanc-de-la-programacio-del-poblenou-open-day\\\/\"]]}]},{\"@type\":\"ImageObject\",\"inLanguage\":\"ca\",\"@id\":\"https:\\\/\\\/poblenouurbandistrict.com\\\/ca\\\/pren-nota-aqui-tens-un-avanc-de-la-programacio-del-poblenou-open-day\\\/#primaryimage\",\"url\":\"https:\\\/\\\/media.poblenouurbandistrict.com\\\/2025\\\/04\\\/25085930\\\/open-day-x-emidelpiccolo-301.jpg\",\"contentUrl\":\"https:\\\/\\\/media.poblenouurbandistrict.com\\\/2025\\\/04\\\/25085930\\\/open-day-x-emidelpiccolo-301.jpg\",\"width\":2560,\"height\":1709},{\"@type\":\"BreadcrumbList\",\"@id\":\"https:\\\/\\\/poblenouurbandistrict.com\\\/ca\\\/pren-nota-aqui-tens-un-avanc-de-la-programacio-del-poblenou-open-day\\\/#breadcrumb\",\"itemListElement\":[{\"@type\":\"ListItem\",\"position\":1,\"name\":\"Home\",\"item\":\"https:\\\/\\\/poblenouurbandistrict.com\\\/ca\\\/\"},{\"@type\":\"ListItem\",\"position\":2,\"name\":\"Pren nota: aqu\u00ed tens un avan\u00e7 de la programaci\u00f3 del Poblenou Open Day\"}]},{\"@type\":\"WebSite\",\"@id\":\"https:\\\/\\\/poblenouurbandistrict.com\\\/ca\\\/#website\",\"url\":\"https:\\\/\\\/poblenouurbandistrict.com\\\/ca\\\/\",\"name\":\"Poblenou Urban District\",\"description\":\"Comunitat Creativa\",\"potentialAction\":[{\"@type\":\"SearchAction\",\"target\":{\"@type\":\"EntryPoint\",\"urlTemplate\":\"https:\\\/\\\/poblenouurbandistrict.com\\\/ca\\\/?s={search_term_string}\"},\"query-input\":{\"@type\":\"PropertyValueSpecification\",\"valueRequired\":true,\"valueName\":\"search_term_string\"}}],\"inLanguage\":\"ca\"},{\"@type\":\"Person\",\"@id\":\"https:\\\/\\\/poblenouurbandistrict.com\\\/#\\\/schema\\\/person\\\/980a2cf34b399d5218205730acd54a7e\",\"name\":\"pnud\",\"image\":{\"@type\":\"ImageObject\",\"inLanguage\":\"ca\",\"@id\":\"https:\\\/\\\/secure.gravatar.com\\\/avatar\\\/67146597b405ee077a24e519f75c3e2031736596d6ce35af3a34c122c93d0d7b?s=96&d=retro&r=g\",\"url\":\"https:\\\/\\\/secure.gravatar.com\\\/avatar\\\/67146597b405ee077a24e519f75c3e2031736596d6ce35af3a34c122c93d0d7b?s=96&d=retro&r=g\",\"contentUrl\":\"https:\\\/\\\/secure.gravatar.com\\\/avatar\\\/67146597b405ee077a24e519f75c3e2031736596d6ce35af3a34c122c93d0d7b?s=96&d=retro&r=g\",\"caption\":\"pnud\"}}]}<\/script>\n<!-- \/ Yoast SEO plugin. -->","yoast_head_json":{"title":"Pren nota: aqu\u00ed tens un avan\u00e7 de la programaci\u00f3 del Poblenou Open Day &#8211; Poblenou Urban District","robots":{"index":"index","follow":"follow","max-snippet":"max-snippet:-1","max-image-preview":"max-image-preview:large","max-video-preview":"max-video-preview:-1"},"canonical":"https:\/\/poblenouurbandistrict.com\/ca\/pren-nota-aqui-tens-un-avanc-de-la-programacio-del-poblenou-open-day\/","og_locale":"ca_ES","og_type":"article","og_title":"Pren nota: aqu\u00ed tens un avan\u00e7 de la programaci\u00f3 del Poblenou Open Day &#8211; Poblenou Urban District","og_description":"Dissabte 10 de maig, de 11 h a 22 h, torna el Poblenou Open Day, l\u2019esdeveniment cultural m\u00e9s esperat de... M\u00e9s \u2192","og_url":"https:\/\/poblenouurbandistrict.com\/ca\/pren-nota-aqui-tens-un-avanc-de-la-programacio-del-poblenou-open-day\/","og_site_name":"Poblenou Urban District","article_published_time":"2025-04-17T11:27:09+00:00","article_modified_time":"2025-04-24T10:24:47+00:00","og_image":[{"width":2560,"height":1709,"url":"https:\/\/poblenouurbandistrict.com\/wp-content\/uploads\/2025\/04\/open-day-x-emidelpiccolo-301.jpg","type":"image\/jpeg"}],"author":"pnud","twitter_card":"summary_large_image","twitter_misc":{"Escrit per":"pnud","Temps estimat de lectura":"2 minuts"},"schema":{"@context":"https:\/\/schema.org","@graph":[{"@type":"Article","@id":"https:\/\/poblenouurbandistrict.com\/pren-nota-aqui-tens-un-avanc-de-la-programacio-del-poblenou-open-day\/#article","isPartOf":{"@id":"https:\/\/poblenouurbandistrict.com\/pren-nota-aqui-tens-un-avanc-de-la-programacio-del-poblenou-open-day\/"},"author":{"name":"pnud","@id":"https:\/\/poblenouurbandistrict.com\/#\/schema\/person\/980a2cf34b399d5218205730acd54a7e"},"headline":"Pren nota: aqu\u00ed tens un avan\u00e7 de la programaci\u00f3 del Poblenou Open Day","datePublished":"2025-04-17T11:27:09+00:00","dateModified":"2025-04-24T10:24:47+00:00","mainEntityOfPage":{"@id":"https:\/\/poblenouurbandistrict.com\/pren-nota-aqui-tens-un-avanc-de-la-programacio-del-poblenou-open-day\/"},"wordCount":537,"image":{"@id":"https:\/\/poblenouurbandistrict.com\/pren-nota-aqui-tens-un-avanc-de-la-programacio-del-poblenou-open-day\/#primaryimage"},"thumbnailUrl":"https:\/\/media.poblenouurbandistrict.com\/2025\/04\/25085930\/open-day-x-emidelpiccolo-301.jpg","articleSection":["Poblenou Open Day"],"inLanguage":"ca"},{"@type":"WebPage","@id":"https:\/\/poblenouurbandistrict.com\/ca\/pren-nota-aqui-tens-un-avanc-de-la-programacio-del-poblenou-open-day\/","url":"https:\/\/poblenouurbandistrict.com\/ca\/pren-nota-aqui-tens-un-avanc-de-la-programacio-del-poblenou-open-day\/","name":"Pren nota: aqu\u00ed tens un avan\u00e7 de la programaci\u00f3 del Poblenou Open Day &#8211; Poblenou Urban District","isPartOf":{"@id":"https:\/\/poblenouurbandistrict.com\/ca\/#website"},"primaryImageOfPage":{"@id":"https:\/\/poblenouurbandistrict.com\/ca\/pren-nota-aqui-tens-un-avanc-de-la-programacio-del-poblenou-open-day\/#primaryimage"},"image":{"@id":"https:\/\/poblenouurbandistrict.com\/pren-nota-aqui-tens-un-avanc-de-la-programacio-del-poblenou-open-day\/#primaryimage"},"thumbnailUrl":"https:\/\/media.poblenouurbandistrict.com\/2025\/04\/25085930\/open-day-x-emidelpiccolo-301.jpg","datePublished":"2025-04-17T11:27:09+00:00","dateModified":"2025-04-24T10:24:47+00:00","author":{"@id":"https:\/\/poblenouurbandistrict.com\/#\/schema\/person\/980a2cf34b399d5218205730acd54a7e"},"breadcrumb":{"@id":"https:\/\/poblenouurbandistrict.com\/ca\/pren-nota-aqui-tens-un-avanc-de-la-programacio-del-poblenou-open-day\/#breadcrumb"},"inLanguage":"ca","potentialAction":[{"@type":"ReadAction","target":[["https:\/\/poblenouurbandistrict.com\/ca\/pren-nota-aqui-tens-un-avanc-de-la-programacio-del-poblenou-open-day\/"]]}]},{"@type":"ImageObject","inLanguage":"ca","@id":"https:\/\/poblenouurbandistrict.com\/ca\/pren-nota-aqui-tens-un-avanc-de-la-programacio-del-poblenou-open-day\/#primaryimage","url":"https:\/\/media.poblenouurbandistrict.com\/2025\/04\/25085930\/open-day-x-emidelpiccolo-301.jpg","contentUrl":"https:\/\/media.poblenouurbandistrict.com\/2025\/04\/25085930\/open-day-x-emidelpiccolo-301.jpg","width":2560,"height":1709},{"@type":"BreadcrumbList","@id":"https:\/\/poblenouurbandistrict.com\/ca\/pren-nota-aqui-tens-un-avanc-de-la-programacio-del-poblenou-open-day\/#breadcrumb","itemListElement":[{"@type":"ListItem","position":1,"name":"Home","item":"https:\/\/poblenouurbandistrict.com\/ca\/"},{"@type":"ListItem","position":2,"name":"Pren nota: aqu\u00ed tens un avan\u00e7 de la programaci\u00f3 del Poblenou Open Day"}]},{"@type":"WebSite","@id":"https:\/\/poblenouurbandistrict.com\/ca\/#website","url":"https:\/\/poblenouurbandistrict.com\/ca\/","name":"Poblenou Urban District","description":"Comunitat Creativa","potentialAction":[{"@type":"SearchAction","target":{"@type":"EntryPoint","urlTemplate":"https:\/\/poblenouurbandistrict.com\/ca\/?s={search_term_string}"},"query-input":{"@type":"PropertyValueSpecification","valueRequired":true,"valueName":"search_term_string"}}],"inLanguage":"ca"},{"@type":"Person","@id":"https:\/\/poblenouurbandistrict.com\/#\/schema\/person\/980a2cf34b399d5218205730acd54a7e","name":"pnud","image":{"@type":"ImageObject","inLanguage":"ca","@id":"https:\/\/secure.gravatar.com\/avatar\/67146597b405ee077a24e519f75c3e2031736596d6ce35af3a34c122c93d0d7b?s=96&d=retro&r=g","url":"https:\/\/secure.gravatar.com\/avatar\/67146597b405ee077a24e519f75c3e2031736596d6ce35af3a34c122c93d0d7b?s=96&d=retro&r=g","contentUrl":"https:\/\/secure.gravatar.com\/avatar\/67146597b405ee077a24e519f75c3e2031736596d6ce35af3a34c122c93d0d7b?s=96&d=retro&r=g","caption":"pnud"}}]}},"_links":{"self":[{"href":"https:\/\/poblenouurbandistrict.com\/ca\/wp-json\/wp\/v2\/posts\/50819","targetHints":{"allow":["GET"]}}],"collection":[{"href":"https:\/\/poblenouurbandistrict.com\/ca\/wp-json\/wp\/v2\/posts"}],"about":[{"href":"https:\/\/poblenouurbandistrict.com\/ca\/wp-json\/wp\/v2\/types\/post"}],"author":[{"embeddable":true,"href":"https:\/\/poblenouurbandistrict.com\/ca\/wp-json\/wp\/v2\/users\/5"}],"replies":[{"embeddable":true,"href":"https:\/\/poblenouurbandistrict.com\/ca\/wp-json\/wp\/v2\/comments?post=50819"}],"version-history":[{"count":5,"href":"https:\/\/poblenouurbandistrict.com\/ca\/wp-json\/wp\/v2\/posts\/50819\/revisions"}],"predecessor-version":[{"id":50919,"href":"https:\/\/poblenouurbandistrict.com\/ca\/wp-json\/wp\/v2\/posts\/50819\/revisions\/50919"}],"wp:featuredmedia":[{"embeddable":true,"href":"https:\/\/poblenouurbandistrict.com\/ca\/wp-json\/wp\/v2\/media\/50859"}],"wp:attachment":[{"href":"https:\/\/poblenouurbandistrict.com\/ca\/wp-json\/wp\/v2\/media?parent=50819"}],"wp:term":[{"taxonomy":"category","embeddable":true,"href":"https:\/\/poblenouurbandistrict.com\/ca\/wp-json\/wp\/v2\/categories?post=50819"},{"taxonomy":"post_tag","embeddable":true,"href":"https:\/\/poblenouurbandistrict.com\/ca\/wp-json\/wp\/v2\/tags?post=50819"}],"curies":[{"name":"wp","href":"https:\/\/api.w.org\/{rel}","templated":true}]}}