{"id":50886,"date":"2025-04-24T11:16:38","date_gmt":"2025-04-24T09:16:38","guid":{"rendered":"https:\/\/poblenouurbandistrict.com\/?p=50886"},"modified":"2025-04-24T11:16:38","modified_gmt":"2025-04-24T09:16:38","slug":"onair-barcelona-compleix-11-anys-volant-alt","status":"publish","type":"post","link":"https:\/\/poblenouurbandistrict.com\/ca\/onair-barcelona-compleix-11-anys-volant-alt\/","title":{"rendered":"ONAIR Barcelona compleix 11 anys volant alt!"},"content":{"rendered":"<p><\/p>\n<p class=\"\" data-start=\"161\" data-end=\"534\">A <a href=\"https:\/\/onairbarcelona.com\/\">Onair Barcelona<\/a> no hi ha trucs ni dreceres. Aqu\u00ed no es vola amb catifes m\u00e0giques, escombres encantades ni pocions secretes. Volar \u00e9s un art que es cultiva amb esfor\u00e7, disciplina i, sobretot, passi\u00f3. Aix\u00ed ho han demostrat durant <strong>11 anys<\/strong> de traject\u00f2ria com a <strong>centre de refer\u00e8ncia en dansa a\u00e8ria a Barcelona<\/strong>, amb m\u00e9s de <strong>400 alumne<\/strong>s que confien en la seva proposta formativa.<\/p>\n<p class=\"\" data-start=\"536\" data-end=\"776\">Des de la seva fundaci\u00f3, Onair no nom\u00e9s ha format centenars d\u2019artistes en aquesta espectacular disciplina, sin\u00f3 que tamb\u00e9 ha estat una pe\u00e7a clau de l\u2019escena cultural, participant i creant festivals que apropen la dansa a\u00e8ria a nous p\u00fablics.<\/p>\n<p class=\"\" data-start=\"778\" data-end=\"1211\">Un dels moments destacats del seu calendari \u00e9s <strong data-start=\"825\" data-end=\"842\">&#8220;Demu\u00e9strate&#8221;<\/strong>, el seu esdeveniment estrella i una veritable celebraci\u00f3 del talent emergent. Aquest concurs, que ja suma <strong>9 edicions<\/strong>, ha reunit <strong>gaireb\u00e9 100 participants<\/strong> al llarg de la seva hist\u00f2ria i ofereix una beca de 1.000\u202f\u20ac al guanyador o guanyadora. Una iniciativa que reflecteix el creixement de la dansa a\u00e8ria i el comprom\u00eds d\u2019Onair amb la creativitat i la innovaci\u00f3 art\u00edstica.<\/p>\n<p class=\"\" data-start=\"1213\" data-end=\"1267\"><strong data-start=\"1215\" data-end=\"1241\">Per molts anys, Onair! <\/strong>I que siguin molts m\u00e9s!<\/p>\n<p>&nbsp;<\/p>\n<p>&nbsp;<\/p>","protected":false},"excerpt":{"rendered":"<p>A Onair Barcelona no hi ha trucs ni dreceres. Aqu\u00ed no es vola amb catifes m\u00e0giques, escombres encantades ni pocions&#8230; <a href=\"https:\/\/poblenouurbandistrict.com\/ca\/onair-barcelona-compleix-11-anys-volant-alt\/\">M\u00e9s  \u2192<\/a><\/p>\n","protected":false},"author":5,"featured_media":50906,"comment_status":"closed","ping_status":"closed","sticky":false,"template":"","format":"standard","meta":{"_acf_changed":false,"footnotes":""},"categories":[1],"tags":[],"class_list":["post-50886","post","type-post","status-publish","format-standard","has-post-thumbnail","hentry","category-noticias"],"acf":[],"yoast_head":"<!-- This site is optimized with the Yoast SEO plugin v27.5 - https:\/\/yoast.com\/product\/yoast-seo-wordpress\/ -->\n<title>ONAIR Barcelona compleix 11 anys volant alt! &#8211; Poblenou Urban District<\/title>\n<meta name=\"robots\" content=\"index, follow, max-snippet:-1, max-image-preview:large, max-video-preview:-1\" \/>\n<link rel=\"canonical\" href=\"https:\/\/poblenouurbandistrict.com\/ca\/onair-barcelona-compleix-11-anys-volant-alt\/\" \/>\n<meta property=\"og:locale\" content=\"ca_ES\" \/>\n<meta property=\"og:type\" content=\"article\" \/>\n<meta property=\"og:title\" content=\"ONAIR Barcelona compleix 11 anys volant alt! &#8211; Poblenou Urban District\" \/>\n<meta property=\"og:description\" content=\"A Onair Barcelona no hi ha trucs ni dreceres. Aqu\u00ed no es vola amb catifes m\u00e0giques, escombres encantades ni pocions... M\u00e9s \u2192\" \/>\n<meta property=\"og:url\" content=\"https:\/\/poblenouurbandistrict.com\/ca\/onair-barcelona-compleix-11-anys-volant-alt\/\" \/>\n<meta property=\"og:site_name\" content=\"Poblenou Urban District\" \/>\n<meta property=\"article:published_time\" content=\"2025-04-24T09:16:38+00:00\" \/>\n<meta property=\"og:image\" content=\"https:\/\/poblenouurbandistrict.com\/wp-content\/uploads\/2025\/04\/onair-113.png\" \/>\n\t<meta property=\"og:image:width\" content=\"1402\" \/>\n\t<meta property=\"og:image:height\" content=\"934\" \/>\n\t<meta property=\"og:image:type\" content=\"image\/png\" \/>\n<meta name=\"author\" content=\"pnud\" \/>\n<meta name=\"twitter:card\" content=\"summary_large_image\" \/>\n<meta name=\"twitter:label1\" content=\"Escrit per\" \/>\n\t<meta name=\"twitter:data1\" content=\"pnud\" \/>\n\t<meta name=\"twitter:label2\" content=\"Temps estimat de lectura\" \/>\n\t<meta name=\"twitter:data2\" content=\"2 minuts\" \/>\n<script type=\"application\/ld+json\" class=\"yoast-schema-graph\">{\"@context\":\"https:\\\/\\\/schema.org\",\"@graph\":[{\"@type\":\"Article\",\"@id\":\"https:\\\/\\\/poblenouurbandistrict.com\\\/onair-barcelona-compleix-11-anys-volant-alt\\\/#article\",\"isPartOf\":{\"@id\":\"https:\\\/\\\/poblenouurbandistrict.com\\\/onair-barcelona-compleix-11-anys-volant-alt\\\/\"},\"author\":{\"name\":\"pnud\",\"@id\":\"https:\\\/\\\/poblenouurbandistrict.com\\\/#\\\/schema\\\/person\\\/980a2cf34b399d5218205730acd54a7e\"},\"headline\":\"ONAIR Barcelona compleix 11 anys volant alt!\",\"datePublished\":\"2025-04-24T09:16:38+00:00\",\"mainEntityOfPage\":{\"@id\":\"https:\\\/\\\/poblenouurbandistrict.com\\\/onair-barcelona-compleix-11-anys-volant-alt\\\/\"},\"wordCount\":597,\"image\":{\"@id\":\"https:\\\/\\\/poblenouurbandistrict.com\\\/onair-barcelona-compleix-11-anys-volant-alt\\\/#primaryimage\"},\"thumbnailUrl\":\"https:\\\/\\\/media.poblenouurbandistrict.com\\\/2025\\\/04\\\/25090007\\\/onair-113.png\",\"articleSection\":[\"Est\u00e0 passant\"],\"inLanguage\":\"ca\"},{\"@type\":\"WebPage\",\"@id\":\"https:\\\/\\\/poblenouurbandistrict.com\\\/ca\\\/onair-barcelona-compleix-11-anys-volant-alt\\\/\",\"url\":\"https:\\\/\\\/poblenouurbandistrict.com\\\/ca\\\/onair-barcelona-compleix-11-anys-volant-alt\\\/\",\"name\":\"ONAIR Barcelona compleix 11 anys volant alt! &#8211; Poblenou Urban District\",\"isPartOf\":{\"@id\":\"https:\\\/\\\/poblenouurbandistrict.com\\\/ca\\\/#website\"},\"primaryImageOfPage\":{\"@id\":\"https:\\\/\\\/poblenouurbandistrict.com\\\/ca\\\/onair-barcelona-compleix-11-anys-volant-alt\\\/#primaryimage\"},\"image\":{\"@id\":\"https:\\\/\\\/poblenouurbandistrict.com\\\/onair-barcelona-compleix-11-anys-volant-alt\\\/#primaryimage\"},\"thumbnailUrl\":\"https:\\\/\\\/media.poblenouurbandistrict.com\\\/2025\\\/04\\\/25090007\\\/onair-113.png\",\"datePublished\":\"2025-04-24T09:16:38+00:00\",\"author\":{\"@id\":\"https:\\\/\\\/poblenouurbandistrict.com\\\/#\\\/schema\\\/person\\\/980a2cf34b399d5218205730acd54a7e\"},\"breadcrumb\":{\"@id\":\"https:\\\/\\\/poblenouurbandistrict.com\\\/ca\\\/onair-barcelona-compleix-11-anys-volant-alt\\\/#breadcrumb\"},\"inLanguage\":\"ca\",\"potentialAction\":[{\"@type\":\"ReadAction\",\"target\":[[\"https:\\\/\\\/poblenouurbandistrict.com\\\/ca\\\/onair-barcelona-compleix-11-anys-volant-alt\\\/\"]]}]},{\"@type\":\"ImageObject\",\"inLanguage\":\"ca\",\"@id\":\"https:\\\/\\\/poblenouurbandistrict.com\\\/ca\\\/onair-barcelona-compleix-11-anys-volant-alt\\\/#primaryimage\",\"url\":\"https:\\\/\\\/media.poblenouurbandistrict.com\\\/2025\\\/04\\\/25090007\\\/onair-113.png\",\"contentUrl\":\"https:\\\/\\\/media.poblenouurbandistrict.com\\\/2025\\\/04\\\/25090007\\\/onair-113.png\",\"width\":1402,\"height\":934},{\"@type\":\"BreadcrumbList\",\"@id\":\"https:\\\/\\\/poblenouurbandistrict.com\\\/ca\\\/onair-barcelona-compleix-11-anys-volant-alt\\\/#breadcrumb\",\"itemListElement\":[{\"@type\":\"ListItem\",\"position\":1,\"name\":\"Home\",\"item\":\"https:\\\/\\\/poblenouurbandistrict.com\\\/ca\\\/\"},{\"@type\":\"ListItem\",\"position\":2,\"name\":\"ONAIR Barcelona compleix 11 anys volant alt!\"}]},{\"@type\":\"WebSite\",\"@id\":\"https:\\\/\\\/poblenouurbandistrict.com\\\/ca\\\/#website\",\"url\":\"https:\\\/\\\/poblenouurbandistrict.com\\\/ca\\\/\",\"name\":\"Poblenou Urban District\",\"description\":\"Comunitat Creativa\",\"potentialAction\":[{\"@type\":\"SearchAction\",\"target\":{\"@type\":\"EntryPoint\",\"urlTemplate\":\"https:\\\/\\\/poblenouurbandistrict.com\\\/ca\\\/?s={search_term_string}\"},\"query-input\":{\"@type\":\"PropertyValueSpecification\",\"valueRequired\":true,\"valueName\":\"search_term_string\"}}],\"inLanguage\":\"ca\"},{\"@type\":\"Person\",\"@id\":\"https:\\\/\\\/poblenouurbandistrict.com\\\/#\\\/schema\\\/person\\\/980a2cf34b399d5218205730acd54a7e\",\"name\":\"pnud\",\"image\":{\"@type\":\"ImageObject\",\"inLanguage\":\"ca\",\"@id\":\"https:\\\/\\\/secure.gravatar.com\\\/avatar\\\/67146597b405ee077a24e519f75c3e2031736596d6ce35af3a34c122c93d0d7b?s=96&d=retro&r=g\",\"url\":\"https:\\\/\\\/secure.gravatar.com\\\/avatar\\\/67146597b405ee077a24e519f75c3e2031736596d6ce35af3a34c122c93d0d7b?s=96&d=retro&r=g\",\"contentUrl\":\"https:\\\/\\\/secure.gravatar.com\\\/avatar\\\/67146597b405ee077a24e519f75c3e2031736596d6ce35af3a34c122c93d0d7b?s=96&d=retro&r=g\",\"caption\":\"pnud\"}}]}<\/script>\n<!-- \/ Yoast SEO plugin. -->","yoast_head_json":{"title":"ONAIR Barcelona compleix 11 anys volant alt! &#8211; Poblenou Urban District","robots":{"index":"index","follow":"follow","max-snippet":"max-snippet:-1","max-image-preview":"max-image-preview:large","max-video-preview":"max-video-preview:-1"},"canonical":"https:\/\/poblenouurbandistrict.com\/ca\/onair-barcelona-compleix-11-anys-volant-alt\/","og_locale":"ca_ES","og_type":"article","og_title":"ONAIR Barcelona compleix 11 anys volant alt! &#8211; Poblenou Urban District","og_description":"A Onair Barcelona no hi ha trucs ni dreceres. Aqu\u00ed no es vola amb catifes m\u00e0giques, escombres encantades ni pocions... M\u00e9s \u2192","og_url":"https:\/\/poblenouurbandistrict.com\/ca\/onair-barcelona-compleix-11-anys-volant-alt\/","og_site_name":"Poblenou Urban District","article_published_time":"2025-04-24T09:16:38+00:00","og_image":[{"width":1402,"height":934,"url":"https:\/\/poblenouurbandistrict.com\/wp-content\/uploads\/2025\/04\/onair-113.png","type":"image\/png"}],"author":"pnud","twitter_card":"summary_large_image","twitter_misc":{"Escrit per":"pnud","Temps estimat de lectura":"2 minuts"},"schema":{"@context":"https:\/\/schema.org","@graph":[{"@type":"Article","@id":"https:\/\/poblenouurbandistrict.com\/onair-barcelona-compleix-11-anys-volant-alt\/#article","isPartOf":{"@id":"https:\/\/poblenouurbandistrict.com\/onair-barcelona-compleix-11-anys-volant-alt\/"},"author":{"name":"pnud","@id":"https:\/\/poblenouurbandistrict.com\/#\/schema\/person\/980a2cf34b399d5218205730acd54a7e"},"headline":"ONAIR Barcelona compleix 11 anys volant alt!","datePublished":"2025-04-24T09:16:38+00:00","mainEntityOfPage":{"@id":"https:\/\/poblenouurbandistrict.com\/onair-barcelona-compleix-11-anys-volant-alt\/"},"wordCount":597,"image":{"@id":"https:\/\/poblenouurbandistrict.com\/onair-barcelona-compleix-11-anys-volant-alt\/#primaryimage"},"thumbnailUrl":"https:\/\/media.poblenouurbandistrict.com\/2025\/04\/25090007\/onair-113.png","articleSection":["Est\u00e0 passant"],"inLanguage":"ca"},{"@type":"WebPage","@id":"https:\/\/poblenouurbandistrict.com\/ca\/onair-barcelona-compleix-11-anys-volant-alt\/","url":"https:\/\/poblenouurbandistrict.com\/ca\/onair-barcelona-compleix-11-anys-volant-alt\/","name":"ONAIR Barcelona compleix 11 anys volant alt! &#8211; Poblenou Urban District","isPartOf":{"@id":"https:\/\/poblenouurbandistrict.com\/ca\/#website"},"primaryImageOfPage":{"@id":"https:\/\/poblenouurbandistrict.com\/ca\/onair-barcelona-compleix-11-anys-volant-alt\/#primaryimage"},"image":{"@id":"https:\/\/poblenouurbandistrict.com\/onair-barcelona-compleix-11-anys-volant-alt\/#primaryimage"},"thumbnailUrl":"https:\/\/media.poblenouurbandistrict.com\/2025\/04\/25090007\/onair-113.png","datePublished":"2025-04-24T09:16:38+00:00","author":{"@id":"https:\/\/poblenouurbandistrict.com\/#\/schema\/person\/980a2cf34b399d5218205730acd54a7e"},"breadcrumb":{"@id":"https:\/\/poblenouurbandistrict.com\/ca\/onair-barcelona-compleix-11-anys-volant-alt\/#breadcrumb"},"inLanguage":"ca","potentialAction":[{"@type":"ReadAction","target":[["https:\/\/poblenouurbandistrict.com\/ca\/onair-barcelona-compleix-11-anys-volant-alt\/"]]}]},{"@type":"ImageObject","inLanguage":"ca","@id":"https:\/\/poblenouurbandistrict.com\/ca\/onair-barcelona-compleix-11-anys-volant-alt\/#primaryimage","url":"https:\/\/media.poblenouurbandistrict.com\/2025\/04\/25090007\/onair-113.png","contentUrl":"https:\/\/media.poblenouurbandistrict.com\/2025\/04\/25090007\/onair-113.png","width":1402,"height":934},{"@type":"BreadcrumbList","@id":"https:\/\/poblenouurbandistrict.com\/ca\/onair-barcelona-compleix-11-anys-volant-alt\/#breadcrumb","itemListElement":[{"@type":"ListItem","position":1,"name":"Home","item":"https:\/\/poblenouurbandistrict.com\/ca\/"},{"@type":"ListItem","position":2,"name":"ONAIR Barcelona compleix 11 anys volant alt!"}]},{"@type":"WebSite","@id":"https:\/\/poblenouurbandistrict.com\/ca\/#website","url":"https:\/\/poblenouurbandistrict.com\/ca\/","name":"Poblenou Urban District","description":"Comunitat Creativa","potentialAction":[{"@type":"SearchAction","target":{"@type":"EntryPoint","urlTemplate":"https:\/\/poblenouurbandistrict.com\/ca\/?s={search_term_string}"},"query-input":{"@type":"PropertyValueSpecification","valueRequired":true,"valueName":"search_term_string"}}],"inLanguage":"ca"},{"@type":"Person","@id":"https:\/\/poblenouurbandistrict.com\/#\/schema\/person\/980a2cf34b399d5218205730acd54a7e","name":"pnud","image":{"@type":"ImageObject","inLanguage":"ca","@id":"https:\/\/secure.gravatar.com\/avatar\/67146597b405ee077a24e519f75c3e2031736596d6ce35af3a34c122c93d0d7b?s=96&d=retro&r=g","url":"https:\/\/secure.gravatar.com\/avatar\/67146597b405ee077a24e519f75c3e2031736596d6ce35af3a34c122c93d0d7b?s=96&d=retro&r=g","contentUrl":"https:\/\/secure.gravatar.com\/avatar\/67146597b405ee077a24e519f75c3e2031736596d6ce35af3a34c122c93d0d7b?s=96&d=retro&r=g","caption":"pnud"}}]}},"_links":{"self":[{"href":"https:\/\/poblenouurbandistrict.com\/ca\/wp-json\/wp\/v2\/posts\/50886","targetHints":{"allow":["GET"]}}],"collection":[{"href":"https:\/\/poblenouurbandistrict.com\/ca\/wp-json\/wp\/v2\/posts"}],"about":[{"href":"https:\/\/poblenouurbandistrict.com\/ca\/wp-json\/wp\/v2\/types\/post"}],"author":[{"embeddable":true,"href":"https:\/\/poblenouurbandistrict.com\/ca\/wp-json\/wp\/v2\/users\/5"}],"replies":[{"embeddable":true,"href":"https:\/\/poblenouurbandistrict.com\/ca\/wp-json\/wp\/v2\/comments?post=50886"}],"version-history":[{"count":4,"href":"https:\/\/poblenouurbandistrict.com\/ca\/wp-json\/wp\/v2\/posts\/50886\/revisions"}],"predecessor-version":[{"id":50911,"href":"https:\/\/poblenouurbandistrict.com\/ca\/wp-json\/wp\/v2\/posts\/50886\/revisions\/50911"}],"wp:featuredmedia":[{"embeddable":true,"href":"https:\/\/poblenouurbandistrict.com\/ca\/wp-json\/wp\/v2\/media\/50906"}],"wp:attachment":[{"href":"https:\/\/poblenouurbandistrict.com\/ca\/wp-json\/wp\/v2\/media?parent=50886"}],"wp:term":[{"taxonomy":"category","embeddable":true,"href":"https:\/\/poblenouurbandistrict.com\/ca\/wp-json\/wp\/v2\/categories?post=50886"},{"taxonomy":"post_tag","embeddable":true,"href":"https:\/\/poblenouurbandistrict.com\/ca\/wp-json\/wp\/v2\/tags?post=50886"}],"curies":[{"name":"wp","href":"https:\/\/api.w.org\/{rel}","templated":true}]}}