{"id":50912,"date":"2025-04-24T13:24:04","date_gmt":"2025-04-24T11:24:04","guid":{"rendered":"https:\/\/poblenouurbandistrict.com\/?p=50912"},"modified":"2025-04-24T13:24:04","modified_gmt":"2025-04-24T11:24:04","slug":"programacio-de-maig-de-skygarden-music-nights","status":"publish","type":"post","link":"https:\/\/poblenouurbandistrict.com\/ca\/programacio-de-maig-de-skygarden-music-nights\/","title":{"rendered":"Programaci\u00f3 de maig de SkyGarden Music Nights"},"content":{"rendered":"<p><\/p>\n<p data-pm-slice=\"1 1 []\"><strong>SkyGarden Music Nights: m\u00fasica en directe amb vistes espectaculars<\/strong><\/p>\n<p>Si busques una experi\u00e8ncia \u00fanica per gaudir de les nits de primavera a Barcelona, no et pots perdre les <strong>SkyGarden Music Nights<\/strong>. <a href=\"https:\/\/www.hotelpereiv.com\/\">L\u2019Hotel Sall\u00e9s Pere IV<\/a> compta amb un <strong>rooftop impressionant<\/strong> que ofereix vistes panor\u00e0miques de 360\u00ba de la ciutat, i han trobat la millor manera d\u2019aprofitar-ho: combinant aquest escenari incomparable amb <strong>m\u00fasica en directe i c\u00f2ctels exquisits<\/strong>.<\/p>\n<p>Durant el mes maig, podr\u00e0s gaudir d\u2019una programaci\u00f3 variada de m\u00fasica en viu i sessions de DJ t\u2019animaran la tarda i la nit. <strong>Vine a gaudir de la millor m\u00fasica en un entorn exclusiu!<\/strong><\/p>\n<p><strong>Programaci\u00f3 de maig:<\/strong><\/p>\n<ul data-spread=\"false\">\n<li><strong>02\/05<\/strong> &#8211; <em>DJ Rachel<\/em> | 19:00h &#8211; 22:00h<\/li>\n<li><strong>03\/05<\/strong> &#8211; <em>DJ Rachel<\/em> | 19:00h &#8211; 22:00h<\/li>\n<li><strong>08\/05<\/strong>\u00a0&#8211; <em>DJ Tardeos<\/em> | 17:30h &#8211; 21:30h<\/li>\n<li><strong>09\/05<\/strong> &#8211; <em>DJ Rachel<\/em> | 19:00h &#8211; 22:00h<\/li>\n<li><strong>11\/05<\/strong>\u00a0&#8211;<em>Madrigal Rumba y Latino<\/em>| 20:00h &#8211; 22:00h<\/li>\n<li><strong>15\/05<\/strong> &#8211; Bossa nova Mirla &amp; Marcel | 18:00h &#8211; 20:00h<\/li>\n<li><strong>16\/05<\/strong>\u00a0&#8211;<em>DJ Rachel<\/em> | 19:00h &#8211; 22:00h<\/li>\n<li><strong>17\/05<\/strong>\u00a0&#8211; <em>DJ Rachel<\/em> | 19:00h &#8211; 22:00h<\/li>\n<li><strong>22\/05<\/strong> &#8211; Jazz Le\u00f3n | 18:00h &#8211; 20:00h<\/li>\n<li><strong>23\/05<\/strong>\u00a0&#8211;<em>DJ Rachel<\/em> | 19:00h &#8211; 22:00h<\/li>\n<li><strong>24\/05<\/strong>\u00a0&#8211; <em>DJ Rachel<\/em> | 19:00h &#8211; 22:00h<\/li>\n<li><strong>25\/05<\/strong> &#8211; Soulful Surge | 20:00h &#8211; 22:00h<\/li>\n<li><strong>29\/05<\/strong> -Ariel Jazz | 18:00h &#8211; 22:00h<\/li>\n<li><strong>30\/05<\/strong>\u00a0&#8211; <em>DJ Rachel<\/em> | 19:00h &#8211; 22:00h<\/li>\n<li><strong>31\/05<\/strong>\u00a0&#8211;<em>DJ Rachel<\/em> | 19:00h &#8211; 22:00h<\/li>\n<\/ul>\n<p>Amb una <strong>selecci\u00f3 d\u2019artistes i DJs de primer nivell<\/strong>, cada vespre es converteix en una experi\u00e8ncia inoblidable. Ja sigui per relaxar-te despr\u00e9s de la feina o per comen\u00e7ar la nit amb bon ritme, <strong>SkyGarden Music Nights<\/strong> t\u2019ofereix el pla perfecte.<\/p>\n<p>M\u00fasica, bon ambient i unes vistes que et deixaran sense paraules. No t\u2019ho perdis!<\/p>","protected":false},"excerpt":{"rendered":"<p>SkyGarden Music Nights: m\u00fasica en directe amb vistes espectaculars Si busques una experi\u00e8ncia \u00fanica per gaudir de les nits de&#8230; <a href=\"https:\/\/poblenouurbandistrict.com\/ca\/programacio-de-maig-de-skygarden-music-nights\/\">M\u00e9s  \u2192<\/a><\/p>\n","protected":false},"author":5,"featured_media":50922,"comment_status":"closed","ping_status":"closed","sticky":false,"template":"","format":"standard","meta":{"_acf_changed":false,"footnotes":""},"categories":[1],"tags":[],"class_list":["post-50912","post","type-post","status-publish","format-standard","has-post-thumbnail","hentry","category-noticias"],"acf":[],"yoast_head":"<!-- This site is optimized with the Yoast SEO plugin v27.5 - https:\/\/yoast.com\/product\/yoast-seo-wordpress\/ -->\n<title>Programaci\u00f3 de maig de SkyGarden Music Nights &#8211; Poblenou Urban District<\/title>\n<meta name=\"robots\" content=\"index, follow, max-snippet:-1, max-image-preview:large, max-video-preview:-1\" \/>\n<link rel=\"canonical\" href=\"https:\/\/poblenouurbandistrict.com\/ca\/programacio-de-maig-de-skygarden-music-nights\/\" \/>\n<meta property=\"og:locale\" content=\"ca_ES\" \/>\n<meta property=\"og:type\" content=\"article\" \/>\n<meta property=\"og:title\" content=\"Programaci\u00f3 de maig de SkyGarden Music Nights &#8211; Poblenou Urban District\" \/>\n<meta property=\"og:description\" content=\"SkyGarden Music Nights: m\u00fasica en directe amb vistes espectaculars Si busques una experi\u00e8ncia \u00fanica per gaudir de les nits de... M\u00e9s \u2192\" \/>\n<meta property=\"og:url\" content=\"https:\/\/poblenouurbandistrict.com\/ca\/programacio-de-maig-de-skygarden-music-nights\/\" \/>\n<meta property=\"og:site_name\" content=\"Poblenou Urban District\" \/>\n<meta property=\"article:published_time\" content=\"2025-04-24T11:24:04+00:00\" \/>\n<meta property=\"og:image\" content=\"https:\/\/poblenouurbandistrict.com\/wp-content\/uploads\/2025\/04\/510954145.jpg\" \/>\n\t<meta property=\"og:image:width\" content=\"1024\" \/>\n\t<meta property=\"og:image:height\" content=\"683\" \/>\n\t<meta property=\"og:image:type\" content=\"image\/jpeg\" \/>\n<meta name=\"author\" content=\"pnud\" \/>\n<meta name=\"twitter:card\" content=\"summary_large_image\" \/>\n<meta name=\"twitter:label1\" content=\"Escrit per\" \/>\n\t<meta name=\"twitter:data1\" content=\"pnud\" \/>\n\t<meta name=\"twitter:label2\" content=\"Temps estimat de lectura\" \/>\n\t<meta name=\"twitter:data2\" content=\"2 minuts\" \/>\n<script type=\"application\/ld+json\" class=\"yoast-schema-graph\">{\"@context\":\"https:\\\/\\\/schema.org\",\"@graph\":[{\"@type\":\"Article\",\"@id\":\"https:\\\/\\\/poblenouurbandistrict.com\\\/programacio-de-maig-de-skygarden-music-nights\\\/#article\",\"isPartOf\":{\"@id\":\"https:\\\/\\\/poblenouurbandistrict.com\\\/programacio-de-maig-de-skygarden-music-nights\\\/\"},\"author\":{\"name\":\"pnud\",\"@id\":\"https:\\\/\\\/poblenouurbandistrict.com\\\/#\\\/schema\\\/person\\\/980a2cf34b399d5218205730acd54a7e\"},\"headline\":\"Programaci\u00f3 de maig de SkyGarden Music Nights\",\"datePublished\":\"2025-04-24T11:24:04+00:00\",\"mainEntityOfPage\":{\"@id\":\"https:\\\/\\\/poblenouurbandistrict.com\\\/programacio-de-maig-de-skygarden-music-nights\\\/\"},\"wordCount\":820,\"image\":{\"@id\":\"https:\\\/\\\/poblenouurbandistrict.com\\\/programacio-de-maig-de-skygarden-music-nights\\\/#primaryimage\"},\"thumbnailUrl\":\"https:\\\/\\\/media.poblenouurbandistrict.com\\\/2025\\\/04\\\/25090027\\\/510954145.jpg\",\"articleSection\":[\"Est\u00e0 passant\"],\"inLanguage\":\"ca\"},{\"@type\":\"WebPage\",\"@id\":\"https:\\\/\\\/poblenouurbandistrict.com\\\/ca\\\/programacio-de-maig-de-skygarden-music-nights\\\/\",\"url\":\"https:\\\/\\\/poblenouurbandistrict.com\\\/ca\\\/programacio-de-maig-de-skygarden-music-nights\\\/\",\"name\":\"Programaci\u00f3 de maig de SkyGarden Music Nights &#8211; Poblenou Urban District\",\"isPartOf\":{\"@id\":\"https:\\\/\\\/poblenouurbandistrict.com\\\/ca\\\/#website\"},\"primaryImageOfPage\":{\"@id\":\"https:\\\/\\\/poblenouurbandistrict.com\\\/ca\\\/programacio-de-maig-de-skygarden-music-nights\\\/#primaryimage\"},\"image\":{\"@id\":\"https:\\\/\\\/poblenouurbandistrict.com\\\/programacio-de-maig-de-skygarden-music-nights\\\/#primaryimage\"},\"thumbnailUrl\":\"https:\\\/\\\/media.poblenouurbandistrict.com\\\/2025\\\/04\\\/25090027\\\/510954145.jpg\",\"datePublished\":\"2025-04-24T11:24:04+00:00\",\"author\":{\"@id\":\"https:\\\/\\\/poblenouurbandistrict.com\\\/#\\\/schema\\\/person\\\/980a2cf34b399d5218205730acd54a7e\"},\"breadcrumb\":{\"@id\":\"https:\\\/\\\/poblenouurbandistrict.com\\\/ca\\\/programacio-de-maig-de-skygarden-music-nights\\\/#breadcrumb\"},\"inLanguage\":\"ca\",\"potentialAction\":[{\"@type\":\"ReadAction\",\"target\":[[\"https:\\\/\\\/poblenouurbandistrict.com\\\/ca\\\/programacio-de-maig-de-skygarden-music-nights\\\/\"]]}]},{\"@type\":\"ImageObject\",\"inLanguage\":\"ca\",\"@id\":\"https:\\\/\\\/poblenouurbandistrict.com\\\/ca\\\/programacio-de-maig-de-skygarden-music-nights\\\/#primaryimage\",\"url\":\"https:\\\/\\\/media.poblenouurbandistrict.com\\\/2025\\\/04\\\/25090027\\\/510954145.jpg\",\"contentUrl\":\"https:\\\/\\\/media.poblenouurbandistrict.com\\\/2025\\\/04\\\/25090027\\\/510954145.jpg\",\"width\":1024,\"height\":683},{\"@type\":\"BreadcrumbList\",\"@id\":\"https:\\\/\\\/poblenouurbandistrict.com\\\/ca\\\/programacio-de-maig-de-skygarden-music-nights\\\/#breadcrumb\",\"itemListElement\":[{\"@type\":\"ListItem\",\"position\":1,\"name\":\"Home\",\"item\":\"https:\\\/\\\/poblenouurbandistrict.com\\\/ca\\\/\"},{\"@type\":\"ListItem\",\"position\":2,\"name\":\"Programaci\u00f3 de maig de SkyGarden Music Nights\"}]},{\"@type\":\"WebSite\",\"@id\":\"https:\\\/\\\/poblenouurbandistrict.com\\\/ca\\\/#website\",\"url\":\"https:\\\/\\\/poblenouurbandistrict.com\\\/ca\\\/\",\"name\":\"Poblenou Urban District\",\"description\":\"Comunitat Creativa\",\"potentialAction\":[{\"@type\":\"SearchAction\",\"target\":{\"@type\":\"EntryPoint\",\"urlTemplate\":\"https:\\\/\\\/poblenouurbandistrict.com\\\/ca\\\/?s={search_term_string}\"},\"query-input\":{\"@type\":\"PropertyValueSpecification\",\"valueRequired\":true,\"valueName\":\"search_term_string\"}}],\"inLanguage\":\"ca\"},{\"@type\":\"Person\",\"@id\":\"https:\\\/\\\/poblenouurbandistrict.com\\\/#\\\/schema\\\/person\\\/980a2cf34b399d5218205730acd54a7e\",\"name\":\"pnud\",\"image\":{\"@type\":\"ImageObject\",\"inLanguage\":\"ca\",\"@id\":\"https:\\\/\\\/secure.gravatar.com\\\/avatar\\\/67146597b405ee077a24e519f75c3e2031736596d6ce35af3a34c122c93d0d7b?s=96&d=retro&r=g\",\"url\":\"https:\\\/\\\/secure.gravatar.com\\\/avatar\\\/67146597b405ee077a24e519f75c3e2031736596d6ce35af3a34c122c93d0d7b?s=96&d=retro&r=g\",\"contentUrl\":\"https:\\\/\\\/secure.gravatar.com\\\/avatar\\\/67146597b405ee077a24e519f75c3e2031736596d6ce35af3a34c122c93d0d7b?s=96&d=retro&r=g\",\"caption\":\"pnud\"}}]}<\/script>\n<!-- \/ Yoast SEO plugin. -->","yoast_head_json":{"title":"Programaci\u00f3 de maig de SkyGarden Music Nights &#8211; Poblenou Urban District","robots":{"index":"index","follow":"follow","max-snippet":"max-snippet:-1","max-image-preview":"max-image-preview:large","max-video-preview":"max-video-preview:-1"},"canonical":"https:\/\/poblenouurbandistrict.com\/ca\/programacio-de-maig-de-skygarden-music-nights\/","og_locale":"ca_ES","og_type":"article","og_title":"Programaci\u00f3 de maig de SkyGarden Music Nights &#8211; Poblenou Urban District","og_description":"SkyGarden Music Nights: m\u00fasica en directe amb vistes espectaculars Si busques una experi\u00e8ncia \u00fanica per gaudir de les nits de... M\u00e9s \u2192","og_url":"https:\/\/poblenouurbandistrict.com\/ca\/programacio-de-maig-de-skygarden-music-nights\/","og_site_name":"Poblenou Urban District","article_published_time":"2025-04-24T11:24:04+00:00","og_image":[{"width":1024,"height":683,"url":"https:\/\/poblenouurbandistrict.com\/wp-content\/uploads\/2025\/04\/510954145.jpg","type":"image\/jpeg"}],"author":"pnud","twitter_card":"summary_large_image","twitter_misc":{"Escrit per":"pnud","Temps estimat de lectura":"2 minuts"},"schema":{"@context":"https:\/\/schema.org","@graph":[{"@type":"Article","@id":"https:\/\/poblenouurbandistrict.com\/programacio-de-maig-de-skygarden-music-nights\/#article","isPartOf":{"@id":"https:\/\/poblenouurbandistrict.com\/programacio-de-maig-de-skygarden-music-nights\/"},"author":{"name":"pnud","@id":"https:\/\/poblenouurbandistrict.com\/#\/schema\/person\/980a2cf34b399d5218205730acd54a7e"},"headline":"Programaci\u00f3 de maig de SkyGarden Music Nights","datePublished":"2025-04-24T11:24:04+00:00","mainEntityOfPage":{"@id":"https:\/\/poblenouurbandistrict.com\/programacio-de-maig-de-skygarden-music-nights\/"},"wordCount":820,"image":{"@id":"https:\/\/poblenouurbandistrict.com\/programacio-de-maig-de-skygarden-music-nights\/#primaryimage"},"thumbnailUrl":"https:\/\/media.poblenouurbandistrict.com\/2025\/04\/25090027\/510954145.jpg","articleSection":["Est\u00e0 passant"],"inLanguage":"ca"},{"@type":"WebPage","@id":"https:\/\/poblenouurbandistrict.com\/ca\/programacio-de-maig-de-skygarden-music-nights\/","url":"https:\/\/poblenouurbandistrict.com\/ca\/programacio-de-maig-de-skygarden-music-nights\/","name":"Programaci\u00f3 de maig de SkyGarden Music Nights &#8211; Poblenou Urban District","isPartOf":{"@id":"https:\/\/poblenouurbandistrict.com\/ca\/#website"},"primaryImageOfPage":{"@id":"https:\/\/poblenouurbandistrict.com\/ca\/programacio-de-maig-de-skygarden-music-nights\/#primaryimage"},"image":{"@id":"https:\/\/poblenouurbandistrict.com\/programacio-de-maig-de-skygarden-music-nights\/#primaryimage"},"thumbnailUrl":"https:\/\/media.poblenouurbandistrict.com\/2025\/04\/25090027\/510954145.jpg","datePublished":"2025-04-24T11:24:04+00:00","author":{"@id":"https:\/\/poblenouurbandistrict.com\/#\/schema\/person\/980a2cf34b399d5218205730acd54a7e"},"breadcrumb":{"@id":"https:\/\/poblenouurbandistrict.com\/ca\/programacio-de-maig-de-skygarden-music-nights\/#breadcrumb"},"inLanguage":"ca","potentialAction":[{"@type":"ReadAction","target":[["https:\/\/poblenouurbandistrict.com\/ca\/programacio-de-maig-de-skygarden-music-nights\/"]]}]},{"@type":"ImageObject","inLanguage":"ca","@id":"https:\/\/poblenouurbandistrict.com\/ca\/programacio-de-maig-de-skygarden-music-nights\/#primaryimage","url":"https:\/\/media.poblenouurbandistrict.com\/2025\/04\/25090027\/510954145.jpg","contentUrl":"https:\/\/media.poblenouurbandistrict.com\/2025\/04\/25090027\/510954145.jpg","width":1024,"height":683},{"@type":"BreadcrumbList","@id":"https:\/\/poblenouurbandistrict.com\/ca\/programacio-de-maig-de-skygarden-music-nights\/#breadcrumb","itemListElement":[{"@type":"ListItem","position":1,"name":"Home","item":"https:\/\/poblenouurbandistrict.com\/ca\/"},{"@type":"ListItem","position":2,"name":"Programaci\u00f3 de maig de SkyGarden Music Nights"}]},{"@type":"WebSite","@id":"https:\/\/poblenouurbandistrict.com\/ca\/#website","url":"https:\/\/poblenouurbandistrict.com\/ca\/","name":"Poblenou Urban District","description":"Comunitat Creativa","potentialAction":[{"@type":"SearchAction","target":{"@type":"EntryPoint","urlTemplate":"https:\/\/poblenouurbandistrict.com\/ca\/?s={search_term_string}"},"query-input":{"@type":"PropertyValueSpecification","valueRequired":true,"valueName":"search_term_string"}}],"inLanguage":"ca"},{"@type":"Person","@id":"https:\/\/poblenouurbandistrict.com\/#\/schema\/person\/980a2cf34b399d5218205730acd54a7e","name":"pnud","image":{"@type":"ImageObject","inLanguage":"ca","@id":"https:\/\/secure.gravatar.com\/avatar\/67146597b405ee077a24e519f75c3e2031736596d6ce35af3a34c122c93d0d7b?s=96&d=retro&r=g","url":"https:\/\/secure.gravatar.com\/avatar\/67146597b405ee077a24e519f75c3e2031736596d6ce35af3a34c122c93d0d7b?s=96&d=retro&r=g","contentUrl":"https:\/\/secure.gravatar.com\/avatar\/67146597b405ee077a24e519f75c3e2031736596d6ce35af3a34c122c93d0d7b?s=96&d=retro&r=g","caption":"pnud"}}]}},"_links":{"self":[{"href":"https:\/\/poblenouurbandistrict.com\/ca\/wp-json\/wp\/v2\/posts\/50912","targetHints":{"allow":["GET"]}}],"collection":[{"href":"https:\/\/poblenouurbandistrict.com\/ca\/wp-json\/wp\/v2\/posts"}],"about":[{"href":"https:\/\/poblenouurbandistrict.com\/ca\/wp-json\/wp\/v2\/types\/post"}],"author":[{"embeddable":true,"href":"https:\/\/poblenouurbandistrict.com\/ca\/wp-json\/wp\/v2\/users\/5"}],"replies":[{"embeddable":true,"href":"https:\/\/poblenouurbandistrict.com\/ca\/wp-json\/wp\/v2\/comments?post=50912"}],"version-history":[{"count":2,"href":"https:\/\/poblenouurbandistrict.com\/ca\/wp-json\/wp\/v2\/posts\/50912\/revisions"}],"predecessor-version":[{"id":50914,"href":"https:\/\/poblenouurbandistrict.com\/ca\/wp-json\/wp\/v2\/posts\/50912\/revisions\/50914"}],"wp:featuredmedia":[{"embeddable":true,"href":"https:\/\/poblenouurbandistrict.com\/ca\/wp-json\/wp\/v2\/media\/50922"}],"wp:attachment":[{"href":"https:\/\/poblenouurbandistrict.com\/ca\/wp-json\/wp\/v2\/media?parent=50912"}],"wp:term":[{"taxonomy":"category","embeddable":true,"href":"https:\/\/poblenouurbandistrict.com\/ca\/wp-json\/wp\/v2\/categories?post=50912"},{"taxonomy":"post_tag","embeddable":true,"href":"https:\/\/poblenouurbandistrict.com\/ca\/wp-json\/wp\/v2\/tags?post=50912"}],"curies":[{"name":"wp","href":"https:\/\/api.w.org\/{rel}","templated":true}]}}