{"id":50940,"date":"2025-04-25T13:16:47","date_gmt":"2025-04-25T11:16:47","guid":{"rendered":"https:\/\/poblenouurbandistrict.com\/?p=50940"},"modified":"2025-04-30T15:52:21","modified_gmt":"2025-04-30T13:52:21","slug":"matraca-arriba-a-barcelona-amb-una-nit-inoblidable-de-musica-independent","status":"publish","type":"post","link":"https:\/\/poblenouurbandistrict.com\/ca\/matraca-arriba-a-barcelona-amb-una-nit-inoblidable-de-musica-independent\/","title":{"rendered":"MATRACA arriba a La Nau amb una nit inoblidable de m\u00fasica independent"},"content":{"rendered":"<p><\/p>\n<p class=\"\" data-start=\"169\" data-end=\"431\">El <strong data-start=\"176\" data-end=\"199\">dimecres 30 d\u2019abril<\/strong>, <strong><a href=\"https:\/\/lanaubarcelona.es\/agenda\/matraca-30-04-2025\">La Nau<\/a><\/strong> s\u2019omple de ritme amb l\u2019arribada de <a href=\"https:\/\/matraca.net\/\"><strong>Matraca<\/strong><\/a>. La celebraci\u00f3 promet ser una nit explosiva per commemorar <strong data-start=\"384\" data-end=\"430\">12 anys de traject\u00f2ria musical independent<\/strong>.<\/p>\n<p class=\"\" data-start=\"433\" data-end=\"598\">L\u2019esdeveniment comptar\u00e0 amb un <strong data-start=\"464\" data-end=\"490\">cartell imprescindible<\/strong> que reuneix artistes referents de l\u2019escena electr\u00f2nica i experimental. Gaudeix dels sets i performances de:<\/p>\n<ul data-start=\"600\" data-end=\"790\">\n<li class=\"\" data-start=\"600\" data-end=\"619\">\n<p class=\"\" data-start=\"602\" data-end=\"619\"><strong data-start=\"602\" data-end=\"617\">@vituvalera<\/strong><\/p>\n<\/li>\n<li class=\"\" data-start=\"620\" data-end=\"642\">\n<p class=\"\" data-start=\"622\" data-end=\"642\"><strong data-start=\"622\" data-end=\"640\">MIGRX LIVE A\/V<\/strong><\/p>\n<\/li>\n<li class=\"\" data-start=\"643\" data-end=\"661\">\n<p class=\"\" data-start=\"645\" data-end=\"661\"><strong data-start=\"645\" data-end=\"659\">@thatjanko<\/strong><\/p>\n<\/li>\n<li class=\"\" data-start=\"662\" data-end=\"683\">\n<p class=\"\" data-start=\"664\" data-end=\"683\"><strong data-start=\"664\" data-end=\"681\">@quebienchepe<\/strong><\/p>\n<\/li>\n<li class=\"\" data-start=\"684\" data-end=\"701\">\n<p class=\"\" data-start=\"686\" data-end=\"701\"><strong data-start=\"686\" data-end=\"699\">@la_giros<\/strong><\/p>\n<\/li>\n<li class=\"\" data-start=\"702\" data-end=\"720\">\n<p class=\"\" data-start=\"704\" data-end=\"720\"><strong data-start=\"704\" data-end=\"718\">@solsicore<\/strong><\/p>\n<\/li>\n<li class=\"\" data-start=\"721\" data-end=\"748\">\n<p class=\"\" data-start=\"723\" data-end=\"748\"><strong data-start=\"723\" data-end=\"746\">@tiyumii b2b @lukr0<\/strong><\/p>\n<\/li>\n<li class=\"\" data-start=\"749\" data-end=\"765\">\n<p class=\"\" data-start=\"751\" data-end=\"765\"><strong data-start=\"751\" data-end=\"763\">@djphran<\/strong><\/p>\n<\/li>\n<li class=\"\" data-start=\"766\" data-end=\"790\">\n<p class=\"\" data-start=\"768\" data-end=\"790\"><strong data-start=\"768\" data-end=\"790\">@inkclear LIVE A\/V<\/strong><\/p>\n<\/li>\n<\/ul>\n<p class=\"\" data-start=\"792\" data-end=\"999\">Des de DJ sets vibrants fins a experi\u00e8ncies audiovisuals immersives, ser\u00e0 una nit per celebrar el passat, el present i el futur de la m\u00fasica independent de la m\u00e0 d\u2019un dels col\u00b7lectius m\u00e9s potents del moment.<\/p>\n<p class=\"\" data-start=\"1001\" data-end=\"1071\"><strong data-start=\"1005\" data-end=\"1052\">Entrades ja disponible a aquest <a href=\"https:\/\/lanaubarcelona.es\/agenda\/matraca-30-04-2025\">enlla\u00e7<\/a>. <\/strong>No t\u2019ho perdis!<\/p>\n<p><\/p>","protected":false},"excerpt":{"rendered":"<p>El dimecres 30 d\u2019abril, La Nau s\u2019omple de ritme amb l\u2019arribada de Matraca. La celebraci\u00f3 promet ser una nit explosiva&#8230; <a href=\"https:\/\/poblenouurbandistrict.com\/ca\/matraca-arriba-a-barcelona-amb-una-nit-inoblidable-de-musica-independent\/\">M\u00e9s  \u2192<\/a><\/p>\n","protected":false},"author":5,"featured_media":50943,"comment_status":"closed","ping_status":"closed","sticky":false,"template":"","format":"standard","meta":{"_acf_changed":false,"footnotes":""},"categories":[3348],"tags":[],"class_list":["post-50940","post","type-post","status-publish","format-standard","has-post-thumbnail","hentry","category-musica"],"acf":[],"yoast_head":"<!-- This site is optimized with the Yoast SEO plugin v27.5 - https:\/\/yoast.com\/product\/yoast-seo-wordpress\/ -->\n<title>MATRACA arriba a La Nau amb una nit inoblidable de m\u00fasica independent &#8211; Poblenou Urban District<\/title>\n<meta name=\"robots\" content=\"index, follow, max-snippet:-1, max-image-preview:large, max-video-preview:-1\" \/>\n<link rel=\"canonical\" href=\"https:\/\/poblenouurbandistrict.com\/ca\/matraca-arriba-a-barcelona-amb-una-nit-inoblidable-de-musica-independent\/\" \/>\n<meta property=\"og:locale\" content=\"ca_ES\" \/>\n<meta property=\"og:type\" content=\"article\" \/>\n<meta property=\"og:title\" content=\"MATRACA arriba a La Nau amb una nit inoblidable de m\u00fasica independent &#8211; Poblenou Urban District\" \/>\n<meta property=\"og:description\" content=\"El dimecres 30 d\u2019abril, La Nau s\u2019omple de ritme amb l\u2019arribada de Matraca. La celebraci\u00f3 promet ser una nit explosiva... M\u00e9s \u2192\" \/>\n<meta property=\"og:url\" content=\"https:\/\/poblenouurbandistrict.com\/ca\/matraca-arriba-a-barcelona-amb-una-nit-inoblidable-de-musica-independent\/\" \/>\n<meta property=\"og:site_name\" content=\"Poblenou Urban District\" \/>\n<meta property=\"article:published_time\" content=\"2025-04-25T11:16:47+00:00\" \/>\n<meta property=\"article:modified_time\" content=\"2025-04-30T13:52:21+00:00\" \/>\n<meta property=\"og:image\" content=\"https:\/\/poblenouurbandistrict.com\/wp-content\/uploads\/2025\/04\/491415230-18107202370497537-6458263886488298839-n.jpg\" \/>\n\t<meta property=\"og:image:width\" content=\"1080\" \/>\n\t<meta property=\"og:image:height\" content=\"810\" \/>\n\t<meta property=\"og:image:type\" content=\"image\/jpeg\" \/>\n<meta name=\"author\" content=\"pnud\" \/>\n<meta name=\"twitter:card\" content=\"summary_large_image\" \/>\n<meta name=\"twitter:label1\" content=\"Escrit per\" \/>\n\t<meta name=\"twitter:data1\" content=\"pnud\" \/>\n\t<meta name=\"twitter:label2\" content=\"Temps estimat de lectura\" \/>\n\t<meta name=\"twitter:data2\" content=\"1 minut\" \/>\n<script type=\"application\/ld+json\" class=\"yoast-schema-graph\">{\"@context\":\"https:\\\/\\\/schema.org\",\"@graph\":[{\"@type\":\"Article\",\"@id\":\"https:\\\/\\\/poblenouurbandistrict.com\\\/matraca-arriba-a-barcelona-amb-una-nit-inoblidable-de-musica-independent\\\/#article\",\"isPartOf\":{\"@id\":\"https:\\\/\\\/poblenouurbandistrict.com\\\/matraca-arriba-a-barcelona-amb-una-nit-inoblidable-de-musica-independent\\\/\"},\"author\":{\"name\":\"pnud\",\"@id\":\"https:\\\/\\\/poblenouurbandistrict.com\\\/#\\\/schema\\\/person\\\/980a2cf34b399d5218205730acd54a7e\"},\"headline\":\"MATRACA arriba a La Nau amb una nit inoblidable de m\u00fasica independent\",\"datePublished\":\"2025-04-25T11:16:47+00:00\",\"dateModified\":\"2025-04-30T13:52:21+00:00\",\"mainEntityOfPage\":{\"@id\":\"https:\\\/\\\/poblenouurbandistrict.com\\\/matraca-arriba-a-barcelona-amb-una-nit-inoblidable-de-musica-independent\\\/\"},\"wordCount\":284,\"image\":{\"@id\":\"https:\\\/\\\/poblenouurbandistrict.com\\\/matraca-arriba-a-barcelona-amb-una-nit-inoblidable-de-musica-independent\\\/#primaryimage\"},\"thumbnailUrl\":\"https:\\\/\\\/media.poblenouurbandistrict.com\\\/2025\\\/04\\\/25090150\\\/491415230-18107202370497537-6458263886488298839-n.jpg\",\"articleSection\":[\"M\u00fasica\"],\"inLanguage\":\"ca\"},{\"@type\":\"WebPage\",\"@id\":\"https:\\\/\\\/poblenouurbandistrict.com\\\/ca\\\/matraca-arriba-a-barcelona-amb-una-nit-inoblidable-de-musica-independent\\\/\",\"url\":\"https:\\\/\\\/poblenouurbandistrict.com\\\/ca\\\/matraca-arriba-a-barcelona-amb-una-nit-inoblidable-de-musica-independent\\\/\",\"name\":\"MATRACA arriba a La Nau amb una nit inoblidable de m\u00fasica independent &#8211; Poblenou Urban District\",\"isPartOf\":{\"@id\":\"https:\\\/\\\/poblenouurbandistrict.com\\\/ca\\\/#website\"},\"primaryImageOfPage\":{\"@id\":\"https:\\\/\\\/poblenouurbandistrict.com\\\/ca\\\/matraca-arriba-a-barcelona-amb-una-nit-inoblidable-de-musica-independent\\\/#primaryimage\"},\"image\":{\"@id\":\"https:\\\/\\\/poblenouurbandistrict.com\\\/matraca-arriba-a-barcelona-amb-una-nit-inoblidable-de-musica-independent\\\/#primaryimage\"},\"thumbnailUrl\":\"https:\\\/\\\/media.poblenouurbandistrict.com\\\/2025\\\/04\\\/25090150\\\/491415230-18107202370497537-6458263886488298839-n.jpg\",\"datePublished\":\"2025-04-25T11:16:47+00:00\",\"dateModified\":\"2025-04-30T13:52:21+00:00\",\"author\":{\"@id\":\"https:\\\/\\\/poblenouurbandistrict.com\\\/#\\\/schema\\\/person\\\/980a2cf34b399d5218205730acd54a7e\"},\"breadcrumb\":{\"@id\":\"https:\\\/\\\/poblenouurbandistrict.com\\\/ca\\\/matraca-arriba-a-barcelona-amb-una-nit-inoblidable-de-musica-independent\\\/#breadcrumb\"},\"inLanguage\":\"ca\",\"potentialAction\":[{\"@type\":\"ReadAction\",\"target\":[[\"https:\\\/\\\/poblenouurbandistrict.com\\\/ca\\\/matraca-arriba-a-barcelona-amb-una-nit-inoblidable-de-musica-independent\\\/\"]]}]},{\"@type\":\"ImageObject\",\"inLanguage\":\"ca\",\"@id\":\"https:\\\/\\\/poblenouurbandistrict.com\\\/ca\\\/matraca-arriba-a-barcelona-amb-una-nit-inoblidable-de-musica-independent\\\/#primaryimage\",\"url\":\"https:\\\/\\\/media.poblenouurbandistrict.com\\\/2025\\\/04\\\/25090150\\\/491415230-18107202370497537-6458263886488298839-n.jpg\",\"contentUrl\":\"https:\\\/\\\/media.poblenouurbandistrict.com\\\/2025\\\/04\\\/25090150\\\/491415230-18107202370497537-6458263886488298839-n.jpg\",\"width\":1080,\"height\":810},{\"@type\":\"BreadcrumbList\",\"@id\":\"https:\\\/\\\/poblenouurbandistrict.com\\\/ca\\\/matraca-arriba-a-barcelona-amb-una-nit-inoblidable-de-musica-independent\\\/#breadcrumb\",\"itemListElement\":[{\"@type\":\"ListItem\",\"position\":1,\"name\":\"Home\",\"item\":\"https:\\\/\\\/poblenouurbandistrict.com\\\/ca\\\/\"},{\"@type\":\"ListItem\",\"position\":2,\"name\":\"MATRACA arriba a La Nau amb una nit inoblidable de m\u00fasica independent\"}]},{\"@type\":\"WebSite\",\"@id\":\"https:\\\/\\\/poblenouurbandistrict.com\\\/ca\\\/#website\",\"url\":\"https:\\\/\\\/poblenouurbandistrict.com\\\/ca\\\/\",\"name\":\"Poblenou Urban District\",\"description\":\"Comunitat Creativa\",\"potentialAction\":[{\"@type\":\"SearchAction\",\"target\":{\"@type\":\"EntryPoint\",\"urlTemplate\":\"https:\\\/\\\/poblenouurbandistrict.com\\\/ca\\\/?s={search_term_string}\"},\"query-input\":{\"@type\":\"PropertyValueSpecification\",\"valueRequired\":true,\"valueName\":\"search_term_string\"}}],\"inLanguage\":\"ca\"},{\"@type\":\"Person\",\"@id\":\"https:\\\/\\\/poblenouurbandistrict.com\\\/#\\\/schema\\\/person\\\/980a2cf34b399d5218205730acd54a7e\",\"name\":\"pnud\",\"image\":{\"@type\":\"ImageObject\",\"inLanguage\":\"ca\",\"@id\":\"https:\\\/\\\/secure.gravatar.com\\\/avatar\\\/67146597b405ee077a24e519f75c3e2031736596d6ce35af3a34c122c93d0d7b?s=96&d=retro&r=g\",\"url\":\"https:\\\/\\\/secure.gravatar.com\\\/avatar\\\/67146597b405ee077a24e519f75c3e2031736596d6ce35af3a34c122c93d0d7b?s=96&d=retro&r=g\",\"contentUrl\":\"https:\\\/\\\/secure.gravatar.com\\\/avatar\\\/67146597b405ee077a24e519f75c3e2031736596d6ce35af3a34c122c93d0d7b?s=96&d=retro&r=g\",\"caption\":\"pnud\"}}]}<\/script>\n<!-- \/ Yoast SEO plugin. -->","yoast_head_json":{"title":"MATRACA arriba a La Nau amb una nit inoblidable de m\u00fasica independent &#8211; Poblenou Urban District","robots":{"index":"index","follow":"follow","max-snippet":"max-snippet:-1","max-image-preview":"max-image-preview:large","max-video-preview":"max-video-preview:-1"},"canonical":"https:\/\/poblenouurbandistrict.com\/ca\/matraca-arriba-a-barcelona-amb-una-nit-inoblidable-de-musica-independent\/","og_locale":"ca_ES","og_type":"article","og_title":"MATRACA arriba a La Nau amb una nit inoblidable de m\u00fasica independent &#8211; Poblenou Urban District","og_description":"El dimecres 30 d\u2019abril, La Nau s\u2019omple de ritme amb l\u2019arribada de Matraca. La celebraci\u00f3 promet ser una nit explosiva... M\u00e9s \u2192","og_url":"https:\/\/poblenouurbandistrict.com\/ca\/matraca-arriba-a-barcelona-amb-una-nit-inoblidable-de-musica-independent\/","og_site_name":"Poblenou Urban District","article_published_time":"2025-04-25T11:16:47+00:00","article_modified_time":"2025-04-30T13:52:21+00:00","og_image":[{"width":1080,"height":810,"url":"https:\/\/poblenouurbandistrict.com\/wp-content\/uploads\/2025\/04\/491415230-18107202370497537-6458263886488298839-n.jpg","type":"image\/jpeg"}],"author":"pnud","twitter_card":"summary_large_image","twitter_misc":{"Escrit per":"pnud","Temps estimat de lectura":"1 minut"},"schema":{"@context":"https:\/\/schema.org","@graph":[{"@type":"Article","@id":"https:\/\/poblenouurbandistrict.com\/matraca-arriba-a-barcelona-amb-una-nit-inoblidable-de-musica-independent\/#article","isPartOf":{"@id":"https:\/\/poblenouurbandistrict.com\/matraca-arriba-a-barcelona-amb-una-nit-inoblidable-de-musica-independent\/"},"author":{"name":"pnud","@id":"https:\/\/poblenouurbandistrict.com\/#\/schema\/person\/980a2cf34b399d5218205730acd54a7e"},"headline":"MATRACA arriba a La Nau amb una nit inoblidable de m\u00fasica independent","datePublished":"2025-04-25T11:16:47+00:00","dateModified":"2025-04-30T13:52:21+00:00","mainEntityOfPage":{"@id":"https:\/\/poblenouurbandistrict.com\/matraca-arriba-a-barcelona-amb-una-nit-inoblidable-de-musica-independent\/"},"wordCount":284,"image":{"@id":"https:\/\/poblenouurbandistrict.com\/matraca-arriba-a-barcelona-amb-una-nit-inoblidable-de-musica-independent\/#primaryimage"},"thumbnailUrl":"https:\/\/media.poblenouurbandistrict.com\/2025\/04\/25090150\/491415230-18107202370497537-6458263886488298839-n.jpg","articleSection":["M\u00fasica"],"inLanguage":"ca"},{"@type":"WebPage","@id":"https:\/\/poblenouurbandistrict.com\/ca\/matraca-arriba-a-barcelona-amb-una-nit-inoblidable-de-musica-independent\/","url":"https:\/\/poblenouurbandistrict.com\/ca\/matraca-arriba-a-barcelona-amb-una-nit-inoblidable-de-musica-independent\/","name":"MATRACA arriba a La Nau amb una nit inoblidable de m\u00fasica independent &#8211; Poblenou Urban District","isPartOf":{"@id":"https:\/\/poblenouurbandistrict.com\/ca\/#website"},"primaryImageOfPage":{"@id":"https:\/\/poblenouurbandistrict.com\/ca\/matraca-arriba-a-barcelona-amb-una-nit-inoblidable-de-musica-independent\/#primaryimage"},"image":{"@id":"https:\/\/poblenouurbandistrict.com\/matraca-arriba-a-barcelona-amb-una-nit-inoblidable-de-musica-independent\/#primaryimage"},"thumbnailUrl":"https:\/\/media.poblenouurbandistrict.com\/2025\/04\/25090150\/491415230-18107202370497537-6458263886488298839-n.jpg","datePublished":"2025-04-25T11:16:47+00:00","dateModified":"2025-04-30T13:52:21+00:00","author":{"@id":"https:\/\/poblenouurbandistrict.com\/#\/schema\/person\/980a2cf34b399d5218205730acd54a7e"},"breadcrumb":{"@id":"https:\/\/poblenouurbandistrict.com\/ca\/matraca-arriba-a-barcelona-amb-una-nit-inoblidable-de-musica-independent\/#breadcrumb"},"inLanguage":"ca","potentialAction":[{"@type":"ReadAction","target":[["https:\/\/poblenouurbandistrict.com\/ca\/matraca-arriba-a-barcelona-amb-una-nit-inoblidable-de-musica-independent\/"]]}]},{"@type":"ImageObject","inLanguage":"ca","@id":"https:\/\/poblenouurbandistrict.com\/ca\/matraca-arriba-a-barcelona-amb-una-nit-inoblidable-de-musica-independent\/#primaryimage","url":"https:\/\/media.poblenouurbandistrict.com\/2025\/04\/25090150\/491415230-18107202370497537-6458263886488298839-n.jpg","contentUrl":"https:\/\/media.poblenouurbandistrict.com\/2025\/04\/25090150\/491415230-18107202370497537-6458263886488298839-n.jpg","width":1080,"height":810},{"@type":"BreadcrumbList","@id":"https:\/\/poblenouurbandistrict.com\/ca\/matraca-arriba-a-barcelona-amb-una-nit-inoblidable-de-musica-independent\/#breadcrumb","itemListElement":[{"@type":"ListItem","position":1,"name":"Home","item":"https:\/\/poblenouurbandistrict.com\/ca\/"},{"@type":"ListItem","position":2,"name":"MATRACA arriba a La Nau amb una nit inoblidable de m\u00fasica independent"}]},{"@type":"WebSite","@id":"https:\/\/poblenouurbandistrict.com\/ca\/#website","url":"https:\/\/poblenouurbandistrict.com\/ca\/","name":"Poblenou Urban District","description":"Comunitat Creativa","potentialAction":[{"@type":"SearchAction","target":{"@type":"EntryPoint","urlTemplate":"https:\/\/poblenouurbandistrict.com\/ca\/?s={search_term_string}"},"query-input":{"@type":"PropertyValueSpecification","valueRequired":true,"valueName":"search_term_string"}}],"inLanguage":"ca"},{"@type":"Person","@id":"https:\/\/poblenouurbandistrict.com\/#\/schema\/person\/980a2cf34b399d5218205730acd54a7e","name":"pnud","image":{"@type":"ImageObject","inLanguage":"ca","@id":"https:\/\/secure.gravatar.com\/avatar\/67146597b405ee077a24e519f75c3e2031736596d6ce35af3a34c122c93d0d7b?s=96&d=retro&r=g","url":"https:\/\/secure.gravatar.com\/avatar\/67146597b405ee077a24e519f75c3e2031736596d6ce35af3a34c122c93d0d7b?s=96&d=retro&r=g","contentUrl":"https:\/\/secure.gravatar.com\/avatar\/67146597b405ee077a24e519f75c3e2031736596d6ce35af3a34c122c93d0d7b?s=96&d=retro&r=g","caption":"pnud"}}]}},"_links":{"self":[{"href":"https:\/\/poblenouurbandistrict.com\/ca\/wp-json\/wp\/v2\/posts\/50940","targetHints":{"allow":["GET"]}}],"collection":[{"href":"https:\/\/poblenouurbandistrict.com\/ca\/wp-json\/wp\/v2\/posts"}],"about":[{"href":"https:\/\/poblenouurbandistrict.com\/ca\/wp-json\/wp\/v2\/types\/post"}],"author":[{"embeddable":true,"href":"https:\/\/poblenouurbandistrict.com\/ca\/wp-json\/wp\/v2\/users\/5"}],"replies":[{"embeddable":true,"href":"https:\/\/poblenouurbandistrict.com\/ca\/wp-json\/wp\/v2\/comments?post=50940"}],"version-history":[{"count":5,"href":"https:\/\/poblenouurbandistrict.com\/ca\/wp-json\/wp\/v2\/posts\/50940\/revisions"}],"predecessor-version":[{"id":51054,"href":"https:\/\/poblenouurbandistrict.com\/ca\/wp-json\/wp\/v2\/posts\/50940\/revisions\/51054"}],"wp:featuredmedia":[{"embeddable":true,"href":"https:\/\/poblenouurbandistrict.com\/ca\/wp-json\/wp\/v2\/media\/50943"}],"wp:attachment":[{"href":"https:\/\/poblenouurbandistrict.com\/ca\/wp-json\/wp\/v2\/media?parent=50940"}],"wp:term":[{"taxonomy":"category","embeddable":true,"href":"https:\/\/poblenouurbandistrict.com\/ca\/wp-json\/wp\/v2\/categories?post=50940"},{"taxonomy":"post_tag","embeddable":true,"href":"https:\/\/poblenouurbandistrict.com\/ca\/wp-json\/wp\/v2\/tags?post=50940"}],"curies":[{"name":"wp","href":"https:\/\/api.w.org\/{rel}","templated":true}]}}