{"id":50946,"date":"2025-05-05T11:17:35","date_gmt":"2025-05-05T09:17:35","guid":{"rendered":"https:\/\/poblenouurbandistrict.com\/?p=50946"},"modified":"2025-05-07T11:45:59","modified_gmt":"2025-05-07T09:45:59","slug":"hotels-i-hostals-destacats-que-obren-portes-al-poblenou-open-day","status":"publish","type":"post","link":"https:\/\/poblenouurbandistrict.com\/ca\/hotels-i-hostals-destacats-que-obren-portes-al-poblenou-open-day\/","title":{"rendered":"Hotels i hostals destacats que obren portes al Poblenou Open Day"},"content":{"rendered":"<p><\/p>\n<p class=\"\" data-start=\"1751\" data-end=\"2028\">Hotels i hostals de la comunitat de Poblenou Urban District s\u2019han sumat a l\u2019Open Day amb una gran varietat d\u2019ofertes culturals. Aquest 10 de maig prepara\u2019t per gaudir de sessions musicals, c\u00f2ctels, gastronomia i vistes <span style=\"color: #333333;\">espectaculars de Barcelona des de les seves terrasses.<\/span><\/p>\n<h3 data-start=\"2035\" data-end=\"2068\"><span style=\"color: #333333;\"><a style=\"color: #333333;\" href=\"https:\/\/www.hilton.com\/en\/hotels\/bcndmhi-hilton-diagonal-mar-barcelona\/\"><strong data-start=\"2035\" data-end=\"2068\">Hilton Diagonal Mar Barcelona<\/strong><\/a><\/span><\/h3>\n<p class=\"\" data-start=\"2070\" data-end=\"2257\">Durant l\u2019Open Day oferiran una proposta gastron\u00f2mica \u00fanica i acolliran la iniciativa de\u00a0<strong>Creto\u00a0<\/strong>en el <strong>Windows Art Circuit (WAC)<\/strong>, acompanyada d\u2019un taller creatiu de la m\u00e0 de Poblenou Urban District.<\/p>\n<h6 style=\"text-align: center;\" data-start=\"2259\" data-end=\"2282\"><strong>Pg. del Taulat, 262-264<\/strong><\/h6>\n<h3 data-start=\"2289\" data-end=\"2318\"><\/h3>\n<h3 data-start=\"2289\" data-end=\"2318\"><span style=\"color: #333333;\"><a style=\"color: #333333;\" href=\"https:\/\/all.accor.com\/hotel\/9663\/index.es.shtml?utm_campaign=seo+maps&amp;utm_medium=seo+maps&amp;utm_source=google+Maps\"><strong data-start=\"2289\" data-end=\"2318\">Ibis Styles City Bogatell<\/strong><\/a><\/span><\/h3>\n<p class=\"\" data-start=\"2320\" data-end=\"2462\"><span style=\"color: #333333;\">Gaudeix d\u2019una tarda de vermut i tapes al capdamunt de la terrassa de l\u2019IBIS Styles City Bogatell amb vistes al Districte Creatiu del Poblenou.<\/span><\/p>\n<p data-start=\"2320\" data-end=\"2462\">Acollir\u00e0 una intervenci\u00f3 art\u00edstica de\u00a0<strong>Vale Wilson<\/strong> en el <strong>Windows Art Circuit (WAC). <\/strong><\/p>\n<h6 style=\"text-align: center;\" data-start=\"2464\" data-end=\"2487\"><span style=\"color: #333333;\"><strong>Llull, 71<\/strong><\/span><br data-start=\"2473\" data-end=\"2476\" \/><span style=\"color: #333333;\"><strong>13 h a 22 h<\/strong><\/span><\/h6>\n<p>&nbsp;<\/p>\n<h3><span style=\"color: #333333;\"><a style=\"color: #333333;\" href=\"https:\/\/thehoxton.com\/poblenou\/\">The Hoxton Poblenou<\/a><\/span><\/h3>\n<p>The Hoxton Poblenou portar\u00e0 un outlet de \u201cLa Casa del Alcalde\u201d amb les millors marques de moda, GABBA i DSTREZZED, a preu d\u2019outlet acompanyat d&#8217;un vermut + copes amb DJs.<\/p>\n<p>Acollir\u00e0 una intervenci\u00f3 art\u00edstica de <strong>F\u00e0stic Bomb\u00e0stic <\/strong>en el\u00a0<strong>Windows Art Circuit (WAC). <\/strong><\/p>\n<h6 style=\"text-align: center;\">Av. Diagonal 205<\/h6>\n<h6 style=\"text-align: center;\">12h a 21h<\/h6>\n<p>&nbsp;<\/p>\n<h3 style=\"text-align: left;\" data-start=\"4416\" data-end=\"4912\"><span style=\"color: #333333;\"><a style=\"color: #333333;\" href=\"https:\/\/www.instagram.com\/amateur.bar\/\"><strong data-start=\"4416\" data-end=\"4434\">The Social Hub<\/strong><\/a><\/span><\/h3>\n<p class=\"\" style=\"text-align: left;\" data-start=\"4416\" data-end=\"4912\"><span style=\"color: #333333;\">The Social Hub Barcelona obre les seves portes a artistes i creatius locals amb motiu de l\u2019Art Hub, un esdeveniment especial dedicat al talent del barri. Es podr\u00e0 gaudir d\u2019un mercat de creadors, actuacions, tallers i altres propostes culturals. Per completar l\u2019experi\u00e8ncia, hi haur\u00e0 m\u00fasica en directe i una selecci\u00f3 gastron\u00f2mica cuidada a la terrassa de la piscina. Una oportunitat perfecta per descobrir, connectar i celebrar la creativitat local.<\/span><\/p>\n<h6 style=\"text-align: center;\" data-start=\"4416\" data-end=\"4912\"><span style=\"color: #333333;\">Crist\u00f2bal de Moura, 49<\/span><br data-start=\"4898\" data-end=\"4901\" \/><span style=\"color: #333333;\">11 h a 22 h<\/span><\/h6>\n<p>&nbsp;<\/p>\n<h3 data-start=\"2494\" data-end=\"2518\"><span style=\"color: #333333;\"><a style=\"color: #333333;\" href=\"https:\/\/www.hotelpereiv.com\/\"><strong data-start=\"2494\" data-end=\"2518\">Sall\u00e9s Hotel Pere IV<\/strong><\/a><\/span><\/h3>\n<p class=\"\" data-start=\"2520\" data-end=\"2746\">Gaudeix de les vistes panor\u00e0miques de Barcelona amb una degustaci\u00f3 de gyozas de verdures i teriyaki de fruita de la passi\u00f3 (veg\u00e0), maridat amb una copa de cava rosat Codorniu Edici\u00f3 Limitada. El preu per persona \u00e9s de 7 euros.<\/p>\n<h6 style=\"text-align: center;\" data-start=\"2748\" data-end=\"2774\"><strong>Pallars, 128<\/strong><br data-start=\"2760\" data-end=\"2763\" \/><strong>13 h a 22 h<\/strong><\/h6>\n<h3 data-start=\"2781\" data-end=\"2826\"><span style=\"color: #333333;\"><a style=\"color: #333333;\" href=\"https:\/\/www.hotelbarcelonaprincess.com\/es\/\"><strong data-start=\"2781\" data-end=\"2826\">Terrassa Dagma \u2013 Hotel Barcelona Princess<\/strong><\/a><\/span><\/h3>\n<p class=\"\" data-start=\"2828\" data-end=\"3084\"><span style=\"color: #333333;\">Gaudeix de l\u2019actuaci\u00f3 d\u2019Alan Elvira Da Silva, artista afroargent\u00ed, de 18 h a 20 h, amb una fusi\u00f3 d\u2019influ\u00e8ncies globals: MPB, m\u00fasica antillana, soul i Gnawa. De 18 h a 22 h s\u2019oferir\u00e0 una tapa especial del xef amb copa de vi o Martini Fiero Splitz per 9,5 \u20ac.<\/span><\/p>\n<h6 style=\"text-align: center;\" data-start=\"3086\" data-end=\"3115\"><span style=\"color: #333333;\"><strong>Av. Diagonal, 1<\/strong><\/span><br data-start=\"3101\" data-end=\"3104\" \/><span style=\"color: #333333;\"><strong>18 h a 22 h<\/strong><\/span><\/h6>\n<h3 data-start=\"3122\" data-end=\"3147\"><span style=\"color: #333333;\"><a style=\"color: #333333;\" href=\"https:\/\/www.vitastudent.com\/es\/ciudades\/barcelona\/poblenou\/\"><strong data-start=\"3122\" data-end=\"3147\">Vita Student Poblenou<\/strong><\/a><\/span><\/h3>\n<p class=\"\" data-start=\"3149\" data-end=\"3333\"><span style=\"color: #333333;\">Vita Student Poblenou obre les seve<\/span>s portes per convidar-te a una classe de cuina on, pas a pas i de la m\u00e0 de The Play Cook, prepararem unes delicioses empanades de carn i de verdures.<\/p>\n<p>A m\u00e9s de la classe de cuina, la cafeteria annexa a Vita Student, The Coffee Hackers oferir\u00e0 un tast de caf\u00e8 d\u2019especialitat de 10:30 a 12:30 h, per inscriure\u2019s, escriure a\u00a0juan@thecoffeehackers.com<\/p>\n<p class=\"\" data-start=\"3335\" data-end=\"3421\">Inscripcions a trav\u00e9s de <a rel=\"noopener\" data-start=\"3360\" data-end=\"3380\">hola@vitastudent.com<\/a>. Esdeveniment gratu\u00eft. Places limitades.<\/p>\n<h6 style=\"text-align: center;\" data-start=\"3423\" data-end=\"3457\"><strong>Sancho d\u2019\u00c0vila, 2-10<\/strong><br data-start=\"3443\" data-end=\"3446\" \/><strong>13 h a 14 h<\/strong><\/h6>\n<p class=\"\" data-start=\"3464\" data-end=\"3543\">\n<p><\/p>","protected":false},"excerpt":{"rendered":"<p>Hotels i hostals de la comunitat de Poblenou Urban District s\u2019han sumat a l\u2019Open Day amb una gran varietat d\u2019ofertes&#8230; <a href=\"https:\/\/poblenouurbandistrict.com\/ca\/hotels-i-hostals-destacats-que-obren-portes-al-poblenou-open-day\/\">M\u00e9s  \u2192<\/a><\/p>\n","protected":false},"author":5,"featured_media":50961,"comment_status":"closed","ping_status":"closed","sticky":false,"template":"","format":"standard","meta":{"_acf_changed":false,"footnotes":""},"categories":[3567],"tags":[],"class_list":["post-50946","post","type-post","status-publish","format-standard","has-post-thumbnail","hentry","category-poblenou-open-day-2"],"acf":[],"yoast_head":"<!-- This site is optimized with the Yoast SEO plugin v27.5 - https:\/\/yoast.com\/product\/yoast-seo-wordpress\/ -->\n<title>Hotels i hostals destacats que obren portes al Poblenou Open Day &#8211; Poblenou Urban District<\/title>\n<meta name=\"robots\" content=\"index, follow, max-snippet:-1, max-image-preview:large, max-video-preview:-1\" \/>\n<link rel=\"canonical\" href=\"https:\/\/poblenouurbandistrict.com\/ca\/hotels-i-hostals-destacats-que-obren-portes-al-poblenou-open-day\/\" \/>\n<meta property=\"og:locale\" content=\"ca_ES\" \/>\n<meta property=\"og:type\" content=\"article\" \/>\n<meta property=\"og:title\" content=\"Hotels i hostals destacats que obren portes al Poblenou Open Day &#8211; Poblenou Urban District\" \/>\n<meta property=\"og:description\" content=\"Hotels i hostals de la comunitat de Poblenou Urban District s\u2019han sumat a l\u2019Open Day amb una gran varietat d\u2019ofertes... M\u00e9s \u2192\" \/>\n<meta property=\"og:url\" content=\"https:\/\/poblenouurbandistrict.com\/ca\/hotels-i-hostals-destacats-que-obren-portes-al-poblenou-open-day\/\" \/>\n<meta property=\"og:site_name\" content=\"Poblenou Urban District\" \/>\n<meta property=\"article:published_time\" content=\"2025-05-05T09:17:35+00:00\" \/>\n<meta property=\"article:modified_time\" content=\"2025-05-07T09:45:59+00:00\" \/>\n<meta property=\"og:image\" content=\"https:\/\/poblenouurbandistrict.com\/wp-content\/uploads\/2025\/04\/pool-reflections-pbb-sara-soley.jpg\" \/>\n\t<meta property=\"og:image:width\" content=\"2560\" \/>\n\t<meta property=\"og:image:height\" content=\"1707\" \/>\n\t<meta property=\"og:image:type\" content=\"image\/jpeg\" \/>\n<meta name=\"author\" content=\"pnud\" \/>\n<meta name=\"twitter:card\" content=\"summary_large_image\" \/>\n<meta name=\"twitter:label1\" content=\"Escrit per\" \/>\n\t<meta name=\"twitter:data1\" content=\"pnud\" \/>\n\t<meta name=\"twitter:label2\" content=\"Temps estimat de lectura\" \/>\n\t<meta name=\"twitter:data2\" content=\"3 minuts\" \/>\n<script type=\"application\/ld+json\" class=\"yoast-schema-graph\">{\"@context\":\"https:\\\/\\\/schema.org\",\"@graph\":[{\"@type\":\"Article\",\"@id\":\"https:\\\/\\\/poblenouurbandistrict.com\\\/hotels-i-hostals-destacats-que-obren-portes-al-poblenou-open-day\\\/#article\",\"isPartOf\":{\"@id\":\"https:\\\/\\\/poblenouurbandistrict.com\\\/hotels-i-hostals-destacats-que-obren-portes-al-poblenou-open-day\\\/\"},\"author\":{\"name\":\"pnud\",\"@id\":\"https:\\\/\\\/poblenouurbandistrict.com\\\/#\\\/schema\\\/person\\\/980a2cf34b399d5218205730acd54a7e\"},\"headline\":\"Hotels i hostals destacats que obren portes al Poblenou Open Day\",\"datePublished\":\"2025-05-05T09:17:35+00:00\",\"dateModified\":\"2025-05-07T09:45:59+00:00\",\"mainEntityOfPage\":{\"@id\":\"https:\\\/\\\/poblenouurbandistrict.com\\\/hotels-i-hostals-destacats-que-obren-portes-al-poblenou-open-day\\\/\"},\"wordCount\":1435,\"image\":{\"@id\":\"https:\\\/\\\/poblenouurbandistrict.com\\\/hotels-i-hostals-destacats-que-obren-portes-al-poblenou-open-day\\\/#primaryimage\"},\"thumbnailUrl\":\"https:\\\/\\\/media.poblenouurbandistrict.com\\\/2025\\\/04\\\/25090154\\\/pool-reflections-pbb-sara-soley.jpg\",\"articleSection\":[\"Poblenou Open Day\"],\"inLanguage\":\"ca\"},{\"@type\":\"WebPage\",\"@id\":\"https:\\\/\\\/poblenouurbandistrict.com\\\/ca\\\/hotels-i-hostals-destacats-que-obren-portes-al-poblenou-open-day\\\/\",\"url\":\"https:\\\/\\\/poblenouurbandistrict.com\\\/ca\\\/hotels-i-hostals-destacats-que-obren-portes-al-poblenou-open-day\\\/\",\"name\":\"Hotels i hostals destacats que obren portes al Poblenou Open Day &#8211; Poblenou Urban District\",\"isPartOf\":{\"@id\":\"https:\\\/\\\/poblenouurbandistrict.com\\\/ca\\\/#website\"},\"primaryImageOfPage\":{\"@id\":\"https:\\\/\\\/poblenouurbandistrict.com\\\/ca\\\/hotels-i-hostals-destacats-que-obren-portes-al-poblenou-open-day\\\/#primaryimage\"},\"image\":{\"@id\":\"https:\\\/\\\/poblenouurbandistrict.com\\\/hotels-i-hostals-destacats-que-obren-portes-al-poblenou-open-day\\\/#primaryimage\"},\"thumbnailUrl\":\"https:\\\/\\\/media.poblenouurbandistrict.com\\\/2025\\\/04\\\/25090154\\\/pool-reflections-pbb-sara-soley.jpg\",\"datePublished\":\"2025-05-05T09:17:35+00:00\",\"dateModified\":\"2025-05-07T09:45:59+00:00\",\"author\":{\"@id\":\"https:\\\/\\\/poblenouurbandistrict.com\\\/#\\\/schema\\\/person\\\/980a2cf34b399d5218205730acd54a7e\"},\"breadcrumb\":{\"@id\":\"https:\\\/\\\/poblenouurbandistrict.com\\\/ca\\\/hotels-i-hostals-destacats-que-obren-portes-al-poblenou-open-day\\\/#breadcrumb\"},\"inLanguage\":\"ca\",\"potentialAction\":[{\"@type\":\"ReadAction\",\"target\":[[\"https:\\\/\\\/poblenouurbandistrict.com\\\/ca\\\/hotels-i-hostals-destacats-que-obren-portes-al-poblenou-open-day\\\/\"]]}]},{\"@type\":\"ImageObject\",\"inLanguage\":\"ca\",\"@id\":\"https:\\\/\\\/poblenouurbandistrict.com\\\/ca\\\/hotels-i-hostals-destacats-que-obren-portes-al-poblenou-open-day\\\/#primaryimage\",\"url\":\"https:\\\/\\\/media.poblenouurbandistrict.com\\\/2025\\\/04\\\/25090154\\\/pool-reflections-pbb-sara-soley.jpg\",\"contentUrl\":\"https:\\\/\\\/media.poblenouurbandistrict.com\\\/2025\\\/04\\\/25090154\\\/pool-reflections-pbb-sara-soley.jpg\",\"width\":2560,\"height\":1707},{\"@type\":\"BreadcrumbList\",\"@id\":\"https:\\\/\\\/poblenouurbandistrict.com\\\/ca\\\/hotels-i-hostals-destacats-que-obren-portes-al-poblenou-open-day\\\/#breadcrumb\",\"itemListElement\":[{\"@type\":\"ListItem\",\"position\":1,\"name\":\"Home\",\"item\":\"https:\\\/\\\/poblenouurbandistrict.com\\\/ca\\\/\"},{\"@type\":\"ListItem\",\"position\":2,\"name\":\"Hotels i hostals destacats que obren portes al Poblenou Open Day\"}]},{\"@type\":\"WebSite\",\"@id\":\"https:\\\/\\\/poblenouurbandistrict.com\\\/ca\\\/#website\",\"url\":\"https:\\\/\\\/poblenouurbandistrict.com\\\/ca\\\/\",\"name\":\"Poblenou Urban District\",\"description\":\"Comunitat Creativa\",\"potentialAction\":[{\"@type\":\"SearchAction\",\"target\":{\"@type\":\"EntryPoint\",\"urlTemplate\":\"https:\\\/\\\/poblenouurbandistrict.com\\\/ca\\\/?s={search_term_string}\"},\"query-input\":{\"@type\":\"PropertyValueSpecification\",\"valueRequired\":true,\"valueName\":\"search_term_string\"}}],\"inLanguage\":\"ca\"},{\"@type\":\"Person\",\"@id\":\"https:\\\/\\\/poblenouurbandistrict.com\\\/#\\\/schema\\\/person\\\/980a2cf34b399d5218205730acd54a7e\",\"name\":\"pnud\",\"image\":{\"@type\":\"ImageObject\",\"inLanguage\":\"ca\",\"@id\":\"https:\\\/\\\/secure.gravatar.com\\\/avatar\\\/67146597b405ee077a24e519f75c3e2031736596d6ce35af3a34c122c93d0d7b?s=96&d=retro&r=g\",\"url\":\"https:\\\/\\\/secure.gravatar.com\\\/avatar\\\/67146597b405ee077a24e519f75c3e2031736596d6ce35af3a34c122c93d0d7b?s=96&d=retro&r=g\",\"contentUrl\":\"https:\\\/\\\/secure.gravatar.com\\\/avatar\\\/67146597b405ee077a24e519f75c3e2031736596d6ce35af3a34c122c93d0d7b?s=96&d=retro&r=g\",\"caption\":\"pnud\"}}]}<\/script>\n<!-- \/ Yoast SEO plugin. -->","yoast_head_json":{"title":"Hotels i hostals destacats que obren portes al Poblenou Open Day &#8211; Poblenou Urban District","robots":{"index":"index","follow":"follow","max-snippet":"max-snippet:-1","max-image-preview":"max-image-preview:large","max-video-preview":"max-video-preview:-1"},"canonical":"https:\/\/poblenouurbandistrict.com\/ca\/hotels-i-hostals-destacats-que-obren-portes-al-poblenou-open-day\/","og_locale":"ca_ES","og_type":"article","og_title":"Hotels i hostals destacats que obren portes al Poblenou Open Day &#8211; Poblenou Urban District","og_description":"Hotels i hostals de la comunitat de Poblenou Urban District s\u2019han sumat a l\u2019Open Day amb una gran varietat d\u2019ofertes... M\u00e9s \u2192","og_url":"https:\/\/poblenouurbandistrict.com\/ca\/hotels-i-hostals-destacats-que-obren-portes-al-poblenou-open-day\/","og_site_name":"Poblenou Urban District","article_published_time":"2025-05-05T09:17:35+00:00","article_modified_time":"2025-05-07T09:45:59+00:00","og_image":[{"width":2560,"height":1707,"url":"https:\/\/poblenouurbandistrict.com\/wp-content\/uploads\/2025\/04\/pool-reflections-pbb-sara-soley.jpg","type":"image\/jpeg"}],"author":"pnud","twitter_card":"summary_large_image","twitter_misc":{"Escrit per":"pnud","Temps estimat de lectura":"3 minuts"},"schema":{"@context":"https:\/\/schema.org","@graph":[{"@type":"Article","@id":"https:\/\/poblenouurbandistrict.com\/hotels-i-hostals-destacats-que-obren-portes-al-poblenou-open-day\/#article","isPartOf":{"@id":"https:\/\/poblenouurbandistrict.com\/hotels-i-hostals-destacats-que-obren-portes-al-poblenou-open-day\/"},"author":{"name":"pnud","@id":"https:\/\/poblenouurbandistrict.com\/#\/schema\/person\/980a2cf34b399d5218205730acd54a7e"},"headline":"Hotels i hostals destacats que obren portes al Poblenou Open Day","datePublished":"2025-05-05T09:17:35+00:00","dateModified":"2025-05-07T09:45:59+00:00","mainEntityOfPage":{"@id":"https:\/\/poblenouurbandistrict.com\/hotels-i-hostals-destacats-que-obren-portes-al-poblenou-open-day\/"},"wordCount":1435,"image":{"@id":"https:\/\/poblenouurbandistrict.com\/hotels-i-hostals-destacats-que-obren-portes-al-poblenou-open-day\/#primaryimage"},"thumbnailUrl":"https:\/\/media.poblenouurbandistrict.com\/2025\/04\/25090154\/pool-reflections-pbb-sara-soley.jpg","articleSection":["Poblenou Open Day"],"inLanguage":"ca"},{"@type":"WebPage","@id":"https:\/\/poblenouurbandistrict.com\/ca\/hotels-i-hostals-destacats-que-obren-portes-al-poblenou-open-day\/","url":"https:\/\/poblenouurbandistrict.com\/ca\/hotels-i-hostals-destacats-que-obren-portes-al-poblenou-open-day\/","name":"Hotels i hostals destacats que obren portes al Poblenou Open Day &#8211; Poblenou Urban District","isPartOf":{"@id":"https:\/\/poblenouurbandistrict.com\/ca\/#website"},"primaryImageOfPage":{"@id":"https:\/\/poblenouurbandistrict.com\/ca\/hotels-i-hostals-destacats-que-obren-portes-al-poblenou-open-day\/#primaryimage"},"image":{"@id":"https:\/\/poblenouurbandistrict.com\/hotels-i-hostals-destacats-que-obren-portes-al-poblenou-open-day\/#primaryimage"},"thumbnailUrl":"https:\/\/media.poblenouurbandistrict.com\/2025\/04\/25090154\/pool-reflections-pbb-sara-soley.jpg","datePublished":"2025-05-05T09:17:35+00:00","dateModified":"2025-05-07T09:45:59+00:00","author":{"@id":"https:\/\/poblenouurbandistrict.com\/#\/schema\/person\/980a2cf34b399d5218205730acd54a7e"},"breadcrumb":{"@id":"https:\/\/poblenouurbandistrict.com\/ca\/hotels-i-hostals-destacats-que-obren-portes-al-poblenou-open-day\/#breadcrumb"},"inLanguage":"ca","potentialAction":[{"@type":"ReadAction","target":[["https:\/\/poblenouurbandistrict.com\/ca\/hotels-i-hostals-destacats-que-obren-portes-al-poblenou-open-day\/"]]}]},{"@type":"ImageObject","inLanguage":"ca","@id":"https:\/\/poblenouurbandistrict.com\/ca\/hotels-i-hostals-destacats-que-obren-portes-al-poblenou-open-day\/#primaryimage","url":"https:\/\/media.poblenouurbandistrict.com\/2025\/04\/25090154\/pool-reflections-pbb-sara-soley.jpg","contentUrl":"https:\/\/media.poblenouurbandistrict.com\/2025\/04\/25090154\/pool-reflections-pbb-sara-soley.jpg","width":2560,"height":1707},{"@type":"BreadcrumbList","@id":"https:\/\/poblenouurbandistrict.com\/ca\/hotels-i-hostals-destacats-que-obren-portes-al-poblenou-open-day\/#breadcrumb","itemListElement":[{"@type":"ListItem","position":1,"name":"Home","item":"https:\/\/poblenouurbandistrict.com\/ca\/"},{"@type":"ListItem","position":2,"name":"Hotels i hostals destacats que obren portes al Poblenou Open Day"}]},{"@type":"WebSite","@id":"https:\/\/poblenouurbandistrict.com\/ca\/#website","url":"https:\/\/poblenouurbandistrict.com\/ca\/","name":"Poblenou Urban District","description":"Comunitat Creativa","potentialAction":[{"@type":"SearchAction","target":{"@type":"EntryPoint","urlTemplate":"https:\/\/poblenouurbandistrict.com\/ca\/?s={search_term_string}"},"query-input":{"@type":"PropertyValueSpecification","valueRequired":true,"valueName":"search_term_string"}}],"inLanguage":"ca"},{"@type":"Person","@id":"https:\/\/poblenouurbandistrict.com\/#\/schema\/person\/980a2cf34b399d5218205730acd54a7e","name":"pnud","image":{"@type":"ImageObject","inLanguage":"ca","@id":"https:\/\/secure.gravatar.com\/avatar\/67146597b405ee077a24e519f75c3e2031736596d6ce35af3a34c122c93d0d7b?s=96&d=retro&r=g","url":"https:\/\/secure.gravatar.com\/avatar\/67146597b405ee077a24e519f75c3e2031736596d6ce35af3a34c122c93d0d7b?s=96&d=retro&r=g","contentUrl":"https:\/\/secure.gravatar.com\/avatar\/67146597b405ee077a24e519f75c3e2031736596d6ce35af3a34c122c93d0d7b?s=96&d=retro&r=g","caption":"pnud"}}]}},"_links":{"self":[{"href":"https:\/\/poblenouurbandistrict.com\/ca\/wp-json\/wp\/v2\/posts\/50946","targetHints":{"allow":["GET"]}}],"collection":[{"href":"https:\/\/poblenouurbandistrict.com\/ca\/wp-json\/wp\/v2\/posts"}],"about":[{"href":"https:\/\/poblenouurbandistrict.com\/ca\/wp-json\/wp\/v2\/types\/post"}],"author":[{"embeddable":true,"href":"https:\/\/poblenouurbandistrict.com\/ca\/wp-json\/wp\/v2\/users\/5"}],"replies":[{"embeddable":true,"href":"https:\/\/poblenouurbandistrict.com\/ca\/wp-json\/wp\/v2\/comments?post=50946"}],"version-history":[{"count":17,"href":"https:\/\/poblenouurbandistrict.com\/ca\/wp-json\/wp\/v2\/posts\/50946\/revisions"}],"predecessor-version":[{"id":51173,"href":"https:\/\/poblenouurbandistrict.com\/ca\/wp-json\/wp\/v2\/posts\/50946\/revisions\/51173"}],"wp:featuredmedia":[{"embeddable":true,"href":"https:\/\/poblenouurbandistrict.com\/ca\/wp-json\/wp\/v2\/media\/50961"}],"wp:attachment":[{"href":"https:\/\/poblenouurbandistrict.com\/ca\/wp-json\/wp\/v2\/media?parent=50946"}],"wp:term":[{"taxonomy":"category","embeddable":true,"href":"https:\/\/poblenouurbandistrict.com\/ca\/wp-json\/wp\/v2\/categories?post=50946"},{"taxonomy":"post_tag","embeddable":true,"href":"https:\/\/poblenouurbandistrict.com\/ca\/wp-json\/wp\/v2\/tags?post=50946"}],"curies":[{"name":"wp","href":"https:\/\/api.w.org\/{rel}","templated":true}]}}