{"id":50948,"date":"2025-05-05T11:20:14","date_gmt":"2025-05-05T09:20:14","guid":{"rendered":"https:\/\/poblenouurbandistrict.com\/?p=50948"},"modified":"2025-05-08T13:14:53","modified_gmt":"2025-05-08T11:14:53","slug":"la-guia-gastronomica-del-poblenou-open-day","status":"publish","type":"post","link":"https:\/\/poblenouurbandistrict.com\/ca\/la-guia-gastronomica-del-poblenou-open-day\/","title":{"rendered":"La guia gastron\u00f2mica del Poblenou Open Day"},"content":{"rendered":"<p><\/p>\n<p class=\"\" data-start=\"123\" data-end=\"399\">Deixa\u2019t sorprendre per la gran varietat d\u2019ofertes gastron\u00f2miques i de cocteleria que han preparat els restaurants i bars associats a Poblenou Urban District per a aquest Open Day. Delicioses delicatessen acompanyades de m\u00fasica en <span style=\"color: #333333;\">directe, DJs i altres propostes culturals.<\/span><\/p>\n<h3 style=\"text-align: left;\" data-start=\"123\" data-end=\"399\"><span style=\"color: #333333;\"><a style=\"color: #333333;\" href=\"https:\/\/www.bartrikini.com\/\"><strong data-start=\"5115\" data-end=\"5130\">BAR TRIKINI<\/strong><\/a><\/span><\/h3>\n<p style=\"text-align: left;\" data-start=\"123\" data-end=\"399\"><span style=\"color: #333333;\">Inauguraci\u00f3 d\u2019Aperitivo Beach. Col\u00b7laboraci\u00f3 amb aperitivo.houseclub, Pernod Ricard (Tequila Altos) al migdia amb un estand i cocteleria, i amb J\u00e4germeister. Hi haur\u00e0 aperitius, vermut, cervesa, bikinis d\u2019autor i DJs en directe.<\/span><\/p>\n<h6 style=\"text-align: center;\" data-start=\"123\" data-end=\"399\"><span style=\"color: #333333;\">Pujades, 226<\/span><br data-start=\"5376\" data-end=\"5379\" \/><span style=\"color: #333333;\">12 h a 03 h<\/span><\/h6>\n<h3><\/h3>\n<h3><span style=\"color: #333333;\"><a style=\"color: #333333;\" href=\"https:\/\/www.instagram.com\/bodega_marieta\/\"><strong>BODEGA MARIETA<\/strong><\/a><\/span><\/h3>\n<p><span style=\"color: #333333;\">En aquest Open Day, deixa\u2019t sorprendre per la fusi\u00f3 de la cuina mediterr\u00e0nia amb alguns tocs mexicans, maridada amb una \u00e0mplia selecci\u00f3 de vins.<\/span><\/p>\n<h6 style=\"text-align: center;\"><br data-start=\"566\" data-end=\"569\" \/><span style=\"color: #333333;\">Badajoz, 36<\/span><br data-start=\"580\" data-end=\"583\" \/><span style=\"color: #333333;\">12 h a 23 h<\/span><\/h6>\n<h3><\/h3>\n<h3><span style=\"color: #333333;\"><a style=\"color: #333333;\" href=\"https:\/\/vanvanevents.com\/es\/proyecto\/van-van-var\/\">Van Van Food<\/a><\/span><\/h3>\n<footer>Aquest Open Day, gastronom\u00eda i art es donen la m\u00e0 a Van Van Food. Gaudeix d\u2019una deliciosa sardinada, una opci\u00f3 de street food \u00fanica per a un dia especial, i visita l\u2019exposici\u00f3 col\u00b7lectiva d\u2019artistes del Windows Art Circuit (WAC) que acullen al seu local.<\/footer>\n<div class=\"location-content\">\n<h6 style=\"text-align: center;\">Pujades 27, local 2<\/h6>\n<h6 style=\"text-align: center;\"><strong>12h a 00h<\/strong><\/h6>\n<p>&nbsp;<\/p>\n<\/div>\n<h3 data-start=\"596\" data-end=\"783\"><span style=\"color: #333333;\"><a style=\"color: #333333;\" href=\"https:\/\/botanicusbcn.com\/\"><strong data-start=\"596\" data-end=\"609\">Botanicus<\/strong><\/a><\/span><\/h3>\n<p class=\"\" data-start=\"596\" data-end=\"783\">Botanicus ha creat un c\u00f2ctel especial per a l&#8217;Open Day que posa en valor un licor artesanal de nous verdes, macerat durant mesos des de Sant Joan passat. Ara que ha assolit el seu punt \u00f2ptim, s&#8217;utilitza en una combinaci\u00f3 amb rom, suc de llimona fresc i Aperol. El resultat \u00e9s un c\u00f2ctel herbaci, lleugerament c\u00edtric, amb tocs bals\u00e0mics i amargs.<\/p>\n<h6 style=\"text-align: center;\" data-start=\"596\" data-end=\"783\"><br data-start=\"754\" data-end=\"757\" \/><span style=\"color: #333333;\">Pujades, 177<\/span><br data-start=\"769\" data-end=\"772\" \/><span style=\"color: #333333;\">18 h a 22 h<\/span><\/h6>\n<h3 data-start=\"785\" data-end=\"1057\"><\/h3>\n<h3 data-start=\"785\" data-end=\"1057\"><span style=\"color: #333333;\"><a style=\"color: #333333;\" href=\"https:\/\/wearecacho.com\/\"><strong data-start=\"785\" data-end=\"794\">Cacho<\/strong><\/a><\/span><\/h3>\n<p class=\"\" data-start=\"785\" data-end=\"1057\"><span style=\"color: #333333;\">Els migdies de l\u2019Open Day s\u00f3n perfectes per passar per Cacho. A m\u00e9s de la seva cuina casolana i la cervesa ben tirada, gaudeix de l\u2019oferta d\u2019una tapa d\u2019entra\u00f1a i una copa de vi de taronja natural a la seva meravellosa terrassa.\u00a0<\/span><\/p>\n<p data-start=\"785\" data-end=\"1057\">Acollir\u00e0 una intervenci\u00f3 art\u00edstica <strong>Moonie <\/strong>en el \u00a0<strong>Windows Art Circuit (WAC).<\/strong><\/p>\n<h6 style=\"text-align: center;\" data-start=\"785\" data-end=\"1057\"><span style=\"color: #333333;\">Llull, 27 Baixos<\/span><br data-start=\"1043\" data-end=\"1046\" \/><span style=\"color: #333333;\">12 h a 22 h<\/span><\/h6>\n<h3 data-start=\"1059\" data-end=\"1295\"><\/h3>\n<h3 data-start=\"1059\" data-end=\"1295\"><span style=\"color: #333333;\"><a style=\"color: #333333;\" href=\"https:\/\/catacroquet.es\/\"><strong data-start=\"1059\" data-end=\"1074\">Catacroquet<\/strong><\/a><\/span><\/h3>\n<p class=\"\" data-start=\"1059\" data-end=\"1295\"><span style=\"color: #333333;\">Gaudeix de la millor selecci\u00f3 de croquetes i c\u00f2ctels en una sala renovada i una terrassa lluent, acompanyat del concert gratu\u00eft dels Summer Lovers, a Catacroquet de 16.30 h a 17.30 h.<\/span><\/p>\n<h6 style=\"text-align: center;\" data-start=\"1059\" data-end=\"1295\"><span style=\"color: #333333;\">Almog\u00e0vers, 211<\/span><br data-start=\"1278\" data-end=\"1281\" \/><span style=\"color: #333333;\">12.30 h a 01 h<\/span><\/h6>\n<h3 data-start=\"1297\" data-end=\"1634\"><\/h3>\n<h3 data-start=\"1297\" data-end=\"1634\"><span style=\"color: #333333;\"><a style=\"color: #333333;\" href=\"https:\/\/www.corpenbarcelona.com\/\"><strong data-start=\"1297\" data-end=\"1311\">Corpen Gin<\/strong><\/a><\/span><\/h3>\n<p class=\"\" data-start=\"1297\" data-end=\"1634\"><span style=\"color: #333333;\">Vine a gaudir d\u2019una ginebra artesanal de primera i queda\u2019t a gaudir de la m\u00fasica, el menjar, els jocs i la rifa. Tindrem una varietat especial de c\u00f2ctels de Corpen Gin i begudes sense alcohol, menjar preparat per Antonia\u2019s Burger i vuit hores de m\u00fasica amb DJANE KARMA i MISC JOCKEY.<\/span><\/p>\n<h6 style=\"text-align: center;\" data-start=\"1297\" data-end=\"1634\"><span style=\"color: #333333;\">Pujades, 74, local 6<\/span><br data-start=\"1620\" data-end=\"1623\" \/><span style=\"color: #333333;\">12 h a 22 h<\/span><\/h6>\n<h3 data-start=\"1636\" data-end=\"1926\"><\/h3>\n<h3 data-start=\"1636\" data-end=\"1926\"><span style=\"color: #333333;\"><a style=\"color: #333333;\" href=\"https:\/\/www.instagram.com\/cuadrobcn\/?hl=es\"><strong data-start=\"1636\" data-end=\"1646\">Cuadro<\/strong><\/a><\/span><\/h3>\n<p class=\"\" data-start=\"1636\" data-end=\"1926\"><span style=\"color: #333333;\">Submergeix-te en una experi\u00e8ncia multisensorial i prova les Taules d\u2019Autor, una selecci\u00f3 exclusiva de formatges inspirada pel xef. Cada taula tindr\u00e0 un toc especial amb formatges artesanals i productes ecol\u00f2gics. Et sorprendr\u00e0 la combinaci\u00f3 especial i l\u2019aud\u00e0cia de la proposta.<\/span><\/p>\n<p class=\"\" data-start=\"1928\" data-end=\"2088\"><span style=\"color: #333333;\">La taula d\u2019autor estar\u00e0 disponible durant tot el dia i tindr\u00e0s l\u2019oportunitat d\u2019acompanyar-la amb el millor vi i una experi\u00e8ncia de live painting.<\/span><\/p>\n<h6 style=\"text-align: center;\" data-start=\"1928\" data-end=\"2088\"><span style=\"color: #333333;\">Pamplona, 33<\/span><\/h6>\n<h3 data-start=\"2090\" data-end=\"2352\"><\/h3>\n<h3 data-start=\"2090\" data-end=\"2352\"><span style=\"color: #333333;\"><a style=\"color: #333333;\" href=\"https:\/\/www.instagram.com\/esquebcn\/\"><strong data-start=\"2090\" data-end=\"2105\">ES QUE CAF\u00c9<\/strong><\/a><\/span><\/h3>\n<p class=\"\" data-start=\"2090\" data-end=\"2352\"><span style=\"color: #333333;\">Es que caf\u00e9, local especialitzat en esmorzars, brunchs i c\u00f2ctels, amb caf\u00e8s de Right Side i cuina Tex-Mex, ofereix per a l\u2019Open Day una oferta temptadora: combo de SmashBurger + cervesa o refresc + patates fregides.<\/span><\/p>\n<h6 style=\"text-align: center;\" data-start=\"2090\" data-end=\"2352\"><span style=\"color: #333333;\">Castella, 15<\/span><br data-start=\"2338\" data-end=\"2341\" \/><span style=\"color: #333333;\">10 h a 17 h<\/span><\/h6>\n<h3 data-start=\"2354\" data-end=\"2679\"><\/h3>\n<h3 data-start=\"2354\" data-end=\"2679\"><span style=\"color: #333333;\"><a style=\"color: #333333;\" href=\"https:\/\/garagebeer.co\/\"><strong data-start=\"2354\" data-end=\"2381\">Garage Beer Co Poblenou<\/strong><\/a><\/span><\/h3>\n<p class=\"\" data-start=\"2354\" data-end=\"2679\"><span style=\"color: #333333;\">SOUP OPEN DAY. Vine al llan\u00e7ament i celebraci\u00f3 de la nostra cervesa SOUP, una NEIPA cl\u00e0ssica, afruitada, tropical, t\u00e8rbola i densa, elaborada amb ll\u00fapols citra i mosaic (6 %), i tres edicions especials m\u00e9s. Ens acompanya Yaci amb una sessi\u00f3 de DJ en vinil.<\/span><\/p>\n<h6 style=\"text-align: center;\" data-start=\"2354\" data-end=\"2679\"><span style=\"color: #333333;\">Passeig de Calvell, 45<\/span><br data-start=\"2665\" data-end=\"2668\" \/><span style=\"color: #333333;\">13 h a 01 h<\/span><\/h6>\n<h3 data-start=\"2681\" data-end=\"2855\"><\/h3>\n<h3 data-start=\"2681\" data-end=\"2855\"><span style=\"color: #333333;\"><a style=\"color: #333333;\" href=\"https:\/\/www.instagram.com\/hoppinessbcn\/?hl=es\"><strong data-start=\"2681\" data-end=\"2694\">Hoppiness<\/strong><\/a><\/span><\/h3>\n<p class=\"\" data-start=\"2681\" data-end=\"2855\"><span style=\"color: #333333;\">Hoppiness, bar especialitzat en cerveses artesanes i tapes, ofereix el seu combo especial per a l\u2019Open Day: tapa i 1\/2 pinta.<\/span><\/p>\n<h6 style=\"text-align: center;\" data-start=\"2681\" data-end=\"2855\"><span style=\"color: #333333;\">Ramon Turr\u00f3, 180<\/span><br data-start=\"2841\" data-end=\"2844\" \/><span style=\"color: #333333;\">18 h a 01 h<\/span><\/h6>\n<h3 data-start=\"2857\" data-end=\"3130\"><\/h3>\n<h3 data-start=\"2857\" data-end=\"3130\"><span style=\"color: #333333;\"><a style=\"color: #333333;\" href=\"https:\/\/kibuka.com\/llull\/\"><strong data-start=\"2857\" data-end=\"2867\">KIBUKA<\/strong><\/a><\/span><\/h3>\n<p class=\"\" data-start=\"2857\" data-end=\"3130\"><span style=\"color: #333333;\">KIBUKA Llull, taverna especialitzada en sushi i cuina japonesa, celebra l\u2019Open Day amb un combinat de Maguro &amp; Shake + sopa de miso. Si ets amant de la gastronomia japonesa, no et pots perdre el millor sushi del Districte Creatiu!<\/span><\/p>\n<h6 style=\"text-align: center;\" data-start=\"2857\" data-end=\"3130\"><span style=\"color: #333333;\">Llull, 155<\/span><br data-start=\"3113\" data-end=\"3116\" \/><span style=\"color: #333333;\">12.30 h a 00 h<\/span><\/h6>\n<h3 data-start=\"3132\" data-end=\"3398\"><\/h3>\n<h3 data-start=\"3132\" data-end=\"3398\"><span style=\"color: #333333;\"><a style=\"color: #333333;\" href=\"https:\/\/www.instagram.com\/lataqueriabcn\/?hl=es\"><strong data-start=\"3132\" data-end=\"3147\">La Taquer\u00eda<\/strong><\/a><\/span><\/h3>\n<p class=\"\" data-start=\"3132\" data-end=\"3398\"><span style=\"color: #333333;\">La Taquer\u00eda, experts en gastronomia de carrer mexicana, presenta l\u2019exposici\u00f3 fotogr\u00e0fica \u00abTaquer\u00edas, tacos i els seus taquers\u00bb. A m\u00e9s, dins la seva oferta general, destaquen els tacos de peix i de gambes estil Ensenada.<\/span><\/p>\n<h6 style=\"text-align: center;\" data-start=\"3132\" data-end=\"3398\"><span style=\"color: #333333;\">Pujades, 172<\/span><br data-start=\"3384\" data-end=\"3387\" \/><span style=\"color: #333333;\">13 h a 00 h<\/span><\/h6>\n<h3 data-start=\"3400\" data-end=\"3769\"><\/h3>\n<h3 data-start=\"3400\" data-end=\"3769\"><span style=\"color: #333333;\"><a style=\"color: #333333;\" href=\"https:\/\/latavernicola.com\/\"><strong data-start=\"3400\" data-end=\"3418\">La Tavern\u00edcola<\/strong><\/a><\/span><\/h3>\n<p class=\"\" data-start=\"3400\" data-end=\"3769\"><span style=\"color: #333333;\">Per l\u2019Open Day ofereixen el seu combinat: una tapa de chorip\u00e1n amb pa casol\u00e0, acompanyada de la inconfusible salsa chimichurri, elaborada amb la recepta tradicional de l\u2019\u00e0via \u2014amb tot l\u2019amor i els sabors d\u2019abans. Tot plegat, maridat amb una copa de Malbec que arrodoneix l\u2019experi\u00e8ncia amb eleg\u00e0ncia i car\u00e0cter.<\/span><\/p>\n<h6 style=\"text-align: center;\" data-start=\"3400\" data-end=\"3769\"><span style=\"color: #333333;\">Roc Boronat, 70<\/span><br data-start=\"3749\" data-end=\"3752\" \/><span style=\"color: #333333;\">12.30 h a 23.30 h<\/span><\/h6>\n<h3 data-start=\"3771\" data-end=\"3991\"><\/h3>\n<h3 data-start=\"3771\" data-end=\"3991\"><span style=\"color: #333333;\"><a style=\"color: #333333;\" href=\"https:\/\/www.mamaheladera.es\/\"><strong data-start=\"3771\" data-end=\"3788\">MAM\u00c1 HELADERA<\/strong><\/a><\/span><\/h3>\n<p class=\"\" data-start=\"3771\" data-end=\"3991\"><span style=\"color: #333333;\">Fes-te una foto a Mam\u00e1 Heladera amb motiu del concurs fotogr\u00e0fic \u00abPetits racons de comer\u00e7\u00bb, organitzat pel Foto Club Poblenou i Poblenou Eix Comercial. Es repartiran 4 gelats per persona fotografiada.<\/span><\/p>\n<p class=\"\" data-start=\"3993\" data-end=\"4145\"><span style=\"color: #333333;\">Inscriu-te al correu mamaheladera@gmail.com. Hi ha 10 places per a fot\u00f2grafs i 10 per a persones fotografiades.<\/span><\/p>\n<h6 style=\"text-align: center;\" data-start=\"3993\" data-end=\"4145\"><span style=\"color: #333333;\">Rambla del Poblenou, 44\u201346<\/span><br data-start=\"4131\" data-end=\"4134\" \/><span style=\"color: #333333;\">12 h a 14 h<\/span><\/h6>\n<h3 data-start=\"4147\" data-end=\"4414\"><\/h3>\n<h3 data-start=\"4147\" data-end=\"4414\"><span style=\"color: #333333;\"><a style=\"color: #333333;\" href=\"https:\/\/www.instagram.com\/sin.amor.no\/\"><strong data-start=\"4147\" data-end=\"4162\">Sin Amor No<\/strong><\/a><\/span><\/h3>\n<p class=\"\" data-start=\"4147\" data-end=\"4414\"><br data-start=\"4162\" data-end=\"4165\" \/><span style=\"color: #333333;\">Sin Amor No, cafeteria de caf\u00e8 d\u2019especialitat i rebosteria casolana, porta per a l\u2019Open Day les seves <em data-start=\"4267\" data-end=\"4306\">Bakery Sessions Vol.1 \u2013 Bagels &amp; Beer<\/em>: bagels acabats de sortir del forn i cerveses ben fredes, acompanyades de DJs.<\/span><\/p>\n<p data-start=\"4147\" data-end=\"4414\">Acollir\u00e0 una intervenci\u00f3 art\u00edstica de <strong>Niko Tampio<\/strong> en el <strong>Windows Art Circuit (WAC).<\/strong><\/p>\n<h6 style=\"text-align: center;\" data-start=\"4147\" data-end=\"4414\"><span style=\"color: #333333;\">Pujades, 127<\/span><br data-start=\"4400\" data-end=\"4403\" \/><span style=\"color: #333333;\">14 h a 22 h<\/span><\/h6>\n<h3 data-start=\"4914\" data-end=\"5113\"><\/h3>\n<h3 data-start=\"4914\" data-end=\"5113\"><span style=\"color: #333333;\"><a style=\"color: #333333;\" href=\"https:\/\/www.warikeproject.com\/\"><strong data-start=\"4914\" data-end=\"4932\">Warike Project<\/strong><\/a><\/span><\/h3>\n<p class=\"\" data-start=\"4914\" data-end=\"5113\"><span style=\"color: #333333;\">Gaudeix dels sabors de la cuina alternativa peruana amb un brunch a c\u00e0rrec del restaurant Warike Project per continuar l\u2019Open Day amb energia.<\/span><\/p>\n<h6 style=\"text-align: center;\" data-start=\"4914\" data-end=\"5113\"><span style=\"color: #333333;\">Bilbao, 24<\/span><br data-start=\"5090\" data-end=\"5093\" \/><span style=\"color: #333333;\">A partir de les 12 h<\/span><\/h6>\n<p>&nbsp;<\/p>\n<h3><span style=\"text-decoration: underline;\">Local 225<\/span><\/h3>\n<p>Un pla de tarda excel\u00b7lent amb un mercat de roba vintage, la inauguraci\u00f3 de l&#8217;exposici\u00f3 fotogr\u00e0fica de LOLA FRITZ, m\u00fasica, menjar i beguda. A m\u00e9s, nom\u00e9s per un dia fan promoci\u00f3 amb preu especial del &#8220;C\u00f2ctel Open Day&#8221;, el seu c\u00f2ctel Pomada.<\/p>\n<h6 style=\"text-align: center;\" data-start=\"4914\" data-end=\"5113\"><span style=\"color: #333333;\">Doctor Trueta, 225<\/span><br data-start=\"5090\" data-end=\"5093\" \/><span style=\"color: #333333;\">13h a 22h<\/span><\/h6>\n<p>&nbsp;<\/p>","protected":false},"excerpt":{"rendered":"<p>Deixa\u2019t sorprendre per la gran varietat d\u2019ofertes gastron\u00f2miques i de cocteleria que han preparat els restaurants i bars associats a&#8230; <a href=\"https:\/\/poblenouurbandistrict.com\/ca\/la-guia-gastronomica-del-poblenou-open-day\/\">M\u00e9s  \u2192<\/a><\/p>\n","protected":false},"author":5,"featured_media":50824,"comment_status":"closed","ping_status":"closed","sticky":false,"template":"","format":"standard","meta":{"_acf_changed":false,"footnotes":""},"categories":[3567],"tags":[],"class_list":["post-50948","post","type-post","status-publish","format-standard","has-post-thumbnail","hentry","category-poblenou-open-day-2"],"acf":[],"yoast_head":"<!-- This site is optimized with the Yoast SEO plugin v27.5 - https:\/\/yoast.com\/product\/yoast-seo-wordpress\/ -->\n<title>La guia gastron\u00f2mica del Poblenou Open Day &#8211; Poblenou Urban District<\/title>\n<meta name=\"robots\" content=\"index, follow, max-snippet:-1, max-image-preview:large, max-video-preview:-1\" \/>\n<link rel=\"canonical\" href=\"https:\/\/poblenouurbandistrict.com\/ca\/la-guia-gastronomica-del-poblenou-open-day\/\" \/>\n<meta property=\"og:locale\" content=\"ca_ES\" \/>\n<meta property=\"og:type\" content=\"article\" \/>\n<meta property=\"og:title\" content=\"La guia gastron\u00f2mica del Poblenou Open Day &#8211; Poblenou Urban District\" \/>\n<meta property=\"og:description\" content=\"Deixa\u2019t sorprendre per la gran varietat d\u2019ofertes gastron\u00f2miques i de cocteleria que han preparat els restaurants i bars associats a... M\u00e9s \u2192\" \/>\n<meta property=\"og:url\" content=\"https:\/\/poblenouurbandistrict.com\/ca\/la-guia-gastronomica-del-poblenou-open-day\/\" \/>\n<meta property=\"og:site_name\" content=\"Poblenou Urban District\" \/>\n<meta property=\"article:published_time\" content=\"2025-05-05T09:20:14+00:00\" \/>\n<meta property=\"article:modified_time\" content=\"2025-05-08T11:14:53+00:00\" \/>\n<meta property=\"og:image\" content=\"https:\/\/poblenouurbandistrict.com\/wp-content\/uploads\/2025\/04\/hoppiness-e1744883526883.jpg\" \/>\n\t<meta property=\"og:image:width\" content=\"1330\" \/>\n\t<meta property=\"og:image:height\" content=\"798\" \/>\n\t<meta property=\"og:image:type\" content=\"image\/jpeg\" \/>\n<meta name=\"author\" content=\"pnud\" \/>\n<meta name=\"twitter:card\" content=\"summary_large_image\" \/>\n<meta name=\"twitter:label1\" content=\"Escrit per\" \/>\n\t<meta name=\"twitter:data1\" content=\"pnud\" \/>\n\t<meta name=\"twitter:label2\" content=\"Temps estimat de lectura\" \/>\n\t<meta name=\"twitter:data2\" content=\"6 minuts\" \/>\n<script type=\"application\/ld+json\" class=\"yoast-schema-graph\">{\"@context\":\"https:\\\/\\\/schema.org\",\"@graph\":[{\"@type\":\"Article\",\"@id\":\"https:\\\/\\\/poblenouurbandistrict.com\\\/la-guia-gastronomica-del-poblenou-open-day\\\/#article\",\"isPartOf\":{\"@id\":\"https:\\\/\\\/poblenouurbandistrict.com\\\/la-guia-gastronomica-del-poblenou-open-day\\\/\"},\"author\":{\"name\":\"pnud\",\"@id\":\"https:\\\/\\\/poblenouurbandistrict.com\\\/#\\\/schema\\\/person\\\/980a2cf34b399d5218205730acd54a7e\"},\"headline\":\"La guia gastron\u00f2mica del Poblenou Open Day\",\"datePublished\":\"2025-05-05T09:20:14+00:00\",\"dateModified\":\"2025-05-08T11:14:53+00:00\",\"mainEntityOfPage\":{\"@id\":\"https:\\\/\\\/poblenouurbandistrict.com\\\/la-guia-gastronomica-del-poblenou-open-day\\\/\"},\"wordCount\":2741,\"image\":{\"@id\":\"https:\\\/\\\/poblenouurbandistrict.com\\\/la-guia-gastronomica-del-poblenou-open-day\\\/#primaryimage\"},\"thumbnailUrl\":\"https:\\\/\\\/media.poblenouurbandistrict.com\\\/2025\\\/04\\\/25085840\\\/hoppiness-e1744883526883.jpg\",\"articleSection\":[\"Poblenou Open Day\"],\"inLanguage\":\"ca\"},{\"@type\":\"WebPage\",\"@id\":\"https:\\\/\\\/poblenouurbandistrict.com\\\/ca\\\/la-guia-gastronomica-del-poblenou-open-day\\\/\",\"url\":\"https:\\\/\\\/poblenouurbandistrict.com\\\/ca\\\/la-guia-gastronomica-del-poblenou-open-day\\\/\",\"name\":\"La guia gastron\u00f2mica del Poblenou Open Day &#8211; Poblenou Urban District\",\"isPartOf\":{\"@id\":\"https:\\\/\\\/poblenouurbandistrict.com\\\/ca\\\/#website\"},\"primaryImageOfPage\":{\"@id\":\"https:\\\/\\\/poblenouurbandistrict.com\\\/ca\\\/la-guia-gastronomica-del-poblenou-open-day\\\/#primaryimage\"},\"image\":{\"@id\":\"https:\\\/\\\/poblenouurbandistrict.com\\\/la-guia-gastronomica-del-poblenou-open-day\\\/#primaryimage\"},\"thumbnailUrl\":\"https:\\\/\\\/media.poblenouurbandistrict.com\\\/2025\\\/04\\\/25085840\\\/hoppiness-e1744883526883.jpg\",\"datePublished\":\"2025-05-05T09:20:14+00:00\",\"dateModified\":\"2025-05-08T11:14:53+00:00\",\"author\":{\"@id\":\"https:\\\/\\\/poblenouurbandistrict.com\\\/#\\\/schema\\\/person\\\/980a2cf34b399d5218205730acd54a7e\"},\"breadcrumb\":{\"@id\":\"https:\\\/\\\/poblenouurbandistrict.com\\\/ca\\\/la-guia-gastronomica-del-poblenou-open-day\\\/#breadcrumb\"},\"inLanguage\":\"ca\",\"potentialAction\":[{\"@type\":\"ReadAction\",\"target\":[[\"https:\\\/\\\/poblenouurbandistrict.com\\\/ca\\\/la-guia-gastronomica-del-poblenou-open-day\\\/\"]]}]},{\"@type\":\"ImageObject\",\"inLanguage\":\"ca\",\"@id\":\"https:\\\/\\\/poblenouurbandistrict.com\\\/ca\\\/la-guia-gastronomica-del-poblenou-open-day\\\/#primaryimage\",\"url\":\"https:\\\/\\\/media.poblenouurbandistrict.com\\\/2025\\\/04\\\/25085840\\\/hoppiness-e1744883526883.jpg\",\"contentUrl\":\"https:\\\/\\\/media.poblenouurbandistrict.com\\\/2025\\\/04\\\/25085840\\\/hoppiness-e1744883526883.jpg\",\"width\":1330,\"height\":798},{\"@type\":\"BreadcrumbList\",\"@id\":\"https:\\\/\\\/poblenouurbandistrict.com\\\/ca\\\/la-guia-gastronomica-del-poblenou-open-day\\\/#breadcrumb\",\"itemListElement\":[{\"@type\":\"ListItem\",\"position\":1,\"name\":\"Home\",\"item\":\"https:\\\/\\\/poblenouurbandistrict.com\\\/ca\\\/\"},{\"@type\":\"ListItem\",\"position\":2,\"name\":\"La guia gastron\u00f2mica del Poblenou Open Day\"}]},{\"@type\":\"WebSite\",\"@id\":\"https:\\\/\\\/poblenouurbandistrict.com\\\/ca\\\/#website\",\"url\":\"https:\\\/\\\/poblenouurbandistrict.com\\\/ca\\\/\",\"name\":\"Poblenou Urban District\",\"description\":\"Comunitat Creativa\",\"potentialAction\":[{\"@type\":\"SearchAction\",\"target\":{\"@type\":\"EntryPoint\",\"urlTemplate\":\"https:\\\/\\\/poblenouurbandistrict.com\\\/ca\\\/?s={search_term_string}\"},\"query-input\":{\"@type\":\"PropertyValueSpecification\",\"valueRequired\":true,\"valueName\":\"search_term_string\"}}],\"inLanguage\":\"ca\"},{\"@type\":\"Person\",\"@id\":\"https:\\\/\\\/poblenouurbandistrict.com\\\/#\\\/schema\\\/person\\\/980a2cf34b399d5218205730acd54a7e\",\"name\":\"pnud\",\"image\":{\"@type\":\"ImageObject\",\"inLanguage\":\"ca\",\"@id\":\"https:\\\/\\\/secure.gravatar.com\\\/avatar\\\/67146597b405ee077a24e519f75c3e2031736596d6ce35af3a34c122c93d0d7b?s=96&d=retro&r=g\",\"url\":\"https:\\\/\\\/secure.gravatar.com\\\/avatar\\\/67146597b405ee077a24e519f75c3e2031736596d6ce35af3a34c122c93d0d7b?s=96&d=retro&r=g\",\"contentUrl\":\"https:\\\/\\\/secure.gravatar.com\\\/avatar\\\/67146597b405ee077a24e519f75c3e2031736596d6ce35af3a34c122c93d0d7b?s=96&d=retro&r=g\",\"caption\":\"pnud\"}}]}<\/script>\n<!-- \/ Yoast SEO plugin. -->","yoast_head_json":{"title":"La guia gastron\u00f2mica del Poblenou Open Day &#8211; Poblenou Urban District","robots":{"index":"index","follow":"follow","max-snippet":"max-snippet:-1","max-image-preview":"max-image-preview:large","max-video-preview":"max-video-preview:-1"},"canonical":"https:\/\/poblenouurbandistrict.com\/ca\/la-guia-gastronomica-del-poblenou-open-day\/","og_locale":"ca_ES","og_type":"article","og_title":"La guia gastron\u00f2mica del Poblenou Open Day &#8211; Poblenou Urban District","og_description":"Deixa\u2019t sorprendre per la gran varietat d\u2019ofertes gastron\u00f2miques i de cocteleria que han preparat els restaurants i bars associats a... M\u00e9s \u2192","og_url":"https:\/\/poblenouurbandistrict.com\/ca\/la-guia-gastronomica-del-poblenou-open-day\/","og_site_name":"Poblenou Urban District","article_published_time":"2025-05-05T09:20:14+00:00","article_modified_time":"2025-05-08T11:14:53+00:00","og_image":[{"width":1330,"height":798,"url":"https:\/\/poblenouurbandistrict.com\/wp-content\/uploads\/2025\/04\/hoppiness-e1744883526883.jpg","type":"image\/jpeg"}],"author":"pnud","twitter_card":"summary_large_image","twitter_misc":{"Escrit per":"pnud","Temps estimat de lectura":"6 minuts"},"schema":{"@context":"https:\/\/schema.org","@graph":[{"@type":"Article","@id":"https:\/\/poblenouurbandistrict.com\/la-guia-gastronomica-del-poblenou-open-day\/#article","isPartOf":{"@id":"https:\/\/poblenouurbandistrict.com\/la-guia-gastronomica-del-poblenou-open-day\/"},"author":{"name":"pnud","@id":"https:\/\/poblenouurbandistrict.com\/#\/schema\/person\/980a2cf34b399d5218205730acd54a7e"},"headline":"La guia gastron\u00f2mica del Poblenou Open Day","datePublished":"2025-05-05T09:20:14+00:00","dateModified":"2025-05-08T11:14:53+00:00","mainEntityOfPage":{"@id":"https:\/\/poblenouurbandistrict.com\/la-guia-gastronomica-del-poblenou-open-day\/"},"wordCount":2741,"image":{"@id":"https:\/\/poblenouurbandistrict.com\/la-guia-gastronomica-del-poblenou-open-day\/#primaryimage"},"thumbnailUrl":"https:\/\/media.poblenouurbandistrict.com\/2025\/04\/25085840\/hoppiness-e1744883526883.jpg","articleSection":["Poblenou Open Day"],"inLanguage":"ca"},{"@type":"WebPage","@id":"https:\/\/poblenouurbandistrict.com\/ca\/la-guia-gastronomica-del-poblenou-open-day\/","url":"https:\/\/poblenouurbandistrict.com\/ca\/la-guia-gastronomica-del-poblenou-open-day\/","name":"La guia gastron\u00f2mica del Poblenou Open Day &#8211; Poblenou Urban District","isPartOf":{"@id":"https:\/\/poblenouurbandistrict.com\/ca\/#website"},"primaryImageOfPage":{"@id":"https:\/\/poblenouurbandistrict.com\/ca\/la-guia-gastronomica-del-poblenou-open-day\/#primaryimage"},"image":{"@id":"https:\/\/poblenouurbandistrict.com\/la-guia-gastronomica-del-poblenou-open-day\/#primaryimage"},"thumbnailUrl":"https:\/\/media.poblenouurbandistrict.com\/2025\/04\/25085840\/hoppiness-e1744883526883.jpg","datePublished":"2025-05-05T09:20:14+00:00","dateModified":"2025-05-08T11:14:53+00:00","author":{"@id":"https:\/\/poblenouurbandistrict.com\/#\/schema\/person\/980a2cf34b399d5218205730acd54a7e"},"breadcrumb":{"@id":"https:\/\/poblenouurbandistrict.com\/ca\/la-guia-gastronomica-del-poblenou-open-day\/#breadcrumb"},"inLanguage":"ca","potentialAction":[{"@type":"ReadAction","target":[["https:\/\/poblenouurbandistrict.com\/ca\/la-guia-gastronomica-del-poblenou-open-day\/"]]}]},{"@type":"ImageObject","inLanguage":"ca","@id":"https:\/\/poblenouurbandistrict.com\/ca\/la-guia-gastronomica-del-poblenou-open-day\/#primaryimage","url":"https:\/\/media.poblenouurbandistrict.com\/2025\/04\/25085840\/hoppiness-e1744883526883.jpg","contentUrl":"https:\/\/media.poblenouurbandistrict.com\/2025\/04\/25085840\/hoppiness-e1744883526883.jpg","width":1330,"height":798},{"@type":"BreadcrumbList","@id":"https:\/\/poblenouurbandistrict.com\/ca\/la-guia-gastronomica-del-poblenou-open-day\/#breadcrumb","itemListElement":[{"@type":"ListItem","position":1,"name":"Home","item":"https:\/\/poblenouurbandistrict.com\/ca\/"},{"@type":"ListItem","position":2,"name":"La guia gastron\u00f2mica del Poblenou Open Day"}]},{"@type":"WebSite","@id":"https:\/\/poblenouurbandistrict.com\/ca\/#website","url":"https:\/\/poblenouurbandistrict.com\/ca\/","name":"Poblenou Urban District","description":"Comunitat Creativa","potentialAction":[{"@type":"SearchAction","target":{"@type":"EntryPoint","urlTemplate":"https:\/\/poblenouurbandistrict.com\/ca\/?s={search_term_string}"},"query-input":{"@type":"PropertyValueSpecification","valueRequired":true,"valueName":"search_term_string"}}],"inLanguage":"ca"},{"@type":"Person","@id":"https:\/\/poblenouurbandistrict.com\/#\/schema\/person\/980a2cf34b399d5218205730acd54a7e","name":"pnud","image":{"@type":"ImageObject","inLanguage":"ca","@id":"https:\/\/secure.gravatar.com\/avatar\/67146597b405ee077a24e519f75c3e2031736596d6ce35af3a34c122c93d0d7b?s=96&d=retro&r=g","url":"https:\/\/secure.gravatar.com\/avatar\/67146597b405ee077a24e519f75c3e2031736596d6ce35af3a34c122c93d0d7b?s=96&d=retro&r=g","contentUrl":"https:\/\/secure.gravatar.com\/avatar\/67146597b405ee077a24e519f75c3e2031736596d6ce35af3a34c122c93d0d7b?s=96&d=retro&r=g","caption":"pnud"}}]}},"_links":{"self":[{"href":"https:\/\/poblenouurbandistrict.com\/ca\/wp-json\/wp\/v2\/posts\/50948","targetHints":{"allow":["GET"]}}],"collection":[{"href":"https:\/\/poblenouurbandistrict.com\/ca\/wp-json\/wp\/v2\/posts"}],"about":[{"href":"https:\/\/poblenouurbandistrict.com\/ca\/wp-json\/wp\/v2\/types\/post"}],"author":[{"embeddable":true,"href":"https:\/\/poblenouurbandistrict.com\/ca\/wp-json\/wp\/v2\/users\/5"}],"replies":[{"embeddable":true,"href":"https:\/\/poblenouurbandistrict.com\/ca\/wp-json\/wp\/v2\/comments?post=50948"}],"version-history":[{"count":21,"href":"https:\/\/poblenouurbandistrict.com\/ca\/wp-json\/wp\/v2\/posts\/50948\/revisions"}],"predecessor-version":[{"id":51166,"href":"https:\/\/poblenouurbandistrict.com\/ca\/wp-json\/wp\/v2\/posts\/50948\/revisions\/51166"}],"wp:featuredmedia":[{"embeddable":true,"href":"https:\/\/poblenouurbandistrict.com\/ca\/wp-json\/wp\/v2\/media\/50824"}],"wp:attachment":[{"href":"https:\/\/poblenouurbandistrict.com\/ca\/wp-json\/wp\/v2\/media?parent=50948"}],"wp:term":[{"taxonomy":"category","embeddable":true,"href":"https:\/\/poblenouurbandistrict.com\/ca\/wp-json\/wp\/v2\/categories?post=50948"},{"taxonomy":"post_tag","embeddable":true,"href":"https:\/\/poblenouurbandistrict.com\/ca\/wp-json\/wp\/v2\/tags?post=50948"}],"curies":[{"name":"wp","href":"https:\/\/api.w.org\/{rel}","templated":true}]}}