{"id":50954,"date":"2025-05-05T09:30:42","date_gmt":"2025-05-05T07:30:42","guid":{"rendered":"https:\/\/poblenouurbandistrict.com\/?p=50954"},"modified":"2025-05-09T13:42:09","modified_gmt":"2025-05-09T11:42:09","slug":"art-i-creativitat-les-propostes-del-poblenou-open-day","status":"publish","type":"post","link":"https:\/\/poblenouurbandistrict.com\/ca\/art-i-creativitat-les-propostes-del-poblenou-open-day\/","title":{"rendered":"Art i creativitat: les propostes del Poblenou Open Day"},"content":{"rendered":"<p><\/p>\n<p class=\"\" data-start=\"109\" data-end=\"359\"><span style=\"color: #333333;\">Museus, estudis i galeries d&#8217;art vinculats a Poblenou Urban District obriran les seves portes el pr\u00f2xim 10 de maig per celebrar l&#8217;Open Day. Una jornada per descobrir art, disseny i fotografia a trav\u00e9s de diferents formats, cat\u00e0legs i exposicions.<\/span><\/p>\n<h3 data-start=\"361\" data-end=\"372\"><span style=\"color: #333333;\"><a style=\"color: #333333;\" href=\"https:\/\/www.amagats.com\/\"><strong data-start=\"361\" data-end=\"372\">AMAGATS<\/strong><\/a><\/span><\/h3>\n<p class=\"\" data-start=\"374\" data-end=\"791\"><span style=\"color: #333333;\">En el marc de l&#8217;Open Day, l&#8217;artista Francesca Llopis presenta <em data-start=\"436\" data-end=\"448\">JAPONISMES<\/em>, una exposici\u00f3 inspirada en el seu darrer viatge al Jap\u00f3. La pe\u00e7a central, el v\u00eddeo <em data-start=\"533\" data-end=\"543\">\u00abGON-NG\u00bb<\/em>, s&#8217;exhibir\u00e0 en bucle continu de 12 h a 22 h, oferint una experi\u00e8ncia contemplativa i sensorial. A trav\u00e9s de llums, ombres i silencis, Llopis ens convida a reinterpretar la cultura japonesa amb una mirada po\u00e8tica i contempor\u00e0nia. Aforament limitat.<\/span><\/p>\n<h6 style=\"text-align: center;\" data-start=\"793\" data-end=\"821\"><span style=\"color: #333333;\">Pallars 101, 4-4<\/span><br data-start=\"809\" data-end=\"812\" \/><span style=\"color: #333333;\">12h a 22h<\/span><\/h6>\n<h3 data-start=\"823\" data-end=\"848\"><span style=\"color: #333333;\"><a style=\"color: #333333;\" href=\"https:\/\/www.dissenyhub.barcelona\/\"><strong data-start=\"823\" data-end=\"848\">Disseny Hub Barcelona<\/strong><\/a><\/span><\/h3>\n<p class=\"\" data-start=\"850\" data-end=\"1174\"><span style=\"color: #333333;\">Jornada de portes obertes al Museu del Disseny. Visita la nova exposici\u00f3 <em data-start=\"923\" data-end=\"963\">\u00abMatter Matters. Dissenyar amb el m\u00f3n\u00bb<\/em>, una reflexi\u00f3 sobre els grans reptes del disseny en un moment cr\u00edtic per l&#8217;escassetat de mat\u00e8ries primeres, aix\u00ed com la resta d&#8217;exposicions permanents on gaudir del millor disseny gr\u00e0fic, de moda i de producte.<\/span><\/p>\n<p class=\"\" data-start=\"1176\" data-end=\"1291\"><span style=\"color: #333333;\">Per accedir-hi, recull la teva entrada gratu\u00efta al taulell d&#8217;informaci\u00f3 o a trav\u00e9s de la web dissennyhub.barcelona.<\/span><\/p>\n<h6 style=\"text-align: center;\" data-start=\"1293\" data-end=\"1340\"><span style=\"color: #333333;\">Pl. de les Gl\u00f2ries Catalanes, 37-38<\/span><br data-start=\"1328\" data-end=\"1331\" \/><span style=\"color: #333333;\">10h a 20h<\/span><\/h6>\n<h3 data-start=\"1342\" data-end=\"1359\"><span style=\"color: #333333;\"><a style=\"color: #333333;\" href=\"https:\/\/laplataformabcn.com\/\"><strong data-start=\"1342\" data-end=\"1359\">La Plataforma<\/strong><\/a><\/span><\/h3>\n<p data-start=\"195\" data-end=\"439\">Aquesta edici\u00f3 especial marca la clausura de l\u2019exposici\u00f3\u00a0<strong data-start=\"252\" data-end=\"277\">\u201cEn el claro, un bosque\u201d<\/strong>\u00a0d\u2019<strong data-start=\"280\" data-end=\"303\">Alexander Grahovsky<\/strong>, amb una intervenci\u00f3 art\u00edstica en viu titulada\u00a0<strong data-start=\"351\" data-end=\"382\">\u2018Construcci\u00f3n de un paisaje\u2019<\/strong>. No et perdis l\u2019oportunitat de veure l\u2019artista en acci\u00f3.<\/p>\n<p data-start=\"441\" data-end=\"596\">Descobreix tamb\u00e9 les obres de\u00a0<strong data-start=\"471\" data-end=\"486\">V\u00edctor Cano<\/strong>\u00a0i\u00a0<strong data-start=\"489\" data-end=\"503\">Peach Face<\/strong>, i submergeix-te en una experi\u00e8ncia art\u00edstica completa que tindr\u00e0 lloc de\u00a0<strong data-start=\"578\" data-end=\"595\">11:00 a 20:00<\/strong>.<\/p>\n<p data-start=\"598\" data-end=\"768\"><strong data-start=\"598\" data-end=\"608\">M\u00fasica<\/strong>\u00a0de\u00a0<strong data-start=\"612\" data-end=\"629\">13:00 a 20:00<\/strong><br data-start=\"629\" data-end=\"632\" \/>Actuaci\u00f3 en viu de\u00a0<strong data-start=\"651\" data-end=\"671\">Marina Moratilla<\/strong>\u00a0a les\u00a0<strong data-start=\"678\" data-end=\"687\">13:00<\/strong><br data-start=\"687\" data-end=\"690\" \/>Seguit de sessions de DJ a c\u00e0rrec de\u00a0<strong data-start=\"727\" data-end=\"768\">La Wallace, Ra\u00fal Naro i Carla Valent\u00ed<\/strong><\/p>\n<p data-start=\"770\" data-end=\"977\"><strong data-start=\"770\" data-end=\"790\">Gastronomia i vi<\/strong>\u00a0de\u00a0<strong data-start=\"794\" data-end=\"811\">13:00 a 20:00<\/strong><br data-start=\"811\" data-end=\"814\" \/>Gaudeix d\u2019una acurada selecci\u00f3 de vins a c\u00e0rrec de\u00a0<strong data-start=\"865\" data-end=\"881\">Gabby Adunka<\/strong>\u00a0i c\u00f2ctels exclusius de\u00a0<strong data-start=\"905\" data-end=\"913\">Riky<\/strong>, mentre degustes una graellada cont\u00ednua amb\u00a0<strong data-start=\"958\" data-end=\"976\">La Tavern\u00edcola<\/strong>.<\/p>\n<h6 style=\"text-align: center;\" data-start=\"1654\" data-end=\"1677\"><span style=\"color: #333333;\">Pujades, 99<\/span><br data-start=\"1665\" data-end=\"1668\" \/><span style=\"color: #333333;\">11h a 22h<\/span><\/h6>\n<h3 data-start=\"1679\" data-end=\"1716\"><span style=\"color: #333333;\"><a style=\"color: #333333;\" href=\"https:\/\/www.instagram.com\/carmina_wiegerinck_tallerdart\/\"><strong data-start=\"1679\" data-end=\"1716\">Carmina Wiegerinck \u2013 Taller d\u2019Art<\/strong><\/a><\/span><\/h3>\n<p class=\"\" data-start=\"1718\" data-end=\"1966\"><span style=\"color: #333333;\">Visita el taller de Carmina Wiegerinck, una escultora brasilo-holandesa-catalana establerta a Barcelona des de fa m\u00e9s de 30 anys, i descobreix les seves noves pintures i escultures. Una oportunitat \u00fanica per con\u00e8ixer de prop el seu estudi art\u00edstic.<\/span><\/p>\n<h6 style=\"text-align: center;\" data-start=\"1968\" data-end=\"2020\"><span style=\"color: #333333;\">Ciutat de Granada, 9, baixos<\/span><br data-start=\"1996\" data-end=\"1999\" \/><span style=\"color: #333333;\">12 a 14 h i 17 a 21 h<\/span><\/h6>\n<h3 data-start=\"2820\" data-end=\"2853\"><span style=\"color: #333333;\"><a style=\"color: #333333;\" href=\"https:\/\/vallsfortuny.com\/\"><strong data-start=\"2820\" data-end=\"2853\">Rosapalo BCN by Valls Fortuny<\/strong><\/a><\/span><\/h3>\n<p class=\"\" data-start=\"2855\" data-end=\"3199\"><span style=\"color: #333333;\">Rosapalo Bcn, l&#8217;estudi de l&#8217;artista catalana Valls Fortuny, tanca les seves portes al carrer Pellaires, 3 despr\u00e9s de m\u00e9s de 10 anys i es trasllada a una nova seu. Durant l&#8217;Open Day, vine a celebrar i acomiadar-te d&#8217;un espai amb \u00e0nima pr\u00f2pia, amb exposici\u00f3 i venda a preus molt especials d&#8217;art i objectes que han format part de la seva hist\u00f2ria.<\/span><\/p>\n<h6 style=\"text-align: center;\" data-start=\"3201\" data-end=\"3221\"><span style=\"color: #333333;\">Pellaires, 3, baixos<\/span><\/h6>\n<p>&nbsp;<\/p>\n<h3><a href=\"https:\/\/www.baued.es\/\"><b>BAU, Centre Universitari d\u2019Arts i de Disseny de Barcelona<\/b><\/a><\/h3>\n<p class=\"\" data-start=\"83\" data-end=\"162\">En l&#8217;espai d&#8217;arts i pr\u00e0ctiques contempor\u00e0nies, HAUS oferir\u00e0 una sessi\u00f3 de DJ:<\/p>\n<p class=\"\" data-start=\"164\" data-end=\"216\">12h a <span style=\"color: #333333;\">14h <a style=\"color: #333333;\" href=\"https:\/\/www.instagram.com\/hrysct\/\">Harry Escot<\/a> (Ambient\/Electronic)<\/span><\/p>\n<p class=\"\" data-start=\"218\" data-end=\"271\"><span style=\"color: #333333;\">18h a 20h <a style=\"color: #333333;\" href=\"https:\/\/www.instagram.com\/labrrruta\/\">LABRUTA<\/a> (Reggaet\u00f3n\/Electronic)<\/span><\/p>\n<p><em>Extrabold, la mostra<\/em>: Exhibici\u00f3 de projectes d\u2019alumnes i Alumni del Grau en Disseny Gr\u00e0fic que es van exposar a la darrera edici\u00f3n del festival autogestionat Extrabold 2025.<\/p>\n<p>Visionat\u00a0de curtmetratges de projectes premiats d\u2019Alumni en el Grau en Disseny Audiovisual i el M\u00e0ster en Motion Graphics Design.<\/p>\n<p>BAR TOOL #7 a HAUS, Espai d\u2019art i pr\u00e0ctiques contempor\u00e0nies: Assaig obert del proyecte perform\u00e0tic\u00a0<em>La otra boca\u00a0<\/em>del<em>\u00a0<\/em>programa de formaci\u00f3 en investigaci\u00f3 art\u00edstica curat per BAR Project.<\/p>\n<h6 style=\"text-align: center;\" data-start=\"273\" data-end=\"423\">Pujades, 118<\/h6>\n<h3><span style=\"color: #333333;\"><a style=\"color: #333333;\" href=\"https:\/\/www.paloalto.barcelona\/\">FUNDACI\u00d3 PALO ALTO<\/a><\/span><\/h3>\n<div class=\"location-content\">\n<p><span style=\"color: #333333;\">Visita l\u2019exposici\u00f3 amb acc\u00e9s lliure \u201cDescodificant el Gest\u201d i gaudeix d\u2019una experi\u00e8ncia interactiva. Mitjan\u00e7ant tecnologies de captaci\u00f3 de moviment i intel\u00b7lig\u00e8ncia artificial, et conviden a reflexionar i debatre sobre la dimensi\u00f3 c\u00edvica, social i \u00e8tica de la interacci\u00f3 amb l\u2019espai. A m\u00e9s, s\u2019ofereix la possibilitat de participar en el col\u00b7loqui a les 11:30h \u201cEl gest en l\u2019era de la IA\u201d amb el comissariat de l\u2019exposici\u00f3 i experts en la mat\u00e8ria. Cal<a href=\"https:\/\/www.paloalto.barcelona\/expogest\"> inscripci\u00f3 pr\u00e8via<\/a> al col\u00b7loqui:\u00a0<\/span><\/p>\n<h6 style=\"text-align: center;\"><span style=\"color: #333333;\">Pellaires, 30-38<\/span><\/h6>\n<\/div>\n<h3><span style=\"color: #333333;\"><a style=\"color: #333333;\" href=\"https:\/\/fundaciocarulla.cat\/\">Sala Barcelona del Museu Terra<\/a><\/span><\/h3>\n<div class=\"location-content\">\n<p><span style=\"color: #333333;\"><strong>Visita guiada a l\u2019exposici\u00f3 \u2018Pl\u00e0stic. Genial o pervers?\u2019<\/strong>, on ens convida a reflexionar sobre el fi equilibri entre l\u2019\u00fas i l\u2019ab\u00fas del pl\u00e0stic a partir de les arts visuals. Exposici\u00f3 comissariada per N\u00faria Vila i produ\u00efda pel Museu Terra amb obres dels artistes Aleksey Kondratyev, Coke Bartrina, Ester Parteg\u00e0s, Ida-Marie Corell, Ivana Larrosa, Lucas Hope, Mandy Barker, Nick Pumphrey, N\u00faria Val, Octavi Serra, Pepi de Boissieu, Roser Bargall\u00f3, Samuel Rodr\u00edguez, Sean Lin, Sil van der Woerd, S\u00edlvia Conde i Sophie Thomas.<\/span><\/p>\n<p><span style=\"color: #333333;\">Entrada\u00a0<strong>GRATUITA<\/strong>. Visites guiades (amb inscripci\u00f3 pr\u00e8via). <a href=\"https:\/\/fundaciocarulla.cat\/\">Apunta\u2019t aqu\u00ed:<\/a><\/span><\/p>\n<p><span style=\"color: #333333;\"><a style=\"color: #333333;\" href=\"https:\/\/www.eventbrite.es\/e\/entradas-visita-comentada-a-lexposicio-plastic-100525-1200-h-1320158101419?aff=ebdsshcopyurl&amp;utm-campaign=social&amp;utm-content=attendeeshare&amp;utm-medium=discovery&amp;utm-term=organizer-profile&amp;utm-share-source=organizer-profile\">12:00h<\/a><\/span><br \/>\n<span style=\"color: #333333;\"><a style=\"color: #333333;\" href=\"https:\/\/www.eventbrite.es\/e\/entradas-visita-comentada-a-lexposicio-plastic-100525-1300-h-1320164259839?aff=ebdsshcopyurl&amp;utm-campaign=social&amp;utm-content=attendeeshare&amp;utm-medium=discovery&amp;utm-term=organizer-profile&amp;utm-share-source=organizer-profile\">13:00h<\/a><\/span><br \/>\n<span style=\"color: #333333;\"><a style=\"color: #333333;\" href=\"https:\/\/www.eventbrite.es\/e\/entradas-visita-comentada-a-lexposicio-plastic-100525-1800-h-1320167288899?aff=ebdsshcopyurl&amp;utm-campaign=social&amp;utm-content=attendeeshare&amp;utm-medium=discovery&amp;utm-term=organizer-profile&amp;utm-share-source=organizer-profile\">18.00h<\/a><\/span><br \/>\n<span style=\"color: #333333;\"><a style=\"color: #333333;\" href=\"https:\/\/www.eventbrite.es\/e\/entradas-visita-comentada-a-lexposicio-plastic-100525-1900-h-1320171070209?aff=ebdsshcopyurl&amp;utm-campaign=social&amp;utm-content=attendeeshare&amp;utm-medium=discovery&amp;utm-term=organizer-profile&amp;utm-share-source=organizer-profile\">19:00h<\/a><\/span><br \/>\n<span style=\"color: #333333;\"><a style=\"color: #333333;\" href=\"https:\/\/www.eventbrite.es\/e\/entradas-visita-comentada-a-lexposicio-plastic-100525-2000-h-1320171992969?aff=ebdsshcopyurl&amp;utm-campaign=social&amp;utm-content=attendeeshare&amp;utm-medium=discovery&amp;utm-term=organizer-profile&amp;utm-share-source=organizer-profile\">20.00h<\/a><\/span><\/p>\n<h6 style=\"text-align: center;\">Dels Almog\u00e0vers, 214<\/h6>\n<\/div>\n<p><\/p>","protected":false},"excerpt":{"rendered":"<p>Museus, estudis i galeries d&#8217;art vinculats a Poblenou Urban District obriran les seves portes el pr\u00f2xim 10 de maig per&#8230; <a href=\"https:\/\/poblenouurbandistrict.com\/ca\/art-i-creativitat-les-propostes-del-poblenou-open-day\/\">M\u00e9s  \u2192<\/a><\/p>\n","protected":false},"author":5,"featured_media":50738,"comment_status":"closed","ping_status":"closed","sticky":false,"template":"","format":"standard","meta":{"_acf_changed":false,"footnotes":""},"categories":[3567],"tags":[],"class_list":["post-50954","post","type-post","status-publish","format-standard","has-post-thumbnail","hentry","category-poblenou-open-day-2"],"acf":[],"yoast_head":"<!-- This site is optimized with the Yoast SEO plugin v27.5 - https:\/\/yoast.com\/product\/yoast-seo-wordpress\/ -->\n<title>Art i creativitat: les propostes del Poblenou Open Day &#8211; Poblenou Urban District<\/title>\n<meta name=\"robots\" content=\"index, follow, max-snippet:-1, max-image-preview:large, max-video-preview:-1\" \/>\n<link rel=\"canonical\" href=\"https:\/\/poblenouurbandistrict.com\/ca\/art-i-creativitat-les-propostes-del-poblenou-open-day\/\" \/>\n<meta property=\"og:locale\" content=\"ca_ES\" \/>\n<meta property=\"og:type\" content=\"article\" \/>\n<meta property=\"og:title\" content=\"Art i creativitat: les propostes del Poblenou Open Day &#8211; Poblenou Urban District\" \/>\n<meta property=\"og:description\" content=\"Museus, estudis i galeries d&#8217;art vinculats a Poblenou Urban District obriran les seves portes el pr\u00f2xim 10 de maig per... M\u00e9s \u2192\" \/>\n<meta property=\"og:url\" content=\"https:\/\/poblenouurbandistrict.com\/ca\/art-i-creativitat-les-propostes-del-poblenou-open-day\/\" \/>\n<meta property=\"og:site_name\" content=\"Poblenou Urban District\" \/>\n<meta property=\"article:published_time\" content=\"2025-05-05T07:30:42+00:00\" \/>\n<meta property=\"article:modified_time\" content=\"2025-05-09T11:42:09+00:00\" \/>\n<meta property=\"og:image\" content=\"https:\/\/poblenouurbandistrict.com\/wp-content\/uploads\/2025\/04\/dhub-matter-matters-altares-14-carmina-ruiz.jpg\" \/>\n\t<meta property=\"og:image:width\" content=\"2560\" \/>\n\t<meta property=\"og:image:height\" content=\"1707\" \/>\n\t<meta property=\"og:image:type\" content=\"image\/jpeg\" \/>\n<meta name=\"author\" content=\"pnud\" \/>\n<meta name=\"twitter:card\" content=\"summary_large_image\" \/>\n<meta name=\"twitter:label1\" content=\"Escrit per\" \/>\n\t<meta name=\"twitter:data1\" content=\"pnud\" \/>\n\t<meta name=\"twitter:label2\" content=\"Temps estimat de lectura\" \/>\n\t<meta name=\"twitter:data2\" content=\"5 minuts\" \/>\n<script type=\"application\/ld+json\" class=\"yoast-schema-graph\">{\"@context\":\"https:\\\/\\\/schema.org\",\"@graph\":[{\"@type\":\"Article\",\"@id\":\"https:\\\/\\\/poblenouurbandistrict.com\\\/art-i-creativitat-les-propostes-del-poblenou-open-day\\\/#article\",\"isPartOf\":{\"@id\":\"https:\\\/\\\/poblenouurbandistrict.com\\\/art-i-creativitat-les-propostes-del-poblenou-open-day\\\/\"},\"author\":{\"name\":\"pnud\",\"@id\":\"https:\\\/\\\/poblenouurbandistrict.com\\\/#\\\/schema\\\/person\\\/980a2cf34b399d5218205730acd54a7e\"},\"headline\":\"Art i creativitat: les propostes del Poblenou Open Day\",\"datePublished\":\"2025-05-05T07:30:42+00:00\",\"dateModified\":\"2025-05-09T11:42:09+00:00\",\"mainEntityOfPage\":{\"@id\":\"https:\\\/\\\/poblenouurbandistrict.com\\\/art-i-creativitat-les-propostes-del-poblenou-open-day\\\/\"},\"wordCount\":2409,\"image\":{\"@id\":\"https:\\\/\\\/poblenouurbandistrict.com\\\/art-i-creativitat-les-propostes-del-poblenou-open-day\\\/#primaryimage\"},\"thumbnailUrl\":\"https:\\\/\\\/media.poblenouurbandistrict.com\\\/2025\\\/04\\\/25085638\\\/dhub-matter-matters-altares-14-carmina-ruiz.jpg\",\"articleSection\":[\"Poblenou Open Day\"],\"inLanguage\":\"ca\"},{\"@type\":\"WebPage\",\"@id\":\"https:\\\/\\\/poblenouurbandistrict.com\\\/ca\\\/art-i-creativitat-les-propostes-del-poblenou-open-day\\\/\",\"url\":\"https:\\\/\\\/poblenouurbandistrict.com\\\/ca\\\/art-i-creativitat-les-propostes-del-poblenou-open-day\\\/\",\"name\":\"Art i creativitat: les propostes del Poblenou Open Day &#8211; Poblenou Urban District\",\"isPartOf\":{\"@id\":\"https:\\\/\\\/poblenouurbandistrict.com\\\/ca\\\/#website\"},\"primaryImageOfPage\":{\"@id\":\"https:\\\/\\\/poblenouurbandistrict.com\\\/ca\\\/art-i-creativitat-les-propostes-del-poblenou-open-day\\\/#primaryimage\"},\"image\":{\"@id\":\"https:\\\/\\\/poblenouurbandistrict.com\\\/art-i-creativitat-les-propostes-del-poblenou-open-day\\\/#primaryimage\"},\"thumbnailUrl\":\"https:\\\/\\\/media.poblenouurbandistrict.com\\\/2025\\\/04\\\/25085638\\\/dhub-matter-matters-altares-14-carmina-ruiz.jpg\",\"datePublished\":\"2025-05-05T07:30:42+00:00\",\"dateModified\":\"2025-05-09T11:42:09+00:00\",\"author\":{\"@id\":\"https:\\\/\\\/poblenouurbandistrict.com\\\/#\\\/schema\\\/person\\\/980a2cf34b399d5218205730acd54a7e\"},\"breadcrumb\":{\"@id\":\"https:\\\/\\\/poblenouurbandistrict.com\\\/ca\\\/art-i-creativitat-les-propostes-del-poblenou-open-day\\\/#breadcrumb\"},\"inLanguage\":\"ca\",\"potentialAction\":[{\"@type\":\"ReadAction\",\"target\":[[\"https:\\\/\\\/poblenouurbandistrict.com\\\/ca\\\/art-i-creativitat-les-propostes-del-poblenou-open-day\\\/\"]]}]},{\"@type\":\"ImageObject\",\"inLanguage\":\"ca\",\"@id\":\"https:\\\/\\\/poblenouurbandistrict.com\\\/ca\\\/art-i-creativitat-les-propostes-del-poblenou-open-day\\\/#primaryimage\",\"url\":\"https:\\\/\\\/media.poblenouurbandistrict.com\\\/2025\\\/04\\\/25085638\\\/dhub-matter-matters-altares-14-carmina-ruiz.jpg\",\"contentUrl\":\"https:\\\/\\\/media.poblenouurbandistrict.com\\\/2025\\\/04\\\/25085638\\\/dhub-matter-matters-altares-14-carmina-ruiz.jpg\",\"width\":2560,\"height\":1707,\"caption\":\"Exposici\u00f3n Matter Matters. Dise\u00f1ar con el mundo, Museu del Disseny-DHub Barcelona. \u00c1mbito Materia Digital. Silla Hortensia de Andr\u00e9s Reisinger y J\u00falia Esqu\u00e9, 2019\"},{\"@type\":\"BreadcrumbList\",\"@id\":\"https:\\\/\\\/poblenouurbandistrict.com\\\/ca\\\/art-i-creativitat-les-propostes-del-poblenou-open-day\\\/#breadcrumb\",\"itemListElement\":[{\"@type\":\"ListItem\",\"position\":1,\"name\":\"Home\",\"item\":\"https:\\\/\\\/poblenouurbandistrict.com\\\/ca\\\/\"},{\"@type\":\"ListItem\",\"position\":2,\"name\":\"Art i creativitat: les propostes del Poblenou Open Day\"}]},{\"@type\":\"WebSite\",\"@id\":\"https:\\\/\\\/poblenouurbandistrict.com\\\/ca\\\/#website\",\"url\":\"https:\\\/\\\/poblenouurbandistrict.com\\\/ca\\\/\",\"name\":\"Poblenou Urban District\",\"description\":\"Comunitat Creativa\",\"potentialAction\":[{\"@type\":\"SearchAction\",\"target\":{\"@type\":\"EntryPoint\",\"urlTemplate\":\"https:\\\/\\\/poblenouurbandistrict.com\\\/ca\\\/?s={search_term_string}\"},\"query-input\":{\"@type\":\"PropertyValueSpecification\",\"valueRequired\":true,\"valueName\":\"search_term_string\"}}],\"inLanguage\":\"ca\"},{\"@type\":\"Person\",\"@id\":\"https:\\\/\\\/poblenouurbandistrict.com\\\/#\\\/schema\\\/person\\\/980a2cf34b399d5218205730acd54a7e\",\"name\":\"pnud\",\"image\":{\"@type\":\"ImageObject\",\"inLanguage\":\"ca\",\"@id\":\"https:\\\/\\\/secure.gravatar.com\\\/avatar\\\/67146597b405ee077a24e519f75c3e2031736596d6ce35af3a34c122c93d0d7b?s=96&d=retro&r=g\",\"url\":\"https:\\\/\\\/secure.gravatar.com\\\/avatar\\\/67146597b405ee077a24e519f75c3e2031736596d6ce35af3a34c122c93d0d7b?s=96&d=retro&r=g\",\"contentUrl\":\"https:\\\/\\\/secure.gravatar.com\\\/avatar\\\/67146597b405ee077a24e519f75c3e2031736596d6ce35af3a34c122c93d0d7b?s=96&d=retro&r=g\",\"caption\":\"pnud\"}}]}<\/script>\n<!-- \/ Yoast SEO plugin. -->","yoast_head_json":{"title":"Art i creativitat: les propostes del Poblenou Open Day &#8211; Poblenou Urban District","robots":{"index":"index","follow":"follow","max-snippet":"max-snippet:-1","max-image-preview":"max-image-preview:large","max-video-preview":"max-video-preview:-1"},"canonical":"https:\/\/poblenouurbandistrict.com\/ca\/art-i-creativitat-les-propostes-del-poblenou-open-day\/","og_locale":"ca_ES","og_type":"article","og_title":"Art i creativitat: les propostes del Poblenou Open Day &#8211; Poblenou Urban District","og_description":"Museus, estudis i galeries d&#8217;art vinculats a Poblenou Urban District obriran les seves portes el pr\u00f2xim 10 de maig per... M\u00e9s \u2192","og_url":"https:\/\/poblenouurbandistrict.com\/ca\/art-i-creativitat-les-propostes-del-poblenou-open-day\/","og_site_name":"Poblenou Urban District","article_published_time":"2025-05-05T07:30:42+00:00","article_modified_time":"2025-05-09T11:42:09+00:00","og_image":[{"width":2560,"height":1707,"url":"https:\/\/poblenouurbandistrict.com\/wp-content\/uploads\/2025\/04\/dhub-matter-matters-altares-14-carmina-ruiz.jpg","type":"image\/jpeg"}],"author":"pnud","twitter_card":"summary_large_image","twitter_misc":{"Escrit per":"pnud","Temps estimat de lectura":"5 minuts"},"schema":{"@context":"https:\/\/schema.org","@graph":[{"@type":"Article","@id":"https:\/\/poblenouurbandistrict.com\/art-i-creativitat-les-propostes-del-poblenou-open-day\/#article","isPartOf":{"@id":"https:\/\/poblenouurbandistrict.com\/art-i-creativitat-les-propostes-del-poblenou-open-day\/"},"author":{"name":"pnud","@id":"https:\/\/poblenouurbandistrict.com\/#\/schema\/person\/980a2cf34b399d5218205730acd54a7e"},"headline":"Art i creativitat: les propostes del Poblenou Open Day","datePublished":"2025-05-05T07:30:42+00:00","dateModified":"2025-05-09T11:42:09+00:00","mainEntityOfPage":{"@id":"https:\/\/poblenouurbandistrict.com\/art-i-creativitat-les-propostes-del-poblenou-open-day\/"},"wordCount":2409,"image":{"@id":"https:\/\/poblenouurbandistrict.com\/art-i-creativitat-les-propostes-del-poblenou-open-day\/#primaryimage"},"thumbnailUrl":"https:\/\/media.poblenouurbandistrict.com\/2025\/04\/25085638\/dhub-matter-matters-altares-14-carmina-ruiz.jpg","articleSection":["Poblenou Open Day"],"inLanguage":"ca"},{"@type":"WebPage","@id":"https:\/\/poblenouurbandistrict.com\/ca\/art-i-creativitat-les-propostes-del-poblenou-open-day\/","url":"https:\/\/poblenouurbandistrict.com\/ca\/art-i-creativitat-les-propostes-del-poblenou-open-day\/","name":"Art i creativitat: les propostes del Poblenou Open Day &#8211; Poblenou Urban District","isPartOf":{"@id":"https:\/\/poblenouurbandistrict.com\/ca\/#website"},"primaryImageOfPage":{"@id":"https:\/\/poblenouurbandistrict.com\/ca\/art-i-creativitat-les-propostes-del-poblenou-open-day\/#primaryimage"},"image":{"@id":"https:\/\/poblenouurbandistrict.com\/art-i-creativitat-les-propostes-del-poblenou-open-day\/#primaryimage"},"thumbnailUrl":"https:\/\/media.poblenouurbandistrict.com\/2025\/04\/25085638\/dhub-matter-matters-altares-14-carmina-ruiz.jpg","datePublished":"2025-05-05T07:30:42+00:00","dateModified":"2025-05-09T11:42:09+00:00","author":{"@id":"https:\/\/poblenouurbandistrict.com\/#\/schema\/person\/980a2cf34b399d5218205730acd54a7e"},"breadcrumb":{"@id":"https:\/\/poblenouurbandistrict.com\/ca\/art-i-creativitat-les-propostes-del-poblenou-open-day\/#breadcrumb"},"inLanguage":"ca","potentialAction":[{"@type":"ReadAction","target":[["https:\/\/poblenouurbandistrict.com\/ca\/art-i-creativitat-les-propostes-del-poblenou-open-day\/"]]}]},{"@type":"ImageObject","inLanguage":"ca","@id":"https:\/\/poblenouurbandistrict.com\/ca\/art-i-creativitat-les-propostes-del-poblenou-open-day\/#primaryimage","url":"https:\/\/media.poblenouurbandistrict.com\/2025\/04\/25085638\/dhub-matter-matters-altares-14-carmina-ruiz.jpg","contentUrl":"https:\/\/media.poblenouurbandistrict.com\/2025\/04\/25085638\/dhub-matter-matters-altares-14-carmina-ruiz.jpg","width":2560,"height":1707,"caption":"Exposici\u00f3n Matter Matters. Dise\u00f1ar con el mundo, Museu del Disseny-DHub Barcelona. \u00c1mbito Materia Digital. Silla Hortensia de Andr\u00e9s Reisinger y J\u00falia Esqu\u00e9, 2019"},{"@type":"BreadcrumbList","@id":"https:\/\/poblenouurbandistrict.com\/ca\/art-i-creativitat-les-propostes-del-poblenou-open-day\/#breadcrumb","itemListElement":[{"@type":"ListItem","position":1,"name":"Home","item":"https:\/\/poblenouurbandistrict.com\/ca\/"},{"@type":"ListItem","position":2,"name":"Art i creativitat: les propostes del Poblenou Open Day"}]},{"@type":"WebSite","@id":"https:\/\/poblenouurbandistrict.com\/ca\/#website","url":"https:\/\/poblenouurbandistrict.com\/ca\/","name":"Poblenou Urban District","description":"Comunitat Creativa","potentialAction":[{"@type":"SearchAction","target":{"@type":"EntryPoint","urlTemplate":"https:\/\/poblenouurbandistrict.com\/ca\/?s={search_term_string}"},"query-input":{"@type":"PropertyValueSpecification","valueRequired":true,"valueName":"search_term_string"}}],"inLanguage":"ca"},{"@type":"Person","@id":"https:\/\/poblenouurbandistrict.com\/#\/schema\/person\/980a2cf34b399d5218205730acd54a7e","name":"pnud","image":{"@type":"ImageObject","inLanguage":"ca","@id":"https:\/\/secure.gravatar.com\/avatar\/67146597b405ee077a24e519f75c3e2031736596d6ce35af3a34c122c93d0d7b?s=96&d=retro&r=g","url":"https:\/\/secure.gravatar.com\/avatar\/67146597b405ee077a24e519f75c3e2031736596d6ce35af3a34c122c93d0d7b?s=96&d=retro&r=g","contentUrl":"https:\/\/secure.gravatar.com\/avatar\/67146597b405ee077a24e519f75c3e2031736596d6ce35af3a34c122c93d0d7b?s=96&d=retro&r=g","caption":"pnud"}}]}},"_links":{"self":[{"href":"https:\/\/poblenouurbandistrict.com\/ca\/wp-json\/wp\/v2\/posts\/50954","targetHints":{"allow":["GET"]}}],"collection":[{"href":"https:\/\/poblenouurbandistrict.com\/ca\/wp-json\/wp\/v2\/posts"}],"about":[{"href":"https:\/\/poblenouurbandistrict.com\/ca\/wp-json\/wp\/v2\/types\/post"}],"author":[{"embeddable":true,"href":"https:\/\/poblenouurbandistrict.com\/ca\/wp-json\/wp\/v2\/users\/5"}],"replies":[{"embeddable":true,"href":"https:\/\/poblenouurbandistrict.com\/ca\/wp-json\/wp\/v2\/comments?post=50954"}],"version-history":[{"count":14,"href":"https:\/\/poblenouurbandistrict.com\/ca\/wp-json\/wp\/v2\/posts\/50954\/revisions"}],"predecessor-version":[{"id":51239,"href":"https:\/\/poblenouurbandistrict.com\/ca\/wp-json\/wp\/v2\/posts\/50954\/revisions\/51239"}],"wp:featuredmedia":[{"embeddable":true,"href":"https:\/\/poblenouurbandistrict.com\/ca\/wp-json\/wp\/v2\/media\/50738"}],"wp:attachment":[{"href":"https:\/\/poblenouurbandistrict.com\/ca\/wp-json\/wp\/v2\/media?parent=50954"}],"wp:term":[{"taxonomy":"category","embeddable":true,"href":"https:\/\/poblenouurbandistrict.com\/ca\/wp-json\/wp\/v2\/categories?post=50954"},{"taxonomy":"post_tag","embeddable":true,"href":"https:\/\/poblenouurbandistrict.com\/ca\/wp-json\/wp\/v2\/tags?post=50954"}],"curies":[{"name":"wp","href":"https:\/\/api.w.org\/{rel}","templated":true}]}}