{"id":50958,"date":"2025-04-25T15:53:54","date_gmt":"2025-04-25T13:53:54","guid":{"rendered":"https:\/\/poblenouurbandistrict.com\/?p=50958"},"modified":"2025-05-09T14:06:50","modified_gmt":"2025-05-09T12:06:50","slug":"el-solar-el-hub-creatiu-del-poblenou-open-day","status":"publish","type":"post","link":"https:\/\/poblenouurbandistrict.com\/ca\/el-solar-el-hub-creatiu-del-poblenou-open-day\/","title":{"rendered":"EL SOLAR, el hub creatiu del Poblenou Open Day"},"content":{"rendered":"<p>Un dels punts clau de la programaci\u00f3 del Poblenou Open Day ser\u00e0 El Solar, un espai de m\u00e9s de 2.500 m2 situat al carrer Llull, 124-128. Hi haur\u00e0 tallers, m\u00fasica en directe, un art market i una variada proposta gastron\u00f2mica, a m\u00e9s d\u2019intervencions d\u2019art en viu i la celebraci\u00f3 dels deu anys del Windows Art Circuit \/ WAC.<\/p>\n<hr \/>\n<p>12 hores de m\u00fasica en directe non stop de la m\u00e0 de <strong>The Sound Society<\/strong>:<\/p>\n<p dir=\"ltr\" style=\"text-align: center;\"><strong><span class=\"im\">11:00 &#8211; 12:30 The Sound Society\u00a0Selectors<br \/>\n12:30 &#8211; 14:00 ESD Sound<br \/>\n14:00 &#8211; 15:30 YamameMaru<br \/>\n15:30 &#8211; 17:00 Carla Valenti<br \/>\n<\/span>17:00 &#8211; 18:30 Marie Prude<span class=\"im\"><br \/>\n18:30 &#8211; 20:00 Gersound<br \/>\n20:00 &#8211; 21:30 Apelika<br \/>\n21:30 &#8211; 23:00 Raul Naro<\/span><\/strong><\/p>\n<p dir=\"ltr\">L&#8217;artista visual <strong>ID:MORA<\/strong> acompanyar\u00e0 la m\u00fasica amb els seus v\u00eddeos d&#8217;estil psicod\u00e8lic.<\/p>\n<hr \/>\n<p dir=\"ltr\">A la part gastron\u00f2mica, ens acompanyaran v\u00e0ries foodtracks amb ofertes molt variades. <strong data-start=\"48\" data-end=\"65\">Sweet W\u00f6nders <\/strong>oferir\u00e0\u00a0cr\u00eapes dolces i salades per a tots els gustos, <strong data-start=\"115\" data-end=\"131\">Deligotessen, <\/strong>naxos i hamburgueses molt saboroses, <strong>Chicanos <\/strong>portar\u00e0 l&#8217;aut\u00e8ntic sabor mexic\u00e0 amb els seus tacos i burritos i <strong data-start=\"261\" data-end=\"279\">Warike Project<\/strong>, oferir\u00e0 la seva deliciosa cuina alternativa peruana a peu de carrer. A m\u00e9s, <strong>Oatly<\/strong> tindr\u00e0 el seu propi estand oferint caf\u00e8.<\/p>\n<hr \/>\n<p dir=\"ltr\">A la part de tallers, hi haur\u00e0 una s\u00e8rie d&#8217;artistes molt variades impartint-los:<\/p>\n<p class=\"\" data-start=\"48\" data-end=\"165\"><strong data-start=\"48\" data-end=\"63\">Sonia Toneu, <\/strong>muralista que transita entre all\u00f2 pict\u00f2ric, gr\u00e0fic i digital a l\u2019espai p\u00fablic, far\u00e0 un taller de murals.<\/p>\n<p class=\"\" data-start=\"48\" data-end=\"165\"><strong data-start=\"167\" data-end=\"187\">Taller dels Edus <\/strong>, artistes que es dediquen a la creaci\u00f3 d\u2019hist\u00f2ries mitjan\u00e7ant l\u2019artesania de les seves estampacions en directe, faran un taller de serigrafia en col\u00b7laboraci\u00f3 amb <strong>Oatly.<\/strong><\/p>\n<p class=\"\" data-start=\"271\" data-end=\"365\"><strong data-start=\"271\" data-end=\"286\">Ram\u00f3n Paris<\/strong>: artista que crea i acompanya narratives a trav\u00e9s de les seves il\u00b7lustracions, far\u00e0 un taller d&#8217;il\u00b7lustraci\u00f3.<\/p>\n<hr \/>\n<p><span class=\"_fadeIn_pfttw_8\">A m\u00e9s, acollir\u00e0 <\/span><span class=\"_fadeIn_pfttw_8\">la <\/span><span class=\"_fadeIn_pfttw_8\">participaci\u00f3 <\/span><span class=\"_fadeIn_pfttw_8\">d\u2019artistes de la desena edici\u00f3 del <\/span><em data-start=\"102\" data-end=\"123\"><span class=\"_fadeIn_pfttw_8\">Windows <\/span><span class=\"_fadeIn_pfttw_8\">Art <\/span><span class=\"_fadeIn_pfttw_8\">Circuit<\/span><\/em><span class=\"_fadeIn_pfttw_8\">:<\/span><\/p>\n<p><a href=\"https:\/\/www.instagram.com\/antonseoane\/?hl=en\"><strong>-Ant\u00f3n Seoane:<\/strong><\/a> Artista multidisciplinari que desenvolupa projectes en els \u00e0mbits industrial, gr\u00e0fic i art\u00edstic. Ha experimentat amb m\u00faltiples disciplines creatives com la fotografia i el tatuatge, per\u00f2 finalment es centra en l\u2019\u00e0mbit decoratiu treballant principalment amb aerosols. La seva obra retrata la imagin\u00e0ria del cinema i els c\u00f2mics, altres de les seves passions.<\/p>\n<p>&#8211;<a href=\"https:\/\/www.instagram.com\/derocart\/?locale=es_ES%2F&amp;hl=en\"><strong>D\u00e8lia Rodr\u00edguez:<\/strong><\/a> Artista emergent amb dues l\u00ednies de treball principals. Una explora la innoc\u00e8ncia, la intimitat i el refugi a trav\u00e9s d\u2019elements l\u00fadics i absurds, moltes vegades relacionats amb experi\u00e8ncies personals. L\u2019altra se centra en els arxius i la mem\u00f2ria, utilitzant els rastres del passat per reflexionar sobre la seva pres\u00e8ncia continuada, un intent de sostenir all\u00f2 que est\u00e0 en risc de desapar\u00e8ixer.<\/p>\n<p><a href=\"https:\/\/www.instagram.com\/juanibengali.art\/\"><strong data-start=\"2575\" data-end=\"2592\">-Juani Bengali:<\/strong><\/a> Projecte creatiu d\u2019Ana Garc\u00eda L\u00f3pez, il\u00b7lustradora, dissenyadora i arquitecta actualment resident a Barcelona. Estima els colors vibrants, jugar amb les formes, crear personatges i, a trav\u00e9s de l\u2019art, treure somriures.<\/p>\n<p>&#8211;<a href=\"https:\/\/www.instagram.com\/plain.jein\/\"><strong data-start=\"1949\" data-end=\"1963\">Plain jein:<\/strong><\/a> Muralista, il\u00b7lustradora i dissenyadora gr\u00e0fica nascuda i criada a Barcelona. Durant els \u00faltims nou anys ha estat escriptora de graffiti, per\u00f2 els \u00faltims tres s\u2019ha centrat m\u00e9s en l\u2019art mural, plasmant les seves il\u00b7lustracions i idees estranyes als murs. Li agrada donar veu a temes socials amb un toc d\u2019humor, buscant incomodar i\/o reconfortar l\u2019espectador.<\/p>\n<p>&#8211;<a href=\"https:\/\/www.instagram.com\/palomarodriguez.cl\/\"><strong data-start=\"2838\" data-end=\"2848\">PALOMA:<\/strong><\/a> Artista xilena l\u2019obra de la qual se centra en all\u00f2 que es pot crear a partir de recopilacions d\u2019imatges. Aquests \u201ccollages pict\u00f2rics\u201d reflecteixen i interpreten, mitjan\u00e7ant el llenguatge visual, la idiosincr\u00e0sia de la nostra societat, congregant i intercomunicant la bellesa dels relats i l\u2019impacte de les imatges de la cultura m\u00e9s pl\u00e0stica.<\/p>\n<p><a href=\"https:\/\/www.instagram.com\/kst.ec\/\"><strong data-start=\"1565\" data-end=\"1572\">-Kst:<\/strong><\/a> Andr\u00e9s de la Bastida (Kst) \u00e9s un artista visual equatori\u00e0 nascut a Gal\u00e0pagos. Arquitecte de formaci\u00f3, s\u2019ha desenvolupat com a il\u00b7lustrador i muralista, explorant la intersecci\u00f3 entre el tradicional i el contemporani.<\/p>\n<p>&#8211;<a href=\"https:\/\/www.instagram.com\/konair\"><strong data-start=\"614\" data-end=\"624\">KONAIR:<\/strong><\/a> Artista urb\u00e0 de Barcelona, reconegut per la seva ic\u00f2nica representaci\u00f3 de polos mossegats en les seves obres. El seu estil fusiona elements del pop-art, surrealisme i graffiti, creant imatges vibrants i plenes de color que adornen els carrers de Barcelona. La seva obra ha contribu\u00eft significativament al paisatge urb\u00e0 de la ciutat, convertint-se en una refer\u00e8ncia clau de l\u2019art urb\u00e0 contemporani.<\/p>\n<p><a href=\"https:\/\/www.instagram.com\/rockaxson\/\"><strong data-start=\"3206\" data-end=\"3219\">-Rockaxson:<\/strong><\/a> Apassionat per la creativitat visual, enfoca la seva feina en la Street Photography, el Paste-Up i l\u2019art urb\u00e0. A trav\u00e9s del seu objectiu i intervencions busca capturar l\u2019ess\u00e8ncia de la ciutat i transformar espais amb una mirada \u00fanica.<\/p>\n<hr \/>\n<p data-start=\"26\" data-end=\"126\">I per celebrar els 10 anys del Windows Art Circuit, participar\u00e0n tamb\u00e9 una s\u00e8rie d&#8217;artistes convidats:<\/p>\n<p data-start=\"128\" data-end=\"2068\"><a href=\"https:\/\/www.instagram.com\/aleixfontarroyo\/\"><strong data-start=\"128\" data-end=\"143\"><span class=\"_fadeIn_pfttw_8\">-Aleix <\/span><span class=\"_fadeIn_pfttw_8\">Font:<\/span><\/strong><\/a> <span class=\"_fadeIn_pfttw_8\">A <\/span><span class=\"_fadeIn_pfttw_8\">trav\u00e9s <\/span><span class=\"_fadeIn_pfttw_8\">de <\/span><span class=\"_fadeIn_pfttw_8\">composicions <\/span><span class=\"_fadeIn_pfttw_8\">que <\/span><span class=\"_fadeIn_pfttw_8\">oscil\u00b7len <\/span><span class=\"_fadeIn_pfttw_8\">entre <\/span><span class=\"_fadeIn_pfttw_8\">el <\/span><span class=\"_fadeIn_pfttw_8\">minimalisme <\/span><span class=\"_fadeIn_pfttw_8\">i <\/span><span class=\"_fadeIn_pfttw_8\">la <\/span><span class=\"_fadeIn_pfttw_8\">complexitat, <\/span><span class=\"_fadeIn_pfttw_8\">aquest <\/span><span class=\"_fadeIn_pfttw_8\">artista <\/span><span class=\"_fadeIn_pfttw_8\">catal\u00e0 <\/span><span class=\"_fadeIn_pfttw_8\">investiga <\/span><span class=\"_fadeIn_pfttw_8\">la <\/span><span class=\"_fadeIn_pfttw_8\">tensi\u00f3 <\/span><span class=\"_fadeIn_pfttw_8\">entre <\/span><span class=\"_fadeIn_pfttw_8\">el <\/span><span class=\"_fadeIn_pfttw_8\">caos <\/span><span class=\"_fadeIn_pfttw_8\">i <\/span><span class=\"_fadeIn_pfttw_8\">l\u2019estructura, <\/span><span class=\"_fadeIn_pfttw_8\">entre <\/span><span class=\"_fadeIn_pfttw_8\">l\u2019individual <\/span><span class=\"_fadeIn_pfttw_8\">i <\/span><span class=\"_fadeIn_pfttw_8\">el <\/span><span class=\"_fadeIn_pfttw_8\">col\u00b7lectiu, <\/span><span class=\"_fadeIn_pfttw_8\">convidant <\/span><span class=\"_fadeIn_pfttw_8\">l\u2019espectador <\/span><span class=\"_fadeIn_pfttw_8\">a <\/span><span class=\"_fadeIn_pfttw_8\">q\u00fcestionar <\/span><span class=\"_fadeIn_pfttw_8\">com <\/span><span class=\"_fadeIn_pfttw_8\">habitem <\/span><span class=\"_fadeIn_pfttw_8\">l\u2019espai <\/span><span class=\"_fadeIn_pfttw_8\">i <\/span><span class=\"_fadeIn_pfttw_8\">constru\u00efm <\/span><span class=\"_fadeIn_pfttw_8\">significat.<\/span><\/p>\n<p data-start=\"128\" data-end=\"2068\"><a href=\"https:\/\/www.instagram.com\/asispercales\/?hl=es\"><strong data-start=\"412\" data-end=\"430\"><span class=\"_fadeIn_pfttw_8\">-Asis <\/span><span class=\"_fadeIn_pfttw_8\">Percales:<\/span><\/strong><\/a> <span class=\"_fadeIn_pfttw_8\">Il\u00b7lustrador <\/span><span class=\"_fadeIn_pfttw_8\">i <\/span><span class=\"_fadeIn_pfttw_8\">dibuixant <\/span><span class=\"_fadeIn_pfttw_8\">nascut <\/span><span class=\"_fadeIn_pfttw_8\">a <\/span><span class=\"_fadeIn_pfttw_8\">Granada. <\/span><span class=\"_fadeIn_pfttw_8\">El <\/span><span class=\"_fadeIn_pfttw_8\">seu <\/span><span class=\"_fadeIn_pfttw_8\">estil <\/span><span class=\"_fadeIn_pfttw_8\">propi <\/span><span class=\"_fadeIn_pfttw_8\">\u00e9s <\/span><span class=\"_fadeIn_pfttw_8\">una <\/span><span class=\"_fadeIn_pfttw_8\">combinaci\u00f3 <\/span><span class=\"_fadeIn_pfttw_8\">de <\/span><span class=\"_fadeIn_pfttw_8\">les <\/span><span class=\"_fadeIn_pfttw_8\">seves <\/span><span class=\"_fadeIn_pfttw_8\">dues <\/span><span class=\"_fadeIn_pfttw_8\">passions: <\/span><span class=\"_fadeIn_pfttw_8\">el <\/span><span class=\"_fadeIn_pfttw_8\">dibuix <\/span><span class=\"_fadeIn_pfttw_8\">i <\/span><span class=\"_fadeIn_pfttw_8\">la <\/span><span class=\"_fadeIn_pfttw_8\">natura. <\/span><span class=\"_fadeIn_pfttw_8\">Personatges, <\/span><span class=\"_fadeIn_pfttw_8\">criatures <\/span><span class=\"_fadeIn_pfttw_8\">i <\/span><span class=\"_fadeIn_pfttw_8\">elements <\/span><span class=\"_fadeIn_pfttw_8\">entre <\/span><span class=\"_fadeIn_pfttw_8\">el <\/span><span class=\"_fadeIn_pfttw_8\">grotesc <\/span><span class=\"_fadeIn_pfttw_8\">i <\/span><span class=\"_fadeIn_pfttw_8\">el <\/span><span class=\"_fadeIn_pfttw_8\">bell <\/span><span class=\"_fadeIn_pfttw_8\">es <\/span><span class=\"_fadeIn_pfttw_8\">barregen <\/span><span class=\"_fadeIn_pfttw_8\">en <\/span><span class=\"_fadeIn_pfttw_8\">les <\/span><span class=\"_fadeIn_pfttw_8\">seves <\/span><span class=\"_fadeIn_pfttw_8\">obres, <\/span><span class=\"_fadeIn_pfttw_8\">generant <\/span><span class=\"_fadeIn_pfttw_8\">impacte <\/span><span class=\"_fadeIn_pfttw_8\">visual <\/span><span class=\"_fadeIn_pfttw_8\">i <\/span><span class=\"_fadeIn_pfttw_8\">transmetent <\/span><span class=\"_fadeIn_pfttw_8\">sensacions.<\/span><\/p>\n<p data-start=\"128\" data-end=\"2068\"><a href=\"https:\/\/www.instagram.com\/geco.gec0\/\"><strong data-start=\"707\" data-end=\"716\"><span class=\"_fadeIn_pfttw_8\">-Geco:<\/span><\/strong><\/a> <span class=\"_fadeIn_pfttw_8\">Artista <\/span><span class=\"_fadeIn_pfttw_8\">multidisciplinari <\/span><span class=\"_fadeIn_pfttw_8\">nascut <\/span><span class=\"_fadeIn_pfttw_8\">a <\/span><span class=\"_fadeIn_pfttw_8\">Barcelona, <\/span><span class=\"_fadeIn_pfttw_8\">especialitzat <\/span><span class=\"_fadeIn_pfttw_8\">en <\/span><span class=\"_fadeIn_pfttw_8\">el <\/span><span class=\"_fadeIn_pfttw_8\">disseny <\/span><span class=\"_fadeIn_pfttw_8\">de <\/span><span class=\"_fadeIn_pfttw_8\">personatges, <\/span><span class=\"_fadeIn_pfttw_8\">l\u2019animaci\u00f3 <\/span><span class=\"_fadeIn_pfttw_8\">i <\/span><span class=\"_fadeIn_pfttw_8\">la <\/span><span class=\"_fadeIn_pfttw_8\">il\u00b7lustraci\u00f3. <\/span><span class=\"_fadeIn_pfttw_8\">Les <\/span><span class=\"_fadeIn_pfttw_8\">seves <\/span><span class=\"_fadeIn_pfttw_8\">il\u00b7lustracions <\/span><span class=\"_fadeIn_pfttw_8\">i <\/span><span class=\"_fadeIn_pfttw_8\">murals <\/span><span class=\"_fadeIn_pfttw_8\">s\u00f3n <\/span><span class=\"_fadeIn_pfttw_8\">un <\/span><span class=\"_fadeIn_pfttw_8\">reflex <\/span><span class=\"_fadeIn_pfttw_8\">acolorit <\/span><span class=\"_fadeIn_pfttw_8\">directe <\/span><span class=\"_fadeIn_pfttw_8\">de <\/span><span class=\"_fadeIn_pfttw_8\">la <\/span><span class=\"_fadeIn_pfttw_8\">seva <\/span><span class=\"_fadeIn_pfttw_8\">passi\u00f3 <\/span><span class=\"_fadeIn_pfttw_8\">i <\/span><span class=\"_fadeIn_pfttw_8\">frustraci\u00f3 <\/span><span class=\"_fadeIn_pfttw_8\">amb <\/span><span class=\"_fadeIn_pfttw_8\">el <\/span><span class=\"_fadeIn_pfttw_8\">m\u00f3n <\/span><span class=\"_fadeIn_pfttw_8\">contemporani. <\/span><span class=\"_fadeIn_pfttw_8\">La <\/span><span class=\"_fadeIn_pfttw_8\">seva <\/span><span class=\"_fadeIn_pfttw_8\">obra <\/span><span class=\"_fadeIn_pfttw_8\">amaga <\/span><span class=\"_fadeIn_pfttw_8\">un <\/span><span class=\"_fadeIn_pfttw_8\">missatge <\/span><span class=\"_fadeIn_pfttw_8\">reflexiu <\/span><span class=\"_fadeIn_pfttw_8\">i <\/span><span class=\"_fadeIn_pfttw_8\">no <\/span><span class=\"_fadeIn_pfttw_8\">exempt <\/span><span class=\"_fadeIn_pfttw_8\">de <\/span><span class=\"_fadeIn_pfttw_8\">cr\u00edtica <\/span><span class=\"_fadeIn_pfttw_8\">social, <\/span><span class=\"_fadeIn_pfttw_8\">apte <\/span><span class=\"_fadeIn_pfttw_8\">per <\/span><span class=\"_fadeIn_pfttw_8\">a <\/span><span class=\"_fadeIn_pfttw_8\">tots <\/span><span class=\"_fadeIn_pfttw_8\">els <\/span><span class=\"_fadeIn_pfttw_8\">p\u00fablics.<\/span><\/p>\n<p data-start=\"128\" data-end=\"2068\"><a href=\"https:\/\/www.instagram.com\/eldiosdelostres\/\"><span class=\"_fadeIn_pfttw_8\"><strong>-E<\/strong><\/span><strong data-start=\"1060\" data-end=\"1108\"><span class=\"_fadeIn_pfttw_8\">l <\/span><span class=\"_fadeIn_pfttw_8\">Dios <\/span><span class=\"_fadeIn_pfttw_8\">de <\/span><span class=\"_fadeIn_pfttw_8\">los <\/span><span class=\"_fadeIn_pfttw_8\">Tres (<\/span><span class=\"_fadeIn_pfttw_8\">Javier <\/span><span class=\"_fadeIn_pfttw_8\">Navarro <\/span><span class=\"_fadeIn_pfttw_8\">Romero):<\/span><\/strong><\/a> <span class=\"_fadeIn_pfttw_8\">Artista <\/span><span class=\"_fadeIn_pfttw_8\">multidisciplinari <\/span><span class=\"_fadeIn_pfttw_8\">nascut <\/span><span class=\"_fadeIn_pfttw_8\">entre <\/span><span class=\"_fadeIn_pfttw_8\">Barcelona <\/span><span class=\"_fadeIn_pfttw_8\">i <\/span><span class=\"_fadeIn_pfttw_8\">Madrid. <\/span><span class=\"_fadeIn_pfttw_8\">Li <\/span><span class=\"_fadeIn_pfttw_8\">agrada <\/span><span class=\"_fadeIn_pfttw_8\">crear <\/span><span class=\"_fadeIn_pfttw_8\">imatges, <\/span><span class=\"_fadeIn_pfttw_8\">s\u00edmbols, <\/span><span class=\"_fadeIn_pfttw_8\">est\u00e8tiques <\/span><span class=\"_fadeIn_pfttw_8\">i <\/span><span class=\"_fadeIn_pfttw_8\">hist\u00f2ries <\/span><span class=\"_fadeIn_pfttw_8\">des <\/span><span class=\"_fadeIn_pfttw_8\">del <\/span><span class=\"_fadeIn_pfttw_8\">seu <\/span><span class=\"_fadeIn_pfttw_8\">particular <\/span><span class=\"_fadeIn_pfttw_8\">m\u00f3n <\/span><span class=\"_fadeIn_pfttw_8\">acolorit, <\/span><span class=\"_fadeIn_pfttw_8\">vibrant, <\/span><span class=\"_fadeIn_pfttw_8\">de <\/span><span class=\"_fadeIn_pfttw_8\">tall <\/span><span class=\"_fadeIn_pfttw_8\">surrealista <\/span><span class=\"_fadeIn_pfttw_8\">i <\/span><span class=\"_fadeIn_pfttw_8\">barroc, <\/span><span class=\"_fadeIn_pfttw_8\">ple <\/span><span class=\"_fadeIn_pfttw_8\">de <\/span><span class=\"_fadeIn_pfttw_8\">refer\u00e8ncies <\/span><span class=\"_fadeIn_pfttw_8\">multiculturals <\/span><span class=\"_fadeIn_pfttw_8\">i <\/span><span class=\"_fadeIn_pfttw_8\">iconografia <\/span><span class=\"_fadeIn_pfttw_8\">pop.<\/span><\/p>\n<p data-start=\"128\" data-end=\"2068\"><a href=\"https:\/\/www.instagram.com\/noquedatinte\/?hl=es\"><strong data-start=\"1356\" data-end=\"1392\"><span class=\"_fadeIn_pfttw_8\">-No <\/span><span class=\"_fadeIn_pfttw_8\">Queda <\/span><span class=\"_fadeIn_pfttw_8\">Tinte (<\/span><span class=\"_fadeIn_pfttw_8\">Marina <\/span><span class=\"_fadeIn_pfttw_8\">Salazar):<\/span><\/strong><\/a> <span class=\"_fadeIn_pfttw_8\">Artista, <\/span><span class=\"_fadeIn_pfttw_8\">dissenyadora, <\/span><span class=\"_fadeIn_pfttw_8\">doctoranda <\/span><span class=\"_fadeIn_pfttw_8\">i <\/span><span class=\"_fadeIn_pfttw_8\">fundadora <\/span><span class=\"_fadeIn_pfttw_8\">de <\/span><span class=\"_fadeIn_pfttw_8\">No <\/span><span class=\"_fadeIn_pfttw_8\">Queda <\/span><span class=\"_fadeIn_pfttw_8\">Tinte, <\/span><span class=\"_fadeIn_pfttw_8\">resideix <\/span><span class=\"_fadeIn_pfttw_8\">a <\/span><span class=\"_fadeIn_pfttw_8\">Barcelona. <\/span><span class=\"_fadeIn_pfttw_8\">Enamorada <\/span><span class=\"_fadeIn_pfttw_8\">de <\/span><span class=\"_fadeIn_pfttw_8\">l\u2019est\u00e8tica <\/span><span class=\"_fadeIn_pfttw_8\">kitsch <\/span><span class=\"_fadeIn_pfttw_8\">i <\/span><span class=\"_fadeIn_pfttw_8\">de <\/span><span class=\"_fadeIn_pfttw_8\">les <\/span><span class=\"_fadeIn_pfttw_8\">figuretes <\/span><span class=\"_fadeIn_pfttw_8\">de <\/span><span class=\"_fadeIn_pfttw_8\">segona <\/span><span class=\"_fadeIn_pfttw_8\">m\u00e0, <\/span><span class=\"_fadeIn_pfttw_8\">la <\/span><span class=\"_fadeIn_pfttw_8\">seva <\/span><span class=\"_fadeIn_pfttw_8\">obra <\/span><span class=\"_fadeIn_pfttw_8\">\u00e9s <\/span><span class=\"_fadeIn_pfttw_8\">provocadora <\/span><span class=\"_fadeIn_pfttw_8\">\u00a0<\/span><span class=\"_fadeIn_pfttw_8\">minimal\u00edsticament <\/span><span class=\"_fadeIn_pfttw_8\">barroca.<\/span><\/p>\n<p data-start=\"128\" data-end=\"2068\"><a href=\"https:\/\/www.instagram.com\/riccardonannini_art\/\"><strong data-start=\"1623\" data-end=\"1643\"><span class=\"_fadeIn_pfttw_8\">-Ricardo <\/span><span class=\"_fadeIn_pfttw_8\">Nannini:<\/span><\/strong><\/a> <span class=\"_fadeIn_pfttw_8\">La <\/span><span class=\"_fadeIn_pfttw_8\">seva <\/span><span class=\"_fadeIn_pfttw_8\">carrera <\/span><span class=\"_fadeIn_pfttw_8\">art\u00edstica <\/span><span class=\"_fadeIn_pfttw_8\">comen\u00e7a <\/span><span class=\"_fadeIn_pfttw_8\">el <\/span><span class=\"_fadeIn_pfttw_8\">2009 <\/span><span class=\"_fadeIn_pfttw_8\">quan <\/span><span class=\"_fadeIn_pfttw_8\">decideix <\/span><span class=\"_fadeIn_pfttw_8\">traslladar-<\/span><span class=\"_fadeIn_pfttw_8\">se <\/span><span class=\"_fadeIn_pfttw_8\">d\u2019It\u00e0lia <\/span><span class=\"_fadeIn_pfttw_8\">a <\/span><span class=\"_fadeIn_pfttw_8\">Barcelona, <\/span><span class=\"_fadeIn_pfttw_8\">on <\/span><span class=\"_fadeIn_pfttw_8\">abandona <\/span><span class=\"_fadeIn_pfttw_8\">la <\/span><span class=\"_fadeIn_pfttw_8\">seva <\/span><span class=\"_fadeIn_pfttw_8\">carrera <\/span><span class=\"_fadeIn_pfttw_8\">com <\/span><span class=\"_fadeIn_pfttw_8\">a <\/span><span class=\"_fadeIn_pfttw_8\">dissenyador <\/span><span class=\"_fadeIn_pfttw_8\">i <\/span><span class=\"_fadeIn_pfttw_8\">s\u2019endinsa <\/span><span class=\"_fadeIn_pfttw_8\">en <\/span><span class=\"_fadeIn_pfttw_8\">la <\/span><span class=\"_fadeIn_pfttw_8\">vida <\/span><span class=\"_fadeIn_pfttw_8\">art\u00edstica <\/span><span class=\"_fadeIn_pfttw_8\">de <\/span><span class=\"_fadeIn_pfttw_8\">la <\/span><span class=\"_fadeIn_pfttw_8\">ciutat. <\/span><span class=\"_fadeIn_pfttw_8\">La <\/span><span class=\"_fadeIn_pfttw_8\">narraci\u00f3 <\/span><span class=\"_fadeIn_pfttw_8\">a <\/span><span class=\"_fadeIn_pfttw_8\">les <\/span><span class=\"_fadeIn_pfttw_8\">seves <\/span><span class=\"_fadeIn_pfttw_8\">obres <\/span><span class=\"_fadeIn_pfttw_8\">s\u2019articula <\/span><span class=\"_fadeIn_pfttw_8\">al <\/span><span class=\"_fadeIn_pfttw_8\">voltant <\/span><span class=\"_fadeIn_pfttw_8\">de <\/span><span class=\"_fadeIn_pfttw_8\">la <\/span><span class=\"_fadeIn_pfttw_8\">reflexi\u00f3 <\/span><span class=\"_fadeIn_pfttw_8\">sobre <\/span><span class=\"_fadeIn_pfttw_8\">els <\/span><span class=\"_fadeIn_pfttw_8\">constructes <\/span><span class=\"_fadeIn_pfttw_8\">de <\/span><span class=\"_fadeIn_pfttw_8\">la <\/span><span class=\"_fadeIn_pfttw_8\">imatge, <\/span><span class=\"_fadeIn_pfttw_8\">la <\/span><span class=\"_fadeIn_pfttw_8\">convenci\u00f3 <\/span><span class=\"_fadeIn_pfttw_8\">i <\/span><span class=\"_fadeIn_pfttw_8\">les <\/span><span class=\"_fadeIn_pfttw_8\">seves <\/span><span class=\"_fadeIn_pfttw_8\">conductes <\/span><span class=\"_fadeIn_pfttw_8\">associades, <\/span><span class=\"_fadeIn_pfttw_8\">a <\/span><span class=\"_fadeIn_pfttw_8\">partir <\/span><span class=\"_fadeIn_pfttw_8\">d\u2019elements <\/span><span class=\"_fadeIn_pfttw_8\">de <\/span><span class=\"_fadeIn_pfttw_8\">la <\/span><span class=\"_fadeIn_pfttw_8\">tradici\u00f3 <\/span><span class=\"_fadeIn_pfttw_8\">pict\u00f2rica, <\/span><span class=\"_fadeIn_pfttw_8\">l\u2019imaginari <\/span><span class=\"_fadeIn_pfttw_8\">popular <\/span><span class=\"_fadeIn_pfttw_8\">o <\/span><span class=\"_fadeIn_pfttw_8\">la <\/span><span class=\"_fadeIn_pfttw_8\">cultura <\/span><span class=\"_fadeIn_pfttw_8\">de <\/span><span class=\"_fadeIn_pfttw_8\">masses.<\/span><\/p>\n<p><\/p>","protected":false},"excerpt":{"rendered":"<p>Un dels punts clau de la programaci\u00f3 del Poblenou Open Day ser\u00e0 El Solar, un espai de m\u00e9s de 2.500&#8230; <a href=\"https:\/\/poblenouurbandistrict.com\/ca\/el-solar-el-hub-creatiu-del-poblenou-open-day\/\">M\u00e9s  \u2192<\/a><\/p>\n","protected":false},"author":5,"featured_media":51234,"comment_status":"closed","ping_status":"closed","sticky":false,"template":"","format":"standard","meta":{"_acf_changed":false,"footnotes":""},"categories":[3567,1],"tags":[],"class_list":["post-50958","post","type-post","status-publish","format-standard","has-post-thumbnail","hentry","category-poblenou-open-day-2","category-noticias"],"acf":[],"yoast_head":"<!-- This site is optimized with the Yoast SEO plugin v27.5 - https:\/\/yoast.com\/product\/yoast-seo-wordpress\/ -->\n<title>EL SOLAR, el hub creatiu del Poblenou Open Day &#8211; Poblenou Urban District<\/title>\n<meta name=\"robots\" content=\"index, follow, max-snippet:-1, max-image-preview:large, max-video-preview:-1\" \/>\n<link rel=\"canonical\" href=\"https:\/\/poblenouurbandistrict.com\/ca\/el-solar-el-hub-creatiu-del-poblenou-open-day\/\" \/>\n<meta property=\"og:locale\" content=\"ca_ES\" \/>\n<meta property=\"og:type\" content=\"article\" \/>\n<meta property=\"og:title\" content=\"EL SOLAR, el hub creatiu del Poblenou Open Day &#8211; Poblenou Urban District\" \/>\n<meta property=\"og:description\" content=\"Un dels punts clau de la programaci\u00f3 del Poblenou Open Day ser\u00e0 El Solar, un espai de m\u00e9s de 2.500... M\u00e9s \u2192\" \/>\n<meta property=\"og:url\" content=\"https:\/\/poblenouurbandistrict.com\/ca\/el-solar-el-hub-creatiu-del-poblenou-open-day\/\" \/>\n<meta property=\"og:site_name\" content=\"Poblenou Urban District\" \/>\n<meta property=\"article:published_time\" content=\"2025-04-25T13:53:54+00:00\" \/>\n<meta property=\"article:modified_time\" content=\"2025-05-09T12:06:50+00:00\" \/>\n<meta property=\"og:image\" content=\"https:\/\/poblenouurbandistrict.com\/wp-content\/uploads\/2025\/04\/el-solar.png\" \/>\n\t<meta property=\"og:image:width\" content=\"2556\" \/>\n\t<meta property=\"og:image:height\" content=\"1704\" \/>\n\t<meta property=\"og:image:type\" content=\"image\/png\" \/>\n<meta name=\"author\" content=\"pnud\" \/>\n<meta name=\"twitter:card\" content=\"summary_large_image\" \/>\n<meta name=\"twitter:label1\" content=\"Escrit per\" \/>\n\t<meta name=\"twitter:data1\" content=\"pnud\" \/>\n\t<meta name=\"twitter:label2\" content=\"Temps estimat de lectura\" \/>\n\t<meta name=\"twitter:data2\" content=\"6 minuts\" \/>\n<script type=\"application\/ld+json\" class=\"yoast-schema-graph\">{\"@context\":\"https:\\\/\\\/schema.org\",\"@graph\":[{\"@type\":\"Article\",\"@id\":\"https:\\\/\\\/poblenouurbandistrict.com\\\/el-solar-el-hub-creatiu-del-poblenou-open-day\\\/#article\",\"isPartOf\":{\"@id\":\"https:\\\/\\\/poblenouurbandistrict.com\\\/el-solar-el-hub-creatiu-del-poblenou-open-day\\\/\"},\"author\":{\"name\":\"pnud\",\"@id\":\"https:\\\/\\\/poblenouurbandistrict.com\\\/#\\\/schema\\\/person\\\/980a2cf34b399d5218205730acd54a7e\"},\"headline\":\"EL SOLAR, el hub creatiu del Poblenou Open Day\",\"datePublished\":\"2025-04-25T13:53:54+00:00\",\"dateModified\":\"2025-05-09T12:06:50+00:00\",\"mainEntityOfPage\":{\"@id\":\"https:\\\/\\\/poblenouurbandistrict.com\\\/el-solar-el-hub-creatiu-del-poblenou-open-day\\\/\"},\"wordCount\":3144,\"image\":{\"@id\":\"https:\\\/\\\/poblenouurbandistrict.com\\\/el-solar-el-hub-creatiu-del-poblenou-open-day\\\/#primaryimage\"},\"thumbnailUrl\":\"https:\\\/\\\/media.poblenouurbandistrict.com\\\/2025\\\/04\\\/25090447\\\/el-solar.png\",\"articleSection\":[\"Poblenou Open Day\",\"Est\u00e0 passant\"],\"inLanguage\":\"ca\"},{\"@type\":\"WebPage\",\"@id\":\"https:\\\/\\\/poblenouurbandistrict.com\\\/ca\\\/el-solar-el-hub-creatiu-del-poblenou-open-day\\\/\",\"url\":\"https:\\\/\\\/poblenouurbandistrict.com\\\/ca\\\/el-solar-el-hub-creatiu-del-poblenou-open-day\\\/\",\"name\":\"EL SOLAR, el hub creatiu del Poblenou Open Day &#8211; Poblenou Urban District\",\"isPartOf\":{\"@id\":\"https:\\\/\\\/poblenouurbandistrict.com\\\/ca\\\/#website\"},\"primaryImageOfPage\":{\"@id\":\"https:\\\/\\\/poblenouurbandistrict.com\\\/ca\\\/el-solar-el-hub-creatiu-del-poblenou-open-day\\\/#primaryimage\"},\"image\":{\"@id\":\"https:\\\/\\\/poblenouurbandistrict.com\\\/el-solar-el-hub-creatiu-del-poblenou-open-day\\\/#primaryimage\"},\"thumbnailUrl\":\"https:\\\/\\\/media.poblenouurbandistrict.com\\\/2025\\\/04\\\/25090447\\\/el-solar.png\",\"datePublished\":\"2025-04-25T13:53:54+00:00\",\"dateModified\":\"2025-05-09T12:06:50+00:00\",\"author\":{\"@id\":\"https:\\\/\\\/poblenouurbandistrict.com\\\/#\\\/schema\\\/person\\\/980a2cf34b399d5218205730acd54a7e\"},\"breadcrumb\":{\"@id\":\"https:\\\/\\\/poblenouurbandistrict.com\\\/ca\\\/el-solar-el-hub-creatiu-del-poblenou-open-day\\\/#breadcrumb\"},\"inLanguage\":\"ca\",\"potentialAction\":[{\"@type\":\"ReadAction\",\"target\":[[\"https:\\\/\\\/poblenouurbandistrict.com\\\/ca\\\/el-solar-el-hub-creatiu-del-poblenou-open-day\\\/\"]]}]},{\"@type\":\"ImageObject\",\"inLanguage\":\"ca\",\"@id\":\"https:\\\/\\\/poblenouurbandistrict.com\\\/ca\\\/el-solar-el-hub-creatiu-del-poblenou-open-day\\\/#primaryimage\",\"url\":\"https:\\\/\\\/media.poblenouurbandistrict.com\\\/2025\\\/04\\\/25090447\\\/el-solar.png\",\"contentUrl\":\"https:\\\/\\\/media.poblenouurbandistrict.com\\\/2025\\\/04\\\/25090447\\\/el-solar.png\",\"width\":2556,\"height\":1704},{\"@type\":\"BreadcrumbList\",\"@id\":\"https:\\\/\\\/poblenouurbandistrict.com\\\/ca\\\/el-solar-el-hub-creatiu-del-poblenou-open-day\\\/#breadcrumb\",\"itemListElement\":[{\"@type\":\"ListItem\",\"position\":1,\"name\":\"Home\",\"item\":\"https:\\\/\\\/poblenouurbandistrict.com\\\/ca\\\/\"},{\"@type\":\"ListItem\",\"position\":2,\"name\":\"EL SOLAR, el hub creatiu del Poblenou Open Day\"}]},{\"@type\":\"WebSite\",\"@id\":\"https:\\\/\\\/poblenouurbandistrict.com\\\/ca\\\/#website\",\"url\":\"https:\\\/\\\/poblenouurbandistrict.com\\\/ca\\\/\",\"name\":\"Poblenou Urban District\",\"description\":\"Comunitat Creativa\",\"potentialAction\":[{\"@type\":\"SearchAction\",\"target\":{\"@type\":\"EntryPoint\",\"urlTemplate\":\"https:\\\/\\\/poblenouurbandistrict.com\\\/ca\\\/?s={search_term_string}\"},\"query-input\":{\"@type\":\"PropertyValueSpecification\",\"valueRequired\":true,\"valueName\":\"search_term_string\"}}],\"inLanguage\":\"ca\"},{\"@type\":\"Person\",\"@id\":\"https:\\\/\\\/poblenouurbandistrict.com\\\/#\\\/schema\\\/person\\\/980a2cf34b399d5218205730acd54a7e\",\"name\":\"pnud\",\"image\":{\"@type\":\"ImageObject\",\"inLanguage\":\"ca\",\"@id\":\"https:\\\/\\\/secure.gravatar.com\\\/avatar\\\/67146597b405ee077a24e519f75c3e2031736596d6ce35af3a34c122c93d0d7b?s=96&d=retro&r=g\",\"url\":\"https:\\\/\\\/secure.gravatar.com\\\/avatar\\\/67146597b405ee077a24e519f75c3e2031736596d6ce35af3a34c122c93d0d7b?s=96&d=retro&r=g\",\"contentUrl\":\"https:\\\/\\\/secure.gravatar.com\\\/avatar\\\/67146597b405ee077a24e519f75c3e2031736596d6ce35af3a34c122c93d0d7b?s=96&d=retro&r=g\",\"caption\":\"pnud\"}}]}<\/script>\n<!-- \/ Yoast SEO plugin. -->","yoast_head_json":{"title":"EL SOLAR, el hub creatiu del Poblenou Open Day &#8211; Poblenou Urban District","robots":{"index":"index","follow":"follow","max-snippet":"max-snippet:-1","max-image-preview":"max-image-preview:large","max-video-preview":"max-video-preview:-1"},"canonical":"https:\/\/poblenouurbandistrict.com\/ca\/el-solar-el-hub-creatiu-del-poblenou-open-day\/","og_locale":"ca_ES","og_type":"article","og_title":"EL SOLAR, el hub creatiu del Poblenou Open Day &#8211; Poblenou Urban District","og_description":"Un dels punts clau de la programaci\u00f3 del Poblenou Open Day ser\u00e0 El Solar, un espai de m\u00e9s de 2.500... M\u00e9s \u2192","og_url":"https:\/\/poblenouurbandistrict.com\/ca\/el-solar-el-hub-creatiu-del-poblenou-open-day\/","og_site_name":"Poblenou Urban District","article_published_time":"2025-04-25T13:53:54+00:00","article_modified_time":"2025-05-09T12:06:50+00:00","og_image":[{"width":2556,"height":1704,"url":"https:\/\/poblenouurbandistrict.com\/wp-content\/uploads\/2025\/04\/el-solar.png","type":"image\/png"}],"author":"pnud","twitter_card":"summary_large_image","twitter_misc":{"Escrit per":"pnud","Temps estimat de lectura":"6 minuts"},"schema":{"@context":"https:\/\/schema.org","@graph":[{"@type":"Article","@id":"https:\/\/poblenouurbandistrict.com\/el-solar-el-hub-creatiu-del-poblenou-open-day\/#article","isPartOf":{"@id":"https:\/\/poblenouurbandistrict.com\/el-solar-el-hub-creatiu-del-poblenou-open-day\/"},"author":{"name":"pnud","@id":"https:\/\/poblenouurbandistrict.com\/#\/schema\/person\/980a2cf34b399d5218205730acd54a7e"},"headline":"EL SOLAR, el hub creatiu del Poblenou Open Day","datePublished":"2025-04-25T13:53:54+00:00","dateModified":"2025-05-09T12:06:50+00:00","mainEntityOfPage":{"@id":"https:\/\/poblenouurbandistrict.com\/el-solar-el-hub-creatiu-del-poblenou-open-day\/"},"wordCount":3144,"image":{"@id":"https:\/\/poblenouurbandistrict.com\/el-solar-el-hub-creatiu-del-poblenou-open-day\/#primaryimage"},"thumbnailUrl":"https:\/\/media.poblenouurbandistrict.com\/2025\/04\/25090447\/el-solar.png","articleSection":["Poblenou Open Day","Est\u00e0 passant"],"inLanguage":"ca"},{"@type":"WebPage","@id":"https:\/\/poblenouurbandistrict.com\/ca\/el-solar-el-hub-creatiu-del-poblenou-open-day\/","url":"https:\/\/poblenouurbandistrict.com\/ca\/el-solar-el-hub-creatiu-del-poblenou-open-day\/","name":"EL SOLAR, el hub creatiu del Poblenou Open Day &#8211; Poblenou Urban District","isPartOf":{"@id":"https:\/\/poblenouurbandistrict.com\/ca\/#website"},"primaryImageOfPage":{"@id":"https:\/\/poblenouurbandistrict.com\/ca\/el-solar-el-hub-creatiu-del-poblenou-open-day\/#primaryimage"},"image":{"@id":"https:\/\/poblenouurbandistrict.com\/el-solar-el-hub-creatiu-del-poblenou-open-day\/#primaryimage"},"thumbnailUrl":"https:\/\/media.poblenouurbandistrict.com\/2025\/04\/25090447\/el-solar.png","datePublished":"2025-04-25T13:53:54+00:00","dateModified":"2025-05-09T12:06:50+00:00","author":{"@id":"https:\/\/poblenouurbandistrict.com\/#\/schema\/person\/980a2cf34b399d5218205730acd54a7e"},"breadcrumb":{"@id":"https:\/\/poblenouurbandistrict.com\/ca\/el-solar-el-hub-creatiu-del-poblenou-open-day\/#breadcrumb"},"inLanguage":"ca","potentialAction":[{"@type":"ReadAction","target":[["https:\/\/poblenouurbandistrict.com\/ca\/el-solar-el-hub-creatiu-del-poblenou-open-day\/"]]}]},{"@type":"ImageObject","inLanguage":"ca","@id":"https:\/\/poblenouurbandistrict.com\/ca\/el-solar-el-hub-creatiu-del-poblenou-open-day\/#primaryimage","url":"https:\/\/media.poblenouurbandistrict.com\/2025\/04\/25090447\/el-solar.png","contentUrl":"https:\/\/media.poblenouurbandistrict.com\/2025\/04\/25090447\/el-solar.png","width":2556,"height":1704},{"@type":"BreadcrumbList","@id":"https:\/\/poblenouurbandistrict.com\/ca\/el-solar-el-hub-creatiu-del-poblenou-open-day\/#breadcrumb","itemListElement":[{"@type":"ListItem","position":1,"name":"Home","item":"https:\/\/poblenouurbandistrict.com\/ca\/"},{"@type":"ListItem","position":2,"name":"EL SOLAR, el hub creatiu del Poblenou Open Day"}]},{"@type":"WebSite","@id":"https:\/\/poblenouurbandistrict.com\/ca\/#website","url":"https:\/\/poblenouurbandistrict.com\/ca\/","name":"Poblenou Urban District","description":"Comunitat Creativa","potentialAction":[{"@type":"SearchAction","target":{"@type":"EntryPoint","urlTemplate":"https:\/\/poblenouurbandistrict.com\/ca\/?s={search_term_string}"},"query-input":{"@type":"PropertyValueSpecification","valueRequired":true,"valueName":"search_term_string"}}],"inLanguage":"ca"},{"@type":"Person","@id":"https:\/\/poblenouurbandistrict.com\/#\/schema\/person\/980a2cf34b399d5218205730acd54a7e","name":"pnud","image":{"@type":"ImageObject","inLanguage":"ca","@id":"https:\/\/secure.gravatar.com\/avatar\/67146597b405ee077a24e519f75c3e2031736596d6ce35af3a34c122c93d0d7b?s=96&d=retro&r=g","url":"https:\/\/secure.gravatar.com\/avatar\/67146597b405ee077a24e519f75c3e2031736596d6ce35af3a34c122c93d0d7b?s=96&d=retro&r=g","contentUrl":"https:\/\/secure.gravatar.com\/avatar\/67146597b405ee077a24e519f75c3e2031736596d6ce35af3a34c122c93d0d7b?s=96&d=retro&r=g","caption":"pnud"}}]}},"_links":{"self":[{"href":"https:\/\/poblenouurbandistrict.com\/ca\/wp-json\/wp\/v2\/posts\/50958","targetHints":{"allow":["GET"]}}],"collection":[{"href":"https:\/\/poblenouurbandistrict.com\/ca\/wp-json\/wp\/v2\/posts"}],"about":[{"href":"https:\/\/poblenouurbandistrict.com\/ca\/wp-json\/wp\/v2\/types\/post"}],"author":[{"embeddable":true,"href":"https:\/\/poblenouurbandistrict.com\/ca\/wp-json\/wp\/v2\/users\/5"}],"replies":[{"embeddable":true,"href":"https:\/\/poblenouurbandistrict.com\/ca\/wp-json\/wp\/v2\/comments?post=50958"}],"version-history":[{"count":26,"href":"https:\/\/poblenouurbandistrict.com\/ca\/wp-json\/wp\/v2\/posts\/50958\/revisions"}],"predecessor-version":[{"id":51240,"href":"https:\/\/poblenouurbandistrict.com\/ca\/wp-json\/wp\/v2\/posts\/50958\/revisions\/51240"}],"wp:featuredmedia":[{"embeddable":true,"href":"https:\/\/poblenouurbandistrict.com\/ca\/wp-json\/wp\/v2\/media\/51234"}],"wp:attachment":[{"href":"https:\/\/poblenouurbandistrict.com\/ca\/wp-json\/wp\/v2\/media?parent=50958"}],"wp:term":[{"taxonomy":"category","embeddable":true,"href":"https:\/\/poblenouurbandistrict.com\/ca\/wp-json\/wp\/v2\/categories?post=50958"},{"taxonomy":"post_tag","embeddable":true,"href":"https:\/\/poblenouurbandistrict.com\/ca\/wp-json\/wp\/v2\/tags?post=50958"}],"curies":[{"name":"wp","href":"https:\/\/api.w.org\/{rel}","templated":true}]}}