{"id":51176,"date":"2025-05-08T13:15:33","date_gmt":"2025-05-08T11:15:33","guid":{"rendered":"https:\/\/poblenouurbandistrict.com\/?p=51176"},"modified":"2025-05-13T14:05:08","modified_gmt":"2025-05-13T12:05:08","slug":"no-et-perdis-la-programacio-del-windows-art-circuit-el-poblenou-open-day-somple-dart","status":"publish","type":"post","link":"https:\/\/poblenouurbandistrict.com\/ca\/no-et-perdis-la-programacio-del-windows-art-circuit-el-poblenou-open-day-somple-dart\/","title":{"rendered":"No et perdis la programaci\u00f3 del Windows Art Circuit: el Poblenou Open Day s&#8217;omple d&#8217;art"},"content":{"rendered":"<p><\/p>\n<p data-pm-slice=\"1 1 []\">El dissabte <strong>10 de maig<\/strong>, Poblenou Urban District celebra la tretzena edici\u00f3 del<strong> Poblenou Open Day<\/strong> obrint les portes de m\u00e9s de 50 espais de la Comunitat Creativa.<\/p>\n<p data-pm-slice=\"1 1 []\">Durant l&#8217;Open Day teniu una cita amb l&#8217;art. Aquest any celebrem el <strong>des\u00e8 aniversari del Windows Art Circuit (WAC)<\/strong>, el circuit ineludible per als amants de l\u2019art, on es podr\u00e0 veure en directe la feina de m\u00e9s d\u2019una vintena d\u2019artistes pr\u00e8viament seleccionats per un jurat format per artistes i professionals de la cultura.<\/p>\n<hr \/>\n<h3 data-pm-slice=\"1 1 []\">EL SOLAR<\/h3>\n<p><a href=\"https:\/\/www.instagram.com\/derocart\/?locale=es_ES%2F&amp;hl=en\"><strong>D\u00e8lia Rodr\u00edguez<\/strong><\/a><\/p>\n<p>Artista emergent amb dues l\u00ednies de treball principals. Una explora la innoc\u00e8ncia, la intimitat i el refugi a trav\u00e9s d&#8217;elements l\u00fadics i absurds, moltes vegades relacionats amb experi\u00e8ncies personals. L&#8217;altra se centra en els arxius i la mem\u00f2ria, utilitzant els rastres del passat per reflexionar sobre la seva pres\u00e8ncia continuada, un intent de sostenir all\u00f2 que est\u00e0 en risc de desapar\u00e8ixer.<\/p>\n<p><a href=\"https:\/\/www.instagram.com\/antonseoane\/?hl=en\"><strong>Ant\u00f3n Seoane<\/strong><\/a><\/p>\n<p>Artista la primera faceta creativa del qual va ser el graffiti. Juntament amb una xarxa de col\u00b7laboradors desenvolupa projectes en els \u00e0mbits industrial, gr\u00e0fic i art\u00edstic. Ha experimentat amb m\u00faltiples disciplines creatives com la fotografia i el tatuatge, per\u00f2 finalment es centra en l\u2019\u00e0mbit decoratiu treballant principalment amb aerosols. La seva obra retrata la imagin\u00e0ria del cinema i els c\u00f2mics, altres de les seves passions.<\/p>\n<p><a href=\"https:\/\/www.instagram.com\/juanibengali.art\/\"><strong data-start=\"2575\" data-end=\"2592\">Juani Bengali<\/strong><\/a><\/p>\n<p>Juani Bengali \u00e9s el projecte creatiu d&#8217;Ana Garc\u00eda L\u00f3pez, il\u00b7lustradora, dissenyadora i arquitecta actualment resident a Barcelona. Estima els colors vibrants, jugar amb les formes, crear personatges i, a trav\u00e9s de l&#8217;art, treure somriures.<\/p>\n<h4 data-start=\"1945\" data-end=\"1963\"><a href=\"https:\/\/www.instagram.com\/plain.jein\/\"><strong data-start=\"1949\" data-end=\"1963\">Plain jein<\/strong><\/a><\/h4>\n<p>Plain jein \u00e9s una muralista, il\u00b7lustradora i dissenyadora gr\u00e0fica nascuda i criada a Barcelona. Durant els \u00faltims nou anys ha estat escriptora de graffiti, per\u00f2 els \u00faltims tres s&#8217;ha centrat m\u00e9s en l&#8217;art mural, plasmant les seves il\u00b7lustracions i idees estranyes als murs. Li agrada donar veu a temes socials amb un toc d&#8217;humor, buscant incomodar i\/o reconfortar l&#8217;espectador.<\/p>\n<p><a href=\"https:\/\/www.instagram.com\/palomarodriguez.cl\/\"><strong data-start=\"2838\" data-end=\"2848\">Paloma<\/strong><\/a><\/p>\n<p>Artista xilena l&#8217;obra de la qual se centra en all\u00f2 que es pot crear a partir de recopilacions d&#8217;imatges. Aquests &#8220;collages pict\u00f2rics&#8221; reflecteixen i interpreten, mitjan\u00e7ant el llenguatge visual, la idiosincr\u00e0sia de la nostra societat, congregant i intercomunicant la bellesa dels relats i l&#8217;impacte de les imatges de la cultura m\u00e9s pl\u00e0stica.<\/p>\n<p><a href=\"https:\/\/www.instagram.com\/kst.ec\/\"><strong data-start=\"1565\" data-end=\"1572\">Kst<\/strong><\/a><\/p>\n<p>Andr\u00e9s de la Bastida (Kst) \u00e9s un artista visual equatori\u00e0 nascut a Gal\u00e0pagos. Arquitecte de formaci\u00f3, s&#8217;ha desenvolupat com a il\u00b7lustrador i muralista, explorant la intersecci\u00f3 entre el tradicional i el contemporani.<\/p>\n<p data-pm-slice=\"1 1 []\"><a href=\"https:\/\/www.instagram.com\/konair\"><strong data-start=\"614\" data-end=\"624\">KONAIR<\/strong><\/a><\/p>\n<p data-pm-slice=\"1 1 []\">Konair \u00e9s un destacat artista urb\u00e0 de Barcelona, reconegut per la seva ic\u00f2nica representaci\u00f3 de polos mossegats en les seves obres. El seu estil fusiona elements del pop-art, surrealisme i graffiti, creant imatges vibrants i plenes de color que adornen els carrers de Barcelona. La seva obra ha contribu\u00eft significativament al paisatge urb\u00e0 de la ciutat, convertint-se en una refer\u00e8ncia clau de l&#8217;art urb\u00e0 contemporani.<\/p>\n<p><a href=\"https:\/\/www.instagram.com\/rockaxson\/\"><strong data-start=\"3206\" data-end=\"3219\">Rockaxson<\/strong><\/a><\/p>\n<p>Apassionat per la creativitat visual, enfoca la seva feina en la Street Photography, el Paste-Up i l&#8217;art urb\u00e0. A trav\u00e9s del seu objectiu i intervencions busca capturar l&#8217;ess\u00e8ncia de la ciutat i transformar espais amb una mirada \u00fanica.<\/p>\n<hr \/>\n<p>I per celebrar els 10 anys del Windows Art Circuit, participar\u00e0n tamb\u00e9 una s\u00e8rie d&#8217;artistes convidats:<\/p>\n<p data-start=\"26\" data-end=\"308\"><a href=\"https:\/\/www.instagram.com\/aleixfont.studio\/?hl=es\"><strong data-start=\"26\" data-end=\"40\"><span class=\"_fadeIn_pfttw_8\">Aleix <\/span><span class=\"_fadeIn_pfttw_8\">Font<\/span><\/strong><\/a><br data-start=\"40\" data-end=\"43\" \/><span class=\"_fadeIn_pfttw_8\">A <\/span><span class=\"_fadeIn_pfttw_8\">trav\u00e9s <\/span><span class=\"_fadeIn_pfttw_8\">de <\/span><span class=\"_fadeIn_pfttw_8\">composicions <\/span><span class=\"_fadeIn_pfttw_8\">que <\/span><span class=\"_fadeIn_pfttw_8\">oscil\u00b7len <\/span><span class=\"_fadeIn_pfttw_8\">entre <\/span><span class=\"_fadeIn_pfttw_8\">el <\/span><span class=\"_fadeIn_pfttw_8\">minimalisme <\/span><span class=\"_fadeIn_pfttw_8\">i <\/span><span class=\"_fadeIn_pfttw_8\">la <\/span><span class=\"_fadeIn_pfttw_8\">complexitat, <\/span><span class=\"_fadeIn_pfttw_8\">aquest <\/span><span class=\"_fadeIn_pfttw_8\">artista <\/span><span class=\"_fadeIn_pfttw_8\">catal\u00e0 <\/span><span class=\"_fadeIn_pfttw_8\">investiga <\/span><span class=\"_fadeIn_pfttw_8\">la <\/span><span class=\"_fadeIn_pfttw_8\">tensi\u00f3 <\/span><span class=\"_fadeIn_pfttw_8\">entre <\/span><span class=\"_fadeIn_pfttw_8\">el <\/span><span class=\"_fadeIn_pfttw_8\">caos <\/span><span class=\"_fadeIn_pfttw_8\">i <\/span><span class=\"_fadeIn_pfttw_8\">l&#8217;estructura, <\/span><span class=\"_fadeIn_pfttw_8\">entre <\/span><span class=\"_fadeIn_pfttw_8\">l&#8217;individual <\/span><span class=\"_fadeIn_pfttw_8\">i <\/span><span class=\"_fadeIn_pfttw_8\">el <\/span><span class=\"_fadeIn_pfttw_8\">col\u00b7lectiu, <\/span><span class=\"_fadeIn_pfttw_8\">convidant <\/span><span class=\"_fadeIn_pfttw_8\">l&#8217;espectador <\/span><span class=\"_fadeIn_pfttw_8\">a <\/span><span class=\"_fadeIn_pfttw_8\">q\u00fcestionar <\/span><span class=\"_fadeIn_pfttw_8\">com <\/span><span class=\"_fadeIn_pfttw_8\">habitem <\/span><span class=\"_fadeIn_pfttw_8\">l&#8217;espai <\/span><span class=\"_fadeIn_pfttw_8\">i <\/span><span class=\"_fadeIn_pfttw_8\">constru\u00efm <\/span><span class=\"_fadeIn_pfttw_8\">significat.<\/span><\/p>\n<p data-start=\"310\" data-end=\"604\"><a href=\"https:\/\/www.instagram.com\/asispercales\/?hl=es\"><strong data-start=\"3023\" data-end=\"3040\"><span class=\"_fadeIn_pfttw_8\">Asis <\/span><span class=\"_fadeIn_pfttw_8\">Percales<\/span><\/strong><\/a><br data-start=\"327\" data-end=\"330\" \/><span class=\"_fadeIn_pfttw_8\">Il\u00b7lustrador <\/span><span class=\"_fadeIn_pfttw_8\">i <\/span><span class=\"_fadeIn_pfttw_8\">dibuixant <\/span><span class=\"_fadeIn_pfttw_8\">nascut <\/span><span class=\"_fadeIn_pfttw_8\">a <\/span><span class=\"_fadeIn_pfttw_8\">Granada. <\/span><span class=\"_fadeIn_pfttw_8\">El <\/span><span class=\"_fadeIn_pfttw_8\">seu <\/span><span class=\"_fadeIn_pfttw_8\">estil <\/span><span class=\"_fadeIn_pfttw_8\">propi <\/span><span class=\"_fadeIn_pfttw_8\">\u00e9s <\/span><span class=\"_fadeIn_pfttw_8\">una <\/span><span class=\"_fadeIn_pfttw_8\">combinaci\u00f3 <\/span><span class=\"_fadeIn_pfttw_8\">de <\/span><span class=\"_fadeIn_pfttw_8\">les <\/span><span class=\"_fadeIn_pfttw_8\">seves <\/span><span class=\"_fadeIn_pfttw_8\">dues <\/span><span class=\"_fadeIn_pfttw_8\">passions: <\/span><span class=\"_fadeIn_pfttw_8\">el <\/span><span class=\"_fadeIn_pfttw_8\">dibuix <\/span><span class=\"_fadeIn_pfttw_8\">i <\/span><span class=\"_fadeIn_pfttw_8\">la <\/span><span class=\"_fadeIn_pfttw_8\">natura. <\/span><span class=\"_fadeIn_pfttw_8\">Personatges, <\/span><span class=\"_fadeIn_pfttw_8\">criatures <\/span><span class=\"_fadeIn_pfttw_8\">i <\/span><span class=\"_fadeIn_pfttw_8\">elements <\/span><span class=\"_fadeIn_pfttw_8\">entre <\/span><span class=\"_fadeIn_pfttw_8\">el <\/span><span class=\"_fadeIn_pfttw_8\">grotesc <\/span><span class=\"_fadeIn_pfttw_8\">i <\/span><span class=\"_fadeIn_pfttw_8\">el <\/span><span class=\"_fadeIn_pfttw_8\">bell <\/span><span class=\"_fadeIn_pfttw_8\">s\u2019entrellacen <\/span><span class=\"_fadeIn_pfttw_8\">a <\/span><span class=\"_fadeIn_pfttw_8\">les <\/span><span class=\"_fadeIn_pfttw_8\">seves <\/span><span class=\"_fadeIn_pfttw_8\">obres, <\/span><span class=\"_fadeIn_pfttw_8\">generant <\/span><span class=\"_fadeIn_pfttw_8\">impacte <\/span><span class=\"_fadeIn_pfttw_8\">visual <\/span><span class=\"_fadeIn_pfttw_8\">i <\/span><span class=\"_fadeIn_pfttw_8\">transmetent <\/span><span class=\"_fadeIn_pfttw_8\">sensacions.<\/span><\/p>\n<p data-start=\"606\" data-end=\"956\"><a href=\"https:\/\/www.instagram.com\/geco.gec0\/\"><strong data-start=\"606\" data-end=\"614\"><span class=\"_fadeIn_pfttw_8\">Geco<\/span><\/strong><\/a><br data-start=\"614\" data-end=\"617\" \/><span class=\"_fadeIn_pfttw_8\">Artista <\/span><span class=\"_fadeIn_pfttw_8\">multidisciplinari <\/span><span class=\"_fadeIn_pfttw_8\">nascut <\/span><span class=\"_fadeIn_pfttw_8\">a <\/span><span class=\"_fadeIn_pfttw_8\">Barcelona, <\/span><span class=\"_fadeIn_pfttw_8\">especialitzat <\/span><span class=\"_fadeIn_pfttw_8\">en <\/span><span class=\"_fadeIn_pfttw_8\">el <\/span><span class=\"_fadeIn_pfttw_8\">disseny <\/span><span class=\"_fadeIn_pfttw_8\">de <\/span><span class=\"_fadeIn_pfttw_8\">personatges, <\/span><span class=\"_fadeIn_pfttw_8\">l\u2019animaci\u00f3 <\/span><span class=\"_fadeIn_pfttw_8\">i <\/span><span class=\"_fadeIn_pfttw_8\">la <\/span><span class=\"_fadeIn_pfttw_8\">il\u00b7lustraci\u00f3. <\/span><span class=\"_fadeIn_pfttw_8\">Les <\/span><span class=\"_fadeIn_pfttw_8\">seves <\/span><span class=\"_fadeIn_pfttw_8\">il\u00b7lustracions <\/span><span class=\"_fadeIn_pfttw_8\">i <\/span><span class=\"_fadeIn_pfttw_8\">murals <\/span><span class=\"_fadeIn_pfttw_8\">s\u00f3n <\/span><span class=\"_fadeIn_pfttw_8\">un <\/span><span class=\"_fadeIn_pfttw_8\">reflex <\/span><span class=\"_fadeIn_pfttw_8\">colorit <\/span><span class=\"_fadeIn_pfttw_8\">directe <\/span><span class=\"_fadeIn_pfttw_8\">de <\/span><span class=\"_fadeIn_pfttw_8\">la <\/span><span class=\"_fadeIn_pfttw_8\">seva <\/span><span class=\"_fadeIn_pfttw_8\">passi\u00f3 <\/span><span class=\"_fadeIn_pfttw_8\">i <\/span><span class=\"_fadeIn_pfttw_8\">frustraci\u00f3 <\/span><span class=\"_fadeIn_pfttw_8\">amb <\/span><span class=\"_fadeIn_pfttw_8\">el <\/span><span class=\"_fadeIn_pfttw_8\">m\u00f3n <\/span><span class=\"_fadeIn_pfttw_8\">contemporani. <\/span><span class=\"_fadeIn_pfttw_8\">La <\/span><span class=\"_fadeIn_pfttw_8\">seva <\/span><span class=\"_fadeIn_pfttw_8\">obra <\/span><span class=\"_fadeIn_pfttw_8\">amaga <\/span><span class=\"_fadeIn_pfttw_8\">un <\/span><span class=\"_fadeIn_pfttw_8\">missatge <\/span><span class=\"_fadeIn_pfttw_8\">reflexiu <\/span><span class=\"_fadeIn_pfttw_8\">i <\/span><span class=\"_fadeIn_pfttw_8\">no <\/span><span class=\"_fadeIn_pfttw_8\">exempt <\/span><span class=\"_fadeIn_pfttw_8\">de <\/span><span class=\"_fadeIn_pfttw_8\">cr\u00edtica <\/span><span class=\"_fadeIn_pfttw_8\">social, <\/span><span class=\"_fadeIn_pfttw_8\">apte <\/span><span class=\"_fadeIn_pfttw_8\">per <\/span><span class=\"_fadeIn_pfttw_8\">a <\/span><span class=\"_fadeIn_pfttw_8\">tots <\/span><span class=\"_fadeIn_pfttw_8\">els <\/span><span class=\"_fadeIn_pfttw_8\">p\u00fablics.<\/span><\/p>\n<p data-start=\"1279\" data-end=\"1577\"><a href=\"https:\/\/www.instagram.com\/eldiosdelostres\/\"><strong data-start=\"1279\" data-end=\"1302\"><span class=\"_fadeIn_pfttw_8\">El <\/span><span class=\"_fadeIn_pfttw_8\">Dios <\/span><span class=\"_fadeIn_pfttw_8\">de <\/span><span class=\"_fadeIn_pfttw_8\">los <\/span><span class=\"_fadeIn_pfttw_8\">Tres<\/span><\/strong><\/a><br data-start=\"1302\" data-end=\"1305\" \/><span class=\"_fadeIn_pfttw_8\">Javier <\/span><span class=\"_fadeIn_pfttw_8\">Navarro <\/span><span class=\"_fadeIn_pfttw_8\">Romero <\/span><span class=\"_fadeIn_pfttw_8\">\u00e9s <\/span><span class=\"_fadeIn_pfttw_8\">un <\/span><span class=\"_fadeIn_pfttw_8\">artista <\/span><span class=\"_fadeIn_pfttw_8\">multidisciplinari <\/span><span class=\"_fadeIn_pfttw_8\">nascut <\/span><span class=\"_fadeIn_pfttw_8\">entre <\/span><span class=\"_fadeIn_pfttw_8\">Barcelona <\/span><span class=\"_fadeIn_pfttw_8\">i <\/span><span class=\"_fadeIn_pfttw_8\">Madrid. <\/span><span class=\"_fadeIn_pfttw_8\">Li <\/span><span class=\"_fadeIn_pfttw_8\">agrada <\/span><span class=\"_fadeIn_pfttw_8\">crear <\/span><span class=\"_fadeIn_pfttw_8\">imatges, <\/span><span class=\"_fadeIn_pfttw_8\">s\u00edmbols, <\/span><span class=\"_fadeIn_pfttw_8\">est\u00e8tiques <\/span><span class=\"_fadeIn_pfttw_8\">i <\/span><span class=\"_fadeIn_pfttw_8\">hist\u00f2ries <\/span><span class=\"_fadeIn_pfttw_8\">des <\/span><span class=\"_fadeIn_pfttw_8\">del <\/span><span class=\"_fadeIn_pfttw_8\">seu <\/span><span class=\"_fadeIn_pfttw_8\">particular <\/span><span class=\"_fadeIn_pfttw_8\">m\u00f3n <\/span><span class=\"_fadeIn_pfttw_8\">acolorit, <\/span><span class=\"_fadeIn_pfttw_8\">vibrant, <\/span><span class=\"_fadeIn_pfttw_8\">de <\/span><span class=\"_fadeIn_pfttw_8\">tall <\/span><span class=\"_fadeIn_pfttw_8\">surrealista <\/span><span class=\"_fadeIn_pfttw_8\">i <\/span><span class=\"_fadeIn_pfttw_8\">barroc, <\/span><span class=\"_fadeIn_pfttw_8\">ple <\/span><span class=\"_fadeIn_pfttw_8\">de <\/span><span class=\"_fadeIn_pfttw_8\">refer\u00e8ncies <\/span><span class=\"_fadeIn_pfttw_8\">multiculturals <\/span><span class=\"_fadeIn_pfttw_8\">i <\/span><span class=\"_fadeIn_pfttw_8\">iconografia <\/span><span class=\"_fadeIn_pfttw_8\">pop.<\/span><\/p>\n<p data-start=\"1579\" data-end=\"1845\"><a href=\"https:\/\/www.instagram.com\/noquedatinte\/?hl=es\"><strong data-start=\"1579\" data-end=\"1597\"><span class=\"_fadeIn_pfttw_8\">No <\/span><span class=\"_fadeIn_pfttw_8\">queda <\/span><span class=\"_fadeIn_pfttw_8\">tinte<\/span><\/strong><\/a><br data-start=\"1597\" data-end=\"1600\" \/><span class=\"_fadeIn_pfttw_8\">Marina <\/span><span class=\"_fadeIn_pfttw_8\">Salazar <\/span><span class=\"_fadeIn_pfttw_8\">\u00e9s <\/span><span class=\"_fadeIn_pfttw_8\">artista, <\/span><span class=\"_fadeIn_pfttw_8\">dissenyadora, <\/span><span class=\"_fadeIn_pfttw_8\">doctoranda <\/span><span class=\"_fadeIn_pfttw_8\">i <\/span><span class=\"_fadeIn_pfttw_8\">fundadora <\/span><span class=\"_fadeIn_pfttw_8\">de <\/span><span class=\"_fadeIn_pfttw_8\">No <\/span><span class=\"_fadeIn_pfttw_8\">Queda <\/span><span class=\"_fadeIn_pfttw_8\">Tinte. <\/span><span class=\"_fadeIn_pfttw_8\">Resideix <\/span><span class=\"_fadeIn_pfttw_8\">a <\/span><span class=\"_fadeIn_pfttw_8\">Barcelona. <\/span><span class=\"_fadeIn_pfttw_8\">Enamorada <\/span><span class=\"_fadeIn_pfttw_8\">de <\/span><span class=\"_fadeIn_pfttw_8\">l\u2019est\u00e8tica <\/span><span class=\"_fadeIn_pfttw_8\">kitsch <\/span><span class=\"_fadeIn_pfttw_8\">i <\/span><span class=\"_fadeIn_pfttw_8\">de <\/span><span class=\"_fadeIn_pfttw_8\">les <\/span><span class=\"_fadeIn_pfttw_8\">figuretes <\/span><span class=\"_fadeIn_pfttw_8\">de <\/span><span class=\"_fadeIn_pfttw_8\">segona <\/span><span class=\"_fadeIn_pfttw_8\">m\u00e0, <\/span><span class=\"_fadeIn_pfttw_8\">la <\/span><span class=\"_fadeIn_pfttw_8\">seva <\/span><span class=\"_fadeIn_pfttw_8\">obra <\/span><span class=\"_fadeIn_pfttw_8\">\u00e9s <\/span><span class=\"_fadeIn_pfttw_8\">provocadora <\/span><span class=\"_fadeIn_pfttw_8\">i, <\/span><span class=\"_fadeIn_pfttw_8\">en <\/span><span class=\"_fadeIn_pfttw_8\">paraules <\/span><span class=\"_fadeIn_pfttw_8\">seves, <\/span><span class=\"_fadeIn_pfttw_8\">minimal\u00edsticament-<\/span><span class=\"_fadeIn_pfttw_8\">barroca.<\/span><\/p>\n<p data-start=\"1847\" data-end=\"2303\"><a href=\"https:\/\/www.instagram.com\/riccardonannini_art\/\"><strong data-start=\"1847\" data-end=\"1866\"><span class=\"_fadeIn_pfttw_8\">Ricardo <\/span><span class=\"_fadeIn_pfttw_8\">Nannini<\/span><\/strong><\/a><br data-start=\"1866\" data-end=\"1869\" \/><span class=\"_fadeIn_pfttw_8\">La <\/span><span class=\"_fadeIn_pfttw_8\">seva <\/span><span class=\"_fadeIn_pfttw_8\">carrera <\/span><span class=\"_fadeIn_pfttw_8\">art\u00edstica <\/span><span class=\"_fadeIn_pfttw_8\">va <\/span><span class=\"_fadeIn_pfttw_8\">comen\u00e7ar <\/span><span class=\"_fadeIn_pfttw_8\">l\u2019any <\/span><span class=\"_fadeIn_pfttw_8\">2009 <\/span><span class=\"_fadeIn_pfttw_8\">quan <\/span><span class=\"_fadeIn_pfttw_8\">decideix <\/span><span class=\"_fadeIn_pfttw_8\">traslladar-<\/span><span class=\"_fadeIn_pfttw_8\">se <\/span><span class=\"_fadeIn_pfttw_8\">d\u2019Italia <\/span><span class=\"_fadeIn_pfttw_8\">a <\/span><span class=\"_fadeIn_pfttw_8\">Barcelona, <\/span><span class=\"_fadeIn_pfttw_8\">on <\/span><span class=\"_fadeIn_pfttw_8\">abandona <\/span><span class=\"_fadeIn_pfttw_8\">la <\/span><span class=\"_fadeIn_pfttw_8\">seva <\/span><span class=\"_fadeIn_pfttw_8\">carrera <\/span><span class=\"_fadeIn_pfttw_8\">com <\/span><span class=\"_fadeIn_pfttw_8\">a <\/span><span class=\"_fadeIn_pfttw_8\">dissenyador <\/span><span class=\"_fadeIn_pfttw_8\">i <\/span><span class=\"_fadeIn_pfttw_8\">s\u2019introdueix <\/span><span class=\"_fadeIn_pfttw_8\">en <\/span><span class=\"_fadeIn_pfttw_8\">la <\/span><span class=\"_fadeIn_pfttw_8\">vida <\/span><span class=\"_fadeIn_pfttw_8\">art\u00edstica <\/span><span class=\"_fadeIn_pfttw_8\">de <\/span><span class=\"_fadeIn_pfttw_8\">la <\/span><span class=\"_fadeIn_pfttw_8\">ciutat. <\/span><span class=\"_fadeIn_pfttw_8\">La <\/span><span class=\"_fadeIn_pfttw_8\">narraci\u00f3 <\/span><span class=\"_fadeIn_pfttw_8\">a <\/span><span class=\"_fadeIn_pfttw_8\">les <\/span><span class=\"_fadeIn_pfttw_8\">seves <\/span><span class=\"_fadeIn_pfttw_8\">obres <\/span><span class=\"_fadeIn_pfttw_8\">s\u2019articula <\/span><span class=\"_fadeIn_pfttw_8\">al <\/span><span class=\"_fadeIn_pfttw_8\">voltant <\/span><span class=\"_fadeIn_pfttw_8\">de <\/span><span class=\"_fadeIn_pfttw_8\">la <\/span><span class=\"_fadeIn_pfttw_8\">reflexi\u00f3 <\/span><span class=\"_fadeIn_pfttw_8\">sobre <\/span><span class=\"_fadeIn_pfttw_8\">els <\/span><span class=\"_fadeIn_pfttw_8\">constructes <\/span><span class=\"_fadeIn_pfttw_8\">de <\/span><span class=\"_fadeIn_pfttw_8\">la <\/span><span class=\"_fadeIn_pfttw_8\">imatge, <\/span><span class=\"_fadeIn_pfttw_8\">la <\/span><span class=\"_fadeIn_pfttw_8\">convenci\u00f3 <\/span><span class=\"_fadeIn_pfttw_8\">i <\/span><span class=\"_fadeIn_pfttw_8\">les <\/span><span class=\"_fadeIn_pfttw_8\">seves <\/span><span class=\"_fadeIn_pfttw_8\">conductes <\/span><span class=\"_fadeIn_pfttw_8\">associades, <\/span><span class=\"_fadeIn_pfttw_8\">a <\/span><span class=\"_fadeIn_pfttw_8\">partir <\/span><span class=\"_fadeIn_pfttw_8\">d\u2019elements <\/span><span class=\"_fadeIn_pfttw_8\">de <\/span><span class=\"_fadeIn_pfttw_8\">la <\/span><span class=\"_fadeIn_pfttw_8\">tradici\u00f3 <\/span><span class=\"_fadeIn_pfttw_8\">pict\u00f2rica, <\/span><span class=\"_fadeIn_pfttw_8\">l\u2019imaginari <\/span><span class=\"_fadeIn_pfttw_8\">popular <\/span><span class=\"_fadeIn_pfttw_8\">o <\/span><span class=\"_fadeIn_pfttw_8\">la <\/span><span class=\"_fadeIn_pfttw_8\">cultura <\/span><span class=\"_fadeIn_pfttw_8\">de <\/span><span class=\"_fadeIn_pfttw_8\">masses.<\/span><\/p>\n<hr \/>\n<h3>Espais WAC<\/h3>\n<p><a href=\"https:\/\/www.instagram.com\/valewilsong\/\"><strong data-start=\"3479\" data-end=\"3494\">Vale Wilson<\/strong><\/a> &#8211; <a href=\"https:\/\/all.accor.com\/hotel\/9663\/index.es.shtml?utm_campaign=seo+maps&amp;utm_medium=seo+maps&amp;utm_source=google+Maps\">Ibis Styles City Bogatell<\/a><\/p>\n<p>Il\u00b7lustradora que reflecteix en les seves obres la natura, la m\u00fasica i les dones que admira. Li agrada fusionar elements oposats i jugar amb contrastos i met\u00e0fores per crear imatges carregades de for\u00e7a i emoci\u00f3.<\/p>\n<p><a href=\"https:\/\/www.instagram.com\/creto.ums\/\"><strong>Creto<\/strong> &#8211; Hilton Diagonal Mar Barcelona<\/a><\/p>\n<p>Artista urb\u00e0 de Col\u00f2mbia. Les seves obres al carrer, realitzades majorit\u00e0riament amb esprai i pintura acr\u00edlica, combinen elements figuratius i de la natura amb formes abstractes i geom\u00e8triques. Es caracteritzen pel seu colorit, la geometria i el detall, que es mesclen amb la simplicitat de les formes.<\/p>\n<p><a href=\"https:\/\/www.instagram.com\/fasticbombastic\/\"><strong data-start=\"5525\" data-end=\"5545\">F\u00e0stic Bomb\u00e0stic<\/strong><\/a> &#8211; <a href=\"https:\/\/thehoxton.com\/poblenou\/\">The Hoxton Poblenou<\/a><\/p>\n<p>Col\u00b7lectiu format per m\u00e9s de deu creadorxs de c\u00f2mic i il\u00b7lustradorxs. La seva composici\u00f3 canvia, per\u00f2 l&#8217;ess\u00e8ncia es mant\u00e9: un grup de ments inquietes, de diferents edats, nacionalitats, g\u00e8neres i visions del m\u00f3n. Cadascunx ha dissenyat un monstruitx que encarna la seva manera \u00fanica d&#8217;afrontar la realitat, formant un ecosistema creatiu, com passa al Poblenou.<\/p>\n<p><a href=\"https:\/\/www.instagram.com\/nikotampio\/?hl=es\"><strong data-start=\"6152\" data-end=\"6167\">Niko Tampio<\/strong><\/a> &#8211; <a href=\"https:\/\/www.instagram.com\/sin.amor.no\/\">Sin Amor No<\/a><\/p>\n<p>Fot\u00f2graf que navega entre l&#8217;art i la fotografia comercial sense establir distincions. Amb un ull atent al detall i al color, complementat per una forta visi\u00f3 personal, crea imatges captivadores i honestes en els g\u00e8neres de la moda, natura morta, arquitectura i observaci\u00f3 quotidiana.<\/p>\n<p><a href=\"https:\/\/www.instagram.com\/holamoonie\/\"><strong data-start=\"2342\" data-end=\"2352\">Moonie<\/strong><\/a> &#8211; <a href=\"https:\/\/wearecacho.com\/\">Cacho<\/a><\/p>\n<p>Moonie \u00e9s una il\u00b7lustradora i dissenyadora gr\u00e0fica xilena. El seu gust pels dibuixos animats, l&#8217;art urb\u00e0 i els c\u00f2mics l&#8217;ha portat a desenvolupar un estil caracter\u00edstic, que ha evolucionat des de 2014.<\/p>\n<p><a href=\"https:\/\/www.instagram.com\/peach_face_\/\"><strong data-start=\"6233\" data-end=\"6247\">Peach Face<\/strong><\/a> &#8211; <a href=\"https:\/\/laplataformabcn.com\/\">La Plataforma<\/a><\/p>\n<p>Artista anglesa resident a Barcelona. S&#8217;inspira en l&#8217;art folkl\u00f2ric mexic\u00e0 i l&#8217;art kawaii japon\u00e8s per crear una barreja estranya d&#8217;escultures i gerros de monstres divertits.<\/p>\n<p><strong data-start=\"6438\" data-end=\"6453\"><a href=\"https:\/\/www.instagram.com\/vic.c.art\/\">V\u00edctor Cano<\/a> &#8211; <\/strong><a href=\"https:\/\/laplataformabcn.com\/\">La Plataforma<\/a><\/p>\n<p>Artista barcelon\u00ed de car\u00e0cter multidisciplinari. Format com a productor audiovisual i graduat en Belles Arts per la Universitat de Barcelona i la Universitat d&#8217;Hamburg. Ha viscut a Anglaterra i Alemanya. Actualment resideix a Barcelona i forma part del col\u00b7lectiu Astillero. La seva gran passi\u00f3 \u00e9s l&#8217;experimentaci\u00f3 com a forma de descobriment i autodescobriment.<\/p>\n<p><a href=\"https:\/\/www.instagram.com\/daanajey\/\"><strong data-start=\"4363\" data-end=\"4393\">Dana Jey<\/strong><\/a> &#8211; <a href=\"https:\/\/mietistudio.com\/\">Mietis<\/a><\/p>\n<p class=\"\" data-start=\"83\" data-end=\"494\">Artista alemanya establerta a Barcelona. Dana combina l&#8217;ess\u00e8ncia del nord amb els colors vibrants i la rica ess\u00e8ncia del sud. La seva obra ha evolucionat per esdevenir m\u00e9s v\u00edvida, expressiva i festiva. Les seves pintures celebren la primavera, permetent a l&#8217;espectador associar formes, patrons i colors amb elements naturals.<\/p>\n<hr \/>\n<p><strong>WALL ART CIRCUIT<\/strong><\/p>\n<p><a href=\"https:\/\/www.instagram.com\/peugaudenz\/\"><strong data-start=\"1798\" data-end=\"1813\">Peu Gaudenz<\/strong><\/a><\/p>\n<p>Artista multidisciplinari su\u00eds-brasiler, establert a Barcelona des de fa m\u00e9s de 20 anys. Treballa amb pintura art\u00edstica, disseny gr\u00e0fic i tatuatge.<\/p>\n<p><a href=\"https:\/\/www.instagram.com\/ricebarcelona\/\"><strong data-start=\"1044\" data-end=\"1052\">RICE<\/strong><\/a><\/p>\n<p>Amb el nom art\u00edstic de RICE, Eduard Sacrest Soy (Olot, 1993) \u00e9s un artista visual i muralista graduat en Belles Arts per la Universitat de Barcelona. La seva producci\u00f3 art\u00edstica se centra principalment en intervencions a l&#8217;espai p\u00fablic mitjan\u00e7ant la t\u00e8cnica del stencil. RICE utilitza el paisatge com a espai d&#8217;acci\u00f3 i llen\u00e7 per reactivar el focus d&#8217;atenci\u00f3 i donar visibilitat als protagonistes dels seus retrats, promovent la reflexi\u00f3 sobre temes com la solitud, la dist\u00e0ncia o l&#8217;amor.<\/p>\n<hr \/>\n<p><strong>Exposicio Col\u00b7lectiva WAC x Van Van<\/strong><\/p>\n<h4 data-start=\"3496\" data-end=\"3703\"><a href=\"https:\/\/www.instagram.com\/tr3joart\/\"><strong>TR3JOART<\/strong><\/a><\/h4>\n<p>Artista de Vene\u00e7uela que al llarg de la seva carrera ha explorat diversos llenguatges art\u00edstics, sempre amb un inter\u00e8s especial en la interacci\u00f3 de l&#8217;art amb les persones i els espais p\u00fablics. Aquesta obra neix del desig de capturar l&#8217;ess\u00e8ncia de la col\u00b7laboraci\u00f3 i la resili\u00e8ncia. Reinterpreta la tradici\u00f3 dels castellers des d&#8217;una perspectiva l\u00fadica i simb\u00f2lica, utilitzant belugues com a met\u00e0fora de la comunitat, l&#8217;adaptabilitat i l&#8217;harmonia en moviment. Aquestes criatures, igual que els humans, depenen les unes de les altres per sobreviure i prosperar, reflectint aix\u00ed la filosofia que en la uni\u00f3 hi ha la for\u00e7a.<\/p>\n<p><a href=\"https:\/\/www.instagram.com\/evamik_\/\"><strong data-start=\"5333\" data-end=\"5343\">Evamik<\/strong><\/a><\/p>\n<p>Artista multidisciplin\u00e0ria txeca resident a Barcelona. La seva pr\u00e0ctica se centra en la il\u00b7lustraci\u00f3, el c\u00f2mic i el disseny gr\u00e0fic, explorant les interseccions entre aquests camps.<\/p>\n<p><a href=\"https:\/\/www.instagram.com\/galiacomics\/\"><strong data-start=\"4977\" data-end=\"4992\">GaliaComics<\/strong><\/a><\/p>\n<p>Noelia Audisio (35 anys, C\u00f2rdoba, Argentina) \u00e9s il\u00b7lustradora i artista de c\u00f2mic, creadora de Galiacomics, un projecte autogestionat que explora la identitat, l&#8217;amor i la diversitat a trav\u00e9s de vinyetes plenes d&#8217;emoci\u00f3. El seu treball, de narrativa no lineal i estil expressiu, dona veu a experi\u00e8ncies LGBT+ amb autenticitat i sensibilitat.<\/p>\n<p><a href=\"https:\/\/www.instagram.com\/claririval\/\"><strong data-start=\"4048\" data-end=\"4063\">Clara Rival<\/strong><\/a><\/p>\n<p>Pintora nascuda a Buenos Aires l&#8217;any 1986. Va estudiar la Llicenciatura en Arts Visuals amb orientaci\u00f3 en Pintura a la Universitat Nacional de les Arts (UNA). Ha complementat la seva formaci\u00f3 amb diversos tallers i cl\u00edniques amb artistes com Silvana Lacarra, Margarita Garcia Faure i Kekena Corval\u00e1n.<\/p>","protected":false},"excerpt":{"rendered":"<p>El dissabte 10 de maig, Poblenou Urban District celebra la tretzena edici\u00f3 del Poblenou Open Day obrint les portes de&#8230; <a href=\"https:\/\/poblenouurbandistrict.com\/ca\/no-et-perdis-la-programacio-del-windows-art-circuit-el-poblenou-open-day-somple-dart\/\">M\u00e9s  \u2192<\/a><\/p>\n","protected":false},"author":5,"featured_media":51229,"comment_status":"closed","ping_status":"closed","sticky":false,"template":"","format":"standard","meta":{"_acf_changed":false,"footnotes":""},"categories":[3558],"tags":[],"class_list":["post-51176","post","type-post","status-publish","format-standard","has-post-thumbnail","hentry","category-wac"],"acf":[],"yoast_head":"<!-- This site is optimized with the Yoast SEO plugin v27.5 - https:\/\/yoast.com\/product\/yoast-seo-wordpress\/ -->\n<title>No et perdis la programaci\u00f3 del Windows Art Circuit: el Poblenou Open Day s&#039;omple d&#039;art &#8211; Poblenou Urban District<\/title>\n<meta name=\"robots\" content=\"index, follow, max-snippet:-1, max-image-preview:large, max-video-preview:-1\" \/>\n<link rel=\"canonical\" href=\"https:\/\/poblenouurbandistrict.com\/ca\/no-et-perdis-la-programacio-del-windows-art-circuit-el-poblenou-open-day-somple-dart\/\" \/>\n<meta property=\"og:locale\" content=\"ca_ES\" \/>\n<meta property=\"og:type\" content=\"article\" \/>\n<meta property=\"og:title\" content=\"No et perdis la programaci\u00f3 del Windows Art Circuit: el Poblenou Open Day s&#039;omple d&#039;art &#8211; Poblenou Urban District\" \/>\n<meta property=\"og:description\" content=\"El dissabte 10 de maig, Poblenou Urban District celebra la tretzena edici\u00f3 del Poblenou Open Day obrint les portes de... M\u00e9s \u2192\" \/>\n<meta property=\"og:url\" content=\"https:\/\/poblenouurbandistrict.com\/ca\/no-et-perdis-la-programacio-del-windows-art-circuit-el-poblenou-open-day-somple-dart\/\" \/>\n<meta property=\"og:site_name\" content=\"Poblenou Urban District\" \/>\n<meta property=\"article:published_time\" content=\"2025-05-08T11:15:33+00:00\" \/>\n<meta property=\"article:modified_time\" content=\"2025-05-13T12:05:08+00:00\" \/>\n<meta property=\"og:image\" content=\"https:\/\/poblenouurbandistrict.com\/wp-content\/uploads\/2025\/05\/wac-2025-2.jpg\" \/>\n\t<meta property=\"og:image:width\" content=\"2556\" \/>\n\t<meta property=\"og:image:height\" content=\"1704\" \/>\n\t<meta property=\"og:image:type\" content=\"image\/jpeg\" \/>\n<meta name=\"author\" content=\"pnud\" \/>\n<meta name=\"twitter:card\" content=\"summary_large_image\" \/>\n<meta name=\"twitter:label1\" content=\"Escrit per\" \/>\n\t<meta name=\"twitter:data1\" content=\"pnud\" \/>\n\t<meta name=\"twitter:label2\" content=\"Temps estimat de lectura\" \/>\n\t<meta name=\"twitter:data2\" content=\"9 minuts\" \/>\n<script type=\"application\/ld+json\" class=\"yoast-schema-graph\">{\"@context\":\"https:\\\/\\\/schema.org\",\"@graph\":[{\"@type\":\"Article\",\"@id\":\"https:\\\/\\\/poblenouurbandistrict.com\\\/no-et-perdis-la-programacio-del-windows-art-circuit-el-poblenou-open-day-somple-dart\\\/#article\",\"isPartOf\":{\"@id\":\"https:\\\/\\\/poblenouurbandistrict.com\\\/no-et-perdis-la-programacio-del-windows-art-circuit-el-poblenou-open-day-somple-dart\\\/\"},\"author\":{\"name\":\"pnud\",\"@id\":\"https:\\\/\\\/poblenouurbandistrict.com\\\/#\\\/schema\\\/person\\\/980a2cf34b399d5218205730acd54a7e\"},\"headline\":\"No et perdis la programaci\u00f3 del Windows Art Circuit: el Poblenou Open Day s&#8217;omple d&#8217;art\",\"datePublished\":\"2025-05-08T11:15:33+00:00\",\"dateModified\":\"2025-05-13T12:05:08+00:00\",\"mainEntityOfPage\":{\"@id\":\"https:\\\/\\\/poblenouurbandistrict.com\\\/no-et-perdis-la-programacio-del-windows-art-circuit-el-poblenou-open-day-somple-dart\\\/\"},\"wordCount\":4766,\"image\":{\"@id\":\"https:\\\/\\\/poblenouurbandistrict.com\\\/no-et-perdis-la-programacio-del-windows-art-circuit-el-poblenou-open-day-somple-dart\\\/#primaryimage\"},\"thumbnailUrl\":\"https:\\\/\\\/media.poblenouurbandistrict.com\\\/2025\\\/05\\\/25090439\\\/wac-2025-2.jpg\",\"articleSection\":[\"WAC\"],\"inLanguage\":\"ca\"},{\"@type\":\"WebPage\",\"@id\":\"https:\\\/\\\/poblenouurbandistrict.com\\\/ca\\\/no-et-perdis-la-programacio-del-windows-art-circuit-el-poblenou-open-day-somple-dart\\\/\",\"url\":\"https:\\\/\\\/poblenouurbandistrict.com\\\/ca\\\/no-et-perdis-la-programacio-del-windows-art-circuit-el-poblenou-open-day-somple-dart\\\/\",\"name\":\"No et perdis la programaci\u00f3 del Windows Art Circuit: el Poblenou Open Day s'omple d'art &#8211; Poblenou Urban District\",\"isPartOf\":{\"@id\":\"https:\\\/\\\/poblenouurbandistrict.com\\\/ca\\\/#website\"},\"primaryImageOfPage\":{\"@id\":\"https:\\\/\\\/poblenouurbandistrict.com\\\/ca\\\/no-et-perdis-la-programacio-del-windows-art-circuit-el-poblenou-open-day-somple-dart\\\/#primaryimage\"},\"image\":{\"@id\":\"https:\\\/\\\/poblenouurbandistrict.com\\\/no-et-perdis-la-programacio-del-windows-art-circuit-el-poblenou-open-day-somple-dart\\\/#primaryimage\"},\"thumbnailUrl\":\"https:\\\/\\\/media.poblenouurbandistrict.com\\\/2025\\\/05\\\/25090439\\\/wac-2025-2.jpg\",\"datePublished\":\"2025-05-08T11:15:33+00:00\",\"dateModified\":\"2025-05-13T12:05:08+00:00\",\"author\":{\"@id\":\"https:\\\/\\\/poblenouurbandistrict.com\\\/#\\\/schema\\\/person\\\/980a2cf34b399d5218205730acd54a7e\"},\"breadcrumb\":{\"@id\":\"https:\\\/\\\/poblenouurbandistrict.com\\\/ca\\\/no-et-perdis-la-programacio-del-windows-art-circuit-el-poblenou-open-day-somple-dart\\\/#breadcrumb\"},\"inLanguage\":\"ca\",\"potentialAction\":[{\"@type\":\"ReadAction\",\"target\":[[\"https:\\\/\\\/poblenouurbandistrict.com\\\/ca\\\/no-et-perdis-la-programacio-del-windows-art-circuit-el-poblenou-open-day-somple-dart\\\/\"]]}]},{\"@type\":\"ImageObject\",\"inLanguage\":\"ca\",\"@id\":\"https:\\\/\\\/poblenouurbandistrict.com\\\/ca\\\/no-et-perdis-la-programacio-del-windows-art-circuit-el-poblenou-open-day-somple-dart\\\/#primaryimage\",\"url\":\"https:\\\/\\\/media.poblenouurbandistrict.com\\\/2025\\\/05\\\/25090439\\\/wac-2025-2.jpg\",\"contentUrl\":\"https:\\\/\\\/media.poblenouurbandistrict.com\\\/2025\\\/05\\\/25090439\\\/wac-2025-2.jpg\",\"width\":2556,\"height\":1704},{\"@type\":\"BreadcrumbList\",\"@id\":\"https:\\\/\\\/poblenouurbandistrict.com\\\/ca\\\/no-et-perdis-la-programacio-del-windows-art-circuit-el-poblenou-open-day-somple-dart\\\/#breadcrumb\",\"itemListElement\":[{\"@type\":\"ListItem\",\"position\":1,\"name\":\"Home\",\"item\":\"https:\\\/\\\/poblenouurbandistrict.com\\\/ca\\\/\"},{\"@type\":\"ListItem\",\"position\":2,\"name\":\"No et perdis la programaci\u00f3 del Windows Art Circuit: el Poblenou Open Day s&#8217;omple d&#8217;art\"}]},{\"@type\":\"WebSite\",\"@id\":\"https:\\\/\\\/poblenouurbandistrict.com\\\/ca\\\/#website\",\"url\":\"https:\\\/\\\/poblenouurbandistrict.com\\\/ca\\\/\",\"name\":\"Poblenou Urban District\",\"description\":\"Comunitat Creativa\",\"potentialAction\":[{\"@type\":\"SearchAction\",\"target\":{\"@type\":\"EntryPoint\",\"urlTemplate\":\"https:\\\/\\\/poblenouurbandistrict.com\\\/ca\\\/?s={search_term_string}\"},\"query-input\":{\"@type\":\"PropertyValueSpecification\",\"valueRequired\":true,\"valueName\":\"search_term_string\"}}],\"inLanguage\":\"ca\"},{\"@type\":\"Person\",\"@id\":\"https:\\\/\\\/poblenouurbandistrict.com\\\/#\\\/schema\\\/person\\\/980a2cf34b399d5218205730acd54a7e\",\"name\":\"pnud\",\"image\":{\"@type\":\"ImageObject\",\"inLanguage\":\"ca\",\"@id\":\"https:\\\/\\\/secure.gravatar.com\\\/avatar\\\/67146597b405ee077a24e519f75c3e2031736596d6ce35af3a34c122c93d0d7b?s=96&d=retro&r=g\",\"url\":\"https:\\\/\\\/secure.gravatar.com\\\/avatar\\\/67146597b405ee077a24e519f75c3e2031736596d6ce35af3a34c122c93d0d7b?s=96&d=retro&r=g\",\"contentUrl\":\"https:\\\/\\\/secure.gravatar.com\\\/avatar\\\/67146597b405ee077a24e519f75c3e2031736596d6ce35af3a34c122c93d0d7b?s=96&d=retro&r=g\",\"caption\":\"pnud\"}}]}<\/script>\n<!-- \/ Yoast SEO plugin. -->","yoast_head_json":{"title":"No et perdis la programaci\u00f3 del Windows Art Circuit: el Poblenou Open Day s'omple d'art &#8211; Poblenou Urban District","robots":{"index":"index","follow":"follow","max-snippet":"max-snippet:-1","max-image-preview":"max-image-preview:large","max-video-preview":"max-video-preview:-1"},"canonical":"https:\/\/poblenouurbandistrict.com\/ca\/no-et-perdis-la-programacio-del-windows-art-circuit-el-poblenou-open-day-somple-dart\/","og_locale":"ca_ES","og_type":"article","og_title":"No et perdis la programaci\u00f3 del Windows Art Circuit: el Poblenou Open Day s'omple d'art &#8211; Poblenou Urban District","og_description":"El dissabte 10 de maig, Poblenou Urban District celebra la tretzena edici\u00f3 del Poblenou Open Day obrint les portes de... M\u00e9s \u2192","og_url":"https:\/\/poblenouurbandistrict.com\/ca\/no-et-perdis-la-programacio-del-windows-art-circuit-el-poblenou-open-day-somple-dart\/","og_site_name":"Poblenou Urban District","article_published_time":"2025-05-08T11:15:33+00:00","article_modified_time":"2025-05-13T12:05:08+00:00","og_image":[{"width":2556,"height":1704,"url":"https:\/\/poblenouurbandistrict.com\/wp-content\/uploads\/2025\/05\/wac-2025-2.jpg","type":"image\/jpeg"}],"author":"pnud","twitter_card":"summary_large_image","twitter_misc":{"Escrit per":"pnud","Temps estimat de lectura":"9 minuts"},"schema":{"@context":"https:\/\/schema.org","@graph":[{"@type":"Article","@id":"https:\/\/poblenouurbandistrict.com\/no-et-perdis-la-programacio-del-windows-art-circuit-el-poblenou-open-day-somple-dart\/#article","isPartOf":{"@id":"https:\/\/poblenouurbandistrict.com\/no-et-perdis-la-programacio-del-windows-art-circuit-el-poblenou-open-day-somple-dart\/"},"author":{"name":"pnud","@id":"https:\/\/poblenouurbandistrict.com\/#\/schema\/person\/980a2cf34b399d5218205730acd54a7e"},"headline":"No et perdis la programaci\u00f3 del Windows Art Circuit: el Poblenou Open Day s&#8217;omple d&#8217;art","datePublished":"2025-05-08T11:15:33+00:00","dateModified":"2025-05-13T12:05:08+00:00","mainEntityOfPage":{"@id":"https:\/\/poblenouurbandistrict.com\/no-et-perdis-la-programacio-del-windows-art-circuit-el-poblenou-open-day-somple-dart\/"},"wordCount":4766,"image":{"@id":"https:\/\/poblenouurbandistrict.com\/no-et-perdis-la-programacio-del-windows-art-circuit-el-poblenou-open-day-somple-dart\/#primaryimage"},"thumbnailUrl":"https:\/\/media.poblenouurbandistrict.com\/2025\/05\/25090439\/wac-2025-2.jpg","articleSection":["WAC"],"inLanguage":"ca"},{"@type":"WebPage","@id":"https:\/\/poblenouurbandistrict.com\/ca\/no-et-perdis-la-programacio-del-windows-art-circuit-el-poblenou-open-day-somple-dart\/","url":"https:\/\/poblenouurbandistrict.com\/ca\/no-et-perdis-la-programacio-del-windows-art-circuit-el-poblenou-open-day-somple-dart\/","name":"No et perdis la programaci\u00f3 del Windows Art Circuit: el Poblenou Open Day s'omple d'art &#8211; Poblenou Urban District","isPartOf":{"@id":"https:\/\/poblenouurbandistrict.com\/ca\/#website"},"primaryImageOfPage":{"@id":"https:\/\/poblenouurbandistrict.com\/ca\/no-et-perdis-la-programacio-del-windows-art-circuit-el-poblenou-open-day-somple-dart\/#primaryimage"},"image":{"@id":"https:\/\/poblenouurbandistrict.com\/no-et-perdis-la-programacio-del-windows-art-circuit-el-poblenou-open-day-somple-dart\/#primaryimage"},"thumbnailUrl":"https:\/\/media.poblenouurbandistrict.com\/2025\/05\/25090439\/wac-2025-2.jpg","datePublished":"2025-05-08T11:15:33+00:00","dateModified":"2025-05-13T12:05:08+00:00","author":{"@id":"https:\/\/poblenouurbandistrict.com\/#\/schema\/person\/980a2cf34b399d5218205730acd54a7e"},"breadcrumb":{"@id":"https:\/\/poblenouurbandistrict.com\/ca\/no-et-perdis-la-programacio-del-windows-art-circuit-el-poblenou-open-day-somple-dart\/#breadcrumb"},"inLanguage":"ca","potentialAction":[{"@type":"ReadAction","target":[["https:\/\/poblenouurbandistrict.com\/ca\/no-et-perdis-la-programacio-del-windows-art-circuit-el-poblenou-open-day-somple-dart\/"]]}]},{"@type":"ImageObject","inLanguage":"ca","@id":"https:\/\/poblenouurbandistrict.com\/ca\/no-et-perdis-la-programacio-del-windows-art-circuit-el-poblenou-open-day-somple-dart\/#primaryimage","url":"https:\/\/media.poblenouurbandistrict.com\/2025\/05\/25090439\/wac-2025-2.jpg","contentUrl":"https:\/\/media.poblenouurbandistrict.com\/2025\/05\/25090439\/wac-2025-2.jpg","width":2556,"height":1704},{"@type":"BreadcrumbList","@id":"https:\/\/poblenouurbandistrict.com\/ca\/no-et-perdis-la-programacio-del-windows-art-circuit-el-poblenou-open-day-somple-dart\/#breadcrumb","itemListElement":[{"@type":"ListItem","position":1,"name":"Home","item":"https:\/\/poblenouurbandistrict.com\/ca\/"},{"@type":"ListItem","position":2,"name":"No et perdis la programaci\u00f3 del Windows Art Circuit: el Poblenou Open Day s&#8217;omple d&#8217;art"}]},{"@type":"WebSite","@id":"https:\/\/poblenouurbandistrict.com\/ca\/#website","url":"https:\/\/poblenouurbandistrict.com\/ca\/","name":"Poblenou Urban District","description":"Comunitat Creativa","potentialAction":[{"@type":"SearchAction","target":{"@type":"EntryPoint","urlTemplate":"https:\/\/poblenouurbandistrict.com\/ca\/?s={search_term_string}"},"query-input":{"@type":"PropertyValueSpecification","valueRequired":true,"valueName":"search_term_string"}}],"inLanguage":"ca"},{"@type":"Person","@id":"https:\/\/poblenouurbandistrict.com\/#\/schema\/person\/980a2cf34b399d5218205730acd54a7e","name":"pnud","image":{"@type":"ImageObject","inLanguage":"ca","@id":"https:\/\/secure.gravatar.com\/avatar\/67146597b405ee077a24e519f75c3e2031736596d6ce35af3a34c122c93d0d7b?s=96&d=retro&r=g","url":"https:\/\/secure.gravatar.com\/avatar\/67146597b405ee077a24e519f75c3e2031736596d6ce35af3a34c122c93d0d7b?s=96&d=retro&r=g","contentUrl":"https:\/\/secure.gravatar.com\/avatar\/67146597b405ee077a24e519f75c3e2031736596d6ce35af3a34c122c93d0d7b?s=96&d=retro&r=g","caption":"pnud"}}]}},"_links":{"self":[{"href":"https:\/\/poblenouurbandistrict.com\/ca\/wp-json\/wp\/v2\/posts\/51176","targetHints":{"allow":["GET"]}}],"collection":[{"href":"https:\/\/poblenouurbandistrict.com\/ca\/wp-json\/wp\/v2\/posts"}],"about":[{"href":"https:\/\/poblenouurbandistrict.com\/ca\/wp-json\/wp\/v2\/types\/post"}],"author":[{"embeddable":true,"href":"https:\/\/poblenouurbandistrict.com\/ca\/wp-json\/wp\/v2\/users\/5"}],"replies":[{"embeddable":true,"href":"https:\/\/poblenouurbandistrict.com\/ca\/wp-json\/wp\/v2\/comments?post=51176"}],"version-history":[{"count":19,"href":"https:\/\/poblenouurbandistrict.com\/ca\/wp-json\/wp\/v2\/posts\/51176\/revisions"}],"predecessor-version":[{"id":51235,"href":"https:\/\/poblenouurbandistrict.com\/ca\/wp-json\/wp\/v2\/posts\/51176\/revisions\/51235"}],"wp:featuredmedia":[{"embeddable":true,"href":"https:\/\/poblenouurbandistrict.com\/ca\/wp-json\/wp\/v2\/media\/51229"}],"wp:attachment":[{"href":"https:\/\/poblenouurbandistrict.com\/ca\/wp-json\/wp\/v2\/media?parent=51176"}],"wp:term":[{"taxonomy":"category","embeddable":true,"href":"https:\/\/poblenouurbandistrict.com\/ca\/wp-json\/wp\/v2\/categories?post=51176"},{"taxonomy":"post_tag","embeddable":true,"href":"https:\/\/poblenouurbandistrict.com\/ca\/wp-json\/wp\/v2\/tags?post=51176"}],"curies":[{"name":"wp","href":"https:\/\/api.w.org\/{rel}","templated":true}]}}