{"id":51310,"date":"2025-05-15T13:59:34","date_gmt":"2025-05-15T11:59:34","guid":{"rendered":"https:\/\/poblenouurbandistrict.com\/?p=51310"},"modified":"2025-05-15T16:29:50","modified_gmt":"2025-05-15T14:29:50","slug":"el-windows-art-circuit-celebra-una-decada-impulsant-lescena-artistica","status":"publish","type":"post","link":"https:\/\/poblenouurbandistrict.com\/ca\/el-windows-art-circuit-celebra-una-decada-impulsant-lescena-artistica\/","title":{"rendered":"El Windows Art Circuit celebra una d\u00e8cada impulsant l\u2019escena art\u00edstica"},"content":{"rendered":"<p>El dissabte 10 de maig, durant el <strong>Poblenou Open Day<\/strong>, vam celebrar el des\u00e9 aniversari del <strong>Windows Art Circuit<\/strong>, el circuit ineludible per als amants de l\u2019art. El <strong>Windows Art Circuit<\/strong> ha portat en aquesta edici\u00f3 a una trentena d&#8217;artistes de diferents disciplines, que han mostrat en directe el seu proc\u00e9s de creaci\u00f3 en diferents espais del Districte Creatiu.<\/p>\n<p>Ha estat un plaer comptar amb els artistes en aquesta edici\u00f3 tan especial. Per molts anys m\u00e9s celebrant l&#8217;art junts!<\/p>\n<h3 data-pm-slice=\"1 1 []\">EL SOLAR<\/h3>\n<p><a href=\"https:\/\/www.instagram.com\/derocart\/?locale=es_ES%2F&amp;hl=en\"><strong>D\u00e8lia Rodr\u00edguez<\/strong><\/a><strong> \u00b7 <\/strong><a href=\"https:\/\/www.instagram.com\/antonseoane\/?hl=en\"><strong>Ant\u00f3n Seoane<\/strong><\/a><strong> \u00b7 <\/strong><a href=\"https:\/\/www.instagram.com\/juanibengali.art\/\"><strong data-start=\"2575\" data-end=\"2592\">Juani Bengali<\/strong><\/a><strong data-start=\"2575\" data-end=\"2592\"> \u00b7 <\/strong><a href=\"https:\/\/www.instagram.com\/plain.jein\/\"><strong data-start=\"1949\" data-end=\"1963\">Plain jein<\/strong><\/a><strong data-start=\"1949\" data-end=\"1963\"> \u00b7 <\/strong><a href=\"https:\/\/www.instagram.com\/palomarodriguez.cl\/\"><strong data-start=\"2838\" data-end=\"2848\">Paloma<\/strong><\/a><strong data-start=\"2838\" data-end=\"2848\"> \u00b7 <\/strong><a href=\"https:\/\/www.instagram.com\/kst.ec\/\"><strong data-start=\"1565\" data-end=\"1572\">Kst<\/strong><\/a><strong data-start=\"1565\" data-end=\"1572\"> \u00b7 <\/strong><a href=\"https:\/\/www.instagram.com\/konair\"><strong data-start=\"614\" data-end=\"624\">KONAIR<\/strong><\/a><strong data-start=\"614\" data-end=\"624\"> \u00b7 <\/strong><a href=\"https:\/\/www.instagram.com\/rockaxson\/\"><strong data-start=\"3206\" data-end=\"3219\">Rockaxson<\/strong><\/a><\/p>\n<hr \/>\n<p>Tamb\u00e9 vam comptar amb la participaci\u00f3 d&#8217;artistes convidats per la calebraci\u00f3 dels 10 anys del Windows Art Circuit, artistes que han format part d&#8217;alres edicions del circuit:<\/p>\n<p data-start=\"26\" data-end=\"308\"><a href=\"https:\/\/www.instagram.com\/aleixfont.studio\/?hl=es\"><strong data-start=\"26\" data-end=\"40\"><span class=\"_fadeIn_pfttw_8\">Aleix\u00a0<\/span><span class=\"_fadeIn_pfttw_8\">Font<\/span><\/strong><\/a><strong data-start=\"26\" data-end=\"40\"><span class=\"_fadeIn_pfttw_8\"> \u00b7 <\/span><\/strong><a href=\"https:\/\/www.instagram.com\/asispercales\/?hl=es\"><strong data-start=\"3023\" data-end=\"3040\"><span class=\"_fadeIn_pfttw_8\">Asis\u00a0<\/span><span class=\"_fadeIn_pfttw_8\">Percales<\/span><\/strong><\/a><strong data-start=\"3023\" data-end=\"3040\"><span class=\"_fadeIn_pfttw_8\"> \u00b7 <\/span><\/strong><a href=\"https:\/\/www.instagram.com\/geco.gec0\/\"><strong data-start=\"606\" data-end=\"614\"><span class=\"_fadeIn_pfttw_8\">Geco<\/span><\/strong><\/a><strong data-start=\"606\" data-end=\"614\"><span class=\"_fadeIn_pfttw_8\"> \u00b7 <\/span><\/strong><a href=\"https:\/\/www.instagram.com\/eldiosdelostres\/\"><strong data-start=\"1279\" data-end=\"1302\"><span class=\"_fadeIn_pfttw_8\">El\u00a0<\/span><span class=\"_fadeIn_pfttw_8\">Dios\u00a0<\/span><span class=\"_fadeIn_pfttw_8\">de\u00a0<\/span><span class=\"_fadeIn_pfttw_8\">los\u00a0<\/span><span class=\"_fadeIn_pfttw_8\">Tres<\/span><\/strong><\/a><strong data-start=\"1279\" data-end=\"1302\"><span class=\"_fadeIn_pfttw_8\"> \u00b7 <\/span><\/strong><a href=\"https:\/\/www.instagram.com\/noquedatinte\/?hl=es\"><strong data-start=\"1579\" data-end=\"1597\"><span class=\"_fadeIn_pfttw_8\">No\u00a0<\/span><span class=\"_fadeIn_pfttw_8\">queda\u00a0<\/span><span class=\"_fadeIn_pfttw_8\">tinte<\/span><\/strong><\/a><strong data-start=\"1579\" data-end=\"1597\"><span class=\"_fadeIn_pfttw_8\"> \u00b7 <\/span><\/strong><a href=\"https:\/\/www.instagram.com\/riccardonannini_art\/\"><strong data-start=\"1847\" data-end=\"1866\"><span class=\"_fadeIn_pfttw_8\">Ricardo\u00a0<\/span><span class=\"_fadeIn_pfttw_8\">Nannini<\/span><\/strong><\/a><\/p>\n<p data-start=\"26\" data-end=\"308\">Tallers: <a href=\"https:\/\/www.instagram.com\/soniatoneu\/\"><strong>S\u00f2nia Toneu<\/strong><\/a> <strong data-start=\"614\" data-end=\"624\"> \u00b7 <a href=\"https:\/\/www.instagram.com\/tallerdelsedus\/\">Taller dels Edus<\/a> \u00b7 <a href=\"https:\/\/www.instagram.com\/ramon_paris_ilustrador\/\">Ramon Par\u00eds<\/a><\/strong><\/p>\n<hr \/>\n<h3>Espais WAC<\/h3>\n<p><a href=\"https:\/\/www.instagram.com\/valewilsong\/\"><strong data-start=\"3479\" data-end=\"3494\">Vale Wilson<\/strong><\/a>\u00a0\u2013\u00a0<a href=\"https:\/\/all.accor.com\/hotel\/9663\/index.es.shtml?utm_campaign=seo+maps&amp;utm_medium=seo+maps&amp;utm_source=google+Maps\">Ibis Styles City Bogatell<\/a> \u00b7 <a href=\"https:\/\/www.instagram.com\/creto.ums\/\"><strong>Creto<\/strong>\u00a0\u2013 Hilton Diagonal Mar Barcelona<\/a> \u00b7 <a href=\"https:\/\/www.instagram.com\/fasticbombastic\/\"><strong data-start=\"5525\" data-end=\"5545\">F\u00e0stic Bomb\u00e0stic<\/strong><\/a>\u00a0\u2013\u00a0<a href=\"https:\/\/thehoxton.com\/poblenou\/\">The Hoxton Poblenou<\/a> \u00b7 <a href=\"https:\/\/www.instagram.com\/nikotampio\/?hl=es\"><strong data-start=\"6152\" data-end=\"6167\">Niko Tampio<\/strong><\/a>\u00a0\u2013\u00a0<a href=\"https:\/\/www.instagram.com\/sin.amor.no\/\">Sin Amor No<\/a> \u00b7 <a href=\"https:\/\/www.instagram.com\/holamoonie\/\"><strong data-start=\"2342\" data-end=\"2352\">Moonie<\/strong><\/a>\u00a0\u2013\u00a0<a href=\"https:\/\/wearecacho.com\/\">Cacho<\/a> \u00b7 <a href=\"https:\/\/www.instagram.com\/peach_face_\/\"><strong data-start=\"6233\" data-end=\"6247\">Peach Face<\/strong><\/a>\u00a0\u2013\u00a0<a href=\"https:\/\/laplataformabcn.com\/\">La Plataforma<\/a> \u00b7 <strong data-start=\"6438\" data-end=\"6453\"><a href=\"https:\/\/www.instagram.com\/vic.c.art\/\">V\u00edctor Cano<\/a>\u00a0\u2013\u00a0<\/strong><a href=\"https:\/\/laplataformabcn.com\/\">La Plataforma<\/a> \u00b7 <a href=\"https:\/\/www.instagram.com\/daanajey\/\"><strong data-start=\"4363\" data-end=\"4393\">Dana Jey<\/strong><\/a>\u00a0\u2013\u00a0<a href=\"https:\/\/mietistudio.com\/\">Mietis<\/a><\/p>\n<hr \/>\n<p><strong>WALL ART CIRCUIT<\/strong><\/p>\n<p><a href=\"https:\/\/www.instagram.com\/peugaudenz\/\"><strong data-start=\"1798\" data-end=\"1813\">Peu Gaudenz<\/strong><\/a><strong data-start=\"1798\" data-end=\"1813\"> \u00b7 <\/strong><a href=\"https:\/\/www.instagram.com\/ricebarcelona\/\"><strong data-start=\"1044\" data-end=\"1052\">RICE<\/strong><\/a><\/p>\n<hr \/>\n<p><strong>Exposici\u00f3 Col\u00b7lectiva WAC x Van Van<\/strong><\/p>\n<h4 data-start=\"3496\" data-end=\"3703\"><a href=\"https:\/\/www.instagram.com\/tr3joart\/\"><strong>TR3JOART<\/strong><\/a><strong> \u00b7 <\/strong><a href=\"https:\/\/www.instagram.com\/evamik_\/\"><strong data-start=\"5333\" data-end=\"5343\">Evamik<\/strong><\/a><strong data-start=\"5333\" data-end=\"5343\"> \u00b7 <\/strong><a href=\"https:\/\/www.instagram.com\/galiacomics\/\"><strong data-start=\"4977\" data-end=\"4992\">GaliaComics<\/strong><\/a><strong data-start=\"4977\" data-end=\"4992\"> \u00b7 <\/strong><a href=\"https:\/\/www.instagram.com\/claririval\/\"><strong data-start=\"4048\" data-end=\"4063\">Clara Rival<\/strong><\/a><\/h4>\n<p><\/p>","protected":false},"excerpt":{"rendered":"<p>El dissabte 10 de maig, durant el Poblenou Open Day, vam celebrar el des\u00e9 aniversari del Windows Art Circuit, el&#8230; <a href=\"https:\/\/poblenouurbandistrict.com\/ca\/el-windows-art-circuit-celebra-una-decada-impulsant-lescena-artistica\/\">M\u00e9s  \u2192<\/a><\/p>\n","protected":false},"author":5,"featured_media":51336,"comment_status":"closed","ping_status":"closed","sticky":false,"template":"","format":"standard","meta":{"_acf_changed":false,"footnotes":""},"categories":[3558],"tags":[],"class_list":["post-51310","post","type-post","status-publish","format-standard","has-post-thumbnail","hentry","category-wac"],"acf":[],"yoast_head":"<!-- This site is optimized with the Yoast SEO plugin v27.4 - https:\/\/yoast.com\/product\/yoast-seo-wordpress\/ -->\n<title>El Windows Art Circuit celebra una d\u00e8cada impulsant l\u2019escena art\u00edstica &#8211; Poblenou Urban District<\/title>\n<meta name=\"robots\" content=\"index, follow, max-snippet:-1, max-image-preview:large, max-video-preview:-1\" \/>\n<link rel=\"canonical\" href=\"https:\/\/poblenouurbandistrict.com\/ca\/el-windows-art-circuit-celebra-una-decada-impulsant-lescena-artistica\/\" \/>\n<meta property=\"og:locale\" content=\"ca_ES\" \/>\n<meta property=\"og:type\" content=\"article\" \/>\n<meta property=\"og:title\" content=\"El Windows Art Circuit celebra una d\u00e8cada impulsant l\u2019escena art\u00edstica &#8211; Poblenou Urban District\" \/>\n<meta property=\"og:description\" content=\"El dissabte 10 de maig, durant el Poblenou Open Day, vam celebrar el des\u00e9 aniversari del Windows Art Circuit, el... M\u00e9s \u2192\" \/>\n<meta property=\"og:url\" content=\"https:\/\/poblenouurbandistrict.com\/ca\/el-windows-art-circuit-celebra-una-decada-impulsant-lescena-artistica\/\" \/>\n<meta property=\"og:site_name\" content=\"Poblenou Urban District\" \/>\n<meta property=\"article:published_time\" content=\"2025-05-15T11:59:34+00:00\" \/>\n<meta property=\"article:modified_time\" content=\"2025-05-15T14:29:50+00:00\" \/>\n<meta property=\"og:image\" content=\"https:\/\/poblenouurbandistrict.com\/wp-content\/uploads\/2025\/05\/pod-x-emidelpiccolo-375-e1747318169649.jpg\" \/>\n\t<meta property=\"og:image:width\" content=\"2560\" \/>\n\t<meta property=\"og:image:height\" content=\"1450\" \/>\n\t<meta property=\"og:image:type\" content=\"image\/jpeg\" \/>\n<meta name=\"author\" content=\"pnud\" \/>\n<meta name=\"twitter:card\" content=\"summary_large_image\" \/>\n<meta name=\"twitter:label1\" content=\"Escrit per\" \/>\n\t<meta name=\"twitter:data1\" content=\"pnud\" \/>\n\t<meta name=\"twitter:label2\" content=\"Temps estimat de lectura\" \/>\n\t<meta name=\"twitter:data2\" content=\"2 minuts\" \/>\n<script type=\"application\/ld+json\" class=\"yoast-schema-graph\">{\"@context\":\"https:\\\/\\\/schema.org\",\"@graph\":[{\"@type\":\"Article\",\"@id\":\"https:\\\/\\\/poblenouurbandistrict.com\\\/el-windows-art-circuit-celebra-una-decada-impulsant-lescena-artistica\\\/#article\",\"isPartOf\":{\"@id\":\"https:\\\/\\\/poblenouurbandistrict.com\\\/el-windows-art-circuit-celebra-una-decada-impulsant-lescena-artistica\\\/\"},\"author\":{\"name\":\"pnud\",\"@id\":\"https:\\\/\\\/poblenouurbandistrict.com\\\/#\\\/schema\\\/person\\\/980a2cf34b399d5218205730acd54a7e\"},\"headline\":\"El Windows Art Circuit celebra una d\u00e8cada impulsant l\u2019escena art\u00edstica\",\"datePublished\":\"2025-05-15T11:59:34+00:00\",\"dateModified\":\"2025-05-15T14:29:50+00:00\",\"mainEntityOfPage\":{\"@id\":\"https:\\\/\\\/poblenouurbandistrict.com\\\/el-windows-art-circuit-celebra-una-decada-impulsant-lescena-artistica\\\/\"},\"wordCount\":458,\"image\":{\"@id\":\"https:\\\/\\\/poblenouurbandistrict.com\\\/el-windows-art-circuit-celebra-una-decada-impulsant-lescena-artistica\\\/#primaryimage\"},\"thumbnailUrl\":\"https:\\\/\\\/media.poblenouurbandistrict.com\\\/2025\\\/05\\\/25090820\\\/pod-x-emidelpiccolo-375-e1747318169649.jpg\",\"articleSection\":[\"WAC\"],\"inLanguage\":\"ca\"},{\"@type\":\"WebPage\",\"@id\":\"https:\\\/\\\/poblenouurbandistrict.com\\\/ca\\\/el-windows-art-circuit-celebra-una-decada-impulsant-lescena-artistica\\\/\",\"url\":\"https:\\\/\\\/poblenouurbandistrict.com\\\/ca\\\/el-windows-art-circuit-celebra-una-decada-impulsant-lescena-artistica\\\/\",\"name\":\"El Windows Art Circuit celebra una d\u00e8cada impulsant l\u2019escena art\u00edstica &#8211; Poblenou Urban District\",\"isPartOf\":{\"@id\":\"https:\\\/\\\/poblenouurbandistrict.com\\\/ca\\\/#website\"},\"primaryImageOfPage\":{\"@id\":\"https:\\\/\\\/poblenouurbandistrict.com\\\/ca\\\/el-windows-art-circuit-celebra-una-decada-impulsant-lescena-artistica\\\/#primaryimage\"},\"image\":{\"@id\":\"https:\\\/\\\/poblenouurbandistrict.com\\\/el-windows-art-circuit-celebra-una-decada-impulsant-lescena-artistica\\\/#primaryimage\"},\"thumbnailUrl\":\"https:\\\/\\\/media.poblenouurbandistrict.com\\\/2025\\\/05\\\/25090820\\\/pod-x-emidelpiccolo-375-e1747318169649.jpg\",\"datePublished\":\"2025-05-15T11:59:34+00:00\",\"dateModified\":\"2025-05-15T14:29:50+00:00\",\"author\":{\"@id\":\"https:\\\/\\\/poblenouurbandistrict.com\\\/#\\\/schema\\\/person\\\/980a2cf34b399d5218205730acd54a7e\"},\"breadcrumb\":{\"@id\":\"https:\\\/\\\/poblenouurbandistrict.com\\\/ca\\\/el-windows-art-circuit-celebra-una-decada-impulsant-lescena-artistica\\\/#breadcrumb\"},\"inLanguage\":\"ca\",\"potentialAction\":[{\"@type\":\"ReadAction\",\"target\":[[\"https:\\\/\\\/poblenouurbandistrict.com\\\/ca\\\/el-windows-art-circuit-celebra-una-decada-impulsant-lescena-artistica\\\/\"]]}]},{\"@type\":\"ImageObject\",\"inLanguage\":\"ca\",\"@id\":\"https:\\\/\\\/poblenouurbandistrict.com\\\/ca\\\/el-windows-art-circuit-celebra-una-decada-impulsant-lescena-artistica\\\/#primaryimage\",\"url\":\"https:\\\/\\\/media.poblenouurbandistrict.com\\\/2025\\\/05\\\/25090820\\\/pod-x-emidelpiccolo-375-e1747318169649.jpg\",\"contentUrl\":\"https:\\\/\\\/media.poblenouurbandistrict.com\\\/2025\\\/05\\\/25090820\\\/pod-x-emidelpiccolo-375-e1747318169649.jpg\",\"width\":2560,\"height\":1450},{\"@type\":\"BreadcrumbList\",\"@id\":\"https:\\\/\\\/poblenouurbandistrict.com\\\/ca\\\/el-windows-art-circuit-celebra-una-decada-impulsant-lescena-artistica\\\/#breadcrumb\",\"itemListElement\":[{\"@type\":\"ListItem\",\"position\":1,\"name\":\"Home\",\"item\":\"https:\\\/\\\/poblenouurbandistrict.com\\\/ca\\\/\"},{\"@type\":\"ListItem\",\"position\":2,\"name\":\"El Windows Art Circuit celebra una d\u00e8cada impulsant l\u2019escena art\u00edstica\"}]},{\"@type\":\"WebSite\",\"@id\":\"https:\\\/\\\/poblenouurbandistrict.com\\\/ca\\\/#website\",\"url\":\"https:\\\/\\\/poblenouurbandistrict.com\\\/ca\\\/\",\"name\":\"Poblenou Urban District\",\"description\":\"Comunitat Creativa\",\"potentialAction\":[{\"@type\":\"SearchAction\",\"target\":{\"@type\":\"EntryPoint\",\"urlTemplate\":\"https:\\\/\\\/poblenouurbandistrict.com\\\/ca\\\/?s={search_term_string}\"},\"query-input\":{\"@type\":\"PropertyValueSpecification\",\"valueRequired\":true,\"valueName\":\"search_term_string\"}}],\"inLanguage\":\"ca\"},{\"@type\":\"Person\",\"@id\":\"https:\\\/\\\/poblenouurbandistrict.com\\\/#\\\/schema\\\/person\\\/980a2cf34b399d5218205730acd54a7e\",\"name\":\"pnud\",\"image\":{\"@type\":\"ImageObject\",\"inLanguage\":\"ca\",\"@id\":\"https:\\\/\\\/secure.gravatar.com\\\/avatar\\\/67146597b405ee077a24e519f75c3e2031736596d6ce35af3a34c122c93d0d7b?s=96&d=retro&r=g\",\"url\":\"https:\\\/\\\/secure.gravatar.com\\\/avatar\\\/67146597b405ee077a24e519f75c3e2031736596d6ce35af3a34c122c93d0d7b?s=96&d=retro&r=g\",\"contentUrl\":\"https:\\\/\\\/secure.gravatar.com\\\/avatar\\\/67146597b405ee077a24e519f75c3e2031736596d6ce35af3a34c122c93d0d7b?s=96&d=retro&r=g\",\"caption\":\"pnud\"}}]}<\/script>\n<!-- \/ Yoast SEO plugin. -->","yoast_head_json":{"title":"El Windows Art Circuit celebra una d\u00e8cada impulsant l\u2019escena art\u00edstica &#8211; Poblenou Urban District","robots":{"index":"index","follow":"follow","max-snippet":"max-snippet:-1","max-image-preview":"max-image-preview:large","max-video-preview":"max-video-preview:-1"},"canonical":"https:\/\/poblenouurbandistrict.com\/ca\/el-windows-art-circuit-celebra-una-decada-impulsant-lescena-artistica\/","og_locale":"ca_ES","og_type":"article","og_title":"El Windows Art Circuit celebra una d\u00e8cada impulsant l\u2019escena art\u00edstica &#8211; Poblenou Urban District","og_description":"El dissabte 10 de maig, durant el Poblenou Open Day, vam celebrar el des\u00e9 aniversari del Windows Art Circuit, el... M\u00e9s \u2192","og_url":"https:\/\/poblenouurbandistrict.com\/ca\/el-windows-art-circuit-celebra-una-decada-impulsant-lescena-artistica\/","og_site_name":"Poblenou Urban District","article_published_time":"2025-05-15T11:59:34+00:00","article_modified_time":"2025-05-15T14:29:50+00:00","og_image":[{"width":2560,"height":1450,"url":"https:\/\/poblenouurbandistrict.com\/wp-content\/uploads\/2025\/05\/pod-x-emidelpiccolo-375-e1747318169649.jpg","type":"image\/jpeg"}],"author":"pnud","twitter_card":"summary_large_image","twitter_misc":{"Escrit per":"pnud","Temps estimat de lectura":"2 minuts"},"schema":{"@context":"https:\/\/schema.org","@graph":[{"@type":"Article","@id":"https:\/\/poblenouurbandistrict.com\/el-windows-art-circuit-celebra-una-decada-impulsant-lescena-artistica\/#article","isPartOf":{"@id":"https:\/\/poblenouurbandistrict.com\/el-windows-art-circuit-celebra-una-decada-impulsant-lescena-artistica\/"},"author":{"name":"pnud","@id":"https:\/\/poblenouurbandistrict.com\/#\/schema\/person\/980a2cf34b399d5218205730acd54a7e"},"headline":"El Windows Art Circuit celebra una d\u00e8cada impulsant l\u2019escena art\u00edstica","datePublished":"2025-05-15T11:59:34+00:00","dateModified":"2025-05-15T14:29:50+00:00","mainEntityOfPage":{"@id":"https:\/\/poblenouurbandistrict.com\/el-windows-art-circuit-celebra-una-decada-impulsant-lescena-artistica\/"},"wordCount":458,"image":{"@id":"https:\/\/poblenouurbandistrict.com\/el-windows-art-circuit-celebra-una-decada-impulsant-lescena-artistica\/#primaryimage"},"thumbnailUrl":"https:\/\/media.poblenouurbandistrict.com\/2025\/05\/25090820\/pod-x-emidelpiccolo-375-e1747318169649.jpg","articleSection":["WAC"],"inLanguage":"ca"},{"@type":"WebPage","@id":"https:\/\/poblenouurbandistrict.com\/ca\/el-windows-art-circuit-celebra-una-decada-impulsant-lescena-artistica\/","url":"https:\/\/poblenouurbandistrict.com\/ca\/el-windows-art-circuit-celebra-una-decada-impulsant-lescena-artistica\/","name":"El Windows Art Circuit celebra una d\u00e8cada impulsant l\u2019escena art\u00edstica &#8211; Poblenou Urban District","isPartOf":{"@id":"https:\/\/poblenouurbandistrict.com\/ca\/#website"},"primaryImageOfPage":{"@id":"https:\/\/poblenouurbandistrict.com\/ca\/el-windows-art-circuit-celebra-una-decada-impulsant-lescena-artistica\/#primaryimage"},"image":{"@id":"https:\/\/poblenouurbandistrict.com\/el-windows-art-circuit-celebra-una-decada-impulsant-lescena-artistica\/#primaryimage"},"thumbnailUrl":"https:\/\/media.poblenouurbandistrict.com\/2025\/05\/25090820\/pod-x-emidelpiccolo-375-e1747318169649.jpg","datePublished":"2025-05-15T11:59:34+00:00","dateModified":"2025-05-15T14:29:50+00:00","author":{"@id":"https:\/\/poblenouurbandistrict.com\/#\/schema\/person\/980a2cf34b399d5218205730acd54a7e"},"breadcrumb":{"@id":"https:\/\/poblenouurbandistrict.com\/ca\/el-windows-art-circuit-celebra-una-decada-impulsant-lescena-artistica\/#breadcrumb"},"inLanguage":"ca","potentialAction":[{"@type":"ReadAction","target":[["https:\/\/poblenouurbandistrict.com\/ca\/el-windows-art-circuit-celebra-una-decada-impulsant-lescena-artistica\/"]]}]},{"@type":"ImageObject","inLanguage":"ca","@id":"https:\/\/poblenouurbandistrict.com\/ca\/el-windows-art-circuit-celebra-una-decada-impulsant-lescena-artistica\/#primaryimage","url":"https:\/\/media.poblenouurbandistrict.com\/2025\/05\/25090820\/pod-x-emidelpiccolo-375-e1747318169649.jpg","contentUrl":"https:\/\/media.poblenouurbandistrict.com\/2025\/05\/25090820\/pod-x-emidelpiccolo-375-e1747318169649.jpg","width":2560,"height":1450},{"@type":"BreadcrumbList","@id":"https:\/\/poblenouurbandistrict.com\/ca\/el-windows-art-circuit-celebra-una-decada-impulsant-lescena-artistica\/#breadcrumb","itemListElement":[{"@type":"ListItem","position":1,"name":"Home","item":"https:\/\/poblenouurbandistrict.com\/ca\/"},{"@type":"ListItem","position":2,"name":"El Windows Art Circuit celebra una d\u00e8cada impulsant l\u2019escena art\u00edstica"}]},{"@type":"WebSite","@id":"https:\/\/poblenouurbandistrict.com\/ca\/#website","url":"https:\/\/poblenouurbandistrict.com\/ca\/","name":"Poblenou Urban District","description":"Comunitat Creativa","potentialAction":[{"@type":"SearchAction","target":{"@type":"EntryPoint","urlTemplate":"https:\/\/poblenouurbandistrict.com\/ca\/?s={search_term_string}"},"query-input":{"@type":"PropertyValueSpecification","valueRequired":true,"valueName":"search_term_string"}}],"inLanguage":"ca"},{"@type":"Person","@id":"https:\/\/poblenouurbandistrict.com\/#\/schema\/person\/980a2cf34b399d5218205730acd54a7e","name":"pnud","image":{"@type":"ImageObject","inLanguage":"ca","@id":"https:\/\/secure.gravatar.com\/avatar\/67146597b405ee077a24e519f75c3e2031736596d6ce35af3a34c122c93d0d7b?s=96&d=retro&r=g","url":"https:\/\/secure.gravatar.com\/avatar\/67146597b405ee077a24e519f75c3e2031736596d6ce35af3a34c122c93d0d7b?s=96&d=retro&r=g","contentUrl":"https:\/\/secure.gravatar.com\/avatar\/67146597b405ee077a24e519f75c3e2031736596d6ce35af3a34c122c93d0d7b?s=96&d=retro&r=g","caption":"pnud"}}]}},"_links":{"self":[{"href":"https:\/\/poblenouurbandistrict.com\/ca\/wp-json\/wp\/v2\/posts\/51310","targetHints":{"allow":["GET"]}}],"collection":[{"href":"https:\/\/poblenouurbandistrict.com\/ca\/wp-json\/wp\/v2\/posts"}],"about":[{"href":"https:\/\/poblenouurbandistrict.com\/ca\/wp-json\/wp\/v2\/types\/post"}],"author":[{"embeddable":true,"href":"https:\/\/poblenouurbandistrict.com\/ca\/wp-json\/wp\/v2\/users\/5"}],"replies":[{"embeddable":true,"href":"https:\/\/poblenouurbandistrict.com\/ca\/wp-json\/wp\/v2\/comments?post=51310"}],"version-history":[{"count":13,"href":"https:\/\/poblenouurbandistrict.com\/ca\/wp-json\/wp\/v2\/posts\/51310\/revisions"}],"predecessor-version":[{"id":51357,"href":"https:\/\/poblenouurbandistrict.com\/ca\/wp-json\/wp\/v2\/posts\/51310\/revisions\/51357"}],"wp:featuredmedia":[{"embeddable":true,"href":"https:\/\/poblenouurbandistrict.com\/ca\/wp-json\/wp\/v2\/media\/51336"}],"wp:attachment":[{"href":"https:\/\/poblenouurbandistrict.com\/ca\/wp-json\/wp\/v2\/media?parent=51310"}],"wp:term":[{"taxonomy":"category","embeddable":true,"href":"https:\/\/poblenouurbandistrict.com\/ca\/wp-json\/wp\/v2\/categories?post=51310"},{"taxonomy":"post_tag","embeddable":true,"href":"https:\/\/poblenouurbandistrict.com\/ca\/wp-json\/wp\/v2\/tags?post=51310"}],"curies":[{"name":"wp","href":"https:\/\/api.w.org\/{rel}","templated":true}]}}