{"id":51664,"date":"2025-06-17T10:41:19","date_gmt":"2025-06-17T08:41:19","guid":{"rendered":"https:\/\/poblenouurbandistrict.com\/?p=51664"},"modified":"2025-06-17T16:42:43","modified_gmt":"2025-06-17T14:42:43","slug":"protopixel-celebra-10-anys-de-creacio-amb-llum-digital","status":"publish","type":"post","link":"https:\/\/poblenouurbandistrict.com\/ca\/protopixel-celebra-10-anys-de-creacio-amb-llum-digital\/","title":{"rendered":"Protopixel celebra 10 anys de creaci\u00f3 amb llum digital"},"content":{"rendered":"<p><\/p>\n<p data-start=\"13\" data-end=\"487\"><strong>Protopixel<\/strong> commemora una d\u00e8cada d&#8217;innovaci\u00f3 i creativitat en el m\u00f3n del control de llum digital. En el seu des\u00e8 aniversari, agraeix a tots els clients, projectes, col\u00b7laboradors i amistats que han format part del cam\u00ed a<strong> La Casa de la Llum, Simon SWITCH el 20 de juny de 15h a 20h.<\/strong> L&#8217;esdeveniment comptar\u00e0 amb una s\u00e8rie de xerrades, taules rodones i presentacions sobre el recorregut de Protopixel en aquests 10 anys, aix\u00ed com sobre la visi\u00f3 de futur de la plataforma i els seus projectes.<\/p>\n<p data-start=\"489\" data-end=\"1349\">De <strong>15h a 16:15h<\/strong>, hi haur\u00e0 un<strong> \u00c0gora<\/strong> moderat per \u00c1lvaro de Cozar, on membres clau de l&#8217;equip compartiran les seves hist\u00f2ries i perspectives sobre el viatge de 10 anys. De <strong>16:30h a 17:30h,<\/strong> <strong>#Constru\u00eftAmbProtopixel<\/strong>, una mirada profunda a tres visions creatives constru\u00efdes amb Protopixel, transformant les seves idees innovadores en realitat. Participaran referents com Estudi Antoni Arola Barcelona, Jordi Tamayo, Tema Studio, Anoche Lighting Design. De <strong>17:30h a 18:45h<\/strong>, <strong>10&#215;10: Deu anys, deu persones,<\/strong> una narraci\u00f3 de Protopixel explicada a trav\u00e9s de 10 figures clau que han compartit el nostre viatge de deu anys, amb Alba B. Rosado, Albert Barqu\u00e9 Duran, Inma Ruiz, Jordi Tamayo, Jordi Verdaguer, Marc Gomariz, Mathieu Felix, \u00d2scar de la Fuente i Salvi Plaja. Per acabar, de<strong> 18:45h a 19:15h,<\/strong> <strong>\u2026i una cosa m\u00e9s<\/strong>, una mirada al futur, amb: Tilman Sol\u00e9 i Joan Picanyol.<\/p>\n<p data-start=\"1351\" data-end=\"1462\">Celebra els 10 anys de Protopixel confirmant la teva assist\u00e8ncia a trav\u00e9s de l&#8217;enlla\u00e7 disponible a la <a href=\"https:\/\/www.instagram.com\/protopixel_\/\"><strong>aqu\u00ed.<\/strong><\/a><\/p>\n<p><\/p>","protected":false},"excerpt":{"rendered":"<p>Protopixel commemora una d\u00e8cada d&#8217;innovaci\u00f3 i creativitat en el m\u00f3n del control de llum digital. En el seu des\u00e8 aniversari,&#8230; <a href=\"https:\/\/poblenouurbandistrict.com\/ca\/protopixel-celebra-10-anys-de-creacio-amb-llum-digital\/\">M\u00e9s  \u2192<\/a><\/p>\n","protected":false},"author":5,"featured_media":51673,"comment_status":"closed","ping_status":"closed","sticky":false,"template":"","format":"standard","meta":{"_acf_changed":false,"footnotes":""},"categories":[3629],"tags":[],"class_list":["post-51664","post","type-post","status-publish","format-standard","has-post-thumbnail","hentry","category-xerrades"],"acf":[],"yoast_head":"<!-- This site is optimized with the Yoast SEO plugin v27.5 - https:\/\/yoast.com\/product\/yoast-seo-wordpress\/ -->\n<title>Protopixel celebra 10 anys de creaci\u00f3 amb llum digital &#8211; Poblenou Urban District<\/title>\n<meta name=\"robots\" content=\"index, follow, max-snippet:-1, max-image-preview:large, max-video-preview:-1\" \/>\n<link rel=\"canonical\" href=\"https:\/\/poblenouurbandistrict.com\/ca\/protopixel-celebra-10-anys-de-creacio-amb-llum-digital\/\" \/>\n<meta property=\"og:locale\" content=\"ca_ES\" \/>\n<meta property=\"og:type\" content=\"article\" \/>\n<meta property=\"og:title\" content=\"Protopixel celebra 10 anys de creaci\u00f3 amb llum digital &#8211; Poblenou Urban District\" \/>\n<meta property=\"og:description\" content=\"Protopixel commemora una d\u00e8cada d&#8217;innovaci\u00f3 i creativitat en el m\u00f3n del control de llum digital. En el seu des\u00e8 aniversari,... M\u00e9s \u2192\" \/>\n<meta property=\"og:url\" content=\"https:\/\/poblenouurbandistrict.com\/ca\/protopixel-celebra-10-anys-de-creacio-amb-llum-digital\/\" \/>\n<meta property=\"og:site_name\" content=\"Poblenou Urban District\" \/>\n<meta property=\"article:published_time\" content=\"2025-06-17T08:41:19+00:00\" \/>\n<meta property=\"article:modified_time\" content=\"2025-06-17T14:42:43+00:00\" \/>\n<meta property=\"og:image\" content=\"https:\/\/poblenouurbandistrict.com\/wp-content\/uploads\/2025\/06\/simon-switch-b720-fermin-vazquez-arquitectos-22-copy.jpg\" \/>\n\t<meta property=\"og:image:width\" content=\"2560\" \/>\n\t<meta property=\"og:image:height\" content=\"1741\" \/>\n\t<meta property=\"og:image:type\" content=\"image\/jpeg\" \/>\n<meta name=\"author\" content=\"pnud\" \/>\n<meta name=\"twitter:card\" content=\"summary_large_image\" \/>\n<meta name=\"twitter:label1\" content=\"Escrit per\" \/>\n\t<meta name=\"twitter:data1\" content=\"pnud\" \/>\n\t<meta name=\"twitter:label2\" content=\"Temps estimat de lectura\" \/>\n\t<meta name=\"twitter:data2\" content=\"2 minuts\" \/>\n<script type=\"application\/ld+json\" class=\"yoast-schema-graph\">{\"@context\":\"https:\\\/\\\/schema.org\",\"@graph\":[{\"@type\":\"Article\",\"@id\":\"https:\\\/\\\/poblenouurbandistrict.com\\\/protopixel-celebra-10-anys-de-creacio-amb-llum-digital\\\/#article\",\"isPartOf\":{\"@id\":\"https:\\\/\\\/poblenouurbandistrict.com\\\/protopixel-celebra-10-anys-de-creacio-amb-llum-digital\\\/\"},\"author\":{\"name\":\"pnud\",\"@id\":\"https:\\\/\\\/poblenouurbandistrict.com\\\/#\\\/schema\\\/person\\\/980a2cf34b399d5218205730acd54a7e\"},\"headline\":\"Protopixel celebra 10 anys de creaci\u00f3 amb llum digital\",\"datePublished\":\"2025-06-17T08:41:19+00:00\",\"dateModified\":\"2025-06-17T14:42:43+00:00\",\"mainEntityOfPage\":{\"@id\":\"https:\\\/\\\/poblenouurbandistrict.com\\\/protopixel-celebra-10-anys-de-creacio-amb-llum-digital\\\/\"},\"wordCount\":758,\"image\":{\"@id\":\"https:\\\/\\\/poblenouurbandistrict.com\\\/protopixel-celebra-10-anys-de-creacio-amb-llum-digital\\\/#primaryimage\"},\"thumbnailUrl\":\"https:\\\/\\\/media.poblenouurbandistrict.com\\\/2025\\\/06\\\/25091401\\\/simon-switch-b720-fermin-vazquez-arquitectos-22-copy.jpg\",\"articleSection\":[\"Xerrades\"],\"inLanguage\":\"ca\"},{\"@type\":\"WebPage\",\"@id\":\"https:\\\/\\\/poblenouurbandistrict.com\\\/ca\\\/protopixel-celebra-10-anys-de-creacio-amb-llum-digital\\\/\",\"url\":\"https:\\\/\\\/poblenouurbandistrict.com\\\/ca\\\/protopixel-celebra-10-anys-de-creacio-amb-llum-digital\\\/\",\"name\":\"Protopixel celebra 10 anys de creaci\u00f3 amb llum digital &#8211; Poblenou Urban District\",\"isPartOf\":{\"@id\":\"https:\\\/\\\/poblenouurbandistrict.com\\\/ca\\\/#website\"},\"primaryImageOfPage\":{\"@id\":\"https:\\\/\\\/poblenouurbandistrict.com\\\/ca\\\/protopixel-celebra-10-anys-de-creacio-amb-llum-digital\\\/#primaryimage\"},\"image\":{\"@id\":\"https:\\\/\\\/poblenouurbandistrict.com\\\/protopixel-celebra-10-anys-de-creacio-amb-llum-digital\\\/#primaryimage\"},\"thumbnailUrl\":\"https:\\\/\\\/media.poblenouurbandistrict.com\\\/2025\\\/06\\\/25091401\\\/simon-switch-b720-fermin-vazquez-arquitectos-22-copy.jpg\",\"datePublished\":\"2025-06-17T08:41:19+00:00\",\"dateModified\":\"2025-06-17T14:42:43+00:00\",\"author\":{\"@id\":\"https:\\\/\\\/poblenouurbandistrict.com\\\/#\\\/schema\\\/person\\\/980a2cf34b399d5218205730acd54a7e\"},\"breadcrumb\":{\"@id\":\"https:\\\/\\\/poblenouurbandistrict.com\\\/ca\\\/protopixel-celebra-10-anys-de-creacio-amb-llum-digital\\\/#breadcrumb\"},\"inLanguage\":\"ca\",\"potentialAction\":[{\"@type\":\"ReadAction\",\"target\":[[\"https:\\\/\\\/poblenouurbandistrict.com\\\/ca\\\/protopixel-celebra-10-anys-de-creacio-amb-llum-digital\\\/\"]]}]},{\"@type\":\"ImageObject\",\"inLanguage\":\"ca\",\"@id\":\"https:\\\/\\\/poblenouurbandistrict.com\\\/ca\\\/protopixel-celebra-10-anys-de-creacio-amb-llum-digital\\\/#primaryimage\",\"url\":\"https:\\\/\\\/media.poblenouurbandistrict.com\\\/2025\\\/06\\\/25091401\\\/simon-switch-b720-fermin-vazquez-arquitectos-22-copy.jpg\",\"contentUrl\":\"https:\\\/\\\/media.poblenouurbandistrict.com\\\/2025\\\/06\\\/25091401\\\/simon-switch-b720-fermin-vazquez-arquitectos-22-copy.jpg\",\"width\":2560,\"height\":1741},{\"@type\":\"BreadcrumbList\",\"@id\":\"https:\\\/\\\/poblenouurbandistrict.com\\\/ca\\\/protopixel-celebra-10-anys-de-creacio-amb-llum-digital\\\/#breadcrumb\",\"itemListElement\":[{\"@type\":\"ListItem\",\"position\":1,\"name\":\"Home\",\"item\":\"https:\\\/\\\/poblenouurbandistrict.com\\\/ca\\\/\"},{\"@type\":\"ListItem\",\"position\":2,\"name\":\"Protopixel celebra 10 anys de creaci\u00f3 amb llum digital\"}]},{\"@type\":\"WebSite\",\"@id\":\"https:\\\/\\\/poblenouurbandistrict.com\\\/ca\\\/#website\",\"url\":\"https:\\\/\\\/poblenouurbandistrict.com\\\/ca\\\/\",\"name\":\"Poblenou Urban District\",\"description\":\"Comunitat Creativa\",\"potentialAction\":[{\"@type\":\"SearchAction\",\"target\":{\"@type\":\"EntryPoint\",\"urlTemplate\":\"https:\\\/\\\/poblenouurbandistrict.com\\\/ca\\\/?s={search_term_string}\"},\"query-input\":{\"@type\":\"PropertyValueSpecification\",\"valueRequired\":true,\"valueName\":\"search_term_string\"}}],\"inLanguage\":\"ca\"},{\"@type\":\"Person\",\"@id\":\"https:\\\/\\\/poblenouurbandistrict.com\\\/#\\\/schema\\\/person\\\/980a2cf34b399d5218205730acd54a7e\",\"name\":\"pnud\",\"image\":{\"@type\":\"ImageObject\",\"inLanguage\":\"ca\",\"@id\":\"https:\\\/\\\/secure.gravatar.com\\\/avatar\\\/67146597b405ee077a24e519f75c3e2031736596d6ce35af3a34c122c93d0d7b?s=96&d=retro&r=g\",\"url\":\"https:\\\/\\\/secure.gravatar.com\\\/avatar\\\/67146597b405ee077a24e519f75c3e2031736596d6ce35af3a34c122c93d0d7b?s=96&d=retro&r=g\",\"contentUrl\":\"https:\\\/\\\/secure.gravatar.com\\\/avatar\\\/67146597b405ee077a24e519f75c3e2031736596d6ce35af3a34c122c93d0d7b?s=96&d=retro&r=g\",\"caption\":\"pnud\"}}]}<\/script>\n<!-- \/ Yoast SEO plugin. -->","yoast_head_json":{"title":"Protopixel celebra 10 anys de creaci\u00f3 amb llum digital &#8211; Poblenou Urban District","robots":{"index":"index","follow":"follow","max-snippet":"max-snippet:-1","max-image-preview":"max-image-preview:large","max-video-preview":"max-video-preview:-1"},"canonical":"https:\/\/poblenouurbandistrict.com\/ca\/protopixel-celebra-10-anys-de-creacio-amb-llum-digital\/","og_locale":"ca_ES","og_type":"article","og_title":"Protopixel celebra 10 anys de creaci\u00f3 amb llum digital &#8211; Poblenou Urban District","og_description":"Protopixel commemora una d\u00e8cada d&#8217;innovaci\u00f3 i creativitat en el m\u00f3n del control de llum digital. En el seu des\u00e8 aniversari,... M\u00e9s \u2192","og_url":"https:\/\/poblenouurbandistrict.com\/ca\/protopixel-celebra-10-anys-de-creacio-amb-llum-digital\/","og_site_name":"Poblenou Urban District","article_published_time":"2025-06-17T08:41:19+00:00","article_modified_time":"2025-06-17T14:42:43+00:00","og_image":[{"width":2560,"height":1741,"url":"https:\/\/poblenouurbandistrict.com\/wp-content\/uploads\/2025\/06\/simon-switch-b720-fermin-vazquez-arquitectos-22-copy.jpg","type":"image\/jpeg"}],"author":"pnud","twitter_card":"summary_large_image","twitter_misc":{"Escrit per":"pnud","Temps estimat de lectura":"2 minuts"},"schema":{"@context":"https:\/\/schema.org","@graph":[{"@type":"Article","@id":"https:\/\/poblenouurbandistrict.com\/protopixel-celebra-10-anys-de-creacio-amb-llum-digital\/#article","isPartOf":{"@id":"https:\/\/poblenouurbandistrict.com\/protopixel-celebra-10-anys-de-creacio-amb-llum-digital\/"},"author":{"name":"pnud","@id":"https:\/\/poblenouurbandistrict.com\/#\/schema\/person\/980a2cf34b399d5218205730acd54a7e"},"headline":"Protopixel celebra 10 anys de creaci\u00f3 amb llum digital","datePublished":"2025-06-17T08:41:19+00:00","dateModified":"2025-06-17T14:42:43+00:00","mainEntityOfPage":{"@id":"https:\/\/poblenouurbandistrict.com\/protopixel-celebra-10-anys-de-creacio-amb-llum-digital\/"},"wordCount":758,"image":{"@id":"https:\/\/poblenouurbandistrict.com\/protopixel-celebra-10-anys-de-creacio-amb-llum-digital\/#primaryimage"},"thumbnailUrl":"https:\/\/media.poblenouurbandistrict.com\/2025\/06\/25091401\/simon-switch-b720-fermin-vazquez-arquitectos-22-copy.jpg","articleSection":["Xerrades"],"inLanguage":"ca"},{"@type":"WebPage","@id":"https:\/\/poblenouurbandistrict.com\/ca\/protopixel-celebra-10-anys-de-creacio-amb-llum-digital\/","url":"https:\/\/poblenouurbandistrict.com\/ca\/protopixel-celebra-10-anys-de-creacio-amb-llum-digital\/","name":"Protopixel celebra 10 anys de creaci\u00f3 amb llum digital &#8211; Poblenou Urban District","isPartOf":{"@id":"https:\/\/poblenouurbandistrict.com\/ca\/#website"},"primaryImageOfPage":{"@id":"https:\/\/poblenouurbandistrict.com\/ca\/protopixel-celebra-10-anys-de-creacio-amb-llum-digital\/#primaryimage"},"image":{"@id":"https:\/\/poblenouurbandistrict.com\/protopixel-celebra-10-anys-de-creacio-amb-llum-digital\/#primaryimage"},"thumbnailUrl":"https:\/\/media.poblenouurbandistrict.com\/2025\/06\/25091401\/simon-switch-b720-fermin-vazquez-arquitectos-22-copy.jpg","datePublished":"2025-06-17T08:41:19+00:00","dateModified":"2025-06-17T14:42:43+00:00","author":{"@id":"https:\/\/poblenouurbandistrict.com\/#\/schema\/person\/980a2cf34b399d5218205730acd54a7e"},"breadcrumb":{"@id":"https:\/\/poblenouurbandistrict.com\/ca\/protopixel-celebra-10-anys-de-creacio-amb-llum-digital\/#breadcrumb"},"inLanguage":"ca","potentialAction":[{"@type":"ReadAction","target":[["https:\/\/poblenouurbandistrict.com\/ca\/protopixel-celebra-10-anys-de-creacio-amb-llum-digital\/"]]}]},{"@type":"ImageObject","inLanguage":"ca","@id":"https:\/\/poblenouurbandistrict.com\/ca\/protopixel-celebra-10-anys-de-creacio-amb-llum-digital\/#primaryimage","url":"https:\/\/media.poblenouurbandistrict.com\/2025\/06\/25091401\/simon-switch-b720-fermin-vazquez-arquitectos-22-copy.jpg","contentUrl":"https:\/\/media.poblenouurbandistrict.com\/2025\/06\/25091401\/simon-switch-b720-fermin-vazquez-arquitectos-22-copy.jpg","width":2560,"height":1741},{"@type":"BreadcrumbList","@id":"https:\/\/poblenouurbandistrict.com\/ca\/protopixel-celebra-10-anys-de-creacio-amb-llum-digital\/#breadcrumb","itemListElement":[{"@type":"ListItem","position":1,"name":"Home","item":"https:\/\/poblenouurbandistrict.com\/ca\/"},{"@type":"ListItem","position":2,"name":"Protopixel celebra 10 anys de creaci\u00f3 amb llum digital"}]},{"@type":"WebSite","@id":"https:\/\/poblenouurbandistrict.com\/ca\/#website","url":"https:\/\/poblenouurbandistrict.com\/ca\/","name":"Poblenou Urban District","description":"Comunitat Creativa","potentialAction":[{"@type":"SearchAction","target":{"@type":"EntryPoint","urlTemplate":"https:\/\/poblenouurbandistrict.com\/ca\/?s={search_term_string}"},"query-input":{"@type":"PropertyValueSpecification","valueRequired":true,"valueName":"search_term_string"}}],"inLanguage":"ca"},{"@type":"Person","@id":"https:\/\/poblenouurbandistrict.com\/#\/schema\/person\/980a2cf34b399d5218205730acd54a7e","name":"pnud","image":{"@type":"ImageObject","inLanguage":"ca","@id":"https:\/\/secure.gravatar.com\/avatar\/67146597b405ee077a24e519f75c3e2031736596d6ce35af3a34c122c93d0d7b?s=96&d=retro&r=g","url":"https:\/\/secure.gravatar.com\/avatar\/67146597b405ee077a24e519f75c3e2031736596d6ce35af3a34c122c93d0d7b?s=96&d=retro&r=g","contentUrl":"https:\/\/secure.gravatar.com\/avatar\/67146597b405ee077a24e519f75c3e2031736596d6ce35af3a34c122c93d0d7b?s=96&d=retro&r=g","caption":"pnud"}}]}},"_links":{"self":[{"href":"https:\/\/poblenouurbandistrict.com\/ca\/wp-json\/wp\/v2\/posts\/51664","targetHints":{"allow":["GET"]}}],"collection":[{"href":"https:\/\/poblenouurbandistrict.com\/ca\/wp-json\/wp\/v2\/posts"}],"about":[{"href":"https:\/\/poblenouurbandistrict.com\/ca\/wp-json\/wp\/v2\/types\/post"}],"author":[{"embeddable":true,"href":"https:\/\/poblenouurbandistrict.com\/ca\/wp-json\/wp\/v2\/users\/5"}],"replies":[{"embeddable":true,"href":"https:\/\/poblenouurbandistrict.com\/ca\/wp-json\/wp\/v2\/comments?post=51664"}],"version-history":[{"count":8,"href":"https:\/\/poblenouurbandistrict.com\/ca\/wp-json\/wp\/v2\/posts\/51664\/revisions"}],"predecessor-version":[{"id":51672,"href":"https:\/\/poblenouurbandistrict.com\/ca\/wp-json\/wp\/v2\/posts\/51664\/revisions\/51672"}],"wp:featuredmedia":[{"embeddable":true,"href":"https:\/\/poblenouurbandistrict.com\/ca\/wp-json\/wp\/v2\/media\/51673"}],"wp:attachment":[{"href":"https:\/\/poblenouurbandistrict.com\/ca\/wp-json\/wp\/v2\/media?parent=51664"}],"wp:term":[{"taxonomy":"category","embeddable":true,"href":"https:\/\/poblenouurbandistrict.com\/ca\/wp-json\/wp\/v2\/categories?post=51664"},{"taxonomy":"post_tag","embeddable":true,"href":"https:\/\/poblenouurbandistrict.com\/ca\/wp-json\/wp\/v2\/tags?post=51664"}],"curies":[{"name":"wp","href":"https:\/\/api.w.org\/{rel}","templated":true}]}}