{"id":52015,"date":"2025-07-31T12:15:47","date_gmt":"2025-07-31T10:15:47","guid":{"rendered":"https:\/\/poblenouurbandistrict.com\/?p=52015"},"modified":"2025-07-31T12:16:36","modified_gmt":"2025-07-31T10:16:36","slug":"el-tnc-arrenca-la-temporada-2025%e2%80%912026-al-setembre-amb-tres-grans-estrenes","status":"publish","type":"post","link":"https:\/\/poblenouurbandistrict.com\/ca\/el-tnc-arrenca-la-temporada-2025%e2%80%912026-al-setembre-amb-tres-grans-estrenes\/","title":{"rendered":"El TNC arrenca la temporada 2025\u20112026 al setembre amb tres grans estrenes"},"content":{"rendered":"<p><\/p>\n<p class=\"sr-only\"><span style=\"font-size: 16px;\">El <\/span><strong>Teatre Nacional de Catalunya<\/strong> <span style=\"font-size: 16px;\">dona el tret de sortida a la temporada 2025-2026 amb tres produccions destacades que posen en relleu la creaci\u00f3 contempor\u00e0nia i la veu femenina. A partir del <\/span>24 de setembre<span style=\"font-size: 16px;\">, la <\/span>Sala Gran<span style=\"font-size: 16px;\"> acull <\/span><em style=\"font-size: 16px;\" data-start=\"243\" data-end=\"267\">La mort i la primavera<\/em><span style=\"font-size: 16px;\">, una proposta visual i coreogr\u00e0fica de <\/span>La Veronal<span style=\"font-size: 16px;\"> basada en l\u2019obra p\u00f2stuma de <\/span>Merc\u00e8 Rodoreda<span style=\"font-size: 16px;\">, que s\u2019estrena pr\u00e8viament a la Biennal de Ven\u00e8cia. Paral\u00b7lelament, a la <\/span>Sala Tallers<span style=\"font-size: 16px;\">, s\u2019hi podr\u00e0 veure <\/span><em style=\"font-size: 16px;\" data-start=\"476\" data-end=\"496\">La filla de l\u2019aire<\/em><span style=\"font-size: 16px;\"> (2\u201319 d\u2019octubre), un espectacle de <\/span>Raimon Molins<span style=\"font-size: 16px;\"> que recupera la figura de la ballarina Roseta Mauri.<\/span><\/p>\n<div class=\"text-base my-auto mx-auto pb-10 [--thread-content-margin:--spacing(4)] @[37rem]:[--thread-content-margin:--spacing(6)] @[72rem]:[--thread-content-margin:--spacing(16)] px-(--thread-content-margin)\">\n<div class=\"[--thread-content-max-width:32rem] @[34rem]:[--thread-content-max-width:40rem] @[64rem]:[--thread-content-max-width:48rem] mx-auto max-w-(--thread-content-max-width) flex-1 group\/turn-messages focus-visible:outline-hidden relative flex w-full min-w-0 flex-col agent-turn\" tabindex=\"-1\">\n<div class=\"flex max-w-full flex-col grow\">\n<div class=\"min-h-8 text-message relative flex w-full flex-col items-end gap-2 text-start break-words whitespace-normal [.text-message+&amp;]:mt-5\" dir=\"auto\" data-message-author-role=\"assistant\" data-message-id=\"522e266b-f85a-4007-b9e4-694378fc7466\" data-message-model-slug=\"gpt-4o\">\n<div class=\"flex w-full flex-col gap-1 empty:hidden first:pt-[3px]\">\n<div class=\"markdown prose dark:prose-invert w-full break-words light\">\n<p data-start=\"604\" data-end=\"1015\">El dia 9 d\u2019octubre, la Sala Petita estrenar\u00e0 <em data-start=\"657\" data-end=\"664\">Boira<\/em>, un text de Llu\u00efsa Cunill\u00e9 dirigit per Lurdes Barba, que reflexiona sobre la corrupci\u00f3 i la mem\u00f2ria a trav\u00e9s d\u2019un retrat \u00edntim i incisiu de tres personatges. Aquestes primeres obres exemplifiquen l\u2019eix tem\u00e0tic de la temporada: \u201cApropiar-se del relat\u201d, amb una clara voluntat de donar protagonisme a les narratives femenines i compromeses.<\/p>\n<p data-start=\"1017\" data-end=\"1380\" data-is-last-node=\"\" data-is-only-node=\"\">En total, el TNC presenta una temporada amb 32 espectacles, dels quals 7 s\u00f3n produccions pr\u00f2pies, i consolida l\u2019\u00e8xit de la temporada anterior, amb un 87\u202f% d\u2019ocupaci\u00f3.<\/p>\n<p data-start=\"1017\" data-end=\"1380\" data-is-last-node=\"\" data-is-only-node=\"\">M\u00e9s informaci\u00f3 i entrades a <a href=\"https:\/\/www.tnc.cat\/\">www.tnc.cat<\/a>.<\/p>\n<\/div>\n<\/div>\n<\/div>\n<\/div>\n<\/div>\n<\/div>\n<p><\/p>","protected":false},"excerpt":{"rendered":"<p>El Teatre Nacional de Catalunya dona el tret de sortida a la temporada 2025-2026 amb tres produccions destacades que posen&#8230; <a href=\"https:\/\/poblenouurbandistrict.com\/ca\/el-tnc-arrenca-la-temporada-2025%e2%80%912026-al-setembre-amb-tres-grans-estrenes\/\">M\u00e9s  \u2192<\/a><\/p>\n","protected":false},"author":5,"featured_media":52016,"comment_status":"closed","ping_status":"closed","sticky":false,"template":"","format":"standard","meta":{"_acf_changed":false,"footnotes":""},"categories":[3560],"tags":[],"class_list":["post-52015","post","type-post","status-publish","format-standard","has-post-thumbnail","hentry","category-teatre"],"acf":[],"yoast_head":"<!-- This site is optimized with the Yoast SEO plugin v27.5 - https:\/\/yoast.com\/product\/yoast-seo-wordpress\/ -->\n<title>El TNC arrenca la temporada 2025\u20112026 al setembre amb tres grans estrenes &#8211; Poblenou Urban District<\/title>\n<meta name=\"robots\" content=\"index, follow, max-snippet:-1, max-image-preview:large, max-video-preview:-1\" \/>\n<link rel=\"canonical\" href=\"https:\/\/poblenouurbandistrict.com\/ca\/el-tnc-arrenca-la-temporada-2025\u20112026-al-setembre-amb-tres-grans-estrenes\/\" \/>\n<meta property=\"og:locale\" content=\"ca_ES\" \/>\n<meta property=\"og:type\" content=\"article\" \/>\n<meta property=\"og:title\" content=\"El TNC arrenca la temporada 2025\u20112026 al setembre amb tres grans estrenes &#8211; Poblenou Urban District\" \/>\n<meta property=\"og:description\" content=\"El Teatre Nacional de Catalunya dona el tret de sortida a la temporada 2025-2026 amb tres produccions destacades que posen... M\u00e9s \u2192\" \/>\n<meta property=\"og:url\" content=\"https:\/\/poblenouurbandistrict.com\/ca\/el-tnc-arrenca-la-temporada-2025\u20112026-al-setembre-amb-tres-grans-estrenes\/\" \/>\n<meta property=\"og:site_name\" content=\"Poblenou Urban District\" \/>\n<meta property=\"article:published_time\" content=\"2025-07-31T10:15:47+00:00\" \/>\n<meta property=\"article:modified_time\" content=\"2025-07-31T10:16:36+00:00\" \/>\n<meta property=\"og:image\" content=\"https:\/\/poblenouurbandistrict.com\/wp-content\/uploads\/2025\/07\/740x740-boira-e1753956975730.jpg\" \/>\n\t<meta property=\"og:image:width\" content=\"739\" \/>\n\t<meta property=\"og:image:height\" content=\"426\" \/>\n\t<meta property=\"og:image:type\" content=\"image\/jpeg\" \/>\n<meta name=\"author\" content=\"pnud\" \/>\n<meta name=\"twitter:card\" content=\"summary_large_image\" \/>\n<meta name=\"twitter:label1\" content=\"Escrit per\" \/>\n\t<meta name=\"twitter:data1\" content=\"pnud\" \/>\n\t<meta name=\"twitter:label2\" content=\"Temps estimat de lectura\" \/>\n\t<meta name=\"twitter:data2\" content=\"2 minuts\" \/>\n<script type=\"application\/ld+json\" class=\"yoast-schema-graph\">{\"@context\":\"https:\\\/\\\/schema.org\",\"@graph\":[{\"@type\":\"Article\",\"@id\":\"https:\\\/\\\/poblenouurbandistrict.com\\\/el-tnc-arrenca-la-temporada-2025%e2%80%912026-al-setembre-amb-tres-grans-estrenes\\\/#article\",\"isPartOf\":{\"@id\":\"https:\\\/\\\/poblenouurbandistrict.com\\\/el-tnc-arrenca-la-temporada-2025%e2%80%912026-al-setembre-amb-tres-grans-estrenes\\\/\"},\"author\":{\"name\":\"pnud\",\"@id\":\"https:\\\/\\\/poblenouurbandistrict.com\\\/#\\\/schema\\\/person\\\/980a2cf34b399d5218205730acd54a7e\"},\"headline\":\"El TNC arrenca la temporada 2025\u20112026 al setembre amb tres grans estrenes\",\"datePublished\":\"2025-07-31T10:15:47+00:00\",\"dateModified\":\"2025-07-31T10:16:36+00:00\",\"mainEntityOfPage\":{\"@id\":\"https:\\\/\\\/poblenouurbandistrict.com\\\/el-tnc-arrenca-la-temporada-2025%e2%80%912026-al-setembre-amb-tres-grans-estrenes\\\/\"},\"wordCount\":622,\"image\":{\"@id\":\"https:\\\/\\\/poblenouurbandistrict.com\\\/el-tnc-arrenca-la-temporada-2025%e2%80%912026-al-setembre-amb-tres-grans-estrenes\\\/#primaryimage\"},\"thumbnailUrl\":\"https:\\\/\\\/media.poblenouurbandistrict.com\\\/2025\\\/07\\\/25092117\\\/740x740-boira-e1753956975730.jpg\",\"articleSection\":[\"Teatre\"],\"inLanguage\":\"ca\"},{\"@type\":\"WebPage\",\"@id\":\"https:\\\/\\\/poblenouurbandistrict.com\\\/ca\\\/el-tnc-arrenca-la-temporada-2025%e2%80%912026-al-setembre-amb-tres-grans-estrenes\\\/\",\"url\":\"https:\\\/\\\/poblenouurbandistrict.com\\\/ca\\\/el-tnc-arrenca-la-temporada-2025%e2%80%912026-al-setembre-amb-tres-grans-estrenes\\\/\",\"name\":\"El TNC arrenca la temporada 2025\u20112026 al setembre amb tres grans estrenes &#8211; Poblenou Urban District\",\"isPartOf\":{\"@id\":\"https:\\\/\\\/poblenouurbandistrict.com\\\/ca\\\/#website\"},\"primaryImageOfPage\":{\"@id\":\"https:\\\/\\\/poblenouurbandistrict.com\\\/ca\\\/el-tnc-arrenca-la-temporada-2025%e2%80%912026-al-setembre-amb-tres-grans-estrenes\\\/#primaryimage\"},\"image\":{\"@id\":\"https:\\\/\\\/poblenouurbandistrict.com\\\/el-tnc-arrenca-la-temporada-2025%e2%80%912026-al-setembre-amb-tres-grans-estrenes\\\/#primaryimage\"},\"thumbnailUrl\":\"https:\\\/\\\/media.poblenouurbandistrict.com\\\/2025\\\/07\\\/25092117\\\/740x740-boira-e1753956975730.jpg\",\"datePublished\":\"2025-07-31T10:15:47+00:00\",\"dateModified\":\"2025-07-31T10:16:36+00:00\",\"author\":{\"@id\":\"https:\\\/\\\/poblenouurbandistrict.com\\\/#\\\/schema\\\/person\\\/980a2cf34b399d5218205730acd54a7e\"},\"breadcrumb\":{\"@id\":\"https:\\\/\\\/poblenouurbandistrict.com\\\/ca\\\/el-tnc-arrenca-la-temporada-2025%e2%80%912026-al-setembre-amb-tres-grans-estrenes\\\/#breadcrumb\"},\"inLanguage\":\"ca\",\"potentialAction\":[{\"@type\":\"ReadAction\",\"target\":[[\"https:\\\/\\\/poblenouurbandistrict.com\\\/ca\\\/el-tnc-arrenca-la-temporada-2025%e2%80%912026-al-setembre-amb-tres-grans-estrenes\\\/\"]]}]},{\"@type\":\"ImageObject\",\"inLanguage\":\"ca\",\"@id\":\"https:\\\/\\\/poblenouurbandistrict.com\\\/ca\\\/el-tnc-arrenca-la-temporada-2025%e2%80%912026-al-setembre-amb-tres-grans-estrenes\\\/#primaryimage\",\"url\":\"https:\\\/\\\/media.poblenouurbandistrict.com\\\/2025\\\/07\\\/25092117\\\/740x740-boira-e1753956975730.jpg\",\"contentUrl\":\"https:\\\/\\\/media.poblenouurbandistrict.com\\\/2025\\\/07\\\/25092117\\\/740x740-boira-e1753956975730.jpg\",\"width\":739,\"height\":426},{\"@type\":\"BreadcrumbList\",\"@id\":\"https:\\\/\\\/poblenouurbandistrict.com\\\/ca\\\/el-tnc-arrenca-la-temporada-2025%e2%80%912026-al-setembre-amb-tres-grans-estrenes\\\/#breadcrumb\",\"itemListElement\":[{\"@type\":\"ListItem\",\"position\":1,\"name\":\"Home\",\"item\":\"https:\\\/\\\/poblenouurbandistrict.com\\\/ca\\\/\"},{\"@type\":\"ListItem\",\"position\":2,\"name\":\"El TNC arrenca la temporada 2025\u20112026 al setembre amb tres grans estrenes\"}]},{\"@type\":\"WebSite\",\"@id\":\"https:\\\/\\\/poblenouurbandistrict.com\\\/ca\\\/#website\",\"url\":\"https:\\\/\\\/poblenouurbandistrict.com\\\/ca\\\/\",\"name\":\"Poblenou Urban District\",\"description\":\"Comunitat Creativa\",\"potentialAction\":[{\"@type\":\"SearchAction\",\"target\":{\"@type\":\"EntryPoint\",\"urlTemplate\":\"https:\\\/\\\/poblenouurbandistrict.com\\\/ca\\\/?s={search_term_string}\"},\"query-input\":{\"@type\":\"PropertyValueSpecification\",\"valueRequired\":true,\"valueName\":\"search_term_string\"}}],\"inLanguage\":\"ca\"},{\"@type\":\"Person\",\"@id\":\"https:\\\/\\\/poblenouurbandistrict.com\\\/#\\\/schema\\\/person\\\/980a2cf34b399d5218205730acd54a7e\",\"name\":\"pnud\",\"image\":{\"@type\":\"ImageObject\",\"inLanguage\":\"ca\",\"@id\":\"https:\\\/\\\/secure.gravatar.com\\\/avatar\\\/67146597b405ee077a24e519f75c3e2031736596d6ce35af3a34c122c93d0d7b?s=96&d=retro&r=g\",\"url\":\"https:\\\/\\\/secure.gravatar.com\\\/avatar\\\/67146597b405ee077a24e519f75c3e2031736596d6ce35af3a34c122c93d0d7b?s=96&d=retro&r=g\",\"contentUrl\":\"https:\\\/\\\/secure.gravatar.com\\\/avatar\\\/67146597b405ee077a24e519f75c3e2031736596d6ce35af3a34c122c93d0d7b?s=96&d=retro&r=g\",\"caption\":\"pnud\"}}]}<\/script>\n<!-- \/ Yoast SEO plugin. -->","yoast_head_json":{"title":"El TNC arrenca la temporada 2025\u20112026 al setembre amb tres grans estrenes &#8211; Poblenou Urban District","robots":{"index":"index","follow":"follow","max-snippet":"max-snippet:-1","max-image-preview":"max-image-preview:large","max-video-preview":"max-video-preview:-1"},"canonical":"https:\/\/poblenouurbandistrict.com\/ca\/el-tnc-arrenca-la-temporada-2025\u20112026-al-setembre-amb-tres-grans-estrenes\/","og_locale":"ca_ES","og_type":"article","og_title":"El TNC arrenca la temporada 2025\u20112026 al setembre amb tres grans estrenes &#8211; Poblenou Urban District","og_description":"El Teatre Nacional de Catalunya dona el tret de sortida a la temporada 2025-2026 amb tres produccions destacades que posen... M\u00e9s \u2192","og_url":"https:\/\/poblenouurbandistrict.com\/ca\/el-tnc-arrenca-la-temporada-2025\u20112026-al-setembre-amb-tres-grans-estrenes\/","og_site_name":"Poblenou Urban District","article_published_time":"2025-07-31T10:15:47+00:00","article_modified_time":"2025-07-31T10:16:36+00:00","og_image":[{"width":739,"height":426,"url":"https:\/\/poblenouurbandistrict.com\/wp-content\/uploads\/2025\/07\/740x740-boira-e1753956975730.jpg","type":"image\/jpeg"}],"author":"pnud","twitter_card":"summary_large_image","twitter_misc":{"Escrit per":"pnud","Temps estimat de lectura":"2 minuts"},"schema":{"@context":"https:\/\/schema.org","@graph":[{"@type":"Article","@id":"https:\/\/poblenouurbandistrict.com\/el-tnc-arrenca-la-temporada-2025%e2%80%912026-al-setembre-amb-tres-grans-estrenes\/#article","isPartOf":{"@id":"https:\/\/poblenouurbandistrict.com\/el-tnc-arrenca-la-temporada-2025%e2%80%912026-al-setembre-amb-tres-grans-estrenes\/"},"author":{"name":"pnud","@id":"https:\/\/poblenouurbandistrict.com\/#\/schema\/person\/980a2cf34b399d5218205730acd54a7e"},"headline":"El TNC arrenca la temporada 2025\u20112026 al setembre amb tres grans estrenes","datePublished":"2025-07-31T10:15:47+00:00","dateModified":"2025-07-31T10:16:36+00:00","mainEntityOfPage":{"@id":"https:\/\/poblenouurbandistrict.com\/el-tnc-arrenca-la-temporada-2025%e2%80%912026-al-setembre-amb-tres-grans-estrenes\/"},"wordCount":622,"image":{"@id":"https:\/\/poblenouurbandistrict.com\/el-tnc-arrenca-la-temporada-2025%e2%80%912026-al-setembre-amb-tres-grans-estrenes\/#primaryimage"},"thumbnailUrl":"https:\/\/media.poblenouurbandistrict.com\/2025\/07\/25092117\/740x740-boira-e1753956975730.jpg","articleSection":["Teatre"],"inLanguage":"ca"},{"@type":"WebPage","@id":"https:\/\/poblenouurbandistrict.com\/ca\/el-tnc-arrenca-la-temporada-2025%e2%80%912026-al-setembre-amb-tres-grans-estrenes\/","url":"https:\/\/poblenouurbandistrict.com\/ca\/el-tnc-arrenca-la-temporada-2025%e2%80%912026-al-setembre-amb-tres-grans-estrenes\/","name":"El TNC arrenca la temporada 2025\u20112026 al setembre amb tres grans estrenes &#8211; Poblenou Urban District","isPartOf":{"@id":"https:\/\/poblenouurbandistrict.com\/ca\/#website"},"primaryImageOfPage":{"@id":"https:\/\/poblenouurbandistrict.com\/ca\/el-tnc-arrenca-la-temporada-2025%e2%80%912026-al-setembre-amb-tres-grans-estrenes\/#primaryimage"},"image":{"@id":"https:\/\/poblenouurbandistrict.com\/el-tnc-arrenca-la-temporada-2025%e2%80%912026-al-setembre-amb-tres-grans-estrenes\/#primaryimage"},"thumbnailUrl":"https:\/\/media.poblenouurbandistrict.com\/2025\/07\/25092117\/740x740-boira-e1753956975730.jpg","datePublished":"2025-07-31T10:15:47+00:00","dateModified":"2025-07-31T10:16:36+00:00","author":{"@id":"https:\/\/poblenouurbandistrict.com\/#\/schema\/person\/980a2cf34b399d5218205730acd54a7e"},"breadcrumb":{"@id":"https:\/\/poblenouurbandistrict.com\/ca\/el-tnc-arrenca-la-temporada-2025%e2%80%912026-al-setembre-amb-tres-grans-estrenes\/#breadcrumb"},"inLanguage":"ca","potentialAction":[{"@type":"ReadAction","target":[["https:\/\/poblenouurbandistrict.com\/ca\/el-tnc-arrenca-la-temporada-2025%e2%80%912026-al-setembre-amb-tres-grans-estrenes\/"]]}]},{"@type":"ImageObject","inLanguage":"ca","@id":"https:\/\/poblenouurbandistrict.com\/ca\/el-tnc-arrenca-la-temporada-2025%e2%80%912026-al-setembre-amb-tres-grans-estrenes\/#primaryimage","url":"https:\/\/media.poblenouurbandistrict.com\/2025\/07\/25092117\/740x740-boira-e1753956975730.jpg","contentUrl":"https:\/\/media.poblenouurbandistrict.com\/2025\/07\/25092117\/740x740-boira-e1753956975730.jpg","width":739,"height":426},{"@type":"BreadcrumbList","@id":"https:\/\/poblenouurbandistrict.com\/ca\/el-tnc-arrenca-la-temporada-2025%e2%80%912026-al-setembre-amb-tres-grans-estrenes\/#breadcrumb","itemListElement":[{"@type":"ListItem","position":1,"name":"Home","item":"https:\/\/poblenouurbandistrict.com\/ca\/"},{"@type":"ListItem","position":2,"name":"El TNC arrenca la temporada 2025\u20112026 al setembre amb tres grans estrenes"}]},{"@type":"WebSite","@id":"https:\/\/poblenouurbandistrict.com\/ca\/#website","url":"https:\/\/poblenouurbandistrict.com\/ca\/","name":"Poblenou Urban District","description":"Comunitat Creativa","potentialAction":[{"@type":"SearchAction","target":{"@type":"EntryPoint","urlTemplate":"https:\/\/poblenouurbandistrict.com\/ca\/?s={search_term_string}"},"query-input":{"@type":"PropertyValueSpecification","valueRequired":true,"valueName":"search_term_string"}}],"inLanguage":"ca"},{"@type":"Person","@id":"https:\/\/poblenouurbandistrict.com\/#\/schema\/person\/980a2cf34b399d5218205730acd54a7e","name":"pnud","image":{"@type":"ImageObject","inLanguage":"ca","@id":"https:\/\/secure.gravatar.com\/avatar\/67146597b405ee077a24e519f75c3e2031736596d6ce35af3a34c122c93d0d7b?s=96&d=retro&r=g","url":"https:\/\/secure.gravatar.com\/avatar\/67146597b405ee077a24e519f75c3e2031736596d6ce35af3a34c122c93d0d7b?s=96&d=retro&r=g","contentUrl":"https:\/\/secure.gravatar.com\/avatar\/67146597b405ee077a24e519f75c3e2031736596d6ce35af3a34c122c93d0d7b?s=96&d=retro&r=g","caption":"pnud"}}]}},"_links":{"self":[{"href":"https:\/\/poblenouurbandistrict.com\/ca\/wp-json\/wp\/v2\/posts\/52015","targetHints":{"allow":["GET"]}}],"collection":[{"href":"https:\/\/poblenouurbandistrict.com\/ca\/wp-json\/wp\/v2\/posts"}],"about":[{"href":"https:\/\/poblenouurbandistrict.com\/ca\/wp-json\/wp\/v2\/types\/post"}],"author":[{"embeddable":true,"href":"https:\/\/poblenouurbandistrict.com\/ca\/wp-json\/wp\/v2\/users\/5"}],"replies":[{"embeddable":true,"href":"https:\/\/poblenouurbandistrict.com\/ca\/wp-json\/wp\/v2\/comments?post=52015"}],"version-history":[{"count":1,"href":"https:\/\/poblenouurbandistrict.com\/ca\/wp-json\/wp\/v2\/posts\/52015\/revisions"}],"predecessor-version":[{"id":52019,"href":"https:\/\/poblenouurbandistrict.com\/ca\/wp-json\/wp\/v2\/posts\/52015\/revisions\/52019"}],"wp:featuredmedia":[{"embeddable":true,"href":"https:\/\/poblenouurbandistrict.com\/ca\/wp-json\/wp\/v2\/media\/52016"}],"wp:attachment":[{"href":"https:\/\/poblenouurbandistrict.com\/ca\/wp-json\/wp\/v2\/media?parent=52015"}],"wp:term":[{"taxonomy":"category","embeddable":true,"href":"https:\/\/poblenouurbandistrict.com\/ca\/wp-json\/wp\/v2\/categories?post=52015"},{"taxonomy":"post_tag","embeddable":true,"href":"https:\/\/poblenouurbandistrict.com\/ca\/wp-json\/wp\/v2\/tags?post=52015"}],"curies":[{"name":"wp","href":"https:\/\/api.w.org\/{rel}","templated":true}]}}