{"id":54029,"date":"2025-12-11T10:51:20","date_gmt":"2025-12-11T09:51:20","guid":{"rendered":"https:\/\/poblenouurbandistrict.com\/?p=54029"},"modified":"2025-12-11T10:51:29","modified_gmt":"2025-12-11T09:51:29","slug":"el-teatre-nacional-estrena-jambo-bwana-de-manel-dueso","status":"publish","type":"post","link":"https:\/\/poblenouurbandistrict.com\/ca\/el-teatre-nacional-estrena-jambo-bwana-de-manel-dueso\/","title":{"rendered":"El Teatre Nacional estrena Jambo Bwana de Manel Dueso"},"content":{"rendered":"<p><\/p>\n<p data-start=\"1013\" data-end=\"1305\">Tres amigues de tota la vida es retroben per compartir el cap de setmana abans de Nadal. Creuen que una escapada plegades les ajudar\u00e0 a guarir les seves ferides. Per\u00f2 el que havia de ser una trobada tranquil\u00b7la es convertir\u00e0 en un cap de setmana ple d&#8217;excessos que les reconciliar\u00e0 amb el m\u00f3n i amb elles mateixes.<\/p>\n<p data-start=\"1307\" data-end=\"1392\">Una com\u00e8dia carregada d&#8217;humor negre sobre la sororitat i la superviv\u00e8ncia en un m\u00f3n deshumanitzat.<\/p>\n<p data-start=\"1394\" data-end=\"1451\">Al meu amic de G\u00e0mbia, Samba, que un arbre se\u2019l va menjar.<\/p>\n<p data-start=\"1394\" data-end=\"1451\"><a href=\"https:\/\/www.tnc.cat\/ca\/jambo-bwana\"><strong data-start=\"958\" data-end=\"1011\">Jambo Bwana: Una hist\u00f2ria d&#8217;amistat i superaci\u00f3<\/strong><\/a><\/p>\n<p data-start=\"958\" data-end=\"1011\"><strong>Del 17\/12\/25 al 11\/01\/26<\/strong><\/p>\n<p data-start=\"958\" data-end=\"1011\"><strong>Sala Petita<\/strong><\/p>\n<p data-start=\"1453\" data-end=\"1494\"><strong>Autoria i direcci\u00f3<\/strong>\u00a0<br data-start=\"1480\" data-end=\"1483\" \/>Manel Dueso<\/p>\n<p data-start=\"1496\" data-end=\"1564\"><strong data-start=\"1496\" data-end=\"1504\">Amb<\/strong><br data-start=\"1504\" data-end=\"1507\" \/>Montse Germ\u00e1n, Ant\u00f2nia Jaume, \u00c0urea M\u00e1rquez, Usu Tambadou<\/p>\n<p data-start=\"1496\" data-end=\"1564\"><strong>Horaris<\/strong><\/p>\n<p data-start=\"1611\" data-end=\"1661\">De dimecres a dissabte a les 19 h<br \/>\nDiumenge a les 18 h<\/p>\n<p data-start=\"1663\" data-end=\"1683\"><strong>19\/12\/25 <a href=\"https:\/\/www.tnc.cat\/ca\/col-loquis\/\" data-once=\"linkAnimationClick\">Col\u00b7loqui postfunci\u00f3<\/a>\u00a0<\/strong><\/p>\n<p><\/p>","protected":false},"excerpt":{"rendered":"<p>Tres amigues de tota la vida es retroben per compartir el cap de setmana abans de Nadal. Creuen que una&#8230; <a href=\"https:\/\/poblenouurbandistrict.com\/ca\/el-teatre-nacional-estrena-jambo-bwana-de-manel-dueso\/\">M\u00e9s  \u2192<\/a><\/p>\n","protected":false},"author":5,"featured_media":54016,"comment_status":"closed","ping_status":"closed","sticky":false,"template":"","format":"standard","meta":{"_acf_changed":false,"footnotes":""},"categories":[3560],"tags":[],"class_list":["post-54029","post","type-post","status-publish","format-standard","has-post-thumbnail","hentry","category-teatre"],"acf":[],"yoast_head":"<!-- This site is optimized with the Yoast SEO plugin v27.5 - https:\/\/yoast.com\/product\/yoast-seo-wordpress\/ -->\n<title>El Teatre Nacional estrena Jambo Bwana de Manel Dueso &#8211; Poblenou Urban District<\/title>\n<meta name=\"robots\" content=\"index, follow, max-snippet:-1, max-image-preview:large, max-video-preview:-1\" \/>\n<link rel=\"canonical\" href=\"https:\/\/poblenouurbandistrict.com\/ca\/el-teatre-nacional-estrena-jambo-bwana-de-manel-dueso\/\" \/>\n<meta property=\"og:locale\" content=\"ca_ES\" \/>\n<meta property=\"og:type\" content=\"article\" \/>\n<meta property=\"og:title\" content=\"El Teatre Nacional estrena Jambo Bwana de Manel Dueso &#8211; Poblenou Urban District\" \/>\n<meta property=\"og:description\" content=\"Tres amigues de tota la vida es retroben per compartir el cap de setmana abans de Nadal. Creuen que una... M\u00e9s \u2192\" \/>\n<meta property=\"og:url\" content=\"https:\/\/poblenouurbandistrict.com\/ca\/el-teatre-nacional-estrena-jambo-bwana-de-manel-dueso\/\" \/>\n<meta property=\"og:site_name\" content=\"Poblenou Urban District\" \/>\n<meta property=\"article:published_time\" content=\"2025-12-11T09:51:20+00:00\" \/>\n<meta property=\"article:modified_time\" content=\"2025-12-11T09:51:29+00:00\" \/>\n<meta property=\"og:image\" content=\"https:\/\/poblenouurbandistrict.com\/wp-content\/uploads\/2025\/12\/teatre-barcelona-jambo-bwana-1-1100x733-1.webp\" \/>\n\t<meta property=\"og:image:width\" content=\"1100\" \/>\n\t<meta property=\"og:image:height\" content=\"733\" \/>\n\t<meta property=\"og:image:type\" content=\"image\/webp\" \/>\n<meta name=\"author\" content=\"pnud\" \/>\n<meta name=\"twitter:card\" content=\"summary_large_image\" \/>\n<meta name=\"twitter:label1\" content=\"Escrit per\" \/>\n\t<meta name=\"twitter:data1\" content=\"pnud\" \/>\n\t<meta name=\"twitter:label2\" content=\"Temps estimat de lectura\" \/>\n\t<meta name=\"twitter:data2\" content=\"1 minut\" \/>\n<script type=\"application\/ld+json\" class=\"yoast-schema-graph\">{\"@context\":\"https:\\\/\\\/schema.org\",\"@graph\":[{\"@type\":\"Article\",\"@id\":\"https:\\\/\\\/poblenouurbandistrict.com\\\/el-teatre-nacional-estrena-jambo-bwana-de-manel-dueso\\\/#article\",\"isPartOf\":{\"@id\":\"https:\\\/\\\/poblenouurbandistrict.com\\\/el-teatre-nacional-estrena-jambo-bwana-de-manel-dueso\\\/\"},\"author\":{\"name\":\"pnud\",\"@id\":\"https:\\\/\\\/poblenouurbandistrict.com\\\/#\\\/schema\\\/person\\\/980a2cf34b399d5218205730acd54a7e\"},\"headline\":\"El Teatre Nacional estrena Jambo Bwana de Manel Dueso\",\"datePublished\":\"2025-12-11T09:51:20+00:00\",\"dateModified\":\"2025-12-11T09:51:29+00:00\",\"mainEntityOfPage\":{\"@id\":\"https:\\\/\\\/poblenouurbandistrict.com\\\/el-teatre-nacional-estrena-jambo-bwana-de-manel-dueso\\\/\"},\"wordCount\":428,\"image\":{\"@id\":\"https:\\\/\\\/poblenouurbandistrict.com\\\/el-teatre-nacional-estrena-jambo-bwana-de-manel-dueso\\\/#primaryimage\"},\"thumbnailUrl\":\"https:\\\/\\\/media.poblenouurbandistrict.com\\\/2025\\\/12\\\/25095835\\\/teatre-barcelona-jambo-bwana-1-1100x733-1.webp\",\"articleSection\":[\"Teatre\"],\"inLanguage\":\"ca\"},{\"@type\":\"WebPage\",\"@id\":\"https:\\\/\\\/poblenouurbandistrict.com\\\/ca\\\/el-teatre-nacional-estrena-jambo-bwana-de-manel-dueso\\\/\",\"url\":\"https:\\\/\\\/poblenouurbandistrict.com\\\/ca\\\/el-teatre-nacional-estrena-jambo-bwana-de-manel-dueso\\\/\",\"name\":\"El Teatre Nacional estrena Jambo Bwana de Manel Dueso &#8211; Poblenou Urban District\",\"isPartOf\":{\"@id\":\"https:\\\/\\\/poblenouurbandistrict.com\\\/ca\\\/#website\"},\"primaryImageOfPage\":{\"@id\":\"https:\\\/\\\/poblenouurbandistrict.com\\\/ca\\\/el-teatre-nacional-estrena-jambo-bwana-de-manel-dueso\\\/#primaryimage\"},\"image\":{\"@id\":\"https:\\\/\\\/poblenouurbandistrict.com\\\/el-teatre-nacional-estrena-jambo-bwana-de-manel-dueso\\\/#primaryimage\"},\"thumbnailUrl\":\"https:\\\/\\\/media.poblenouurbandistrict.com\\\/2025\\\/12\\\/25095835\\\/teatre-barcelona-jambo-bwana-1-1100x733-1.webp\",\"datePublished\":\"2025-12-11T09:51:20+00:00\",\"dateModified\":\"2025-12-11T09:51:29+00:00\",\"author\":{\"@id\":\"https:\\\/\\\/poblenouurbandistrict.com\\\/#\\\/schema\\\/person\\\/980a2cf34b399d5218205730acd54a7e\"},\"breadcrumb\":{\"@id\":\"https:\\\/\\\/poblenouurbandistrict.com\\\/ca\\\/el-teatre-nacional-estrena-jambo-bwana-de-manel-dueso\\\/#breadcrumb\"},\"inLanguage\":\"ca\",\"potentialAction\":[{\"@type\":\"ReadAction\",\"target\":[[\"https:\\\/\\\/poblenouurbandistrict.com\\\/ca\\\/el-teatre-nacional-estrena-jambo-bwana-de-manel-dueso\\\/\"]]}]},{\"@type\":\"ImageObject\",\"inLanguage\":\"ca\",\"@id\":\"https:\\\/\\\/poblenouurbandistrict.com\\\/ca\\\/el-teatre-nacional-estrena-jambo-bwana-de-manel-dueso\\\/#primaryimage\",\"url\":\"https:\\\/\\\/media.poblenouurbandistrict.com\\\/2025\\\/12\\\/25095835\\\/teatre-barcelona-jambo-bwana-1-1100x733-1.webp\",\"contentUrl\":\"https:\\\/\\\/media.poblenouurbandistrict.com\\\/2025\\\/12\\\/25095835\\\/teatre-barcelona-jambo-bwana-1-1100x733-1.webp\",\"width\":1100,\"height\":733},{\"@type\":\"BreadcrumbList\",\"@id\":\"https:\\\/\\\/poblenouurbandistrict.com\\\/ca\\\/el-teatre-nacional-estrena-jambo-bwana-de-manel-dueso\\\/#breadcrumb\",\"itemListElement\":[{\"@type\":\"ListItem\",\"position\":1,\"name\":\"Home\",\"item\":\"https:\\\/\\\/poblenouurbandistrict.com\\\/ca\\\/\"},{\"@type\":\"ListItem\",\"position\":2,\"name\":\"El Teatre Nacional estrena Jambo Bwana de Manel Dueso\"}]},{\"@type\":\"WebSite\",\"@id\":\"https:\\\/\\\/poblenouurbandistrict.com\\\/ca\\\/#website\",\"url\":\"https:\\\/\\\/poblenouurbandistrict.com\\\/ca\\\/\",\"name\":\"Poblenou Urban District\",\"description\":\"Comunitat Creativa\",\"potentialAction\":[{\"@type\":\"SearchAction\",\"target\":{\"@type\":\"EntryPoint\",\"urlTemplate\":\"https:\\\/\\\/poblenouurbandistrict.com\\\/ca\\\/?s={search_term_string}\"},\"query-input\":{\"@type\":\"PropertyValueSpecification\",\"valueRequired\":true,\"valueName\":\"search_term_string\"}}],\"inLanguage\":\"ca\"},{\"@type\":\"Person\",\"@id\":\"https:\\\/\\\/poblenouurbandistrict.com\\\/#\\\/schema\\\/person\\\/980a2cf34b399d5218205730acd54a7e\",\"name\":\"pnud\",\"image\":{\"@type\":\"ImageObject\",\"inLanguage\":\"ca\",\"@id\":\"https:\\\/\\\/secure.gravatar.com\\\/avatar\\\/67146597b405ee077a24e519f75c3e2031736596d6ce35af3a34c122c93d0d7b?s=96&d=retro&r=g\",\"url\":\"https:\\\/\\\/secure.gravatar.com\\\/avatar\\\/67146597b405ee077a24e519f75c3e2031736596d6ce35af3a34c122c93d0d7b?s=96&d=retro&r=g\",\"contentUrl\":\"https:\\\/\\\/secure.gravatar.com\\\/avatar\\\/67146597b405ee077a24e519f75c3e2031736596d6ce35af3a34c122c93d0d7b?s=96&d=retro&r=g\",\"caption\":\"pnud\"}}]}<\/script>\n<!-- \/ Yoast SEO plugin. -->","yoast_head_json":{"title":"El Teatre Nacional estrena Jambo Bwana de Manel Dueso &#8211; Poblenou Urban District","robots":{"index":"index","follow":"follow","max-snippet":"max-snippet:-1","max-image-preview":"max-image-preview:large","max-video-preview":"max-video-preview:-1"},"canonical":"https:\/\/poblenouurbandistrict.com\/ca\/el-teatre-nacional-estrena-jambo-bwana-de-manel-dueso\/","og_locale":"ca_ES","og_type":"article","og_title":"El Teatre Nacional estrena Jambo Bwana de Manel Dueso &#8211; Poblenou Urban District","og_description":"Tres amigues de tota la vida es retroben per compartir el cap de setmana abans de Nadal. Creuen que una... M\u00e9s \u2192","og_url":"https:\/\/poblenouurbandistrict.com\/ca\/el-teatre-nacional-estrena-jambo-bwana-de-manel-dueso\/","og_site_name":"Poblenou Urban District","article_published_time":"2025-12-11T09:51:20+00:00","article_modified_time":"2025-12-11T09:51:29+00:00","og_image":[{"width":1100,"height":733,"url":"https:\/\/poblenouurbandistrict.com\/wp-content\/uploads\/2025\/12\/teatre-barcelona-jambo-bwana-1-1100x733-1.webp","type":"image\/webp"}],"author":"pnud","twitter_card":"summary_large_image","twitter_misc":{"Escrit per":"pnud","Temps estimat de lectura":"1 minut"},"schema":{"@context":"https:\/\/schema.org","@graph":[{"@type":"Article","@id":"https:\/\/poblenouurbandistrict.com\/el-teatre-nacional-estrena-jambo-bwana-de-manel-dueso\/#article","isPartOf":{"@id":"https:\/\/poblenouurbandistrict.com\/el-teatre-nacional-estrena-jambo-bwana-de-manel-dueso\/"},"author":{"name":"pnud","@id":"https:\/\/poblenouurbandistrict.com\/#\/schema\/person\/980a2cf34b399d5218205730acd54a7e"},"headline":"El Teatre Nacional estrena Jambo Bwana de Manel Dueso","datePublished":"2025-12-11T09:51:20+00:00","dateModified":"2025-12-11T09:51:29+00:00","mainEntityOfPage":{"@id":"https:\/\/poblenouurbandistrict.com\/el-teatre-nacional-estrena-jambo-bwana-de-manel-dueso\/"},"wordCount":428,"image":{"@id":"https:\/\/poblenouurbandistrict.com\/el-teatre-nacional-estrena-jambo-bwana-de-manel-dueso\/#primaryimage"},"thumbnailUrl":"https:\/\/media.poblenouurbandistrict.com\/2025\/12\/25095835\/teatre-barcelona-jambo-bwana-1-1100x733-1.webp","articleSection":["Teatre"],"inLanguage":"ca"},{"@type":"WebPage","@id":"https:\/\/poblenouurbandistrict.com\/ca\/el-teatre-nacional-estrena-jambo-bwana-de-manel-dueso\/","url":"https:\/\/poblenouurbandistrict.com\/ca\/el-teatre-nacional-estrena-jambo-bwana-de-manel-dueso\/","name":"El Teatre Nacional estrena Jambo Bwana de Manel Dueso &#8211; Poblenou Urban District","isPartOf":{"@id":"https:\/\/poblenouurbandistrict.com\/ca\/#website"},"primaryImageOfPage":{"@id":"https:\/\/poblenouurbandistrict.com\/ca\/el-teatre-nacional-estrena-jambo-bwana-de-manel-dueso\/#primaryimage"},"image":{"@id":"https:\/\/poblenouurbandistrict.com\/el-teatre-nacional-estrena-jambo-bwana-de-manel-dueso\/#primaryimage"},"thumbnailUrl":"https:\/\/media.poblenouurbandistrict.com\/2025\/12\/25095835\/teatre-barcelona-jambo-bwana-1-1100x733-1.webp","datePublished":"2025-12-11T09:51:20+00:00","dateModified":"2025-12-11T09:51:29+00:00","author":{"@id":"https:\/\/poblenouurbandistrict.com\/#\/schema\/person\/980a2cf34b399d5218205730acd54a7e"},"breadcrumb":{"@id":"https:\/\/poblenouurbandistrict.com\/ca\/el-teatre-nacional-estrena-jambo-bwana-de-manel-dueso\/#breadcrumb"},"inLanguage":"ca","potentialAction":[{"@type":"ReadAction","target":[["https:\/\/poblenouurbandistrict.com\/ca\/el-teatre-nacional-estrena-jambo-bwana-de-manel-dueso\/"]]}]},{"@type":"ImageObject","inLanguage":"ca","@id":"https:\/\/poblenouurbandistrict.com\/ca\/el-teatre-nacional-estrena-jambo-bwana-de-manel-dueso\/#primaryimage","url":"https:\/\/media.poblenouurbandistrict.com\/2025\/12\/25095835\/teatre-barcelona-jambo-bwana-1-1100x733-1.webp","contentUrl":"https:\/\/media.poblenouurbandistrict.com\/2025\/12\/25095835\/teatre-barcelona-jambo-bwana-1-1100x733-1.webp","width":1100,"height":733},{"@type":"BreadcrumbList","@id":"https:\/\/poblenouurbandistrict.com\/ca\/el-teatre-nacional-estrena-jambo-bwana-de-manel-dueso\/#breadcrumb","itemListElement":[{"@type":"ListItem","position":1,"name":"Home","item":"https:\/\/poblenouurbandistrict.com\/ca\/"},{"@type":"ListItem","position":2,"name":"El Teatre Nacional estrena Jambo Bwana de Manel Dueso"}]},{"@type":"WebSite","@id":"https:\/\/poblenouurbandistrict.com\/ca\/#website","url":"https:\/\/poblenouurbandistrict.com\/ca\/","name":"Poblenou Urban District","description":"Comunitat Creativa","potentialAction":[{"@type":"SearchAction","target":{"@type":"EntryPoint","urlTemplate":"https:\/\/poblenouurbandistrict.com\/ca\/?s={search_term_string}"},"query-input":{"@type":"PropertyValueSpecification","valueRequired":true,"valueName":"search_term_string"}}],"inLanguage":"ca"},{"@type":"Person","@id":"https:\/\/poblenouurbandistrict.com\/#\/schema\/person\/980a2cf34b399d5218205730acd54a7e","name":"pnud","image":{"@type":"ImageObject","inLanguage":"ca","@id":"https:\/\/secure.gravatar.com\/avatar\/67146597b405ee077a24e519f75c3e2031736596d6ce35af3a34c122c93d0d7b?s=96&d=retro&r=g","url":"https:\/\/secure.gravatar.com\/avatar\/67146597b405ee077a24e519f75c3e2031736596d6ce35af3a34c122c93d0d7b?s=96&d=retro&r=g","contentUrl":"https:\/\/secure.gravatar.com\/avatar\/67146597b405ee077a24e519f75c3e2031736596d6ce35af3a34c122c93d0d7b?s=96&d=retro&r=g","caption":"pnud"}}]}},"_links":{"self":[{"href":"https:\/\/poblenouurbandistrict.com\/ca\/wp-json\/wp\/v2\/posts\/54029","targetHints":{"allow":["GET"]}}],"collection":[{"href":"https:\/\/poblenouurbandistrict.com\/ca\/wp-json\/wp\/v2\/posts"}],"about":[{"href":"https:\/\/poblenouurbandistrict.com\/ca\/wp-json\/wp\/v2\/types\/post"}],"author":[{"embeddable":true,"href":"https:\/\/poblenouurbandistrict.com\/ca\/wp-json\/wp\/v2\/users\/5"}],"replies":[{"embeddable":true,"href":"https:\/\/poblenouurbandistrict.com\/ca\/wp-json\/wp\/v2\/comments?post=54029"}],"version-history":[{"count":1,"href":"https:\/\/poblenouurbandistrict.com\/ca\/wp-json\/wp\/v2\/posts\/54029\/revisions"}],"predecessor-version":[{"id":54035,"href":"https:\/\/poblenouurbandistrict.com\/ca\/wp-json\/wp\/v2\/posts\/54029\/revisions\/54035"}],"wp:featuredmedia":[{"embeddable":true,"href":"https:\/\/poblenouurbandistrict.com\/ca\/wp-json\/wp\/v2\/media\/54016"}],"wp:attachment":[{"href":"https:\/\/poblenouurbandistrict.com\/ca\/wp-json\/wp\/v2\/media?parent=54029"}],"wp:term":[{"taxonomy":"category","embeddable":true,"href":"https:\/\/poblenouurbandistrict.com\/ca\/wp-json\/wp\/v2\/categories?post=54029"},{"taxonomy":"post_tag","embeddable":true,"href":"https:\/\/poblenouurbandistrict.com\/ca\/wp-json\/wp\/v2\/tags?post=54029"}],"curies":[{"name":"wp","href":"https:\/\/api.w.org\/{rel}","templated":true}]}}