{"id":54033,"date":"2025-12-11T11:52:22","date_gmt":"2025-12-11T10:52:22","guid":{"rendered":"https:\/\/poblenouurbandistrict.com\/?p=54033"},"modified":"2025-12-16T10:27:47","modified_gmt":"2025-12-16T09:27:47","slug":"la-plataforma-us-convida-a-celebrar-el-seu-15e-aniversari","status":"publish","type":"post","link":"https:\/\/poblenouurbandistrict.com\/ca\/la-plataforma-us-convida-a-celebrar-el-seu-15e-aniversari\/","title":{"rendered":"La Plataforma us convida a celebrar el seu 15\u00e8 aniversari"},"content":{"rendered":"<p><strong>La Plataforma celebra el seu 15\u00e8 aniversari amb una edici\u00f3 molt especial d\u2019Arte &amp; Venta i un esdeveniment \u00fanic.<\/strong> El <strong>18 de desembre<\/strong> a partir de les 19h,<strong> tindr\u00e0 lloc l\u2019esdeveniment oficial del 15\u00e8 aniversari de la galeria<\/strong>. La Plataforma s\u2019omplir\u00e0 de m\u00fasica i art per celebrar la seva traject\u00f2ria, recordar el cam\u00ed recorregut i brindar pel futur juntament amb els artistes i l\u2019equip que ho han fet possible.<\/p>\n<p>L\u2019exposici\u00f3 col\u00b7lectiva <strong>\u00abA las penas, pu\u00f1aladas\u00bb<\/strong> \u00e9s un homenatge als or\u00edgens del projecte i als artistes que han acompanyat la galeria durant la seva traject\u00f2ria. La mostra presenta obres noves creades pels artistes i concebudes a partir de la frase que dona t\u00edtol a l\u2019exposici\u00f3, cosa que crea un fil conductor que reuneix diferents interpretacions i mirades. <strong>L\u2019exposici\u00f3 es pot visitar fins al 13 de febrer de 2026<\/strong>, de dilluns a divendres. A m\u00e9s, la galeria obrir\u00e0 tamb\u00e9 els dissabtes 13 i 20 de desembre.<\/p>\n<p>La Plataforma us convida el dia 18 a celebrar els 15 anys de la galeria i a brindar per tots els moments que vindran. Una ocasi\u00f3 \u00fanica per descobrir noves obres, comen\u00e7ar una col\u00b7lecci\u00f3 o regalar art aquestes festes. La Plataforma espera compartir aquest moment tan especial amb la seva comunitat.<\/p>","protected":false},"excerpt":{"rendered":"<p>La Plataforma celebra el seu 15\u00e8 aniversari amb una edici\u00f3 molt especial d\u2019Arte &amp; Venta i un esdeveniment \u00fanic. El&#8230; <a href=\"https:\/\/poblenouurbandistrict.com\/ca\/la-plataforma-us-convida-a-celebrar-el-seu-15e-aniversari\/\">M\u00e9s  \u2192<\/a><\/p>\n","protected":false},"author":5,"featured_media":54039,"comment_status":"closed","ping_status":"closed","sticky":false,"template":"","format":"standard","meta":{"_acf_changed":false,"footnotes":""},"categories":[3342],"tags":[],"class_list":["post-54033","post","type-post","status-publish","format-standard","has-post-thumbnail","hentry","category-art"],"acf":[],"yoast_head":"<!-- This site is optimized with the Yoast SEO plugin v27.5 - https:\/\/yoast.com\/product\/yoast-seo-wordpress\/ -->\n<title>La Plataforma us convida a celebrar el seu 15\u00e8 aniversari &#8211; Poblenou Urban District<\/title>\n<meta name=\"robots\" content=\"index, follow, max-snippet:-1, max-image-preview:large, max-video-preview:-1\" \/>\n<link rel=\"canonical\" href=\"https:\/\/poblenouurbandistrict.com\/ca\/la-plataforma-us-convida-a-celebrar-el-seu-15e-aniversari\/\" \/>\n<meta property=\"og:locale\" content=\"ca_ES\" \/>\n<meta property=\"og:type\" content=\"article\" \/>\n<meta property=\"og:title\" content=\"La Plataforma us convida a celebrar el seu 15\u00e8 aniversari &#8211; Poblenou Urban District\" \/>\n<meta property=\"og:description\" content=\"La Plataforma celebra el seu 15\u00e8 aniversari amb una edici\u00f3 molt especial d\u2019Arte &amp; Venta i un esdeveniment \u00fanic. El... M\u00e9s \u2192\" \/>\n<meta property=\"og:url\" content=\"https:\/\/poblenouurbandistrict.com\/ca\/la-plataforma-us-convida-a-celebrar-el-seu-15e-aniversari\/\" \/>\n<meta property=\"og:site_name\" content=\"Poblenou Urban District\" \/>\n<meta property=\"article:published_time\" content=\"2025-12-11T10:52:22+00:00\" \/>\n<meta property=\"article:modified_time\" content=\"2025-12-16T09:27:47+00:00\" \/>\n<meta property=\"og:image\" content=\"https:\/\/poblenouurbandistrict.com\/wp-content\/uploads\/2025\/12\/patitos-nathalie-rey.png\" \/>\n\t<meta property=\"og:image:width\" content=\"1200\" \/>\n\t<meta property=\"og:image:height\" content=\"881\" \/>\n\t<meta property=\"og:image:type\" content=\"image\/png\" \/>\n<meta name=\"author\" content=\"pnud\" \/>\n<meta name=\"twitter:card\" content=\"summary_large_image\" \/>\n<meta name=\"twitter:label1\" content=\"Escrit per\" \/>\n\t<meta name=\"twitter:data1\" content=\"pnud\" \/>\n\t<meta name=\"twitter:label2\" content=\"Temps estimat de lectura\" \/>\n\t<meta name=\"twitter:data2\" content=\"2 minuts\" \/>\n<script type=\"application\/ld+json\" class=\"yoast-schema-graph\">{\"@context\":\"https:\\\/\\\/schema.org\",\"@graph\":[{\"@type\":\"Article\",\"@id\":\"https:\\\/\\\/poblenouurbandistrict.com\\\/la-plataforma-us-convida-a-celebrar-el-seu-15e-aniversari\\\/#article\",\"isPartOf\":{\"@id\":\"https:\\\/\\\/poblenouurbandistrict.com\\\/la-plataforma-us-convida-a-celebrar-el-seu-15e-aniversari\\\/\"},\"author\":{\"name\":\"pnud\",\"@id\":\"https:\\\/\\\/poblenouurbandistrict.com\\\/#\\\/schema\\\/person\\\/980a2cf34b399d5218205730acd54a7e\"},\"headline\":\"La Plataforma us convida a celebrar el seu 15\u00e8 aniversari\",\"datePublished\":\"2025-12-11T10:52:22+00:00\",\"dateModified\":\"2025-12-16T09:27:47+00:00\",\"mainEntityOfPage\":{\"@id\":\"https:\\\/\\\/poblenouurbandistrict.com\\\/la-plataforma-us-convida-a-celebrar-el-seu-15e-aniversari\\\/\"},\"wordCount\":686,\"image\":{\"@id\":\"https:\\\/\\\/poblenouurbandistrict.com\\\/la-plataforma-us-convida-a-celebrar-el-seu-15e-aniversari\\\/#primaryimage\"},\"thumbnailUrl\":\"https:\\\/\\\/media.poblenouurbandistrict.com\\\/2025\\\/12\\\/25095852\\\/patitos-nathalie-rey.png\",\"articleSection\":[\"Art\"],\"inLanguage\":\"ca\"},{\"@type\":\"WebPage\",\"@id\":\"https:\\\/\\\/poblenouurbandistrict.com\\\/ca\\\/la-plataforma-us-convida-a-celebrar-el-seu-15e-aniversari\\\/\",\"url\":\"https:\\\/\\\/poblenouurbandistrict.com\\\/ca\\\/la-plataforma-us-convida-a-celebrar-el-seu-15e-aniversari\\\/\",\"name\":\"La Plataforma us convida a celebrar el seu 15\u00e8 aniversari &#8211; Poblenou Urban District\",\"isPartOf\":{\"@id\":\"https:\\\/\\\/poblenouurbandistrict.com\\\/ca\\\/#website\"},\"primaryImageOfPage\":{\"@id\":\"https:\\\/\\\/poblenouurbandistrict.com\\\/ca\\\/la-plataforma-us-convida-a-celebrar-el-seu-15e-aniversari\\\/#primaryimage\"},\"image\":{\"@id\":\"https:\\\/\\\/poblenouurbandistrict.com\\\/la-plataforma-us-convida-a-celebrar-el-seu-15e-aniversari\\\/#primaryimage\"},\"thumbnailUrl\":\"https:\\\/\\\/media.poblenouurbandistrict.com\\\/2025\\\/12\\\/25095852\\\/patitos-nathalie-rey.png\",\"datePublished\":\"2025-12-11T10:52:22+00:00\",\"dateModified\":\"2025-12-16T09:27:47+00:00\",\"author\":{\"@id\":\"https:\\\/\\\/poblenouurbandistrict.com\\\/#\\\/schema\\\/person\\\/980a2cf34b399d5218205730acd54a7e\"},\"breadcrumb\":{\"@id\":\"https:\\\/\\\/poblenouurbandistrict.com\\\/ca\\\/la-plataforma-us-convida-a-celebrar-el-seu-15e-aniversari\\\/#breadcrumb\"},\"inLanguage\":\"ca\",\"potentialAction\":[{\"@type\":\"ReadAction\",\"target\":[[\"https:\\\/\\\/poblenouurbandistrict.com\\\/ca\\\/la-plataforma-us-convida-a-celebrar-el-seu-15e-aniversari\\\/\"]]}]},{\"@type\":\"ImageObject\",\"inLanguage\":\"ca\",\"@id\":\"https:\\\/\\\/poblenouurbandistrict.com\\\/ca\\\/la-plataforma-us-convida-a-celebrar-el-seu-15e-aniversari\\\/#primaryimage\",\"url\":\"https:\\\/\\\/media.poblenouurbandistrict.com\\\/2025\\\/12\\\/25095852\\\/patitos-nathalie-rey.png\",\"contentUrl\":\"https:\\\/\\\/media.poblenouurbandistrict.com\\\/2025\\\/12\\\/25095852\\\/patitos-nathalie-rey.png\",\"width\":1200,\"height\":881},{\"@type\":\"BreadcrumbList\",\"@id\":\"https:\\\/\\\/poblenouurbandistrict.com\\\/ca\\\/la-plataforma-us-convida-a-celebrar-el-seu-15e-aniversari\\\/#breadcrumb\",\"itemListElement\":[{\"@type\":\"ListItem\",\"position\":1,\"name\":\"Home\",\"item\":\"https:\\\/\\\/poblenouurbandistrict.com\\\/ca\\\/\"},{\"@type\":\"ListItem\",\"position\":2,\"name\":\"La Plataforma us convida a celebrar el seu 15\u00e8 aniversari\"}]},{\"@type\":\"WebSite\",\"@id\":\"https:\\\/\\\/poblenouurbandistrict.com\\\/ca\\\/#website\",\"url\":\"https:\\\/\\\/poblenouurbandistrict.com\\\/ca\\\/\",\"name\":\"Poblenou Urban District\",\"description\":\"Comunitat Creativa\",\"potentialAction\":[{\"@type\":\"SearchAction\",\"target\":{\"@type\":\"EntryPoint\",\"urlTemplate\":\"https:\\\/\\\/poblenouurbandistrict.com\\\/ca\\\/?s={search_term_string}\"},\"query-input\":{\"@type\":\"PropertyValueSpecification\",\"valueRequired\":true,\"valueName\":\"search_term_string\"}}],\"inLanguage\":\"ca\"},{\"@type\":\"Person\",\"@id\":\"https:\\\/\\\/poblenouurbandistrict.com\\\/#\\\/schema\\\/person\\\/980a2cf34b399d5218205730acd54a7e\",\"name\":\"pnud\",\"image\":{\"@type\":\"ImageObject\",\"inLanguage\":\"ca\",\"@id\":\"https:\\\/\\\/secure.gravatar.com\\\/avatar\\\/67146597b405ee077a24e519f75c3e2031736596d6ce35af3a34c122c93d0d7b?s=96&d=retro&r=g\",\"url\":\"https:\\\/\\\/secure.gravatar.com\\\/avatar\\\/67146597b405ee077a24e519f75c3e2031736596d6ce35af3a34c122c93d0d7b?s=96&d=retro&r=g\",\"contentUrl\":\"https:\\\/\\\/secure.gravatar.com\\\/avatar\\\/67146597b405ee077a24e519f75c3e2031736596d6ce35af3a34c122c93d0d7b?s=96&d=retro&r=g\",\"caption\":\"pnud\"}}]}<\/script>\n<!-- \/ Yoast SEO plugin. -->","yoast_head_json":{"title":"La Plataforma us convida a celebrar el seu 15\u00e8 aniversari &#8211; Poblenou Urban District","robots":{"index":"index","follow":"follow","max-snippet":"max-snippet:-1","max-image-preview":"max-image-preview:large","max-video-preview":"max-video-preview:-1"},"canonical":"https:\/\/poblenouurbandistrict.com\/ca\/la-plataforma-us-convida-a-celebrar-el-seu-15e-aniversari\/","og_locale":"ca_ES","og_type":"article","og_title":"La Plataforma us convida a celebrar el seu 15\u00e8 aniversari &#8211; Poblenou Urban District","og_description":"La Plataforma celebra el seu 15\u00e8 aniversari amb una edici\u00f3 molt especial d\u2019Arte &amp; Venta i un esdeveniment \u00fanic. El... M\u00e9s \u2192","og_url":"https:\/\/poblenouurbandistrict.com\/ca\/la-plataforma-us-convida-a-celebrar-el-seu-15e-aniversari\/","og_site_name":"Poblenou Urban District","article_published_time":"2025-12-11T10:52:22+00:00","article_modified_time":"2025-12-16T09:27:47+00:00","og_image":[{"width":1200,"height":881,"url":"https:\/\/poblenouurbandistrict.com\/wp-content\/uploads\/2025\/12\/patitos-nathalie-rey.png","type":"image\/png"}],"author":"pnud","twitter_card":"summary_large_image","twitter_misc":{"Escrit per":"pnud","Temps estimat de lectura":"2 minuts"},"schema":{"@context":"https:\/\/schema.org","@graph":[{"@type":"Article","@id":"https:\/\/poblenouurbandistrict.com\/la-plataforma-us-convida-a-celebrar-el-seu-15e-aniversari\/#article","isPartOf":{"@id":"https:\/\/poblenouurbandistrict.com\/la-plataforma-us-convida-a-celebrar-el-seu-15e-aniversari\/"},"author":{"name":"pnud","@id":"https:\/\/poblenouurbandistrict.com\/#\/schema\/person\/980a2cf34b399d5218205730acd54a7e"},"headline":"La Plataforma us convida a celebrar el seu 15\u00e8 aniversari","datePublished":"2025-12-11T10:52:22+00:00","dateModified":"2025-12-16T09:27:47+00:00","mainEntityOfPage":{"@id":"https:\/\/poblenouurbandistrict.com\/la-plataforma-us-convida-a-celebrar-el-seu-15e-aniversari\/"},"wordCount":686,"image":{"@id":"https:\/\/poblenouurbandistrict.com\/la-plataforma-us-convida-a-celebrar-el-seu-15e-aniversari\/#primaryimage"},"thumbnailUrl":"https:\/\/media.poblenouurbandistrict.com\/2025\/12\/25095852\/patitos-nathalie-rey.png","articleSection":["Art"],"inLanguage":"ca"},{"@type":"WebPage","@id":"https:\/\/poblenouurbandistrict.com\/ca\/la-plataforma-us-convida-a-celebrar-el-seu-15e-aniversari\/","url":"https:\/\/poblenouurbandistrict.com\/ca\/la-plataforma-us-convida-a-celebrar-el-seu-15e-aniversari\/","name":"La Plataforma us convida a celebrar el seu 15\u00e8 aniversari &#8211; Poblenou Urban District","isPartOf":{"@id":"https:\/\/poblenouurbandistrict.com\/ca\/#website"},"primaryImageOfPage":{"@id":"https:\/\/poblenouurbandistrict.com\/ca\/la-plataforma-us-convida-a-celebrar-el-seu-15e-aniversari\/#primaryimage"},"image":{"@id":"https:\/\/poblenouurbandistrict.com\/la-plataforma-us-convida-a-celebrar-el-seu-15e-aniversari\/#primaryimage"},"thumbnailUrl":"https:\/\/media.poblenouurbandistrict.com\/2025\/12\/25095852\/patitos-nathalie-rey.png","datePublished":"2025-12-11T10:52:22+00:00","dateModified":"2025-12-16T09:27:47+00:00","author":{"@id":"https:\/\/poblenouurbandistrict.com\/#\/schema\/person\/980a2cf34b399d5218205730acd54a7e"},"breadcrumb":{"@id":"https:\/\/poblenouurbandistrict.com\/ca\/la-plataforma-us-convida-a-celebrar-el-seu-15e-aniversari\/#breadcrumb"},"inLanguage":"ca","potentialAction":[{"@type":"ReadAction","target":[["https:\/\/poblenouurbandistrict.com\/ca\/la-plataforma-us-convida-a-celebrar-el-seu-15e-aniversari\/"]]}]},{"@type":"ImageObject","inLanguage":"ca","@id":"https:\/\/poblenouurbandistrict.com\/ca\/la-plataforma-us-convida-a-celebrar-el-seu-15e-aniversari\/#primaryimage","url":"https:\/\/media.poblenouurbandistrict.com\/2025\/12\/25095852\/patitos-nathalie-rey.png","contentUrl":"https:\/\/media.poblenouurbandistrict.com\/2025\/12\/25095852\/patitos-nathalie-rey.png","width":1200,"height":881},{"@type":"BreadcrumbList","@id":"https:\/\/poblenouurbandistrict.com\/ca\/la-plataforma-us-convida-a-celebrar-el-seu-15e-aniversari\/#breadcrumb","itemListElement":[{"@type":"ListItem","position":1,"name":"Home","item":"https:\/\/poblenouurbandistrict.com\/ca\/"},{"@type":"ListItem","position":2,"name":"La Plataforma us convida a celebrar el seu 15\u00e8 aniversari"}]},{"@type":"WebSite","@id":"https:\/\/poblenouurbandistrict.com\/ca\/#website","url":"https:\/\/poblenouurbandistrict.com\/ca\/","name":"Poblenou Urban District","description":"Comunitat Creativa","potentialAction":[{"@type":"SearchAction","target":{"@type":"EntryPoint","urlTemplate":"https:\/\/poblenouurbandistrict.com\/ca\/?s={search_term_string}"},"query-input":{"@type":"PropertyValueSpecification","valueRequired":true,"valueName":"search_term_string"}}],"inLanguage":"ca"},{"@type":"Person","@id":"https:\/\/poblenouurbandistrict.com\/#\/schema\/person\/980a2cf34b399d5218205730acd54a7e","name":"pnud","image":{"@type":"ImageObject","inLanguage":"ca","@id":"https:\/\/secure.gravatar.com\/avatar\/67146597b405ee077a24e519f75c3e2031736596d6ce35af3a34c122c93d0d7b?s=96&d=retro&r=g","url":"https:\/\/secure.gravatar.com\/avatar\/67146597b405ee077a24e519f75c3e2031736596d6ce35af3a34c122c93d0d7b?s=96&d=retro&r=g","contentUrl":"https:\/\/secure.gravatar.com\/avatar\/67146597b405ee077a24e519f75c3e2031736596d6ce35af3a34c122c93d0d7b?s=96&d=retro&r=g","caption":"pnud"}}]}},"_links":{"self":[{"href":"https:\/\/poblenouurbandistrict.com\/ca\/wp-json\/wp\/v2\/posts\/54033","targetHints":{"allow":["GET"]}}],"collection":[{"href":"https:\/\/poblenouurbandistrict.com\/ca\/wp-json\/wp\/v2\/posts"}],"about":[{"href":"https:\/\/poblenouurbandistrict.com\/ca\/wp-json\/wp\/v2\/types\/post"}],"author":[{"embeddable":true,"href":"https:\/\/poblenouurbandistrict.com\/ca\/wp-json\/wp\/v2\/users\/5"}],"replies":[{"embeddable":true,"href":"https:\/\/poblenouurbandistrict.com\/ca\/wp-json\/wp\/v2\/comments?post=54033"}],"version-history":[{"count":8,"href":"https:\/\/poblenouurbandistrict.com\/ca\/wp-json\/wp\/v2\/posts\/54033\/revisions"}],"predecessor-version":[{"id":54102,"href":"https:\/\/poblenouurbandistrict.com\/ca\/wp-json\/wp\/v2\/posts\/54033\/revisions\/54102"}],"wp:featuredmedia":[{"embeddable":true,"href":"https:\/\/poblenouurbandistrict.com\/ca\/wp-json\/wp\/v2\/media\/54039"}],"wp:attachment":[{"href":"https:\/\/poblenouurbandistrict.com\/ca\/wp-json\/wp\/v2\/media?parent=54033"}],"wp:term":[{"taxonomy":"category","embeddable":true,"href":"https:\/\/poblenouurbandistrict.com\/ca\/wp-json\/wp\/v2\/categories?post=54033"},{"taxonomy":"post_tag","embeddable":true,"href":"https:\/\/poblenouurbandistrict.com\/ca\/wp-json\/wp\/v2\/tags?post=54033"}],"curies":[{"name":"wp","href":"https:\/\/api.w.org\/{rel}","templated":true}]}}