{"id":54270,"date":"2026-01-08T14:36:44","date_gmt":"2026-01-08T13:36:44","guid":{"rendered":"https:\/\/poblenouurbandistrict.com\/?p=54270"},"modified":"2026-01-08T16:21:49","modified_gmt":"2026-01-08T15:21:49","slug":"el-museu-de-la-musica-reivindica-la-soprano-conxita-badia-amb-una-exposicio-inedita","status":"publish","type":"post","link":"https:\/\/poblenouurbandistrict.com\/ca\/el-museu-de-la-musica-reivindica-la-soprano-conxita-badia-amb-una-exposicio-inedita\/","title":{"rendered":"El Museu de la M\u00fasica reivindica la soprano Conxita Badia amb una exposici\u00f3 in\u00e8dita"},"content":{"rendered":"<p><\/p>\n<p data-start=\"179\" data-end=\"602\">El Museu de la M\u00fasica presenta <em data-start=\"210\" data-end=\"248\">Conxita Badia. Vine tu i les can\u00e7ons<\/em>, una exposici\u00f3 que posa en valor la figura de la soprano catalana i en descobreix una faceta menys coneguda: el seu comprom\u00eds pol\u00edtic amb la Rep\u00fablica i amb la cultura catalana durant el Franquisme. La mostra es podr\u00e0 visitar del <strong>17 de desembre al 15 de febrer de 2026<\/strong>, en el marc de l\u2019Any Conxita Badia, que commemora el 50\u00e8 aniversari de la seva mort.<\/p>\n<p data-start=\"604\" data-end=\"1145\">Impulsada pel Museu de la M\u00fasica, L\u2019Auditori i l\u2019Any Conxita Badia, l\u2019exposici\u00f3 reuneix fotografies, documents d\u2019arxiu, cartes personals, partitures i enregistraments, molts dels quals s\u2019exposen per primera vegada. Comissariada per Mireia Dom\u00e8nech i Bonet, besneta de l\u2019artista, la mostra recorre la seva traject\u00f2ria art\u00edstica, des dels inicis amb Enric Granados i Pau Casals fins a la seva centralitat en la vida musical dels anys vint i trenta, com a int\u00e8rpret predilecta de compositors com Eduard Toldr\u00e0, Frederic Mompou o Robert Gerhard.<\/p>\n<p data-start=\"1147\" data-end=\"1589\">El recorregut tamb\u00e9 destaca el paper de Conxita Badia com a ambaixadora de la cultura catalana durant la Guerra Civil, quan va inaugurar amb un concert el pavell\u00f3 de la Rep\u00fablica a l\u2019Exposici\u00f3 Internacional de Par\u00eds de 1937, abans de l\u2019exili a l\u2019Am\u00e8rica Llatina. De retorn a Barcelona, va desenvolupar una influent tasca pedag\u00f2gica amb deixebles com Montserrat Caball\u00e9 i va participar activament en la resist\u00e8ncia cultural sota el Franquisme.<\/p>\n<p data-start=\"1591\" data-end=\"1775\">L\u2019exposici\u00f3 forma part del conjunt d\u2019activitats de l\u2019Any Conxita Badia al Museu de la M\u00fasica i L\u2019Auditori, que inclou concerts, simposis i propostes art\u00edstiques fins al febrer de 2026.<\/p>\n<p><\/p>","protected":false},"excerpt":{"rendered":"<p>El Museu de la M\u00fasica presenta Conxita Badia. Vine tu i les can\u00e7ons, una exposici\u00f3 que posa en valor la&#8230; <a href=\"https:\/\/poblenouurbandistrict.com\/ca\/el-museu-de-la-musica-reivindica-la-soprano-conxita-badia-amb-una-exposicio-inedita\/\">M\u00e9s  \u2192<\/a><\/p>\n","protected":false},"author":5,"featured_media":54271,"comment_status":"closed","ping_status":"closed","sticky":false,"template":"","format":"standard","meta":{"_acf_changed":false,"footnotes":""},"categories":[3348],"tags":[],"class_list":["post-54270","post","type-post","status-publish","format-standard","has-post-thumbnail","hentry","category-musica"],"acf":[],"yoast_head":"<!-- This site is optimized with the Yoast SEO plugin v27.4 - https:\/\/yoast.com\/product\/yoast-seo-wordpress\/ -->\n<title>El Museu de la M\u00fasica reivindica la soprano Conxita Badia amb una exposici\u00f3 in\u00e8dita &#8211; Poblenou Urban District<\/title>\n<meta name=\"robots\" content=\"index, follow, max-snippet:-1, max-image-preview:large, max-video-preview:-1\" \/>\n<link rel=\"canonical\" href=\"https:\/\/poblenouurbandistrict.com\/ca\/el-museu-de-la-musica-reivindica-la-soprano-conxita-badia-amb-una-exposicio-inedita\/\" \/>\n<meta property=\"og:locale\" content=\"ca_ES\" \/>\n<meta property=\"og:type\" content=\"article\" \/>\n<meta property=\"og:title\" content=\"El Museu de la M\u00fasica reivindica la soprano Conxita Badia amb una exposici\u00f3 in\u00e8dita &#8211; Poblenou Urban District\" \/>\n<meta property=\"og:description\" content=\"El Museu de la M\u00fasica presenta Conxita Badia. Vine tu i les can\u00e7ons, una exposici\u00f3 que posa en valor la... M\u00e9s \u2192\" \/>\n<meta property=\"og:url\" content=\"https:\/\/poblenouurbandistrict.com\/ca\/el-museu-de-la-musica-reivindica-la-soprano-conxita-badia-amb-una-exposicio-inedita\/\" \/>\n<meta property=\"og:site_name\" content=\"Poblenou Urban District\" \/>\n<meta property=\"article:published_time\" content=\"2026-01-08T13:36:44+00:00\" \/>\n<meta property=\"article:modified_time\" content=\"2026-01-08T15:21:49+00:00\" \/>\n<meta property=\"og:image\" content=\"https:\/\/poblenouurbandistrict.com\/wp-content\/uploads\/2025\/12\/unnamed.jpg\" \/>\n\t<meta property=\"og:image:width\" content=\"1475\" \/>\n\t<meta property=\"og:image:height\" content=\"1123\" \/>\n\t<meta property=\"og:image:type\" content=\"image\/jpeg\" \/>\n<meta name=\"author\" content=\"pnud\" \/>\n<meta name=\"twitter:card\" content=\"summary_large_image\" \/>\n<meta name=\"twitter:label1\" content=\"Escrit per\" \/>\n\t<meta name=\"twitter:data1\" content=\"pnud\" \/>\n\t<meta name=\"twitter:label2\" content=\"Temps estimat de lectura\" \/>\n\t<meta name=\"twitter:data2\" content=\"2 minuts\" \/>\n<script type=\"application\/ld+json\" class=\"yoast-schema-graph\">{\"@context\":\"https:\\\/\\\/schema.org\",\"@graph\":[{\"@type\":\"Article\",\"@id\":\"https:\\\/\\\/poblenouurbandistrict.com\\\/el-museu-de-la-musica-reivindica-la-soprano-conxita-badia-amb-una-exposicio-inedita\\\/#article\",\"isPartOf\":{\"@id\":\"https:\\\/\\\/poblenouurbandistrict.com\\\/el-museu-de-la-musica-reivindica-la-soprano-conxita-badia-amb-una-exposicio-inedita\\\/\"},\"author\":{\"name\":\"pnud\",\"@id\":\"https:\\\/\\\/poblenouurbandistrict.com\\\/#\\\/schema\\\/person\\\/980a2cf34b399d5218205730acd54a7e\"},\"headline\":\"El Museu de la M\u00fasica reivindica la soprano Conxita Badia amb una exposici\u00f3 in\u00e8dita\",\"datePublished\":\"2026-01-08T13:36:44+00:00\",\"dateModified\":\"2026-01-08T15:21:49+00:00\",\"mainEntityOfPage\":{\"@id\":\"https:\\\/\\\/poblenouurbandistrict.com\\\/el-museu-de-la-musica-reivindica-la-soprano-conxita-badia-amb-una-exposicio-inedita\\\/\"},\"wordCount\":881,\"image\":{\"@id\":\"https:\\\/\\\/poblenouurbandistrict.com\\\/el-museu-de-la-musica-reivindica-la-soprano-conxita-badia-amb-una-exposicio-inedita\\\/#primaryimage\"},\"thumbnailUrl\":\"https:\\\/\\\/media.poblenouurbandistrict.com\\\/2025\\\/12\\\/25100312\\\/unnamed.jpg\",\"articleSection\":[\"M\u00fasica\"],\"inLanguage\":\"ca\"},{\"@type\":\"WebPage\",\"@id\":\"https:\\\/\\\/poblenouurbandistrict.com\\\/ca\\\/el-museu-de-la-musica-reivindica-la-soprano-conxita-badia-amb-una-exposicio-inedita\\\/\",\"url\":\"https:\\\/\\\/poblenouurbandistrict.com\\\/ca\\\/el-museu-de-la-musica-reivindica-la-soprano-conxita-badia-amb-una-exposicio-inedita\\\/\",\"name\":\"El Museu de la M\u00fasica reivindica la soprano Conxita Badia amb una exposici\u00f3 in\u00e8dita &#8211; Poblenou Urban District\",\"isPartOf\":{\"@id\":\"https:\\\/\\\/poblenouurbandistrict.com\\\/ca\\\/#website\"},\"primaryImageOfPage\":{\"@id\":\"https:\\\/\\\/poblenouurbandistrict.com\\\/ca\\\/el-museu-de-la-musica-reivindica-la-soprano-conxita-badia-amb-una-exposicio-inedita\\\/#primaryimage\"},\"image\":{\"@id\":\"https:\\\/\\\/poblenouurbandistrict.com\\\/el-museu-de-la-musica-reivindica-la-soprano-conxita-badia-amb-una-exposicio-inedita\\\/#primaryimage\"},\"thumbnailUrl\":\"https:\\\/\\\/media.poblenouurbandistrict.com\\\/2025\\\/12\\\/25100312\\\/unnamed.jpg\",\"datePublished\":\"2026-01-08T13:36:44+00:00\",\"dateModified\":\"2026-01-08T15:21:49+00:00\",\"author\":{\"@id\":\"https:\\\/\\\/poblenouurbandistrict.com\\\/#\\\/schema\\\/person\\\/980a2cf34b399d5218205730acd54a7e\"},\"breadcrumb\":{\"@id\":\"https:\\\/\\\/poblenouurbandistrict.com\\\/ca\\\/el-museu-de-la-musica-reivindica-la-soprano-conxita-badia-amb-una-exposicio-inedita\\\/#breadcrumb\"},\"inLanguage\":\"ca\",\"potentialAction\":[{\"@type\":\"ReadAction\",\"target\":[[\"https:\\\/\\\/poblenouurbandistrict.com\\\/ca\\\/el-museu-de-la-musica-reivindica-la-soprano-conxita-badia-amb-una-exposicio-inedita\\\/\"]]}]},{\"@type\":\"ImageObject\",\"inLanguage\":\"ca\",\"@id\":\"https:\\\/\\\/poblenouurbandistrict.com\\\/ca\\\/el-museu-de-la-musica-reivindica-la-soprano-conxita-badia-amb-una-exposicio-inedita\\\/#primaryimage\",\"url\":\"https:\\\/\\\/media.poblenouurbandistrict.com\\\/2025\\\/12\\\/25100312\\\/unnamed.jpg\",\"contentUrl\":\"https:\\\/\\\/media.poblenouurbandistrict.com\\\/2025\\\/12\\\/25100312\\\/unnamed.jpg\",\"width\":1475,\"height\":1123},{\"@type\":\"BreadcrumbList\",\"@id\":\"https:\\\/\\\/poblenouurbandistrict.com\\\/ca\\\/el-museu-de-la-musica-reivindica-la-soprano-conxita-badia-amb-una-exposicio-inedita\\\/#breadcrumb\",\"itemListElement\":[{\"@type\":\"ListItem\",\"position\":1,\"name\":\"Home\",\"item\":\"https:\\\/\\\/poblenouurbandistrict.com\\\/ca\\\/\"},{\"@type\":\"ListItem\",\"position\":2,\"name\":\"El Museu de la M\u00fasica reivindica la soprano Conxita Badia amb una exposici\u00f3 in\u00e8dita\"}]},{\"@type\":\"WebSite\",\"@id\":\"https:\\\/\\\/poblenouurbandistrict.com\\\/ca\\\/#website\",\"url\":\"https:\\\/\\\/poblenouurbandistrict.com\\\/ca\\\/\",\"name\":\"Poblenou Urban District\",\"description\":\"Comunitat Creativa\",\"potentialAction\":[{\"@type\":\"SearchAction\",\"target\":{\"@type\":\"EntryPoint\",\"urlTemplate\":\"https:\\\/\\\/poblenouurbandistrict.com\\\/ca\\\/?s={search_term_string}\"},\"query-input\":{\"@type\":\"PropertyValueSpecification\",\"valueRequired\":true,\"valueName\":\"search_term_string\"}}],\"inLanguage\":\"ca\"},{\"@type\":\"Person\",\"@id\":\"https:\\\/\\\/poblenouurbandistrict.com\\\/#\\\/schema\\\/person\\\/980a2cf34b399d5218205730acd54a7e\",\"name\":\"pnud\",\"image\":{\"@type\":\"ImageObject\",\"inLanguage\":\"ca\",\"@id\":\"https:\\\/\\\/secure.gravatar.com\\\/avatar\\\/67146597b405ee077a24e519f75c3e2031736596d6ce35af3a34c122c93d0d7b?s=96&d=retro&r=g\",\"url\":\"https:\\\/\\\/secure.gravatar.com\\\/avatar\\\/67146597b405ee077a24e519f75c3e2031736596d6ce35af3a34c122c93d0d7b?s=96&d=retro&r=g\",\"contentUrl\":\"https:\\\/\\\/secure.gravatar.com\\\/avatar\\\/67146597b405ee077a24e519f75c3e2031736596d6ce35af3a34c122c93d0d7b?s=96&d=retro&r=g\",\"caption\":\"pnud\"}}]}<\/script>\n<!-- \/ Yoast SEO plugin. -->","yoast_head_json":{"title":"El Museu de la M\u00fasica reivindica la soprano Conxita Badia amb una exposici\u00f3 in\u00e8dita &#8211; Poblenou Urban District","robots":{"index":"index","follow":"follow","max-snippet":"max-snippet:-1","max-image-preview":"max-image-preview:large","max-video-preview":"max-video-preview:-1"},"canonical":"https:\/\/poblenouurbandistrict.com\/ca\/el-museu-de-la-musica-reivindica-la-soprano-conxita-badia-amb-una-exposicio-inedita\/","og_locale":"ca_ES","og_type":"article","og_title":"El Museu de la M\u00fasica reivindica la soprano Conxita Badia amb una exposici\u00f3 in\u00e8dita &#8211; Poblenou Urban District","og_description":"El Museu de la M\u00fasica presenta Conxita Badia. Vine tu i les can\u00e7ons, una exposici\u00f3 que posa en valor la... M\u00e9s \u2192","og_url":"https:\/\/poblenouurbandistrict.com\/ca\/el-museu-de-la-musica-reivindica-la-soprano-conxita-badia-amb-una-exposicio-inedita\/","og_site_name":"Poblenou Urban District","article_published_time":"2026-01-08T13:36:44+00:00","article_modified_time":"2026-01-08T15:21:49+00:00","og_image":[{"width":1475,"height":1123,"url":"https:\/\/poblenouurbandistrict.com\/wp-content\/uploads\/2025\/12\/unnamed.jpg","type":"image\/jpeg"}],"author":"pnud","twitter_card":"summary_large_image","twitter_misc":{"Escrit per":"pnud","Temps estimat de lectura":"2 minuts"},"schema":{"@context":"https:\/\/schema.org","@graph":[{"@type":"Article","@id":"https:\/\/poblenouurbandistrict.com\/el-museu-de-la-musica-reivindica-la-soprano-conxita-badia-amb-una-exposicio-inedita\/#article","isPartOf":{"@id":"https:\/\/poblenouurbandistrict.com\/el-museu-de-la-musica-reivindica-la-soprano-conxita-badia-amb-una-exposicio-inedita\/"},"author":{"name":"pnud","@id":"https:\/\/poblenouurbandistrict.com\/#\/schema\/person\/980a2cf34b399d5218205730acd54a7e"},"headline":"El Museu de la M\u00fasica reivindica la soprano Conxita Badia amb una exposici\u00f3 in\u00e8dita","datePublished":"2026-01-08T13:36:44+00:00","dateModified":"2026-01-08T15:21:49+00:00","mainEntityOfPage":{"@id":"https:\/\/poblenouurbandistrict.com\/el-museu-de-la-musica-reivindica-la-soprano-conxita-badia-amb-una-exposicio-inedita\/"},"wordCount":881,"image":{"@id":"https:\/\/poblenouurbandistrict.com\/el-museu-de-la-musica-reivindica-la-soprano-conxita-badia-amb-una-exposicio-inedita\/#primaryimage"},"thumbnailUrl":"https:\/\/media.poblenouurbandistrict.com\/2025\/12\/25100312\/unnamed.jpg","articleSection":["M\u00fasica"],"inLanguage":"ca"},{"@type":"WebPage","@id":"https:\/\/poblenouurbandistrict.com\/ca\/el-museu-de-la-musica-reivindica-la-soprano-conxita-badia-amb-una-exposicio-inedita\/","url":"https:\/\/poblenouurbandistrict.com\/ca\/el-museu-de-la-musica-reivindica-la-soprano-conxita-badia-amb-una-exposicio-inedita\/","name":"El Museu de la M\u00fasica reivindica la soprano Conxita Badia amb una exposici\u00f3 in\u00e8dita &#8211; Poblenou Urban District","isPartOf":{"@id":"https:\/\/poblenouurbandistrict.com\/ca\/#website"},"primaryImageOfPage":{"@id":"https:\/\/poblenouurbandistrict.com\/ca\/el-museu-de-la-musica-reivindica-la-soprano-conxita-badia-amb-una-exposicio-inedita\/#primaryimage"},"image":{"@id":"https:\/\/poblenouurbandistrict.com\/el-museu-de-la-musica-reivindica-la-soprano-conxita-badia-amb-una-exposicio-inedita\/#primaryimage"},"thumbnailUrl":"https:\/\/media.poblenouurbandistrict.com\/2025\/12\/25100312\/unnamed.jpg","datePublished":"2026-01-08T13:36:44+00:00","dateModified":"2026-01-08T15:21:49+00:00","author":{"@id":"https:\/\/poblenouurbandistrict.com\/#\/schema\/person\/980a2cf34b399d5218205730acd54a7e"},"breadcrumb":{"@id":"https:\/\/poblenouurbandistrict.com\/ca\/el-museu-de-la-musica-reivindica-la-soprano-conxita-badia-amb-una-exposicio-inedita\/#breadcrumb"},"inLanguage":"ca","potentialAction":[{"@type":"ReadAction","target":[["https:\/\/poblenouurbandistrict.com\/ca\/el-museu-de-la-musica-reivindica-la-soprano-conxita-badia-amb-una-exposicio-inedita\/"]]}]},{"@type":"ImageObject","inLanguage":"ca","@id":"https:\/\/poblenouurbandistrict.com\/ca\/el-museu-de-la-musica-reivindica-la-soprano-conxita-badia-amb-una-exposicio-inedita\/#primaryimage","url":"https:\/\/media.poblenouurbandistrict.com\/2025\/12\/25100312\/unnamed.jpg","contentUrl":"https:\/\/media.poblenouurbandistrict.com\/2025\/12\/25100312\/unnamed.jpg","width":1475,"height":1123},{"@type":"BreadcrumbList","@id":"https:\/\/poblenouurbandistrict.com\/ca\/el-museu-de-la-musica-reivindica-la-soprano-conxita-badia-amb-una-exposicio-inedita\/#breadcrumb","itemListElement":[{"@type":"ListItem","position":1,"name":"Home","item":"https:\/\/poblenouurbandistrict.com\/ca\/"},{"@type":"ListItem","position":2,"name":"El Museu de la M\u00fasica reivindica la soprano Conxita Badia amb una exposici\u00f3 in\u00e8dita"}]},{"@type":"WebSite","@id":"https:\/\/poblenouurbandistrict.com\/ca\/#website","url":"https:\/\/poblenouurbandistrict.com\/ca\/","name":"Poblenou Urban District","description":"Comunitat Creativa","potentialAction":[{"@type":"SearchAction","target":{"@type":"EntryPoint","urlTemplate":"https:\/\/poblenouurbandistrict.com\/ca\/?s={search_term_string}"},"query-input":{"@type":"PropertyValueSpecification","valueRequired":true,"valueName":"search_term_string"}}],"inLanguage":"ca"},{"@type":"Person","@id":"https:\/\/poblenouurbandistrict.com\/#\/schema\/person\/980a2cf34b399d5218205730acd54a7e","name":"pnud","image":{"@type":"ImageObject","inLanguage":"ca","@id":"https:\/\/secure.gravatar.com\/avatar\/67146597b405ee077a24e519f75c3e2031736596d6ce35af3a34c122c93d0d7b?s=96&d=retro&r=g","url":"https:\/\/secure.gravatar.com\/avatar\/67146597b405ee077a24e519f75c3e2031736596d6ce35af3a34c122c93d0d7b?s=96&d=retro&r=g","contentUrl":"https:\/\/secure.gravatar.com\/avatar\/67146597b405ee077a24e519f75c3e2031736596d6ce35af3a34c122c93d0d7b?s=96&d=retro&r=g","caption":"pnud"}}]}},"_links":{"self":[{"href":"https:\/\/poblenouurbandistrict.com\/ca\/wp-json\/wp\/v2\/posts\/54270","targetHints":{"allow":["GET"]}}],"collection":[{"href":"https:\/\/poblenouurbandistrict.com\/ca\/wp-json\/wp\/v2\/posts"}],"about":[{"href":"https:\/\/poblenouurbandistrict.com\/ca\/wp-json\/wp\/v2\/types\/post"}],"author":[{"embeddable":true,"href":"https:\/\/poblenouurbandistrict.com\/ca\/wp-json\/wp\/v2\/users\/5"}],"replies":[{"embeddable":true,"href":"https:\/\/poblenouurbandistrict.com\/ca\/wp-json\/wp\/v2\/comments?post=54270"}],"version-history":[{"count":2,"href":"https:\/\/poblenouurbandistrict.com\/ca\/wp-json\/wp\/v2\/posts\/54270\/revisions"}],"predecessor-version":[{"id":54364,"href":"https:\/\/poblenouurbandistrict.com\/ca\/wp-json\/wp\/v2\/posts\/54270\/revisions\/54364"}],"wp:featuredmedia":[{"embeddable":true,"href":"https:\/\/poblenouurbandistrict.com\/ca\/wp-json\/wp\/v2\/media\/54271"}],"wp:attachment":[{"href":"https:\/\/poblenouurbandistrict.com\/ca\/wp-json\/wp\/v2\/media?parent=54270"}],"wp:term":[{"taxonomy":"category","embeddable":true,"href":"https:\/\/poblenouurbandistrict.com\/ca\/wp-json\/wp\/v2\/categories?post=54270"},{"taxonomy":"post_tag","embeddable":true,"href":"https:\/\/poblenouurbandistrict.com\/ca\/wp-json\/wp\/v2\/tags?post=54270"}],"curies":[{"name":"wp","href":"https:\/\/api.w.org\/{rel}","templated":true}]}}