{"id":54330,"date":"2026-01-08T16:18:25","date_gmt":"2026-01-08T15:18:25","guid":{"rendered":"https:\/\/poblenouurbandistrict.com\/?p=54330"},"modified":"2026-01-08T16:18:25","modified_gmt":"2026-01-08T15:18:25","slug":"arriben-les-rebaixes-al-districte-creatiu","status":"publish","type":"post","link":"https:\/\/poblenouurbandistrict.com\/ca\/arriben-les-rebaixes-al-districte-creatiu\/","title":{"rendered":"Arriben les rebaixes al Districte Creatiu"},"content":{"rendered":"<p>Arriben les rebaixes a les botigues i concept stores del Districte Creatiu, una oportunitat perfecta per descobrir propostes \u00faniques. Si busques un regal diferent, una pe\u00e7a vintage amb hist\u00f2ria o objectes de disseny les botigues, showrooms i concept stores del Districte Creatiu s\u00f3n el lloc ideal per deixar-te inspirar.<\/p>\n<h3><a href=\"https:\/\/www.instagram.com\/feos_poblenou\/\">FEOS tattoos &amp; clothes<\/a><\/h3>\n<p>Feos \u00e9s una concept store \u00fanica que combina un estudi de tatuatges i una botiga de roba dedicada al streetwear. Troba peces uniques d&#8217;streetwear amb un 40% de descompte.<\/p>\n<h3><a href=\"https:\/\/www.instagram.com\/unusual__store\/\">Unusual* Concept Store<\/a><\/h3>\n<p>El seu prop\u00f2sit \u00e9s donar visibilitat a artistes, dissenyadors i marques, tant emergents com consolidats. Es tracta d&#8217;un projecte en constant evoluci\u00f3, on es poden trobar productes \u00fanics i originals, ideals per a regalar o donar-se un capritx. Troba descomptes en sabates de fins el 50%, 30% en roba i en articles seleccionats de joieria i decoraci\u00f3.<\/p>\n<p>&nbsp;<\/p>\n<p>&nbsp;<\/p>\n<p>&nbsp;<\/p>","protected":false},"excerpt":{"rendered":"<p>Arriben les rebaixes a les botigues i concept stores del Districte Creatiu, una oportunitat perfecta per descobrir propostes \u00faniques. Si&#8230; <a href=\"https:\/\/poblenouurbandistrict.com\/ca\/arriben-les-rebaixes-al-districte-creatiu\/\">M\u00e9s  \u2192<\/a><\/p>\n","protected":false},"author":5,"featured_media":53657,"comment_status":"closed","ping_status":"closed","sticky":false,"template":"","format":"standard","meta":{"_acf_changed":false,"footnotes":""},"categories":[1],"tags":[],"class_list":["post-54330","post","type-post","status-publish","format-standard","has-post-thumbnail","hentry","category-noticias"],"acf":[],"yoast_head":"<!-- This site is optimized with the Yoast SEO plugin v27.4 - https:\/\/yoast.com\/product\/yoast-seo-wordpress\/ -->\n<title>Arriben les rebaixes al Districte Creatiu &#8211; Poblenou Urban District<\/title>\n<meta name=\"robots\" content=\"index, follow, max-snippet:-1, max-image-preview:large, max-video-preview:-1\" \/>\n<link rel=\"canonical\" href=\"https:\/\/poblenouurbandistrict.com\/ca\/arriben-les-rebaixes-al-districte-creatiu\/\" \/>\n<meta property=\"og:locale\" content=\"ca_ES\" \/>\n<meta property=\"og:type\" content=\"article\" \/>\n<meta property=\"og:title\" content=\"Arriben les rebaixes al Districte Creatiu &#8211; Poblenou Urban District\" \/>\n<meta property=\"og:description\" content=\"Arriben les rebaixes a les botigues i concept stores del Districte Creatiu, una oportunitat perfecta per descobrir propostes \u00faniques. Si... M\u00e9s \u2192\" \/>\n<meta property=\"og:url\" content=\"https:\/\/poblenouurbandistrict.com\/ca\/arriben-les-rebaixes-al-districte-creatiu\/\" \/>\n<meta property=\"og:site_name\" content=\"Poblenou Urban District\" \/>\n<meta property=\"article:published_time\" content=\"2026-01-08T15:18:25+00:00\" \/>\n<meta property=\"og:image\" content=\"https:\/\/poblenouurbandistrict.com\/wp-content\/uploads\/2025\/11\/dsc00471-2-feos-p9-rotated-e1762505807496.jpeg\" \/>\n\t<meta property=\"og:image:width\" content=\"1077\" \/>\n\t<meta property=\"og:image:height\" content=\"750\" \/>\n\t<meta property=\"og:image:type\" content=\"image\/jpeg\" \/>\n<meta name=\"author\" content=\"pnud\" \/>\n<meta name=\"twitter:card\" content=\"summary_large_image\" \/>\n<meta name=\"twitter:label1\" content=\"Escrit per\" \/>\n\t<meta name=\"twitter:data1\" content=\"pnud\" \/>\n\t<meta name=\"twitter:label2\" content=\"Temps estimat de lectura\" \/>\n\t<meta name=\"twitter:data2\" content=\"1 minut\" \/>\n<script type=\"application\/ld+json\" class=\"yoast-schema-graph\">{\"@context\":\"https:\\\/\\\/schema.org\",\"@graph\":[{\"@type\":\"Article\",\"@id\":\"https:\\\/\\\/poblenouurbandistrict.com\\\/arriben-les-rebaixes-al-districte-creatiu\\\/#article\",\"isPartOf\":{\"@id\":\"https:\\\/\\\/poblenouurbandistrict.com\\\/arriben-les-rebaixes-al-districte-creatiu\\\/\"},\"author\":{\"name\":\"pnud\",\"@id\":\"https:\\\/\\\/poblenouurbandistrict.com\\\/#\\\/schema\\\/person\\\/980a2cf34b399d5218205730acd54a7e\"},\"headline\":\"Arriben les rebaixes al Districte Creatiu\",\"datePublished\":\"2026-01-08T15:18:25+00:00\",\"mainEntityOfPage\":{\"@id\":\"https:\\\/\\\/poblenouurbandistrict.com\\\/arriben-les-rebaixes-al-districte-creatiu\\\/\"},\"wordCount\":458,\"image\":{\"@id\":\"https:\\\/\\\/poblenouurbandistrict.com\\\/arriben-les-rebaixes-al-districte-creatiu\\\/#primaryimage\"},\"thumbnailUrl\":\"https:\\\/\\\/poblenouurbandistrict.com\\\/wp-content\\\/uploads\\\/2025\\\/11\\\/dsc00471-2-feos-p9-rotated-e1762505807496.jpeg\",\"articleSection\":[\"Est\u00e0 passant\"],\"inLanguage\":\"ca\"},{\"@type\":\"WebPage\",\"@id\":\"https:\\\/\\\/poblenouurbandistrict.com\\\/ca\\\/arriben-les-rebaixes-al-districte-creatiu\\\/\",\"url\":\"https:\\\/\\\/poblenouurbandistrict.com\\\/ca\\\/arriben-les-rebaixes-al-districte-creatiu\\\/\",\"name\":\"Arriben les rebaixes al Districte Creatiu &#8211; Poblenou Urban District\",\"isPartOf\":{\"@id\":\"https:\\\/\\\/poblenouurbandistrict.com\\\/ca\\\/#website\"},\"primaryImageOfPage\":{\"@id\":\"https:\\\/\\\/poblenouurbandistrict.com\\\/ca\\\/arriben-les-rebaixes-al-districte-creatiu\\\/#primaryimage\"},\"image\":{\"@id\":\"https:\\\/\\\/poblenouurbandistrict.com\\\/arriben-les-rebaixes-al-districte-creatiu\\\/#primaryimage\"},\"thumbnailUrl\":\"https:\\\/\\\/poblenouurbandistrict.com\\\/wp-content\\\/uploads\\\/2025\\\/11\\\/dsc00471-2-feos-p9-rotated-e1762505807496.jpeg\",\"datePublished\":\"2026-01-08T15:18:25+00:00\",\"author\":{\"@id\":\"https:\\\/\\\/poblenouurbandistrict.com\\\/#\\\/schema\\\/person\\\/980a2cf34b399d5218205730acd54a7e\"},\"breadcrumb\":{\"@id\":\"https:\\\/\\\/poblenouurbandistrict.com\\\/ca\\\/arriben-les-rebaixes-al-districte-creatiu\\\/#breadcrumb\"},\"inLanguage\":\"ca\",\"potentialAction\":[{\"@type\":\"ReadAction\",\"target\":[[\"https:\\\/\\\/poblenouurbandistrict.com\\\/ca\\\/arriben-les-rebaixes-al-districte-creatiu\\\/\"]]}]},{\"@type\":\"ImageObject\",\"inLanguage\":\"ca\",\"@id\":\"https:\\\/\\\/poblenouurbandistrict.com\\\/ca\\\/arriben-les-rebaixes-al-districte-creatiu\\\/#primaryimage\",\"url\":\"https:\\\/\\\/poblenouurbandistrict.com\\\/wp-content\\\/uploads\\\/2025\\\/11\\\/dsc00471-2-feos-p9-rotated-e1762505807496.jpeg\",\"contentUrl\":\"https:\\\/\\\/poblenouurbandistrict.com\\\/wp-content\\\/uploads\\\/2025\\\/11\\\/dsc00471-2-feos-p9-rotated-e1762505807496.jpeg\",\"width\":1077,\"height\":750},{\"@type\":\"BreadcrumbList\",\"@id\":\"https:\\\/\\\/poblenouurbandistrict.com\\\/ca\\\/arriben-les-rebaixes-al-districte-creatiu\\\/#breadcrumb\",\"itemListElement\":[{\"@type\":\"ListItem\",\"position\":1,\"name\":\"Home\",\"item\":\"https:\\\/\\\/poblenouurbandistrict.com\\\/ca\\\/\"},{\"@type\":\"ListItem\",\"position\":2,\"name\":\"Arriben les rebaixes al Districte Creatiu\"}]},{\"@type\":\"WebSite\",\"@id\":\"https:\\\/\\\/poblenouurbandistrict.com\\\/ca\\\/#website\",\"url\":\"https:\\\/\\\/poblenouurbandistrict.com\\\/ca\\\/\",\"name\":\"Poblenou Urban District\",\"description\":\"Comunitat Creativa\",\"potentialAction\":[{\"@type\":\"SearchAction\",\"target\":{\"@type\":\"EntryPoint\",\"urlTemplate\":\"https:\\\/\\\/poblenouurbandistrict.com\\\/ca\\\/?s={search_term_string}\"},\"query-input\":{\"@type\":\"PropertyValueSpecification\",\"valueRequired\":true,\"valueName\":\"search_term_string\"}}],\"inLanguage\":\"ca\"},{\"@type\":\"Person\",\"@id\":\"https:\\\/\\\/poblenouurbandistrict.com\\\/#\\\/schema\\\/person\\\/980a2cf34b399d5218205730acd54a7e\",\"name\":\"pnud\",\"image\":{\"@type\":\"ImageObject\",\"inLanguage\":\"ca\",\"@id\":\"https:\\\/\\\/secure.gravatar.com\\\/avatar\\\/67146597b405ee077a24e519f75c3e2031736596d6ce35af3a34c122c93d0d7b?s=96&d=retro&r=g\",\"url\":\"https:\\\/\\\/secure.gravatar.com\\\/avatar\\\/67146597b405ee077a24e519f75c3e2031736596d6ce35af3a34c122c93d0d7b?s=96&d=retro&r=g\",\"contentUrl\":\"https:\\\/\\\/secure.gravatar.com\\\/avatar\\\/67146597b405ee077a24e519f75c3e2031736596d6ce35af3a34c122c93d0d7b?s=96&d=retro&r=g\",\"caption\":\"pnud\"}}]}<\/script>\n<!-- \/ Yoast SEO plugin. -->","yoast_head_json":{"title":"Arriben les rebaixes al Districte Creatiu &#8211; Poblenou Urban District","robots":{"index":"index","follow":"follow","max-snippet":"max-snippet:-1","max-image-preview":"max-image-preview:large","max-video-preview":"max-video-preview:-1"},"canonical":"https:\/\/poblenouurbandistrict.com\/ca\/arriben-les-rebaixes-al-districte-creatiu\/","og_locale":"ca_ES","og_type":"article","og_title":"Arriben les rebaixes al Districte Creatiu &#8211; Poblenou Urban District","og_description":"Arriben les rebaixes a les botigues i concept stores del Districte Creatiu, una oportunitat perfecta per descobrir propostes \u00faniques. Si... M\u00e9s \u2192","og_url":"https:\/\/poblenouurbandistrict.com\/ca\/arriben-les-rebaixes-al-districte-creatiu\/","og_site_name":"Poblenou Urban District","article_published_time":"2026-01-08T15:18:25+00:00","og_image":[{"width":1077,"height":750,"url":"https:\/\/poblenouurbandistrict.com\/wp-content\/uploads\/2025\/11\/dsc00471-2-feos-p9-rotated-e1762505807496.jpeg","type":"image\/jpeg"}],"author":"pnud","twitter_card":"summary_large_image","twitter_misc":{"Escrit per":"pnud","Temps estimat de lectura":"1 minut"},"schema":{"@context":"https:\/\/schema.org","@graph":[{"@type":"Article","@id":"https:\/\/poblenouurbandistrict.com\/arriben-les-rebaixes-al-districte-creatiu\/#article","isPartOf":{"@id":"https:\/\/poblenouurbandistrict.com\/arriben-les-rebaixes-al-districte-creatiu\/"},"author":{"name":"pnud","@id":"https:\/\/poblenouurbandistrict.com\/#\/schema\/person\/980a2cf34b399d5218205730acd54a7e"},"headline":"Arriben les rebaixes al Districte Creatiu","datePublished":"2026-01-08T15:18:25+00:00","mainEntityOfPage":{"@id":"https:\/\/poblenouurbandistrict.com\/arriben-les-rebaixes-al-districte-creatiu\/"},"wordCount":458,"image":{"@id":"https:\/\/poblenouurbandistrict.com\/arriben-les-rebaixes-al-districte-creatiu\/#primaryimage"},"thumbnailUrl":"https:\/\/poblenouurbandistrict.com\/wp-content\/uploads\/2025\/11\/dsc00471-2-feos-p9-rotated-e1762505807496.jpeg","articleSection":["Est\u00e0 passant"],"inLanguage":"ca"},{"@type":"WebPage","@id":"https:\/\/poblenouurbandistrict.com\/ca\/arriben-les-rebaixes-al-districte-creatiu\/","url":"https:\/\/poblenouurbandistrict.com\/ca\/arriben-les-rebaixes-al-districte-creatiu\/","name":"Arriben les rebaixes al Districte Creatiu &#8211; Poblenou Urban District","isPartOf":{"@id":"https:\/\/poblenouurbandistrict.com\/ca\/#website"},"primaryImageOfPage":{"@id":"https:\/\/poblenouurbandistrict.com\/ca\/arriben-les-rebaixes-al-districte-creatiu\/#primaryimage"},"image":{"@id":"https:\/\/poblenouurbandistrict.com\/arriben-les-rebaixes-al-districte-creatiu\/#primaryimage"},"thumbnailUrl":"https:\/\/poblenouurbandistrict.com\/wp-content\/uploads\/2025\/11\/dsc00471-2-feos-p9-rotated-e1762505807496.jpeg","datePublished":"2026-01-08T15:18:25+00:00","author":{"@id":"https:\/\/poblenouurbandistrict.com\/#\/schema\/person\/980a2cf34b399d5218205730acd54a7e"},"breadcrumb":{"@id":"https:\/\/poblenouurbandistrict.com\/ca\/arriben-les-rebaixes-al-districte-creatiu\/#breadcrumb"},"inLanguage":"ca","potentialAction":[{"@type":"ReadAction","target":[["https:\/\/poblenouurbandistrict.com\/ca\/arriben-les-rebaixes-al-districte-creatiu\/"]]}]},{"@type":"ImageObject","inLanguage":"ca","@id":"https:\/\/poblenouurbandistrict.com\/ca\/arriben-les-rebaixes-al-districte-creatiu\/#primaryimage","url":"https:\/\/poblenouurbandistrict.com\/wp-content\/uploads\/2025\/11\/dsc00471-2-feos-p9-rotated-e1762505807496.jpeg","contentUrl":"https:\/\/poblenouurbandistrict.com\/wp-content\/uploads\/2025\/11\/dsc00471-2-feos-p9-rotated-e1762505807496.jpeg","width":1077,"height":750},{"@type":"BreadcrumbList","@id":"https:\/\/poblenouurbandistrict.com\/ca\/arriben-les-rebaixes-al-districte-creatiu\/#breadcrumb","itemListElement":[{"@type":"ListItem","position":1,"name":"Home","item":"https:\/\/poblenouurbandistrict.com\/ca\/"},{"@type":"ListItem","position":2,"name":"Arriben les rebaixes al Districte Creatiu"}]},{"@type":"WebSite","@id":"https:\/\/poblenouurbandistrict.com\/ca\/#website","url":"https:\/\/poblenouurbandistrict.com\/ca\/","name":"Poblenou Urban District","description":"Comunitat Creativa","potentialAction":[{"@type":"SearchAction","target":{"@type":"EntryPoint","urlTemplate":"https:\/\/poblenouurbandistrict.com\/ca\/?s={search_term_string}"},"query-input":{"@type":"PropertyValueSpecification","valueRequired":true,"valueName":"search_term_string"}}],"inLanguage":"ca"},{"@type":"Person","@id":"https:\/\/poblenouurbandistrict.com\/#\/schema\/person\/980a2cf34b399d5218205730acd54a7e","name":"pnud","image":{"@type":"ImageObject","inLanguage":"ca","@id":"https:\/\/secure.gravatar.com\/avatar\/67146597b405ee077a24e519f75c3e2031736596d6ce35af3a34c122c93d0d7b?s=96&d=retro&r=g","url":"https:\/\/secure.gravatar.com\/avatar\/67146597b405ee077a24e519f75c3e2031736596d6ce35af3a34c122c93d0d7b?s=96&d=retro&r=g","contentUrl":"https:\/\/secure.gravatar.com\/avatar\/67146597b405ee077a24e519f75c3e2031736596d6ce35af3a34c122c93d0d7b?s=96&d=retro&r=g","caption":"pnud"}}]}},"_links":{"self":[{"href":"https:\/\/poblenouurbandistrict.com\/ca\/wp-json\/wp\/v2\/posts\/54330","targetHints":{"allow":["GET"]}}],"collection":[{"href":"https:\/\/poblenouurbandistrict.com\/ca\/wp-json\/wp\/v2\/posts"}],"about":[{"href":"https:\/\/poblenouurbandistrict.com\/ca\/wp-json\/wp\/v2\/types\/post"}],"author":[{"embeddable":true,"href":"https:\/\/poblenouurbandistrict.com\/ca\/wp-json\/wp\/v2\/users\/5"}],"replies":[{"embeddable":true,"href":"https:\/\/poblenouurbandistrict.com\/ca\/wp-json\/wp\/v2\/comments?post=54330"}],"version-history":[{"count":3,"href":"https:\/\/poblenouurbandistrict.com\/ca\/wp-json\/wp\/v2\/posts\/54330\/revisions"}],"predecessor-version":[{"id":54363,"href":"https:\/\/poblenouurbandistrict.com\/ca\/wp-json\/wp\/v2\/posts\/54330\/revisions\/54363"}],"wp:featuredmedia":[{"embeddable":true,"href":"https:\/\/poblenouurbandistrict.com\/ca\/wp-json\/wp\/v2\/media\/53657"}],"wp:attachment":[{"href":"https:\/\/poblenouurbandistrict.com\/ca\/wp-json\/wp\/v2\/media?parent=54330"}],"wp:term":[{"taxonomy":"category","embeddable":true,"href":"https:\/\/poblenouurbandistrict.com\/ca\/wp-json\/wp\/v2\/categories?post=54330"},{"taxonomy":"post_tag","embeddable":true,"href":"https:\/\/poblenouurbandistrict.com\/ca\/wp-json\/wp\/v2\/tags?post=54330"}],"curies":[{"name":"wp","href":"https:\/\/api.w.org\/{rel}","templated":true}]}}