{"id":54350,"date":"2026-01-08T14:29:14","date_gmt":"2026-01-08T13:29:14","guid":{"rendered":"https:\/\/poblenouurbandistrict.com\/?p=54350"},"modified":"2026-01-09T13:48:19","modified_gmt":"2026-01-09T12:48:19","slug":"les-millors-exposicions-i-activitats-als-museus-i-galeries-del-districte-creatiu","status":"publish","type":"post","link":"https:\/\/poblenouurbandistrict.com\/ca\/les-millors-exposicions-i-activitats-als-museus-i-galeries-del-districte-creatiu\/","title":{"rendered":"Les millors exposicions i activitats als museus i galeries del Districte Creatiu"},"content":{"rendered":"<p>Comen\u00e7a l&#8217;any i amb ell l&#8217;activitat dels museus del Districte Creatiu no para: aprofita el mes de gener per veure les millors exposicions del Poblenou, participar de tallers i activitats o fer una ruta per les galeries d&#8217;art del Districte Creatiu.<\/p>\n<h3><a href=\"https:\/\/www.dissenyhub.barcelona\/\"><strong>Disseny Hub Barcelona<\/strong><\/a><\/h3>\n<h4 data-start=\"420\" data-end=\"485\"><strong data-start=\"428\" data-end=\"483\">Projecci\u00f3 i taula rodona: <em data-start=\"456\" data-end=\"481\">\u2018Cola, Colita, Colassa\u2019<\/em><\/strong><\/h4>\n<p data-start=\"486\" data-end=\"1084\">El <strong data-start=\"489\" data-end=\"515\">13 de gener a les 18 h<\/strong>, el DHub organitza la projecci\u00f3 del documental <em data-start=\"563\" data-end=\"586\">Cola, Colita, Colassa<\/em>, dirigit per Ventura Pons el 2015, que retrata la traject\u00f2ria i relacions de la fot\u00f2grafa Colita amb figures emblem\u00e0tiques de la cultura (com Maruja Torres, Rosa Maria Sard\u00e0, Teresa Gimpera i N\u00faria Feliu). Despr\u00e9s de la projecci\u00f3, t\u00e9 lloc una <strong data-start=\"830\" data-end=\"874\">taula rodona moderada per Francesc Polop<\/strong> (director de l\u2019Archivo Colita Fotograf\u00eda) amb la participaci\u00f3 de N\u00faria Rib\u00f3, Anabel Campo Vidal i Vicky Combal\u00eda, en qu\u00e8 s\u2019explora a fons la figura i l\u2019her\u00e8ncia de Colita.<\/p>\n<hr data-start=\"1086\" data-end=\"1089\" \/>\n<h4 data-start=\"1139\" data-end=\"1174\"><strong data-start=\"1147\" data-end=\"1172\">\u2018El valor de l\u2019aigua\u2019<\/strong><\/h4>\n<p data-start=\"1175\" data-end=\"1526\">Fins <strong data-start=\"1180\" data-end=\"1197\">l\u201911 de gener<\/strong>, el DHub acull <strong data-start=\"1213\" data-end=\"1250\">l\u2019exposici\u00f3 <em data-start=\"1227\" data-end=\"1248\">El valor de l\u2019aigua<\/em><\/strong>, una mostra que investiga les formes tradicionals d\u2019obtenir i gestionar l\u2019aigua i inclou objectes de la col\u00b7lecci\u00f3 del Museu del Disseny juntament amb peces contempor\u00e0nies que reflexionen sobre l\u2019\u00fas responsable d\u2019aquest recurs essencial.<\/p>\n<hr data-start=\"1528\" data-end=\"1531\" \/>\n<h4 data-start=\"1583\" data-end=\"1641\"><strong data-start=\"1592\" data-end=\"1639\">Visites guiades gratu\u00eftes a les exposicions<\/strong><\/h4>\n<p data-start=\"1642\" data-end=\"2067\">Cada <strong data-start=\"1647\" data-end=\"1670\">dissabte a les 11 h<\/strong>, amb l\u2019entrada al Museu del Disseny-DHub, s\u2019ofereixen <strong data-start=\"1725\" data-end=\"1753\">visites guiades \u201cTastet\u201d<\/strong> que recorren les quatre exposicions permanents del museu (incloent-hi \u201cObjectes comuns. Hist\u00f2ries locals, debats globals\u201d, \u201cMatter Matters. Dissenyar amb el m\u00f3n\u201d, \u201cDissenyes o treballes? La nova comunicaci\u00f3 visual (1980-2003)\u201d i \u201cEl cos vestit. Siluetes i moda (1550-2015)\u201d).<\/p>\n<hr data-start=\"2069\" data-end=\"2072\" \/>\n<h4 data-start=\"2074\" data-end=\"2125\"><strong data-start=\"2081\" data-end=\"2123\">Presentaci\u00f3 de la revista \u2018Inmaterial\u2019<\/strong><\/h4>\n<p data-start=\"2126\" data-end=\"2563\">El <strong data-start=\"2129\" data-end=\"2155\">20 de gener a les 18 h<\/strong>, el DHub presenta <strong data-start=\"2174\" data-end=\"2215\">el n\u00famero 20 de la revista Inmaterial<\/strong>, un volum especial titulat <em data-start=\"2243\" data-end=\"2304\">Dissenyar amb el m\u00f3n: Cap a una nova relaci\u00f3 amb la mat\u00e8ria<\/em>. L\u2019acte, que forma part del cicle d\u2019activitats <strong data-start=\"2352\" data-end=\"2374\">Mat\u00e8ria Compartida<\/strong> associades a l\u2019exposici\u00f3 <em data-start=\"2400\" data-end=\"2416\">Matter Matters<\/em>, compta amb els seus editors Mariona Moncunill, Jorge Luis Marzo i Olga Subir\u00f3s (comiss\u00e0ria de l\u2019exposici\u00f3).<\/p>\n<hr \/>\n<h3 data-start=\"2644\" data-end=\"2930\"><a href=\"https:\/\/www.fundaciovilacasas.com\/ca\/museu\/museu-can-framis-barcelona\"><strong>Museu Can Framis<\/strong><\/a><\/h3>\n<p data-start=\"184\" data-end=\"552\">Exposici\u00f3 Permanent de Pintura Contemporania <em>&#8220;Una col\u00b7lecci\u00f3 permanentment canviant&#8221;.<\/em><\/p>\n<p data-start=\"554\" data-end=\"898\">Exposici\u00f3 Temporal: <strong><em data-start=\"594\" data-end=\"639\">Silvia Gubern. Esplendor. Tornar a l\u2019origen<\/em><\/strong>, una mostra que reuneix obra de l\u2019artista Silvia Gubern i que es pot visitar fins al 22 de febrer de 2026. Aquest projecte exposa treballs que exploren l\u2019est\u00e8tica i el proc\u00e9s creatiu de l\u2019artista.<\/p>\n<p data-start=\"900\" data-end=\"1378\">Pel que fa a les activitats: el museu organitza <strong data-start=\"969\" data-end=\"1019\">visites guiades a l\u2019exposici\u00f3 de Silvia Gubern<\/strong> amb sessions els dies <strong data-start=\"1042\" data-end=\"1057\">24 de gener<\/strong> al migdia, dirigides a aprofundir en les obres i el context de la mostra. Tamb\u00e9 el <strong data-start=\"1141\" data-end=\"1156\">25 de gener<\/strong> es celebra el taller <em data-start=\"1178\" data-end=\"1237\">Mysteri\u2019Art: viatge de l\u2019\u00e0nima cap a la bellesa essencial<\/em>, una activitat orientada a explorar conceptes vinculats a la percepci\u00f3 est\u00e8tica i l\u2019expressi\u00f3 creativa.<\/p>\n<hr \/>\n<h3 data-start=\"900\" data-end=\"1378\"><a href=\"https:\/\/museuterra.cat\/plastic-genial-pervers-bcn\/\">Sala Barcelona del Museu Terra<\/a><\/h3>\n<p><strong data-start=\"4\" data-end=\"124\">\u201cPl\u00e0stic. Genial o pervers?\u201d<\/strong>. Aquesta mostra, que forma part de la programaci\u00f3 de la Sala Barcelona del Museu Terra, es pot veure de manera <strong data-start=\"236\" data-end=\"297\">lliure i gratu\u00efta dins dels horaris d\u2019obertura de la sala<\/strong>\u00a0fins al <strong data-start=\"320\" data-end=\"342\">30 de maig de 2026.<\/strong>\u00a0L\u2019exposici\u00f3 est\u00e0 comissariada per <strong data-start=\"420\" data-end=\"434\">N\u00faria Vila<\/strong> i proposa una <strong data-start=\"449\" data-end=\"553\">reflexi\u00f3 sobre el pl\u00e0stic, des de la seva hist\u00f2ria i usos als seus impactes mediambientals i socials<\/strong>, a trav\u00e9s de diversos \u00e0mbits tem\u00e0tics i la participaci\u00f3 d\u2019artistes contemporanis mitjan\u00e7ant audiovisuals, instal\u00b7lacions i objectes de col\u00b7lecci\u00f3.<\/p>\n<hr \/>\n<h3><a href=\"https:\/\/www.piramidon.com\/es\/\">Piramid\u00f3n. Centre d\u2019Art Contemporani<\/a><\/h3>\n<p>Durant el mes de gener teniu l&#8217;\u00faltima oportunitat de visitar les exposicions <strong><em>Un impulso de \u00faltimo momento<\/em> de Roman Castro<\/strong> y l&#8217;<strong>exposici\u00f3 col\u00b7lectiva <em>2025_N4<\/em><\/strong>, que finalitzen el dia 20\/01.<\/p>\n<hr \/>\n<h3><a href=\"https:\/\/laplataformabcn.com\/\">La Plataforma<\/a><\/h3>\n<p><em>Arte y Venta: A la penas, pu\u00f1aladas<\/em> \u00e9s l&#8217;exposici\u00f3 que celebra els 15 anys de l&#8217;obertura de la galeria. Una exposici\u00f3 col\u00b7lectiva que reuneix una selecci\u00f3 d\u2019obres recents i peces d\u2019arxiu que recorren la traject\u00f2ria de la galeria a trav\u00e9s de les veus dels seus artistes.<\/p>\n<p>La pots visitar fins el 13 de febrer.<\/p>\n<hr \/>\n<h3><a href=\"https:\/\/load-gallery.com\/exhibitions\/yatreda\">Load Gallery<\/a><\/h3>\n<p>Yatreda \u12eb\u1325\u122c\u12f3, Let\u2019s Slow Down Time Together, es pot visitar a la galeria fins el 14 de febrer. La primera exposici\u00f3 individual a Europa de <strong data-start=\"130\" data-end=\"146\">Yatreda \u12eb\u1325\u122c\u12f3<\/strong> , el col\u00b7lectiu art\u00edstic et\u00edop presenta una selecci\u00f3 concisa de les seves videocreacions, que connecten mem\u00f2ria, tradici\u00f3 oral i identitat a trav\u00e9s d\u2019un llenguatge visual rigor\u00f3s i po\u00e8tic.<\/p>","protected":false},"excerpt":{"rendered":"<p>Comen\u00e7a l&#8217;any i amb ell l&#8217;activitat dels museus del Districte Creatiu no para: aprofita el mes de gener per veure&#8230; <a href=\"https:\/\/poblenouurbandistrict.com\/ca\/les-millors-exposicions-i-activitats-als-museus-i-galeries-del-districte-creatiu\/\">M\u00e9s  \u2192<\/a><\/p>\n","protected":false},"author":5,"featured_media":54359,"comment_status":"closed","ping_status":"closed","sticky":false,"template":"","format":"standard","meta":{"_acf_changed":false,"footnotes":""},"categories":[3363,3342],"tags":[],"class_list":["post-54350","post","type-post","status-publish","format-standard","has-post-thumbnail","hentry","category-places","category-art"],"acf":[],"yoast_head":"<!-- This site is optimized with the Yoast SEO plugin v27.4 - https:\/\/yoast.com\/product\/yoast-seo-wordpress\/ -->\n<title>Les millors exposicions i activitats als museus i galeries del Districte Creatiu &#8211; Poblenou Urban District<\/title>\n<meta name=\"robots\" content=\"index, follow, max-snippet:-1, max-image-preview:large, max-video-preview:-1\" \/>\n<link rel=\"canonical\" href=\"https:\/\/poblenouurbandistrict.com\/ca\/les-millors-exposicions-i-activitats-als-museus-i-galeries-del-districte-creatiu\/\" \/>\n<meta property=\"og:locale\" content=\"ca_ES\" \/>\n<meta property=\"og:type\" content=\"article\" \/>\n<meta property=\"og:title\" content=\"Les millors exposicions i activitats als museus i galeries del Districte Creatiu &#8211; Poblenou Urban District\" \/>\n<meta property=\"og:description\" content=\"Comen\u00e7a l&#8217;any i amb ell l&#8217;activitat dels museus del Districte Creatiu no para: aprofita el mes de gener per veure... M\u00e9s \u2192\" \/>\n<meta property=\"og:url\" content=\"https:\/\/poblenouurbandistrict.com\/ca\/les-millors-exposicions-i-activitats-als-museus-i-galeries-del-districte-creatiu\/\" \/>\n<meta property=\"og:site_name\" content=\"Poblenou Urban District\" \/>\n<meta property=\"article:published_time\" content=\"2026-01-08T13:29:14+00:00\" \/>\n<meta property=\"article:modified_time\" content=\"2026-01-09T12:48:19+00:00\" \/>\n<meta property=\"og:image\" content=\"https:\/\/poblenouurbandistrict.com\/wp-content\/uploads\/2026\/01\/unnamed-12.jpg\" \/>\n\t<meta property=\"og:image:width\" content=\"2560\" \/>\n\t<meta property=\"og:image:height\" content=\"1706\" \/>\n\t<meta property=\"og:image:type\" content=\"image\/jpeg\" \/>\n<meta name=\"author\" content=\"pnud\" \/>\n<meta name=\"twitter:card\" content=\"summary_large_image\" \/>\n<meta name=\"twitter:label1\" content=\"Escrit per\" \/>\n\t<meta name=\"twitter:data1\" content=\"pnud\" \/>\n\t<meta name=\"twitter:label2\" content=\"Temps estimat de lectura\" \/>\n\t<meta name=\"twitter:data2\" content=\"4 minuts\" \/>\n<script type=\"application\/ld+json\" class=\"yoast-schema-graph\">{\"@context\":\"https:\\\/\\\/schema.org\",\"@graph\":[{\"@type\":\"Article\",\"@id\":\"https:\\\/\\\/poblenouurbandistrict.com\\\/les-millors-exposicions-i-activitats-als-museus-i-galeries-del-districte-creatiu\\\/#article\",\"isPartOf\":{\"@id\":\"https:\\\/\\\/poblenouurbandistrict.com\\\/les-millors-exposicions-i-activitats-als-museus-i-galeries-del-districte-creatiu\\\/\"},\"author\":{\"name\":\"pnud\",\"@id\":\"https:\\\/\\\/poblenouurbandistrict.com\\\/#\\\/schema\\\/person\\\/980a2cf34b399d5218205730acd54a7e\"},\"headline\":\"Les millors exposicions i activitats als museus i galeries del Districte Creatiu\",\"datePublished\":\"2026-01-08T13:29:14+00:00\",\"dateModified\":\"2026-01-09T12:48:19+00:00\",\"mainEntityOfPage\":{\"@id\":\"https:\\\/\\\/poblenouurbandistrict.com\\\/les-millors-exposicions-i-activitats-als-museus-i-galeries-del-districte-creatiu\\\/\"},\"wordCount\":2175,\"image\":{\"@id\":\"https:\\\/\\\/poblenouurbandistrict.com\\\/les-millors-exposicions-i-activitats-als-museus-i-galeries-del-districte-creatiu\\\/#primaryimage\"},\"thumbnailUrl\":\"https:\\\/\\\/media.poblenouurbandistrict.com\\\/2026\\\/01\\\/25100435\\\/unnamed-12.jpg\",\"articleSection\":[\"Espais\",\"Art\"],\"inLanguage\":\"ca\"},{\"@type\":\"WebPage\",\"@id\":\"https:\\\/\\\/poblenouurbandistrict.com\\\/ca\\\/les-millors-exposicions-i-activitats-als-museus-i-galeries-del-districte-creatiu\\\/\",\"url\":\"https:\\\/\\\/poblenouurbandistrict.com\\\/ca\\\/les-millors-exposicions-i-activitats-als-museus-i-galeries-del-districte-creatiu\\\/\",\"name\":\"Les millors exposicions i activitats als museus i galeries del Districte Creatiu &#8211; Poblenou Urban District\",\"isPartOf\":{\"@id\":\"https:\\\/\\\/poblenouurbandistrict.com\\\/ca\\\/#website\"},\"primaryImageOfPage\":{\"@id\":\"https:\\\/\\\/poblenouurbandistrict.com\\\/ca\\\/les-millors-exposicions-i-activitats-als-museus-i-galeries-del-districte-creatiu\\\/#primaryimage\"},\"image\":{\"@id\":\"https:\\\/\\\/poblenouurbandistrict.com\\\/les-millors-exposicions-i-activitats-als-museus-i-galeries-del-districte-creatiu\\\/#primaryimage\"},\"thumbnailUrl\":\"https:\\\/\\\/media.poblenouurbandistrict.com\\\/2026\\\/01\\\/25100435\\\/unnamed-12.jpg\",\"datePublished\":\"2026-01-08T13:29:14+00:00\",\"dateModified\":\"2026-01-09T12:48:19+00:00\",\"author\":{\"@id\":\"https:\\\/\\\/poblenouurbandistrict.com\\\/#\\\/schema\\\/person\\\/980a2cf34b399d5218205730acd54a7e\"},\"breadcrumb\":{\"@id\":\"https:\\\/\\\/poblenouurbandistrict.com\\\/ca\\\/les-millors-exposicions-i-activitats-als-museus-i-galeries-del-districte-creatiu\\\/#breadcrumb\"},\"inLanguage\":\"ca\",\"potentialAction\":[{\"@type\":\"ReadAction\",\"target\":[[\"https:\\\/\\\/poblenouurbandistrict.com\\\/ca\\\/les-millors-exposicions-i-activitats-als-museus-i-galeries-del-districte-creatiu\\\/\"]]}]},{\"@type\":\"ImageObject\",\"inLanguage\":\"ca\",\"@id\":\"https:\\\/\\\/poblenouurbandistrict.com\\\/ca\\\/les-millors-exposicions-i-activitats-als-museus-i-galeries-del-districte-creatiu\\\/#primaryimage\",\"url\":\"https:\\\/\\\/media.poblenouurbandistrict.com\\\/2026\\\/01\\\/25100435\\\/unnamed-12.jpg\",\"contentUrl\":\"https:\\\/\\\/media.poblenouurbandistrict.com\\\/2026\\\/01\\\/25100435\\\/unnamed-12.jpg\",\"width\":2560,\"height\":1706},{\"@type\":\"BreadcrumbList\",\"@id\":\"https:\\\/\\\/poblenouurbandistrict.com\\\/ca\\\/les-millors-exposicions-i-activitats-als-museus-i-galeries-del-districte-creatiu\\\/#breadcrumb\",\"itemListElement\":[{\"@type\":\"ListItem\",\"position\":1,\"name\":\"Home\",\"item\":\"https:\\\/\\\/poblenouurbandistrict.com\\\/ca\\\/\"},{\"@type\":\"ListItem\",\"position\":2,\"name\":\"Les millors exposicions i activitats als museus i galeries del Districte Creatiu\"}]},{\"@type\":\"WebSite\",\"@id\":\"https:\\\/\\\/poblenouurbandistrict.com\\\/ca\\\/#website\",\"url\":\"https:\\\/\\\/poblenouurbandistrict.com\\\/ca\\\/\",\"name\":\"Poblenou Urban District\",\"description\":\"Comunitat Creativa\",\"potentialAction\":[{\"@type\":\"SearchAction\",\"target\":{\"@type\":\"EntryPoint\",\"urlTemplate\":\"https:\\\/\\\/poblenouurbandistrict.com\\\/ca\\\/?s={search_term_string}\"},\"query-input\":{\"@type\":\"PropertyValueSpecification\",\"valueRequired\":true,\"valueName\":\"search_term_string\"}}],\"inLanguage\":\"ca\"},{\"@type\":\"Person\",\"@id\":\"https:\\\/\\\/poblenouurbandistrict.com\\\/#\\\/schema\\\/person\\\/980a2cf34b399d5218205730acd54a7e\",\"name\":\"pnud\",\"image\":{\"@type\":\"ImageObject\",\"inLanguage\":\"ca\",\"@id\":\"https:\\\/\\\/secure.gravatar.com\\\/avatar\\\/67146597b405ee077a24e519f75c3e2031736596d6ce35af3a34c122c93d0d7b?s=96&d=retro&r=g\",\"url\":\"https:\\\/\\\/secure.gravatar.com\\\/avatar\\\/67146597b405ee077a24e519f75c3e2031736596d6ce35af3a34c122c93d0d7b?s=96&d=retro&r=g\",\"contentUrl\":\"https:\\\/\\\/secure.gravatar.com\\\/avatar\\\/67146597b405ee077a24e519f75c3e2031736596d6ce35af3a34c122c93d0d7b?s=96&d=retro&r=g\",\"caption\":\"pnud\"}}]}<\/script>\n<!-- \/ Yoast SEO plugin. -->","yoast_head_json":{"title":"Les millors exposicions i activitats als museus i galeries del Districte Creatiu &#8211; Poblenou Urban District","robots":{"index":"index","follow":"follow","max-snippet":"max-snippet:-1","max-image-preview":"max-image-preview:large","max-video-preview":"max-video-preview:-1"},"canonical":"https:\/\/poblenouurbandistrict.com\/ca\/les-millors-exposicions-i-activitats-als-museus-i-galeries-del-districte-creatiu\/","og_locale":"ca_ES","og_type":"article","og_title":"Les millors exposicions i activitats als museus i galeries del Districte Creatiu &#8211; Poblenou Urban District","og_description":"Comen\u00e7a l&#8217;any i amb ell l&#8217;activitat dels museus del Districte Creatiu no para: aprofita el mes de gener per veure... M\u00e9s \u2192","og_url":"https:\/\/poblenouurbandistrict.com\/ca\/les-millors-exposicions-i-activitats-als-museus-i-galeries-del-districte-creatiu\/","og_site_name":"Poblenou Urban District","article_published_time":"2026-01-08T13:29:14+00:00","article_modified_time":"2026-01-09T12:48:19+00:00","og_image":[{"width":2560,"height":1706,"url":"https:\/\/poblenouurbandistrict.com\/wp-content\/uploads\/2026\/01\/unnamed-12.jpg","type":"image\/jpeg"}],"author":"pnud","twitter_card":"summary_large_image","twitter_misc":{"Escrit per":"pnud","Temps estimat de lectura":"4 minuts"},"schema":{"@context":"https:\/\/schema.org","@graph":[{"@type":"Article","@id":"https:\/\/poblenouurbandistrict.com\/les-millors-exposicions-i-activitats-als-museus-i-galeries-del-districte-creatiu\/#article","isPartOf":{"@id":"https:\/\/poblenouurbandistrict.com\/les-millors-exposicions-i-activitats-als-museus-i-galeries-del-districte-creatiu\/"},"author":{"name":"pnud","@id":"https:\/\/poblenouurbandistrict.com\/#\/schema\/person\/980a2cf34b399d5218205730acd54a7e"},"headline":"Les millors exposicions i activitats als museus i galeries del Districte Creatiu","datePublished":"2026-01-08T13:29:14+00:00","dateModified":"2026-01-09T12:48:19+00:00","mainEntityOfPage":{"@id":"https:\/\/poblenouurbandistrict.com\/les-millors-exposicions-i-activitats-als-museus-i-galeries-del-districte-creatiu\/"},"wordCount":2175,"image":{"@id":"https:\/\/poblenouurbandistrict.com\/les-millors-exposicions-i-activitats-als-museus-i-galeries-del-districte-creatiu\/#primaryimage"},"thumbnailUrl":"https:\/\/media.poblenouurbandistrict.com\/2026\/01\/25100435\/unnamed-12.jpg","articleSection":["Espais","Art"],"inLanguage":"ca"},{"@type":"WebPage","@id":"https:\/\/poblenouurbandistrict.com\/ca\/les-millors-exposicions-i-activitats-als-museus-i-galeries-del-districte-creatiu\/","url":"https:\/\/poblenouurbandistrict.com\/ca\/les-millors-exposicions-i-activitats-als-museus-i-galeries-del-districte-creatiu\/","name":"Les millors exposicions i activitats als museus i galeries del Districte Creatiu &#8211; Poblenou Urban District","isPartOf":{"@id":"https:\/\/poblenouurbandistrict.com\/ca\/#website"},"primaryImageOfPage":{"@id":"https:\/\/poblenouurbandistrict.com\/ca\/les-millors-exposicions-i-activitats-als-museus-i-galeries-del-districte-creatiu\/#primaryimage"},"image":{"@id":"https:\/\/poblenouurbandistrict.com\/les-millors-exposicions-i-activitats-als-museus-i-galeries-del-districte-creatiu\/#primaryimage"},"thumbnailUrl":"https:\/\/media.poblenouurbandistrict.com\/2026\/01\/25100435\/unnamed-12.jpg","datePublished":"2026-01-08T13:29:14+00:00","dateModified":"2026-01-09T12:48:19+00:00","author":{"@id":"https:\/\/poblenouurbandistrict.com\/#\/schema\/person\/980a2cf34b399d5218205730acd54a7e"},"breadcrumb":{"@id":"https:\/\/poblenouurbandistrict.com\/ca\/les-millors-exposicions-i-activitats-als-museus-i-galeries-del-districte-creatiu\/#breadcrumb"},"inLanguage":"ca","potentialAction":[{"@type":"ReadAction","target":[["https:\/\/poblenouurbandistrict.com\/ca\/les-millors-exposicions-i-activitats-als-museus-i-galeries-del-districte-creatiu\/"]]}]},{"@type":"ImageObject","inLanguage":"ca","@id":"https:\/\/poblenouurbandistrict.com\/ca\/les-millors-exposicions-i-activitats-als-museus-i-galeries-del-districte-creatiu\/#primaryimage","url":"https:\/\/media.poblenouurbandistrict.com\/2026\/01\/25100435\/unnamed-12.jpg","contentUrl":"https:\/\/media.poblenouurbandistrict.com\/2026\/01\/25100435\/unnamed-12.jpg","width":2560,"height":1706},{"@type":"BreadcrumbList","@id":"https:\/\/poblenouurbandistrict.com\/ca\/les-millors-exposicions-i-activitats-als-museus-i-galeries-del-districte-creatiu\/#breadcrumb","itemListElement":[{"@type":"ListItem","position":1,"name":"Home","item":"https:\/\/poblenouurbandistrict.com\/ca\/"},{"@type":"ListItem","position":2,"name":"Les millors exposicions i activitats als museus i galeries del Districte Creatiu"}]},{"@type":"WebSite","@id":"https:\/\/poblenouurbandistrict.com\/ca\/#website","url":"https:\/\/poblenouurbandistrict.com\/ca\/","name":"Poblenou Urban District","description":"Comunitat Creativa","potentialAction":[{"@type":"SearchAction","target":{"@type":"EntryPoint","urlTemplate":"https:\/\/poblenouurbandistrict.com\/ca\/?s={search_term_string}"},"query-input":{"@type":"PropertyValueSpecification","valueRequired":true,"valueName":"search_term_string"}}],"inLanguage":"ca"},{"@type":"Person","@id":"https:\/\/poblenouurbandistrict.com\/#\/schema\/person\/980a2cf34b399d5218205730acd54a7e","name":"pnud","image":{"@type":"ImageObject","inLanguage":"ca","@id":"https:\/\/secure.gravatar.com\/avatar\/67146597b405ee077a24e519f75c3e2031736596d6ce35af3a34c122c93d0d7b?s=96&d=retro&r=g","url":"https:\/\/secure.gravatar.com\/avatar\/67146597b405ee077a24e519f75c3e2031736596d6ce35af3a34c122c93d0d7b?s=96&d=retro&r=g","contentUrl":"https:\/\/secure.gravatar.com\/avatar\/67146597b405ee077a24e519f75c3e2031736596d6ce35af3a34c122c93d0d7b?s=96&d=retro&r=g","caption":"pnud"}}]}},"_links":{"self":[{"href":"https:\/\/poblenouurbandistrict.com\/ca\/wp-json\/wp\/v2\/posts\/54350","targetHints":{"allow":["GET"]}}],"collection":[{"href":"https:\/\/poblenouurbandistrict.com\/ca\/wp-json\/wp\/v2\/posts"}],"about":[{"href":"https:\/\/poblenouurbandistrict.com\/ca\/wp-json\/wp\/v2\/types\/post"}],"author":[{"embeddable":true,"href":"https:\/\/poblenouurbandistrict.com\/ca\/wp-json\/wp\/v2\/users\/5"}],"replies":[{"embeddable":true,"href":"https:\/\/poblenouurbandistrict.com\/ca\/wp-json\/wp\/v2\/comments?post=54350"}],"version-history":[{"count":6,"href":"https:\/\/poblenouurbandistrict.com\/ca\/wp-json\/wp\/v2\/posts\/54350\/revisions"}],"predecessor-version":[{"id":54371,"href":"https:\/\/poblenouurbandistrict.com\/ca\/wp-json\/wp\/v2\/posts\/54350\/revisions\/54371"}],"wp:featuredmedia":[{"embeddable":true,"href":"https:\/\/poblenouurbandistrict.com\/ca\/wp-json\/wp\/v2\/media\/54359"}],"wp:attachment":[{"href":"https:\/\/poblenouurbandistrict.com\/ca\/wp-json\/wp\/v2\/media?parent=54350"}],"wp:term":[{"taxonomy":"category","embeddable":true,"href":"https:\/\/poblenouurbandistrict.com\/ca\/wp-json\/wp\/v2\/categories?post=54350"},{"taxonomy":"post_tag","embeddable":true,"href":"https:\/\/poblenouurbandistrict.com\/ca\/wp-json\/wp\/v2\/tags?post=54350"}],"curies":[{"name":"wp","href":"https:\/\/api.w.org\/{rel}","templated":true}]}}