{"id":54535,"date":"2026-01-22T12:59:20","date_gmt":"2026-01-22T11:59:20","guid":{"rendered":"https:\/\/poblenouurbandistrict.com\/?p=54535"},"modified":"2026-01-22T12:59:20","modified_gmt":"2026-01-22T11:59:20","slug":"sisi-rooftop-nominat-als-premis-conde-nast-traveler-en-la-categoria-millor-terrassa","status":"publish","type":"post","link":"https:\/\/poblenouurbandistrict.com\/ca\/sisi-rooftop-nominat-als-premis-conde-nast-traveler-en-la-categoria-millor-terrassa\/","title":{"rendered":"S\u00edS\u00ed Rooftop, nominat als Premis Cond\u00e9 Nast Traveler en la categor\u00eda &#8220;Millor Terrassa&#8221;"},"content":{"rendered":"<p>El restaurant <a href=\"https:\/\/www.sisirooftop.com\/es\/barcelona\">S\u00edS\u00ed Rooftop<\/a>, de l&#8217;hotel <a href=\"https:\/\/www.thesocialhub.co\/es\/barcelona-poblenou\/estancia-hotel\/?utm_source=google&amp;utm_medium=cpc&amp;utm_campaign=all_bcn03_always-on_b2c&amp;utm_content=esp-es&amp;utm_source_platform=google_brand&amp;utm_creative_format=text&amp;utm_marketing_tactic=convert&amp;gad_source=1&amp;gad_campaignid=18091586769&amp;gbraid=0AAAAADNotMtxdISmveMGa2l4wt4ps3wkx&amp;gclid=CjwKCAiAssfLBhBDEiwAcLpwfhUPeZ4_v4Z9oR1oXHIEmr58ObhP9QYLeXm0HvzlUpDJ7JbN5iKd1BoCoIwQAvD_BwE\">The Social Hub<\/a>, ha estat nominat als Premis Cond\u00e9 Nast Traveler gr\u00e0cies a la seva magn\u00edfica terrassa. <strong>Gastronomia mexicana, c\u00f2ctels i una programaci\u00f3 que no s&#8217;atura amb unes vistes espectaculars.<\/strong><\/p>\n<p>El local es presenta com un trosset de M\u00e8xic sobre el cel de Barcelona amb una premissa fresca i saborosa. El xef Adam Rawson proposa el seu gir modern als platets cl\u00e0ssics segons el concepte &#8220;Mexicana&#8221;. Aquest moviment cultural i gastron\u00f2mic que <strong>reinterpreta les tradicions culin\u00e0ries de M\u00e8xic<\/strong> des d&#8217;una perspectiva contempor\u00e0nia fusiona sabors, aposta per ingredients de proximitat i dialoga amb la tradici\u00f3 per elevar-la a nous nivells.<\/p>\n<p>L&#8217;oferta gastron\u00f2mica est\u00e0 acompanyada d&#8217;una carta de <strong>c\u00f2ctels d&#8217;autor <\/strong>de la m\u00e0 de Marc \u00c1lvarez, creats amb influ\u00e8ncies mexicanes, peruanes i asi\u00e0tiques. Per acabar d&#8217;arrodonir l&#8217;experi\u00e8ncia, s&#8217;hi celebren<strong> sessions setmanals de DJ, esdeveniments culturals i festes<\/strong> que li treuen el m\u00e0xim partit a l&#8217;\u00e0mplia terrassa.<\/p>\n<p>S\u00edS\u00ed Rooftop \u00e9s un oasi on delectar-se amb la piscina, bona gastronomia i c\u00f2ctels atrevits, amb vistes incre\u00efbles de la ciutat.<\/p>","protected":false},"excerpt":{"rendered":"<p>El restaurant S\u00edS\u00ed Rooftop, de l&#8217;hotel The Social Hub, ha estat nominat als Premis Cond\u00e9 Nast Traveler gr\u00e0cies a la&#8230; <a href=\"https:\/\/poblenouurbandistrict.com\/ca\/sisi-rooftop-nominat-als-premis-conde-nast-traveler-en-la-categoria-millor-terrassa\/\">M\u00e9s  \u2192<\/a><\/p>\n","protected":false},"author":5,"featured_media":54539,"comment_status":"closed","ping_status":"closed","sticky":false,"template":"","format":"standard","meta":{"_acf_changed":false,"footnotes":""},"categories":[3637,3353],"tags":[],"class_list":["post-54535","post","type-post","status-publish","format-standard","has-post-thumbnail","hentry","category-premis","category-gastronomia"],"acf":[],"yoast_head":"<!-- This site is optimized with the Yoast SEO plugin v27.4 - https:\/\/yoast.com\/product\/yoast-seo-wordpress\/ -->\n<title>S\u00edS\u00ed Rooftop, nominat als Premis Cond\u00e9 Nast Traveler en la categor\u00eda &quot;Millor Terrassa&quot; &#8211; Poblenou Urban District<\/title>\n<meta name=\"robots\" content=\"index, follow, max-snippet:-1, max-image-preview:large, max-video-preview:-1\" \/>\n<link rel=\"canonical\" href=\"https:\/\/poblenouurbandistrict.com\/ca\/sisi-rooftop-nominat-als-premis-conde-nast-traveler-en-la-categoria-millor-terrassa\/\" \/>\n<meta property=\"og:locale\" content=\"ca_ES\" \/>\n<meta property=\"og:type\" content=\"article\" \/>\n<meta property=\"og:title\" content=\"S\u00edS\u00ed Rooftop, nominat als Premis Cond\u00e9 Nast Traveler en la categor\u00eda &quot;Millor Terrassa&quot; &#8211; Poblenou Urban District\" \/>\n<meta property=\"og:description\" content=\"El restaurant S\u00edS\u00ed Rooftop, de l&#8217;hotel The Social Hub, ha estat nominat als Premis Cond\u00e9 Nast Traveler gr\u00e0cies a la... M\u00e9s \u2192\" \/>\n<meta property=\"og:url\" content=\"https:\/\/poblenouurbandistrict.com\/ca\/sisi-rooftop-nominat-als-premis-conde-nast-traveler-en-la-categoria-millor-terrassa\/\" \/>\n<meta property=\"og:site_name\" content=\"Poblenou Urban District\" \/>\n<meta property=\"article:published_time\" content=\"2026-01-22T11:59:20+00:00\" \/>\n<meta property=\"og:image\" content=\"https:\/\/poblenouurbandistrict.com\/wp-content\/uploads\/2026\/01\/sisi-barcelona-exterior.webp\" \/>\n\t<meta property=\"og:image:width\" content=\"1600\" \/>\n\t<meta property=\"og:image:height\" content=\"1067\" \/>\n\t<meta property=\"og:image:type\" content=\"image\/webp\" \/>\n<meta name=\"author\" content=\"pnud\" \/>\n<meta name=\"twitter:card\" content=\"summary_large_image\" \/>\n<meta name=\"twitter:label1\" content=\"Escrit per\" \/>\n\t<meta name=\"twitter:data1\" content=\"pnud\" \/>\n\t<meta name=\"twitter:label2\" content=\"Temps estimat de lectura\" \/>\n\t<meta name=\"twitter:data2\" content=\"2 minuts\" \/>\n<script type=\"application\/ld+json\" class=\"yoast-schema-graph\">{\"@context\":\"https:\\\/\\\/schema.org\",\"@graph\":[{\"@type\":\"Article\",\"@id\":\"https:\\\/\\\/poblenouurbandistrict.com\\\/sisi-rooftop-nominat-als-premis-conde-nast-traveler-en-la-categoria-millor-terrassa\\\/#article\",\"isPartOf\":{\"@id\":\"https:\\\/\\\/poblenouurbandistrict.com\\\/sisi-rooftop-nominat-als-premis-conde-nast-traveler-en-la-categoria-millor-terrassa\\\/\"},\"author\":{\"name\":\"pnud\",\"@id\":\"https:\\\/\\\/poblenouurbandistrict.com\\\/#\\\/schema\\\/person\\\/980a2cf34b399d5218205730acd54a7e\"},\"headline\":\"S\u00edS\u00ed Rooftop, nominat als Premis Cond\u00e9 Nast Traveler en la categor\u00eda &#8220;Millor Terrassa&#8221;\",\"datePublished\":\"2026-01-22T11:59:20+00:00\",\"mainEntityOfPage\":{\"@id\":\"https:\\\/\\\/poblenouurbandistrict.com\\\/sisi-rooftop-nominat-als-premis-conde-nast-traveler-en-la-categoria-millor-terrassa\\\/\"},\"wordCount\":618,\"image\":{\"@id\":\"https:\\\/\\\/poblenouurbandistrict.com\\\/sisi-rooftop-nominat-als-premis-conde-nast-traveler-en-la-categoria-millor-terrassa\\\/#primaryimage\"},\"thumbnailUrl\":\"https:\\\/\\\/media.poblenouurbandistrict.com\\\/2026\\\/01\\\/25100743\\\/sisi-barcelona-exterior.webp\",\"articleSection\":[\"Premis\",\"Gastronomia\"],\"inLanguage\":\"ca\"},{\"@type\":\"WebPage\",\"@id\":\"https:\\\/\\\/poblenouurbandistrict.com\\\/ca\\\/sisi-rooftop-nominat-als-premis-conde-nast-traveler-en-la-categoria-millor-terrassa\\\/\",\"url\":\"https:\\\/\\\/poblenouurbandistrict.com\\\/ca\\\/sisi-rooftop-nominat-als-premis-conde-nast-traveler-en-la-categoria-millor-terrassa\\\/\",\"name\":\"S\u00edS\u00ed Rooftop, nominat als Premis Cond\u00e9 Nast Traveler en la categor\u00eda \\\"Millor Terrassa\\\" &#8211; Poblenou Urban District\",\"isPartOf\":{\"@id\":\"https:\\\/\\\/poblenouurbandistrict.com\\\/ca\\\/#website\"},\"primaryImageOfPage\":{\"@id\":\"https:\\\/\\\/poblenouurbandistrict.com\\\/ca\\\/sisi-rooftop-nominat-als-premis-conde-nast-traveler-en-la-categoria-millor-terrassa\\\/#primaryimage\"},\"image\":{\"@id\":\"https:\\\/\\\/poblenouurbandistrict.com\\\/sisi-rooftop-nominat-als-premis-conde-nast-traveler-en-la-categoria-millor-terrassa\\\/#primaryimage\"},\"thumbnailUrl\":\"https:\\\/\\\/media.poblenouurbandistrict.com\\\/2026\\\/01\\\/25100743\\\/sisi-barcelona-exterior.webp\",\"datePublished\":\"2026-01-22T11:59:20+00:00\",\"author\":{\"@id\":\"https:\\\/\\\/poblenouurbandistrict.com\\\/#\\\/schema\\\/person\\\/980a2cf34b399d5218205730acd54a7e\"},\"breadcrumb\":{\"@id\":\"https:\\\/\\\/poblenouurbandistrict.com\\\/ca\\\/sisi-rooftop-nominat-als-premis-conde-nast-traveler-en-la-categoria-millor-terrassa\\\/#breadcrumb\"},\"inLanguage\":\"ca\",\"potentialAction\":[{\"@type\":\"ReadAction\",\"target\":[[\"https:\\\/\\\/poblenouurbandistrict.com\\\/ca\\\/sisi-rooftop-nominat-als-premis-conde-nast-traveler-en-la-categoria-millor-terrassa\\\/\"]]}]},{\"@type\":\"ImageObject\",\"inLanguage\":\"ca\",\"@id\":\"https:\\\/\\\/poblenouurbandistrict.com\\\/ca\\\/sisi-rooftop-nominat-als-premis-conde-nast-traveler-en-la-categoria-millor-terrassa\\\/#primaryimage\",\"url\":\"https:\\\/\\\/media.poblenouurbandistrict.com\\\/2026\\\/01\\\/25100743\\\/sisi-barcelona-exterior.webp\",\"contentUrl\":\"https:\\\/\\\/media.poblenouurbandistrict.com\\\/2026\\\/01\\\/25100743\\\/sisi-barcelona-exterior.webp\",\"width\":1600,\"height\":1067},{\"@type\":\"BreadcrumbList\",\"@id\":\"https:\\\/\\\/poblenouurbandistrict.com\\\/ca\\\/sisi-rooftop-nominat-als-premis-conde-nast-traveler-en-la-categoria-millor-terrassa\\\/#breadcrumb\",\"itemListElement\":[{\"@type\":\"ListItem\",\"position\":1,\"name\":\"Home\",\"item\":\"https:\\\/\\\/poblenouurbandistrict.com\\\/ca\\\/\"},{\"@type\":\"ListItem\",\"position\":2,\"name\":\"S\u00edS\u00ed Rooftop, nominat als Premis Cond\u00e9 Nast Traveler en la categor\u00eda &#8220;Millor Terrassa&#8221;\"}]},{\"@type\":\"WebSite\",\"@id\":\"https:\\\/\\\/poblenouurbandistrict.com\\\/ca\\\/#website\",\"url\":\"https:\\\/\\\/poblenouurbandistrict.com\\\/ca\\\/\",\"name\":\"Poblenou Urban District\",\"description\":\"Comunitat Creativa\",\"potentialAction\":[{\"@type\":\"SearchAction\",\"target\":{\"@type\":\"EntryPoint\",\"urlTemplate\":\"https:\\\/\\\/poblenouurbandistrict.com\\\/ca\\\/?s={search_term_string}\"},\"query-input\":{\"@type\":\"PropertyValueSpecification\",\"valueRequired\":true,\"valueName\":\"search_term_string\"}}],\"inLanguage\":\"ca\"},{\"@type\":\"Person\",\"@id\":\"https:\\\/\\\/poblenouurbandistrict.com\\\/#\\\/schema\\\/person\\\/980a2cf34b399d5218205730acd54a7e\",\"name\":\"pnud\",\"image\":{\"@type\":\"ImageObject\",\"inLanguage\":\"ca\",\"@id\":\"https:\\\/\\\/secure.gravatar.com\\\/avatar\\\/67146597b405ee077a24e519f75c3e2031736596d6ce35af3a34c122c93d0d7b?s=96&d=retro&r=g\",\"url\":\"https:\\\/\\\/secure.gravatar.com\\\/avatar\\\/67146597b405ee077a24e519f75c3e2031736596d6ce35af3a34c122c93d0d7b?s=96&d=retro&r=g\",\"contentUrl\":\"https:\\\/\\\/secure.gravatar.com\\\/avatar\\\/67146597b405ee077a24e519f75c3e2031736596d6ce35af3a34c122c93d0d7b?s=96&d=retro&r=g\",\"caption\":\"pnud\"}}]}<\/script>\n<!-- \/ Yoast SEO plugin. -->","yoast_head_json":{"title":"S\u00edS\u00ed Rooftop, nominat als Premis Cond\u00e9 Nast Traveler en la categor\u00eda \"Millor Terrassa\" &#8211; Poblenou Urban District","robots":{"index":"index","follow":"follow","max-snippet":"max-snippet:-1","max-image-preview":"max-image-preview:large","max-video-preview":"max-video-preview:-1"},"canonical":"https:\/\/poblenouurbandistrict.com\/ca\/sisi-rooftop-nominat-als-premis-conde-nast-traveler-en-la-categoria-millor-terrassa\/","og_locale":"ca_ES","og_type":"article","og_title":"S\u00edS\u00ed Rooftop, nominat als Premis Cond\u00e9 Nast Traveler en la categor\u00eda \"Millor Terrassa\" &#8211; Poblenou Urban District","og_description":"El restaurant S\u00edS\u00ed Rooftop, de l&#8217;hotel The Social Hub, ha estat nominat als Premis Cond\u00e9 Nast Traveler gr\u00e0cies a la... M\u00e9s \u2192","og_url":"https:\/\/poblenouurbandistrict.com\/ca\/sisi-rooftop-nominat-als-premis-conde-nast-traveler-en-la-categoria-millor-terrassa\/","og_site_name":"Poblenou Urban District","article_published_time":"2026-01-22T11:59:20+00:00","og_image":[{"width":1600,"height":1067,"url":"https:\/\/poblenouurbandistrict.com\/wp-content\/uploads\/2026\/01\/sisi-barcelona-exterior.webp","type":"image\/webp"}],"author":"pnud","twitter_card":"summary_large_image","twitter_misc":{"Escrit per":"pnud","Temps estimat de lectura":"2 minuts"},"schema":{"@context":"https:\/\/schema.org","@graph":[{"@type":"Article","@id":"https:\/\/poblenouurbandistrict.com\/sisi-rooftop-nominat-als-premis-conde-nast-traveler-en-la-categoria-millor-terrassa\/#article","isPartOf":{"@id":"https:\/\/poblenouurbandistrict.com\/sisi-rooftop-nominat-als-premis-conde-nast-traveler-en-la-categoria-millor-terrassa\/"},"author":{"name":"pnud","@id":"https:\/\/poblenouurbandistrict.com\/#\/schema\/person\/980a2cf34b399d5218205730acd54a7e"},"headline":"S\u00edS\u00ed Rooftop, nominat als Premis Cond\u00e9 Nast Traveler en la categor\u00eda &#8220;Millor Terrassa&#8221;","datePublished":"2026-01-22T11:59:20+00:00","mainEntityOfPage":{"@id":"https:\/\/poblenouurbandistrict.com\/sisi-rooftop-nominat-als-premis-conde-nast-traveler-en-la-categoria-millor-terrassa\/"},"wordCount":618,"image":{"@id":"https:\/\/poblenouurbandistrict.com\/sisi-rooftop-nominat-als-premis-conde-nast-traveler-en-la-categoria-millor-terrassa\/#primaryimage"},"thumbnailUrl":"https:\/\/media.poblenouurbandistrict.com\/2026\/01\/25100743\/sisi-barcelona-exterior.webp","articleSection":["Premis","Gastronomia"],"inLanguage":"ca"},{"@type":"WebPage","@id":"https:\/\/poblenouurbandistrict.com\/ca\/sisi-rooftop-nominat-als-premis-conde-nast-traveler-en-la-categoria-millor-terrassa\/","url":"https:\/\/poblenouurbandistrict.com\/ca\/sisi-rooftop-nominat-als-premis-conde-nast-traveler-en-la-categoria-millor-terrassa\/","name":"S\u00edS\u00ed Rooftop, nominat als Premis Cond\u00e9 Nast Traveler en la categor\u00eda \"Millor Terrassa\" &#8211; Poblenou Urban District","isPartOf":{"@id":"https:\/\/poblenouurbandistrict.com\/ca\/#website"},"primaryImageOfPage":{"@id":"https:\/\/poblenouurbandistrict.com\/ca\/sisi-rooftop-nominat-als-premis-conde-nast-traveler-en-la-categoria-millor-terrassa\/#primaryimage"},"image":{"@id":"https:\/\/poblenouurbandistrict.com\/sisi-rooftop-nominat-als-premis-conde-nast-traveler-en-la-categoria-millor-terrassa\/#primaryimage"},"thumbnailUrl":"https:\/\/media.poblenouurbandistrict.com\/2026\/01\/25100743\/sisi-barcelona-exterior.webp","datePublished":"2026-01-22T11:59:20+00:00","author":{"@id":"https:\/\/poblenouurbandistrict.com\/#\/schema\/person\/980a2cf34b399d5218205730acd54a7e"},"breadcrumb":{"@id":"https:\/\/poblenouurbandistrict.com\/ca\/sisi-rooftop-nominat-als-premis-conde-nast-traveler-en-la-categoria-millor-terrassa\/#breadcrumb"},"inLanguage":"ca","potentialAction":[{"@type":"ReadAction","target":[["https:\/\/poblenouurbandistrict.com\/ca\/sisi-rooftop-nominat-als-premis-conde-nast-traveler-en-la-categoria-millor-terrassa\/"]]}]},{"@type":"ImageObject","inLanguage":"ca","@id":"https:\/\/poblenouurbandistrict.com\/ca\/sisi-rooftop-nominat-als-premis-conde-nast-traveler-en-la-categoria-millor-terrassa\/#primaryimage","url":"https:\/\/media.poblenouurbandistrict.com\/2026\/01\/25100743\/sisi-barcelona-exterior.webp","contentUrl":"https:\/\/media.poblenouurbandistrict.com\/2026\/01\/25100743\/sisi-barcelona-exterior.webp","width":1600,"height":1067},{"@type":"BreadcrumbList","@id":"https:\/\/poblenouurbandistrict.com\/ca\/sisi-rooftop-nominat-als-premis-conde-nast-traveler-en-la-categoria-millor-terrassa\/#breadcrumb","itemListElement":[{"@type":"ListItem","position":1,"name":"Home","item":"https:\/\/poblenouurbandistrict.com\/ca\/"},{"@type":"ListItem","position":2,"name":"S\u00edS\u00ed Rooftop, nominat als Premis Cond\u00e9 Nast Traveler en la categor\u00eda &#8220;Millor Terrassa&#8221;"}]},{"@type":"WebSite","@id":"https:\/\/poblenouurbandistrict.com\/ca\/#website","url":"https:\/\/poblenouurbandistrict.com\/ca\/","name":"Poblenou Urban District","description":"Comunitat Creativa","potentialAction":[{"@type":"SearchAction","target":{"@type":"EntryPoint","urlTemplate":"https:\/\/poblenouurbandistrict.com\/ca\/?s={search_term_string}"},"query-input":{"@type":"PropertyValueSpecification","valueRequired":true,"valueName":"search_term_string"}}],"inLanguage":"ca"},{"@type":"Person","@id":"https:\/\/poblenouurbandistrict.com\/#\/schema\/person\/980a2cf34b399d5218205730acd54a7e","name":"pnud","image":{"@type":"ImageObject","inLanguage":"ca","@id":"https:\/\/secure.gravatar.com\/avatar\/67146597b405ee077a24e519f75c3e2031736596d6ce35af3a34c122c93d0d7b?s=96&d=retro&r=g","url":"https:\/\/secure.gravatar.com\/avatar\/67146597b405ee077a24e519f75c3e2031736596d6ce35af3a34c122c93d0d7b?s=96&d=retro&r=g","contentUrl":"https:\/\/secure.gravatar.com\/avatar\/67146597b405ee077a24e519f75c3e2031736596d6ce35af3a34c122c93d0d7b?s=96&d=retro&r=g","caption":"pnud"}}]}},"_links":{"self":[{"href":"https:\/\/poblenouurbandistrict.com\/ca\/wp-json\/wp\/v2\/posts\/54535","targetHints":{"allow":["GET"]}}],"collection":[{"href":"https:\/\/poblenouurbandistrict.com\/ca\/wp-json\/wp\/v2\/posts"}],"about":[{"href":"https:\/\/poblenouurbandistrict.com\/ca\/wp-json\/wp\/v2\/types\/post"}],"author":[{"embeddable":true,"href":"https:\/\/poblenouurbandistrict.com\/ca\/wp-json\/wp\/v2\/users\/5"}],"replies":[{"embeddable":true,"href":"https:\/\/poblenouurbandistrict.com\/ca\/wp-json\/wp\/v2\/comments?post=54535"}],"version-history":[{"count":7,"href":"https:\/\/poblenouurbandistrict.com\/ca\/wp-json\/wp\/v2\/posts\/54535\/revisions"}],"predecessor-version":[{"id":54547,"href":"https:\/\/poblenouurbandistrict.com\/ca\/wp-json\/wp\/v2\/posts\/54535\/revisions\/54547"}],"wp:featuredmedia":[{"embeddable":true,"href":"https:\/\/poblenouurbandistrict.com\/ca\/wp-json\/wp\/v2\/media\/54539"}],"wp:attachment":[{"href":"https:\/\/poblenouurbandistrict.com\/ca\/wp-json\/wp\/v2\/media?parent=54535"}],"wp:term":[{"taxonomy":"category","embeddable":true,"href":"https:\/\/poblenouurbandistrict.com\/ca\/wp-json\/wp\/v2\/categories?post=54535"},{"taxonomy":"post_tag","embeddable":true,"href":"https:\/\/poblenouurbandistrict.com\/ca\/wp-json\/wp\/v2\/tags?post=54535"}],"curies":[{"name":"wp","href":"https:\/\/api.w.org\/{rel}","templated":true}]}}