{"id":54582,"date":"2026-01-29T14:22:55","date_gmt":"2026-01-29T13:22:55","guid":{"rendered":"https:\/\/poblenouurbandistrict.com\/?p=54582"},"modified":"2026-01-29T14:22:55","modified_gmt":"2026-01-29T13:22:55","slug":"portes-tancades-al-21-les-galeries-del-poblenou-suneixen-a-la-vaga","status":"publish","type":"post","link":"https:\/\/poblenouurbandistrict.com\/ca\/portes-tancades-al-21-les-galeries-del-poblenou-suneixen-a-la-vaga\/","title":{"rendered":"Portes tancades al 21%: les galeries del Poblenou s&#8217;uneixen a la vaga"},"content":{"rendered":"<p><strong>Les galeries d&#8217;art del Districte Creatiu tancaran del 2 al 7 de febrer en defensa d&#8217;unes pol\u00edtiques culturals justes<\/strong>. <a href=\"https:\/\/laplataformabcn.com\/\">La Plataforma<\/a> i <a href=\"https:\/\/www.piramidon.com\/es\/\">Piramid\u00f3n, Centre d&#8217;Art Contemporani<\/a> se sumen a la resta de galeries de l\u2019estat davant la manca de resposta per part del Govern Central a la reivindicaci\u00f3 d\u2019una reducci\u00f3 de l\u2019IVA en la venda d\u2019obres d&#8217;art.<\/p>\n<p>Altres pa\u00efsos del nostre entorn com It\u00e0lia, Fran\u00e7a, Alemanya, B\u00e8lgica o Portugal\u00a0 ja disposen d&#8217;un IVA cultural redu\u00eft aplicat a l&#8217;art, d&#8217;entre el 5 i el 7%, mentre que a Espanya \u00e9s del 21%. El fet de no adoptar aquesta mesura a l&#8217;Estat espanyol genera una situaci\u00f3 de clara desigualtat\u00a0 que afecta directament les galeries i els artistes, i dificulta l&#8217;acc\u00e9s a l&#8217;adquisici\u00f3 d&#8217;obra art\u00edstica en condicions equiparables a les de l&#8217;\u00e0mbit europeu.<\/p>\n<p>La vaga, convocada pel Consorci de Galeries d&#8217;Art Contemporani, busca reivindicar la labor cultural d&#8217;aquests espais d&#8217;apropar l&#8217;art a la ciutadania i defensar una activitat que consideren imprescindible per a la societat: l&#8217;acc\u00e9s gratu\u00eft i constant a la creaci\u00f3 art\u00edstica.<\/p>\n<p><strong>A partir del dia 9 de febrer tornaran a obrir per a seguir defensant el seu paper com a espais de trobada amb la cultura.<\/strong><\/p>\n<p>&nbsp;<\/p>","protected":false},"excerpt":{"rendered":"<p>Les galeries d&#8217;art del Districte Creatiu tancaran del 2 al 7 de febrer en defensa d&#8217;unes pol\u00edtiques culturals justes. La&#8230; <a href=\"https:\/\/poblenouurbandistrict.com\/ca\/portes-tancades-al-21-les-galeries-del-poblenou-suneixen-a-la-vaga\/\">M\u00e9s  \u2192<\/a><\/p>\n","protected":false},"author":5,"featured_media":54615,"comment_status":"closed","ping_status":"closed","sticky":false,"template":"","format":"standard","meta":{"_acf_changed":false,"footnotes":""},"categories":[3342],"tags":[],"class_list":["post-54582","post","type-post","status-publish","format-standard","has-post-thumbnail","hentry","category-art"],"acf":[],"yoast_head":"<!-- This site is optimized with the Yoast SEO plugin v27.5 - https:\/\/yoast.com\/product\/yoast-seo-wordpress\/ -->\n<title>Portes tancades al 21%: les galeries del Poblenou s&#039;uneixen a la vaga &#8211; Poblenou Urban District<\/title>\n<meta name=\"robots\" content=\"index, follow, max-snippet:-1, max-image-preview:large, max-video-preview:-1\" \/>\n<link rel=\"canonical\" href=\"https:\/\/poblenouurbandistrict.com\/ca\/portes-tancades-al-21-les-galeries-del-poblenou-suneixen-a-la-vaga\/\" \/>\n<meta property=\"og:locale\" content=\"ca_ES\" \/>\n<meta property=\"og:type\" content=\"article\" \/>\n<meta property=\"og:title\" content=\"Portes tancades al 21%: les galeries del Poblenou s&#039;uneixen a la vaga &#8211; Poblenou Urban District\" \/>\n<meta property=\"og:description\" content=\"Les galeries d&#8217;art del Districte Creatiu tancaran del 2 al 7 de febrer en defensa d&#8217;unes pol\u00edtiques culturals justes. La... M\u00e9s \u2192\" \/>\n<meta property=\"og:url\" content=\"https:\/\/poblenouurbandistrict.com\/ca\/portes-tancades-al-21-les-galeries-del-poblenou-suneixen-a-la-vaga\/\" \/>\n<meta property=\"og:site_name\" content=\"Poblenou Urban District\" \/>\n<meta property=\"article:published_time\" content=\"2026-01-29T13:22:55+00:00\" \/>\n<meta property=\"og:image\" content=\"https:\/\/poblenouurbandistrict.com\/wp-content\/uploads\/2026\/01\/ar-de-484-e1769689502180.jpg\" \/>\n\t<meta property=\"og:image:width\" content=\"2166\" \/>\n\t<meta property=\"og:image:height\" content=\"1510\" \/>\n\t<meta property=\"og:image:type\" content=\"image\/jpeg\" \/>\n<meta name=\"author\" content=\"pnud\" \/>\n<meta name=\"twitter:card\" content=\"summary_large_image\" \/>\n<meta name=\"twitter:label1\" content=\"Escrit per\" \/>\n\t<meta name=\"twitter:data1\" content=\"pnud\" \/>\n\t<meta name=\"twitter:label2\" content=\"Temps estimat de lectura\" \/>\n\t<meta name=\"twitter:data2\" content=\"2 minuts\" \/>\n<script type=\"application\/ld+json\" class=\"yoast-schema-graph\">{\"@context\":\"https:\\\/\\\/schema.org\",\"@graph\":[{\"@type\":\"Article\",\"@id\":\"https:\\\/\\\/poblenouurbandistrict.com\\\/portes-tancades-al-21-les-galeries-del-poblenou-suneixen-a-la-vaga\\\/#article\",\"isPartOf\":{\"@id\":\"https:\\\/\\\/poblenouurbandistrict.com\\\/portes-tancades-al-21-les-galeries-del-poblenou-suneixen-a-la-vaga\\\/\"},\"author\":{\"name\":\"pnud\",\"@id\":\"https:\\\/\\\/poblenouurbandistrict.com\\\/#\\\/schema\\\/person\\\/980a2cf34b399d5218205730acd54a7e\"},\"headline\":\"Portes tancades al 21%: les galeries del Poblenou s&#8217;uneixen a la vaga\",\"datePublished\":\"2026-01-29T13:22:55+00:00\",\"mainEntityOfPage\":{\"@id\":\"https:\\\/\\\/poblenouurbandistrict.com\\\/portes-tancades-al-21-les-galeries-del-poblenou-suneixen-a-la-vaga\\\/\"},\"wordCount\":673,\"image\":{\"@id\":\"https:\\\/\\\/poblenouurbandistrict.com\\\/portes-tancades-al-21-les-galeries-del-poblenou-suneixen-a-la-vaga\\\/#primaryimage\"},\"thumbnailUrl\":\"https:\\\/\\\/media.poblenouurbandistrict.com\\\/2026\\\/01\\\/25100826\\\/ar-de-484-e1769689502180.jpg\",\"articleSection\":[\"Art\"],\"inLanguage\":\"ca\"},{\"@type\":\"WebPage\",\"@id\":\"https:\\\/\\\/poblenouurbandistrict.com\\\/ca\\\/portes-tancades-al-21-les-galeries-del-poblenou-suneixen-a-la-vaga\\\/\",\"url\":\"https:\\\/\\\/poblenouurbandistrict.com\\\/ca\\\/portes-tancades-al-21-les-galeries-del-poblenou-suneixen-a-la-vaga\\\/\",\"name\":\"Portes tancades al 21%: les galeries del Poblenou s'uneixen a la vaga &#8211; Poblenou Urban District\",\"isPartOf\":{\"@id\":\"https:\\\/\\\/poblenouurbandistrict.com\\\/ca\\\/#website\"},\"primaryImageOfPage\":{\"@id\":\"https:\\\/\\\/poblenouurbandistrict.com\\\/ca\\\/portes-tancades-al-21-les-galeries-del-poblenou-suneixen-a-la-vaga\\\/#primaryimage\"},\"image\":{\"@id\":\"https:\\\/\\\/poblenouurbandistrict.com\\\/portes-tancades-al-21-les-galeries-del-poblenou-suneixen-a-la-vaga\\\/#primaryimage\"},\"thumbnailUrl\":\"https:\\\/\\\/media.poblenouurbandistrict.com\\\/2026\\\/01\\\/25100826\\\/ar-de-484-e1769689502180.jpg\",\"datePublished\":\"2026-01-29T13:22:55+00:00\",\"author\":{\"@id\":\"https:\\\/\\\/poblenouurbandistrict.com\\\/#\\\/schema\\\/person\\\/980a2cf34b399d5218205730acd54a7e\"},\"breadcrumb\":{\"@id\":\"https:\\\/\\\/poblenouurbandistrict.com\\\/ca\\\/portes-tancades-al-21-les-galeries-del-poblenou-suneixen-a-la-vaga\\\/#breadcrumb\"},\"inLanguage\":\"ca\",\"potentialAction\":[{\"@type\":\"ReadAction\",\"target\":[[\"https:\\\/\\\/poblenouurbandistrict.com\\\/ca\\\/portes-tancades-al-21-les-galeries-del-poblenou-suneixen-a-la-vaga\\\/\"]]}]},{\"@type\":\"ImageObject\",\"inLanguage\":\"ca\",\"@id\":\"https:\\\/\\\/poblenouurbandistrict.com\\\/ca\\\/portes-tancades-al-21-les-galeries-del-poblenou-suneixen-a-la-vaga\\\/#primaryimage\",\"url\":\"https:\\\/\\\/media.poblenouurbandistrict.com\\\/2026\\\/01\\\/25100826\\\/ar-de-484-e1769689502180.jpg\",\"contentUrl\":\"https:\\\/\\\/media.poblenouurbandistrict.com\\\/2026\\\/01\\\/25100826\\\/ar-de-484-e1769689502180.jpg\",\"width\":2166,\"height\":1510},{\"@type\":\"BreadcrumbList\",\"@id\":\"https:\\\/\\\/poblenouurbandistrict.com\\\/ca\\\/portes-tancades-al-21-les-galeries-del-poblenou-suneixen-a-la-vaga\\\/#breadcrumb\",\"itemListElement\":[{\"@type\":\"ListItem\",\"position\":1,\"name\":\"Home\",\"item\":\"https:\\\/\\\/poblenouurbandistrict.com\\\/ca\\\/\"},{\"@type\":\"ListItem\",\"position\":2,\"name\":\"Portes tancades al 21%: les galeries del Poblenou s&#8217;uneixen a la vaga\"}]},{\"@type\":\"WebSite\",\"@id\":\"https:\\\/\\\/poblenouurbandistrict.com\\\/ca\\\/#website\",\"url\":\"https:\\\/\\\/poblenouurbandistrict.com\\\/ca\\\/\",\"name\":\"Poblenou Urban District\",\"description\":\"Comunitat Creativa\",\"potentialAction\":[{\"@type\":\"SearchAction\",\"target\":{\"@type\":\"EntryPoint\",\"urlTemplate\":\"https:\\\/\\\/poblenouurbandistrict.com\\\/ca\\\/?s={search_term_string}\"},\"query-input\":{\"@type\":\"PropertyValueSpecification\",\"valueRequired\":true,\"valueName\":\"search_term_string\"}}],\"inLanguage\":\"ca\"},{\"@type\":\"Person\",\"@id\":\"https:\\\/\\\/poblenouurbandistrict.com\\\/#\\\/schema\\\/person\\\/980a2cf34b399d5218205730acd54a7e\",\"name\":\"pnud\",\"image\":{\"@type\":\"ImageObject\",\"inLanguage\":\"ca\",\"@id\":\"https:\\\/\\\/secure.gravatar.com\\\/avatar\\\/67146597b405ee077a24e519f75c3e2031736596d6ce35af3a34c122c93d0d7b?s=96&d=retro&r=g\",\"url\":\"https:\\\/\\\/secure.gravatar.com\\\/avatar\\\/67146597b405ee077a24e519f75c3e2031736596d6ce35af3a34c122c93d0d7b?s=96&d=retro&r=g\",\"contentUrl\":\"https:\\\/\\\/secure.gravatar.com\\\/avatar\\\/67146597b405ee077a24e519f75c3e2031736596d6ce35af3a34c122c93d0d7b?s=96&d=retro&r=g\",\"caption\":\"pnud\"}}]}<\/script>\n<!-- \/ Yoast SEO plugin. -->","yoast_head_json":{"title":"Portes tancades al 21%: les galeries del Poblenou s'uneixen a la vaga &#8211; Poblenou Urban District","robots":{"index":"index","follow":"follow","max-snippet":"max-snippet:-1","max-image-preview":"max-image-preview:large","max-video-preview":"max-video-preview:-1"},"canonical":"https:\/\/poblenouurbandistrict.com\/ca\/portes-tancades-al-21-les-galeries-del-poblenou-suneixen-a-la-vaga\/","og_locale":"ca_ES","og_type":"article","og_title":"Portes tancades al 21%: les galeries del Poblenou s'uneixen a la vaga &#8211; Poblenou Urban District","og_description":"Les galeries d&#8217;art del Districte Creatiu tancaran del 2 al 7 de febrer en defensa d&#8217;unes pol\u00edtiques culturals justes. La... M\u00e9s \u2192","og_url":"https:\/\/poblenouurbandistrict.com\/ca\/portes-tancades-al-21-les-galeries-del-poblenou-suneixen-a-la-vaga\/","og_site_name":"Poblenou Urban District","article_published_time":"2026-01-29T13:22:55+00:00","og_image":[{"width":2166,"height":1510,"url":"https:\/\/poblenouurbandistrict.com\/wp-content\/uploads\/2026\/01\/ar-de-484-e1769689502180.jpg","type":"image\/jpeg"}],"author":"pnud","twitter_card":"summary_large_image","twitter_misc":{"Escrit per":"pnud","Temps estimat de lectura":"2 minuts"},"schema":{"@context":"https:\/\/schema.org","@graph":[{"@type":"Article","@id":"https:\/\/poblenouurbandistrict.com\/portes-tancades-al-21-les-galeries-del-poblenou-suneixen-a-la-vaga\/#article","isPartOf":{"@id":"https:\/\/poblenouurbandistrict.com\/portes-tancades-al-21-les-galeries-del-poblenou-suneixen-a-la-vaga\/"},"author":{"name":"pnud","@id":"https:\/\/poblenouurbandistrict.com\/#\/schema\/person\/980a2cf34b399d5218205730acd54a7e"},"headline":"Portes tancades al 21%: les galeries del Poblenou s&#8217;uneixen a la vaga","datePublished":"2026-01-29T13:22:55+00:00","mainEntityOfPage":{"@id":"https:\/\/poblenouurbandistrict.com\/portes-tancades-al-21-les-galeries-del-poblenou-suneixen-a-la-vaga\/"},"wordCount":673,"image":{"@id":"https:\/\/poblenouurbandistrict.com\/portes-tancades-al-21-les-galeries-del-poblenou-suneixen-a-la-vaga\/#primaryimage"},"thumbnailUrl":"https:\/\/media.poblenouurbandistrict.com\/2026\/01\/25100826\/ar-de-484-e1769689502180.jpg","articleSection":["Art"],"inLanguage":"ca"},{"@type":"WebPage","@id":"https:\/\/poblenouurbandistrict.com\/ca\/portes-tancades-al-21-les-galeries-del-poblenou-suneixen-a-la-vaga\/","url":"https:\/\/poblenouurbandistrict.com\/ca\/portes-tancades-al-21-les-galeries-del-poblenou-suneixen-a-la-vaga\/","name":"Portes tancades al 21%: les galeries del Poblenou s'uneixen a la vaga &#8211; Poblenou Urban District","isPartOf":{"@id":"https:\/\/poblenouurbandistrict.com\/ca\/#website"},"primaryImageOfPage":{"@id":"https:\/\/poblenouurbandistrict.com\/ca\/portes-tancades-al-21-les-galeries-del-poblenou-suneixen-a-la-vaga\/#primaryimage"},"image":{"@id":"https:\/\/poblenouurbandistrict.com\/portes-tancades-al-21-les-galeries-del-poblenou-suneixen-a-la-vaga\/#primaryimage"},"thumbnailUrl":"https:\/\/media.poblenouurbandistrict.com\/2026\/01\/25100826\/ar-de-484-e1769689502180.jpg","datePublished":"2026-01-29T13:22:55+00:00","author":{"@id":"https:\/\/poblenouurbandistrict.com\/#\/schema\/person\/980a2cf34b399d5218205730acd54a7e"},"breadcrumb":{"@id":"https:\/\/poblenouurbandistrict.com\/ca\/portes-tancades-al-21-les-galeries-del-poblenou-suneixen-a-la-vaga\/#breadcrumb"},"inLanguage":"ca","potentialAction":[{"@type":"ReadAction","target":[["https:\/\/poblenouurbandistrict.com\/ca\/portes-tancades-al-21-les-galeries-del-poblenou-suneixen-a-la-vaga\/"]]}]},{"@type":"ImageObject","inLanguage":"ca","@id":"https:\/\/poblenouurbandistrict.com\/ca\/portes-tancades-al-21-les-galeries-del-poblenou-suneixen-a-la-vaga\/#primaryimage","url":"https:\/\/media.poblenouurbandistrict.com\/2026\/01\/25100826\/ar-de-484-e1769689502180.jpg","contentUrl":"https:\/\/media.poblenouurbandistrict.com\/2026\/01\/25100826\/ar-de-484-e1769689502180.jpg","width":2166,"height":1510},{"@type":"BreadcrumbList","@id":"https:\/\/poblenouurbandistrict.com\/ca\/portes-tancades-al-21-les-galeries-del-poblenou-suneixen-a-la-vaga\/#breadcrumb","itemListElement":[{"@type":"ListItem","position":1,"name":"Home","item":"https:\/\/poblenouurbandistrict.com\/ca\/"},{"@type":"ListItem","position":2,"name":"Portes tancades al 21%: les galeries del Poblenou s&#8217;uneixen a la vaga"}]},{"@type":"WebSite","@id":"https:\/\/poblenouurbandistrict.com\/ca\/#website","url":"https:\/\/poblenouurbandistrict.com\/ca\/","name":"Poblenou Urban District","description":"Comunitat Creativa","potentialAction":[{"@type":"SearchAction","target":{"@type":"EntryPoint","urlTemplate":"https:\/\/poblenouurbandistrict.com\/ca\/?s={search_term_string}"},"query-input":{"@type":"PropertyValueSpecification","valueRequired":true,"valueName":"search_term_string"}}],"inLanguage":"ca"},{"@type":"Person","@id":"https:\/\/poblenouurbandistrict.com\/#\/schema\/person\/980a2cf34b399d5218205730acd54a7e","name":"pnud","image":{"@type":"ImageObject","inLanguage":"ca","@id":"https:\/\/secure.gravatar.com\/avatar\/67146597b405ee077a24e519f75c3e2031736596d6ce35af3a34c122c93d0d7b?s=96&d=retro&r=g","url":"https:\/\/secure.gravatar.com\/avatar\/67146597b405ee077a24e519f75c3e2031736596d6ce35af3a34c122c93d0d7b?s=96&d=retro&r=g","contentUrl":"https:\/\/secure.gravatar.com\/avatar\/67146597b405ee077a24e519f75c3e2031736596d6ce35af3a34c122c93d0d7b?s=96&d=retro&r=g","caption":"pnud"}}]}},"_links":{"self":[{"href":"https:\/\/poblenouurbandistrict.com\/ca\/wp-json\/wp\/v2\/posts\/54582","targetHints":{"allow":["GET"]}}],"collection":[{"href":"https:\/\/poblenouurbandistrict.com\/ca\/wp-json\/wp\/v2\/posts"}],"about":[{"href":"https:\/\/poblenouurbandistrict.com\/ca\/wp-json\/wp\/v2\/types\/post"}],"author":[{"embeddable":true,"href":"https:\/\/poblenouurbandistrict.com\/ca\/wp-json\/wp\/v2\/users\/5"}],"replies":[{"embeddable":true,"href":"https:\/\/poblenouurbandistrict.com\/ca\/wp-json\/wp\/v2\/comments?post=54582"}],"version-history":[{"count":12,"href":"https:\/\/poblenouurbandistrict.com\/ca\/wp-json\/wp\/v2\/posts\/54582\/revisions"}],"predecessor-version":[{"id":54631,"href":"https:\/\/poblenouurbandistrict.com\/ca\/wp-json\/wp\/v2\/posts\/54582\/revisions\/54631"}],"wp:featuredmedia":[{"embeddable":true,"href":"https:\/\/poblenouurbandistrict.com\/ca\/wp-json\/wp\/v2\/media\/54615"}],"wp:attachment":[{"href":"https:\/\/poblenouurbandistrict.com\/ca\/wp-json\/wp\/v2\/media?parent=54582"}],"wp:term":[{"taxonomy":"category","embeddable":true,"href":"https:\/\/poblenouurbandistrict.com\/ca\/wp-json\/wp\/v2\/categories?post=54582"},{"taxonomy":"post_tag","embeddable":true,"href":"https:\/\/poblenouurbandistrict.com\/ca\/wp-json\/wp\/v2\/tags?post=54582"}],"curies":[{"name":"wp","href":"https:\/\/api.w.org\/{rel}","templated":true}]}}